{"id":166423,"date":"2024-02-27T10:36:27","date_gmt":"2024-02-27T09:36:27","guid":{"rendered":"https:\/\/www.gossip.it\/?p=166423"},"modified":"2024-02-28T11:45:40","modified_gmt":"2024-02-28T10:45:40","slug":"francesco-totti-noemi-bocchi-prima-volta-red-carpet-roma","status":"publish","type":"post","link":"https:\/\/www.gossip.it\/news\/francesco-totti-noemi-bocchi-prima-volta-red-carpet-roma\/","title":{"rendered":"Francesco Totti e Noemi Bocchi per la prima volta sul red carpet insieme a Roma: la coppia in posa, fotografi impazziti"},"content":{"rendered":"\n<ul class=\"wp-block-list\">\n<li>L\u2019ex calciatore 47enne e la compagna 35enne alla prima del docufilm dedicato a Marcello Lippi<\/li>\n\n\n\n<li>A piazza della Repubblica i due sorridono felici e sereni pi\u00f9 che mai davanti agli obiettivi<\/li>\n<\/ul>\n\n\n\n<p>Sono appena tornati da Dubai, dove lui \u00e8 stato protagonista insieme a tante altre glorie del calcio dell\u2019ennesimo torneo di padel, lo sport che ora sembra averlo preso completamente. <strong><a href=\"http:\/\/www.gossip.it\/vip\/francesco-totti\">Francesco Totti<\/a> e <a href=\"http:\/\/www.gossip.it\/vip\/noemi-bocchi\">Noemi Bocchi<\/a> posano felici e sereni pi\u00f9 che mai per la prima volta sul red carpet insieme a Roma<\/strong>. I fotografi, impazziti, scattano a pi\u00f9 non posso. L\u2019ex calciatore 47enne e la compagna 35enne <strong>non bucano la prima del docufilm dedicato a <a href=\"http:\/\/www.gossip.it\/vip\/marcello-lippi\">Marcello Lippi<\/a>, <\/strong><em><strong>\u201cAdesso vinco io\u201d<\/strong>.<\/em><\/p>\n\n\n\n<figure class=\"wp-block-image size-large\"><img decoding=\"async\" width=\"825\" height=\"1024\" src=\"https:\/\/www.gossip.it\/wp-content\/uploads\/2024\/02\/totti-bocchi-interna1-825x1024.jpg\" alt=\"\" class=\"wp-image-166424\" srcset=\"https:\/\/www.gossip.it\/wp-content\/uploads\/2024\/02\/totti-bocchi-interna1-825x1024.jpg 825w, https:\/\/www.gossip.it\/wp-content\/uploads\/2024\/02\/totti-bocchi-interna1-242x300.jpg 242w, https:\/\/www.gossip.it\/wp-content\/uploads\/2024\/02\/totti-bocchi-interna1-768x953.jpg 768w, https:\/\/www.gossip.it\/wp-content\/uploads\/2024\/02\/totti-bocchi-interna1-1238x1536.jpg 1238w, https:\/\/www.gossip.it\/wp-content\/uploads\/2024\/02\/totti-bocchi-interna1-1651x2048.jpg 1651w, https:\/\/www.gossip.it\/wp-content\/uploads\/2024\/02\/totti-bocchi-interna1-750x930.jpg 750w, https:\/\/www.gossip.it\/wp-content\/uploads\/2024\/02\/totti-bocchi-interna1-1140x1414.jpg 1140w\" sizes=\"(max-width: 825px) 100vw, 825px\" \/><figcaption class=\"wp-element-caption\">Francesco Totti e Noemi Bocchi per la prima volta sul red carpet insieme a Roma: la coppia in posa, fotografati impazziti<\/figcaption><\/figure>\n\n\n\n<p>Sono tantissimi i famosi che sfilano sul tappeto rosso del cinema The Space Moderno a piazza della Repubblica, nella Capitale. Sono accorsi personaggi dello showbiz e dello sport, tutti amici del mister che, dopo i tanti successi con la Juventus, ha portato la nazionale azzurra sul tetto del mondo, con la vittoria del Mondiale in Germania nel 2006. L\u2019ex capitano giallorosso quell\u2019anno, reduce da un grave infortunio con la maglia della Roma, grazie a un recupero miracoloso e a Lippi che ha creduto in lui, <strong>\u00e8 riuscito a essere tra i protagonisti in campo, conquistando cos\u00ec la Coppa del Mondo con i suoi compagni.<\/strong><\/p>\n\n\n<div class=\"lazyblock-gossipvideo-Z1vumAQ align wp-block-lazyblock-gossipvideo\"><script>window.azrnVideoPlaylist=\"https:\/\/www.gossip.it\/api\/gossip\/video\/playlist_v2\/latest\/166462\/gossip.it\"<\/script><div id=\"gmp-intext-video\"><\/div><\/div>\n\n\n<p>Francesco non pu\u00f2 mancare alla premi\u00e8re e porta con s\u00e9 la donna con cui ha ritrovato l\u2019amore, la sua Noemi. Lui indossa un completo scuro con sotto una t-shirt in tono: ai piedi sneakers bianche. La Bocchi ha giacca e un pantalone black, sotto un top corto argento. Capelli biondi portati sciolti: <strong>\u00e8 impressionante quanto ricordi <a href=\"http:\/\/www.gossip.it\/vip\/ilary-blasi\">Ilary Blasi<\/a><\/strong>.<\/p>\n\n\n\n<figure class=\"wp-block-image size-large\"><img decoding=\"async\" width=\"735\" height=\"1024\" src=\"https:\/\/www.gossip.it\/wp-content\/uploads\/2024\/02\/totti-bocchi-interna2-735x1024.jpg\" alt=\"\" class=\"wp-image-166426\" srcset=\"https:\/\/www.gossip.it\/wp-content\/uploads\/2024\/02\/totti-bocchi-interna2-735x1024.jpg 735w, https:\/\/www.gossip.it\/wp-content\/uploads\/2024\/02\/totti-bocchi-interna2-215x300.jpg 215w, https:\/\/www.gossip.it\/wp-content\/uploads\/2024\/02\/totti-bocchi-interna2-768x1070.jpg 768w, https:\/\/www.gossip.it\/wp-content\/uploads\/2024\/02\/totti-bocchi-interna2-1102x1536.jpg 1102w, https:\/\/www.gossip.it\/wp-content\/uploads\/2024\/02\/totti-bocchi-interna2-1470x2048.jpg 1470w, https:\/\/www.gossip.it\/wp-content\/uploads\/2024\/02\/totti-bocchi-interna2-750x1045.jpg 750w, https:\/\/www.gossip.it\/wp-content\/uploads\/2024\/02\/totti-bocchi-interna2-1140x1588.jpg 1140w, https:\/\/www.gossip.it\/wp-content\/uploads\/2024\/02\/totti-bocchi-interna2-scaled.jpg 1837w\" sizes=\"(max-width: 735px) 100vw, 735px\" \/><figcaption class=\"wp-element-caption\">L\u2019ex calciatore 47enne e la compagna 35enne alla prima del docufilm dedicato a Marcello Lippi<\/figcaption><\/figure>\n\n\n\n<p>Le vicende legate alla separazione dalla conduttrice 42enne non paiono proprio preoccupare Totti. I due si rivedranno in aula presto, la prossima udienza \u00e8 prevista il <strong>31 maggio<\/strong>. Lo scontro si sposta sull\u2019addebito della fine del matrimonio, ossia chi ha tradito per primo, e sui conti. L\u2019ex calciatore parler\u00e0 solo davanti al giudice. In pubblico, per\u00f2, si tiene stretto Noemi e con lei guarda al suo futuro.<\/p>\n","protected":false},"excerpt":{"rendered":"<p>Sono appena tornati da Dubai, dove lui \u00e8 stato...<\/p>\n","protected":false},"author":4,"featured_media":166561,"comment_status":"open","ping_status":"closed","sticky":false,"template":"","format":"standard","meta":{"footnotes":""},"categories":[54],"tags":[75665,63564,75668,2793,75664,63936,75667,75666,1879,67046,66031,2189,72412],"vip":[801,64137],"class_list":["post-166423","post","type-post","status-publish","format-standard","has-post-thumbnail","hentry","category-news","tag-adessovincoio","tag-francescototti","tag-francescotottilook","tag-gossip","tag-marcellolippi","tag-noemibocchi","tag-noemibocchilook","tag-premierelippi","tag-roma","tag-sifb","tag-thespacemoderno","tag-totti","tag-tottinoemi","vip-francesco_totti","vip-noemi-bocchi"],"yoast_head":"<title>Francesco Totti e Noemi Bocchi per la prima volta sul red carpet insieme a Roma: la coppia in posa, fotografi impazziti - Gossip.it | News sul Gossip e VIP<\/title>\n<meta name=\"description\" content=\"Francesco Totti e Noemi Bocchi per la prima volta sul red carpet insieme a Roma: la coppia in posa, fotografati impazziti\" \/>\n<meta name=\"robots\" content=\"index, follow, max-snippet:-1, max-image-preview:large, max-video-preview:-1\" \/>\n<link rel=\"canonical\" href=\"https:\/\/www.gossip.it\/news\/francesco-totti-noemi-bocchi-prima-volta-red-carpet-roma\/\" \/>\n<meta property=\"og:locale\" content=\"it_IT\" \/>\n<meta property=\"og:type\" content=\"article\" \/>\n<meta property=\"og:title\" content=\"Francesco Totti e Noemi Bocchi per la prima volta sul red carpet insieme a Roma: la coppia in posa, fotografi impazziti - Gossip.it | News sul Gossip e VIP\" \/>\n<meta property=\"og:description\" content=\"Francesco Totti e Noemi Bocchi per la prima volta sul red carpet insieme a Roma: la coppia in posa, fotografati impazziti\" \/>\n<meta property=\"og:url\" content=\"https:\/\/www.gossip.it\/news\/francesco-totti-noemi-bocchi-prima-volta-red-carpet-roma\/\" \/>\n<meta property=\"og:site_name\" content=\"Gossip.it | News sul Gossip e VIP\" \/>\n<meta property=\"article:publisher\" content=\"https:\/\/www.facebook.com\/GossipIT\" \/>\n<meta property=\"article:published_time\" content=\"2024-02-27T09:36:27+00:00\" \/>\n<meta property=\"article:modified_time\" content=\"2024-02-28T10:45:40+00:00\" \/>\n<meta property=\"og:image\" content=\"https:\/\/www.gossip.it\/wp-content\/uploads\/2024\/02\/pp-fb-totti-bocchi.jpg\" \/>\n\t<meta property=\"og:image:width\" content=\"2000\" \/>\n\t<meta property=\"og:image:height\" content=\"1000\" \/>\n\t<meta property=\"og:image:type\" content=\"image\/jpeg\" \/>\n<meta name=\"author\" content=\"Annamaria Capozzi\" \/>\n<meta name=\"twitter:card\" content=\"summary_large_image\" \/>\n<meta name=\"twitter:creator\" content=\"@gossinews_it\" \/>\n<meta name=\"twitter:site\" content=\"@gossinews_it\" \/>\n<meta name=\"twitter:label1\" content=\"Scritto da\" \/>\n\t<meta name=\"twitter:data1\" content=\"Annamaria Capozzi\" \/>\n\t<meta name=\"twitter:label2\" content=\"Tempo di lettura stimato\" \/>\n\t<meta name=\"twitter:data2\" content=\"3 minuti\" \/>","yoast_head_json":{"title":"Francesco Totti e Noemi Bocchi per la prima volta sul red carpet insieme a Roma: la coppia in posa, fotografi impazziti - Gossip.it | News sul Gossip e VIP","description":"Francesco Totti e Noemi Bocchi per la prima volta sul red carpet insieme a Roma: la coppia in posa, fotografati impazziti","robots":{"index":"index","follow":"follow","max-snippet":"max-snippet:-1","max-image-preview":"max-image-preview:large","max-video-preview":"max-video-preview:-1"},"canonical":"https:\/\/www.gossip.it\/news\/francesco-totti-noemi-bocchi-prima-volta-red-carpet-roma\/","og_locale":"it_IT","og_type":"article","og_title":"Francesco Totti e Noemi Bocchi per la prima volta sul red carpet insieme a Roma: la coppia in posa, fotografi impazziti - Gossip.it | News sul Gossip e VIP","og_description":"Francesco Totti e Noemi Bocchi per la prima volta sul red carpet insieme a Roma: la coppia in posa, fotografati impazziti","og_url":"https:\/\/www.gossip.it\/news\/francesco-totti-noemi-bocchi-prima-volta-red-carpet-roma\/","og_site_name":"Gossip.it | News sul Gossip e VIP","article_publisher":"https:\/\/www.facebook.com\/GossipIT","article_published_time":"2024-02-27T09:36:27+00:00","article_modified_time":"2024-02-28T10:45:40+00:00","og_image":[{"width":2000,"height":1000,"url":"https:\/\/www.gossip.it\/wp-content\/uploads\/2024\/02\/pp-fb-totti-bocchi.jpg","type":"image\/jpeg"}],"author":"Annamaria Capozzi","twitter_card":"summary_large_image","twitter_creator":"@gossinews_it","twitter_site":"@gossinews_it","twitter_misc":{"Scritto da":"Annamaria Capozzi","Tempo di lettura stimato":"3 minuti"},"schema":{"@context":"https:\/\/schema.org","@graph":[{"@type":"Article","@id":"https:\/\/www.gossip.it\/news\/francesco-totti-noemi-bocchi-prima-volta-red-carpet-roma\/#article","isPartOf":{"@id":"https:\/\/www.gossip.it\/news\/francesco-totti-noemi-bocchi-prima-volta-red-carpet-roma\/"},"author":{"name":"Annamaria Capozzi","@id":"https:\/\/www.gossip.it\/#\/schema\/person\/4f99be5acc78d3f1b07a146d4fe8256b"},"headline":"Francesco Totti e Noemi Bocchi per la prima volta sul red carpet insieme a Roma: la coppia in posa, fotografi impazziti","datePublished":"2024-02-27T09:36:27+00:00","dateModified":"2024-02-28T10:45:40+00:00","mainEntityOfPage":{"@id":"https:\/\/www.gossip.it\/news\/francesco-totti-noemi-bocchi-prima-volta-red-carpet-roma\/"},"wordCount":400,"commentCount":0,"publisher":{"@id":"https:\/\/www.gossip.it\/#organization"},"image":{"@id":"https:\/\/www.gossip.it\/news\/francesco-totti-noemi-bocchi-prima-volta-red-carpet-roma\/#primaryimage"},"thumbnailUrl":"https:\/\/www.gossip.it\/wp-content\/uploads\/2024\/02\/lancio-totti-normale.jpg","keywords":["adessovincoio","francescototti","francescotottilook","gossip","marcellolippi","noemibocchi","noemibocchilook","premierelippi","roma","sifb","thespacemoderno","totti","tottinoemi"],"articleSection":["News"],"inLanguage":"it-IT","potentialAction":[{"@type":"CommentAction","name":"Comment","target":["https:\/\/www.gossip.it\/news\/francesco-totti-noemi-bocchi-prima-volta-red-carpet-roma\/#respond"]}]},{"@type":"WebPage","@id":"https:\/\/www.gossip.it\/news\/francesco-totti-noemi-bocchi-prima-volta-red-carpet-roma\/","url":"https:\/\/www.gossip.it\/news\/francesco-totti-noemi-bocchi-prima-volta-red-carpet-roma\/","name":"Francesco Totti e Noemi Bocchi per la prima volta sul red carpet insieme a Roma: la coppia in posa, fotografi impazziti - Gossip.it | News sul Gossip e VIP","isPartOf":{"@id":"https:\/\/www.gossip.it\/#website"},"primaryImageOfPage":{"@id":"https:\/\/www.gossip.it\/news\/francesco-totti-noemi-bocchi-prima-volta-red-carpet-roma\/#primaryimage"},"image":{"@id":"https:\/\/www.gossip.it\/news\/francesco-totti-noemi-bocchi-prima-volta-red-carpet-roma\/#primaryimage"},"thumbnailUrl":"https:\/\/www.gossip.it\/wp-content\/uploads\/2024\/02\/lancio-totti-normale.jpg","datePublished":"2024-02-27T09:36:27+00:00","dateModified":"2024-02-28T10:45:40+00:00","description":"Francesco Totti e Noemi Bocchi per la prima volta sul red carpet insieme a Roma: la coppia in posa, fotografati impazziti","breadcrumb":{"@id":"https:\/\/www.gossip.it\/news\/francesco-totti-noemi-bocchi-prima-volta-red-carpet-roma\/#breadcrumb"},"inLanguage":"it-IT","potentialAction":[{"@type":"ReadAction","target":["https:\/\/www.gossip.it\/news\/francesco-totti-noemi-bocchi-prima-volta-red-carpet-roma\/"]}]},{"@type":"ImageObject","inLanguage":"it-IT","@id":"https:\/\/www.gossip.it\/news\/francesco-totti-noemi-bocchi-prima-volta-red-carpet-roma\/#primaryimage","url":"https:\/\/www.gossip.it\/wp-content\/uploads\/2024\/02\/lancio-totti-normale.jpg","contentUrl":"https:\/\/www.gossip.it\/wp-content\/uploads\/2024\/02\/lancio-totti-normale.jpg","width":1498,"height":1000},{"@type":"BreadcrumbList","@id":"https:\/\/www.gossip.it\/news\/francesco-totti-noemi-bocchi-prima-volta-red-carpet-roma\/#breadcrumb","itemListElement":[{"@type":"ListItem","position":1,"name":"Home","item":"https:\/\/www.gossip.it\/"},{"@type":"ListItem","position":2,"name":"Francesco Totti e Noemi Bocchi per la prima volta sul red carpet insieme a Roma: la coppia in posa, fotografi impazziti"}]},{"@type":"WebSite","@id":"https:\/\/www.gossip.it\/#website","url":"https:\/\/www.gossip.it\/","name":"Gossip and VIP News","description":"Quotidiano di cronaca rosa, costume e societ\u00e0","publisher":{"@id":"https:\/\/www.gossip.it\/#organization"},"alternateName":"Gossip and VIP News","potentialAction":[{"@type":"SearchAction","target":{"@type":"EntryPoint","urlTemplate":"https:\/\/www.gossip.it\/?s={search_term_string}"},"query-input":{"@type":"PropertyValueSpecification","valueRequired":true,"valueName":"search_term_string"}}],"inLanguage":"it-IT"},{"@type":"Organization","@id":"https:\/\/www.gossip.it\/#organization","name":"Gossip and VIP News","alternateName":"Gossip News","url":"https:\/\/www.gossip.it\/","logo":{"@type":"ImageObject","inLanguage":"it-IT","@id":"https:\/\/www.gossip.it\/#\/schema\/logo\/image\/","url":"https:\/\/www.gossip.it\/wp-content\/uploads\/2022\/04\/cropped-corna-alta-tiny.png","contentUrl":"https:\/\/www.gossip.it\/wp-content\/uploads\/2022\/04\/cropped-corna-alta-tiny.png","width":512,"height":512,"caption":"Gossip and VIP News"},"image":{"@id":"https:\/\/www.gossip.it\/#\/schema\/logo\/image\/"},"sameAs":["https:\/\/www.facebook.com\/GossipIT","https:\/\/x.com\/gossinews_it","https:\/\/instagram.com\/gossip_it"]},{"@type":"Person","@id":"https:\/\/www.gossip.it\/#\/schema\/person\/4f99be5acc78d3f1b07a146d4fe8256b","name":"Annamaria Capozzi","image":{"@type":"ImageObject","inLanguage":"it-IT","@id":"https:\/\/www.gossip.it\/#\/schema\/person\/image\/","url":"https:\/\/secure.gravatar.com\/avatar\/a8f8ec0362739e51683bf764949dfb9f8d2539eecc144f2dd938d6381b053468?s=96&d=mm&r=g","contentUrl":"https:\/\/secure.gravatar.com\/avatar\/a8f8ec0362739e51683bf764949dfb9f8d2539eecc144f2dd938d6381b053468?s=96&d=mm&r=g","caption":"Annamaria Capozzi"}}]}},"amp_enabled":true,"_links":{"self":[{"href":"https:\/\/www.gossip.it\/api\/wp\/v2\/posts\/166423","targetHints":{"allow":["GET"]}}],"collection":[{"href":"https:\/\/www.gossip.it\/api\/wp\/v2\/posts"}],"about":[{"href":"https:\/\/www.gossip.it\/api\/wp\/v2\/types\/post"}],"author":[{"embeddable":true,"href":"https:\/\/www.gossip.it\/api\/wp\/v2\/users\/4"}],"replies":[{"embeddable":true,"href":"https:\/\/www.gossip.it\/api\/wp\/v2\/comments?post=166423"}],"version-history":[{"count":1,"href":"https:\/\/www.gossip.it\/api\/wp\/v2\/posts\/166423\/revisions"}],"predecessor-version":[{"id":166562,"href":"https:\/\/www.gossip.it\/api\/wp\/v2\/posts\/166423\/revisions\/166562"}],"wp:featuredmedia":[{"embeddable":true,"href":"https:\/\/www.gossip.it\/api\/wp\/v2\/media\/166561"}],"wp:attachment":[{"href":"https:\/\/www.gossip.it\/api\/wp\/v2\/media?parent=166423"}],"wp:term":[{"taxonomy":"category","embeddable":true,"href":"https:\/\/www.gossip.it\/api\/wp\/v2\/categories?post=166423"},{"taxonomy":"post_tag","embeddable":true,"href":"https:\/\/www.gossip.it\/api\/wp\/v2\/tags?post=166423"},{"taxonomy":"vip","embeddable":true,"href":"https:\/\/www.gossip.it\/api\/wp\/v2\/vip?post=166423"}],"curies":[{"name":"wp","href":"https:\/\/api.w.org\/{rel}","templated":true}]}}