{"id":166994,"date":"2024-03-04T17:51:29","date_gmt":"2024-03-04T16:51:29","guid":{"rendered":"https:\/\/www.gossip.it\/?p=166994"},"modified":"2024-03-04T17:55:40","modified_gmt":"2024-03-04T16:55:40","slug":"cose-molto-personali-anno-difficile-vita-clio-makeup-piange","status":"publish","type":"post","link":"https:\/\/www.gossip.it\/news\/cose-molto-personali-anno-difficile-vita-clio-makeup-piange\/","title":{"rendered":"''Sono cose molto personali, l\u2019anno pi\u00f9 difficile della mia vita'': Clio MakeUp piange e confessa di non stare bene"},"content":{"rendered":"\n<ul class=\"wp-block-list\">\n<li>La 41enne ha problemi nella sua vita privata, non in quella professionale<\/li>\n\n\n\n<li>Non ha voluto dire di pi\u00f9, ma ha ammesso di stare passando un periodo di m\u2026<\/li>\n<\/ul>\n\n\n\n<p><strong><a href=\"https:\/\/www.gossip.it\/?s=clio+makeup\">Clio MakeUp<\/a><\/strong>, vero nome Clio Zammatteo, <strong>non sta bene <\/strong>emotivamente.<\/p>\n\n\n\n<p>La guru italiana del trucco online, che ha vissuto molti anni a New York prima di decidere di rientrare, \u00e8 apparsa nuovamente con le <strong>lacrime agli occhi <\/strong>sul social (si era gi\u00e0 sfogata lo scoso anno).<\/p>\n\n\n\n<figure class=\"wp-block-image size-large is-resized\"><img decoding=\"async\" width=\"559\" height=\"1024\" src=\"https:\/\/www.gossip.it\/wp-content\/uploads\/2024\/03\/clio_1-559x1024.jpg\" alt=\"\" class=\"wp-image-166995\" style=\"width:768px;height:auto\" srcset=\"https:\/\/www.gossip.it\/wp-content\/uploads\/2024\/03\/clio_1-559x1024.jpg 559w, https:\/\/www.gossip.it\/wp-content\/uploads\/2024\/03\/clio_1-164x300.jpg 164w, https:\/\/www.gossip.it\/wp-content\/uploads\/2024\/03\/clio_1-768x1406.jpg 768w, https:\/\/www.gossip.it\/wp-content\/uploads\/2024\/03\/clio_1-839x1536.jpg 839w, https:\/\/www.gossip.it\/wp-content\/uploads\/2024\/03\/clio_1-1119x2048.jpg 1119w, https:\/\/www.gossip.it\/wp-content\/uploads\/2024\/03\/clio_1-750x1373.jpg 750w, https:\/\/www.gossip.it\/wp-content\/uploads\/2024\/03\/clio_1.jpg 1134w\" sizes=\"(max-width: 559px) 100vw, 559px\" \/><figcaption class=\"wp-element-caption\">Clio MakeUp, 41 anni, all'anagrafe Clio Zammatteo, piange: le cose nella sua vita personale non vanno bene<\/figcaption><\/figure>\n\n\n\n<p>La 41enne, che \u00e8 mamma di <strong>Grace<\/strong>, 6 anni, e <strong>Joy<\/strong>, 3, entrambe nate durante il periodo vissuto negli USA dal rapporto con il marito <strong>Claudio Midolo<\/strong>, sposato nel 2008, ha risposto ad alcune domande via social.<\/p>\n\n\n\n<p>A un utente che le chiedeva di capire meglio come stesse, ha confessato con gli occhi carichi di <strong>pianto<\/strong> che le cose non vanno bene.<\/p>\n\n\n\n<p><em>\u201c<strong>La verit\u00e0 \u00e8 che forse l'ultimo anno \u00e8 stato il pi\u00f9 difficile della mia vita. Sto passando un periodo di me**a<\/strong>\u201d<\/em>, ha affermato.<\/p>\n\n\n\n<p><em>\u201cMi butto a capofitto sul lavoro. <strong>Sono triste<\/strong> ma cerco di non farlo vedere. Il motivo? Non \u00e8 facile, si tratta di un mix di tantissime cose accumulate nel tempo e situazioni che sto vivendo\u201d<\/em>, ha aggiunto.<\/p>\n\n\n\n<figure class=\"wp-block-image size-large is-resized\"><img decoding=\"async\" width=\"559\" height=\"1024\" src=\"https:\/\/www.gossip.it\/wp-content\/uploads\/2024\/03\/clio_2-559x1024.jpg\" alt=\"\" class=\"wp-image-166996\" style=\"width:768px;height:auto\" srcset=\"https:\/\/www.gossip.it\/wp-content\/uploads\/2024\/03\/clio_2-559x1024.jpg 559w, https:\/\/www.gossip.it\/wp-content\/uploads\/2024\/03\/clio_2-164x300.jpg 164w, https:\/\/www.gossip.it\/wp-content\/uploads\/2024\/03\/clio_2-768x1406.jpg 768w, https:\/\/www.gossip.it\/wp-content\/uploads\/2024\/03\/clio_2-839x1536.jpg 839w, https:\/\/www.gossip.it\/wp-content\/uploads\/2024\/03\/clio_2-1119x2048.jpg 1119w, https:\/\/www.gossip.it\/wp-content\/uploads\/2024\/03\/clio_2-750x1373.jpg 750w, https:\/\/www.gossip.it\/wp-content\/uploads\/2024\/03\/clio_2.jpg 1134w\" sizes=\"(max-width: 559px) 100vw, 559px\" \/><figcaption class=\"wp-element-caption\">Non \u00e8 chiaro cosa sia successo, ma il lavoro bene, \u00e8 qualcosa di 'molto personale'<\/figcaption><\/figure>\n\n\n\n<p>Sulle <strong>motivazioni <\/strong>non ha aggiunto di pi\u00f9, ma non si tratta di problemi professionali, piuttosto di cose private.<\/p>\n\n\n\n<p><em>\u201cSono <strong>cose molto personali<\/strong>\u00a0per\u00f2 vi ringrazio perch\u00e9 senza sapere di cosa si tratta mi state mandando una grande carica positiva che \u00e8 quella di cui in questo momento ho pi\u00f9 bisogno\u201d,<\/em> ha sottolineato.<\/p>\n\n\n\n<p><em>\u201cGrazie perch\u00e9 mi ricordate che questi sono momenti della vita e passeranno\u201d<\/em>, ha concluso.<\/p>\n","protected":false},"excerpt":{"rendered":"<p>Clio MakeUp, vero nome Clio Zammatteo, non sta bene emotivamente. La guru italiana del trucco...<\/p>\n","protected":false},"author":1,"featured_media":166998,"comment_status":"open","ping_status":"closed","sticky":false,"template":"","format":"standard","meta":{"footnotes":""},"categories":[54],"tags":[75854,54934,75853,75852,75851,12747,67046],"vip":[75855,64279],"class_list":["post-166994","post","type-post","status-publish","format-standard","has-post-thumbnail","hentry","category-news","tag-clio-make-vero-nome","tag-clio-makeup","tag-clio-makeup-cose-successo","tag-clio-makeup-cosha","tag-clio-makeup-piange","tag-clio-zammatteo","tag-sifb","vip-clio-makeup","vip-clio-zammatteo"],"yoast_head":"<title>&#039;&#039;Sono cose molto personali, l\u2019anno pi\u00f9 difficile della mia vita&#039;&#039;: Clio MakeUp piange e confessa di non stare bene - Gossip.it | News sul Gossip e VIP<\/title>\n<meta name=\"description\" content=\"La 41enne ha problemi nella sua vita privata, non in quella professionale. Non ha voluto dire di pi\u00f9, ma ha ammesso di stare...\" \/>\n<meta name=\"robots\" content=\"index, follow, max-snippet:-1, max-image-preview:large, max-video-preview:-1\" \/>\n<link rel=\"canonical\" href=\"https:\/\/www.gossip.it\/news\/cose-molto-personali-anno-difficile-vita-clio-makeup-piange\/\" \/>\n<meta property=\"og:locale\" content=\"it_IT\" \/>\n<meta property=\"og:type\" content=\"article\" \/>\n<meta property=\"og:title\" content=\"&#039;&#039;Sono cose molto personali, l\u2019anno pi\u00f9 difficile della mia vita&#039;&#039;: Clio MakeUp piange e confessa di non stare bene - Gossip.it | News sul Gossip e VIP\" \/>\n<meta property=\"og:description\" content=\"La 41enne ha problemi nella sua vita privata, non in quella professionale. Non ha voluto dire di pi\u00f9, ma ha ammesso di stare...\" \/>\n<meta property=\"og:url\" content=\"https:\/\/www.gossip.it\/news\/cose-molto-personali-anno-difficile-vita-clio-makeup-piange\/\" \/>\n<meta property=\"og:site_name\" content=\"Gossip.it | News sul Gossip e VIP\" \/>\n<meta property=\"article:publisher\" content=\"https:\/\/www.facebook.com\/GossipIT\" \/>\n<meta property=\"article:published_time\" content=\"2024-03-04T16:51:29+00:00\" \/>\n<meta property=\"article:modified_time\" content=\"2024-03-04T16:55:40+00:00\" \/>\n<meta property=\"og:image\" content=\"https:\/\/www.gossip.it\/wp-content\/uploads\/2024\/03\/lancio-CLIO-FB.jpg\" \/>\n\t<meta property=\"og:image:width\" content=\"1134\" \/>\n\t<meta property=\"og:image:height\" content=\"655\" \/>\n\t<meta property=\"og:image:type\" content=\"image\/jpeg\" \/>\n<meta name=\"author\" content=\"La Redazione\" \/>\n<meta name=\"twitter:card\" content=\"summary_large_image\" \/>\n<meta name=\"twitter:creator\" content=\"@gossinews_it\" \/>\n<meta name=\"twitter:site\" content=\"@gossinews_it\" \/>\n<meta name=\"twitter:label1\" content=\"Scritto da\" \/>\n\t<meta name=\"twitter:data1\" content=\"La Redazione\" \/>\n\t<meta name=\"twitter:label2\" content=\"Tempo di lettura stimato\" \/>\n\t<meta name=\"twitter:data2\" content=\"2 minuti\" \/>","yoast_head_json":{"title":"''Sono cose molto personali, l\u2019anno pi\u00f9 difficile della mia vita'': Clio MakeUp piange e confessa di non stare bene - Gossip.it | News sul Gossip e VIP","description":"La 41enne ha problemi nella sua vita privata, non in quella professionale. Non ha voluto dire di pi\u00f9, ma ha ammesso di stare...","robots":{"index":"index","follow":"follow","max-snippet":"max-snippet:-1","max-image-preview":"max-image-preview:large","max-video-preview":"max-video-preview:-1"},"canonical":"https:\/\/www.gossip.it\/news\/cose-molto-personali-anno-difficile-vita-clio-makeup-piange\/","og_locale":"it_IT","og_type":"article","og_title":"''Sono cose molto personali, l\u2019anno pi\u00f9 difficile della mia vita'': Clio MakeUp piange e confessa di non stare bene - Gossip.it | News sul Gossip e VIP","og_description":"La 41enne ha problemi nella sua vita privata, non in quella professionale. Non ha voluto dire di pi\u00f9, ma ha ammesso di stare...","og_url":"https:\/\/www.gossip.it\/news\/cose-molto-personali-anno-difficile-vita-clio-makeup-piange\/","og_site_name":"Gossip.it | News sul Gossip e VIP","article_publisher":"https:\/\/www.facebook.com\/GossipIT","article_published_time":"2024-03-04T16:51:29+00:00","article_modified_time":"2024-03-04T16:55:40+00:00","og_image":[{"width":1134,"height":655,"url":"https:\/\/www.gossip.it\/wp-content\/uploads\/2024\/03\/lancio-CLIO-FB.jpg","type":"image\/jpeg"}],"author":"La Redazione","twitter_card":"summary_large_image","twitter_creator":"@gossinews_it","twitter_site":"@gossinews_it","twitter_misc":{"Scritto da":"La Redazione","Tempo di lettura stimato":"2 minuti"},"schema":{"@context":"https:\/\/schema.org","@graph":[{"@type":"Article","@id":"https:\/\/www.gossip.it\/news\/cose-molto-personali-anno-difficile-vita-clio-makeup-piange\/#article","isPartOf":{"@id":"https:\/\/www.gossip.it\/news\/cose-molto-personali-anno-difficile-vita-clio-makeup-piange\/"},"author":{"name":"La Redazione","@id":"https:\/\/www.gossip.it\/#\/schema\/person\/488896f75158bff1cc83c6c39d141110"},"headline":"''Sono cose molto personali, l\u2019anno pi\u00f9 difficile della mia vita'': Clio MakeUp piange e confessa di non stare bene","datePublished":"2024-03-04T16:51:29+00:00","dateModified":"2024-03-04T16:55:40+00:00","mainEntityOfPage":{"@id":"https:\/\/www.gossip.it\/news\/cose-molto-personali-anno-difficile-vita-clio-makeup-piange\/"},"wordCount":305,"commentCount":0,"publisher":{"@id":"https:\/\/www.gossip.it\/#organization"},"image":{"@id":"https:\/\/www.gossip.it\/news\/cose-molto-personali-anno-difficile-vita-clio-makeup-piange\/#primaryimage"},"thumbnailUrl":"https:\/\/www.gossip.it\/wp-content\/uploads\/2024\/03\/lancio-CLIO.jpg","keywords":["clio make vero nome","clio makeup","clio makeup cos'\u00e8 successo","clio makeup cos'ha","clio makeup piange","clio zammatteo","sifb"],"articleSection":["News"],"inLanguage":"it-IT","potentialAction":[{"@type":"CommentAction","name":"Comment","target":["https:\/\/www.gossip.it\/news\/cose-molto-personali-anno-difficile-vita-clio-makeup-piange\/#respond"]}]},{"@type":"WebPage","@id":"https:\/\/www.gossip.it\/news\/cose-molto-personali-anno-difficile-vita-clio-makeup-piange\/","url":"https:\/\/www.gossip.it\/news\/cose-molto-personali-anno-difficile-vita-clio-makeup-piange\/","name":"''Sono cose molto personali, l\u2019anno pi\u00f9 difficile della mia vita'': Clio MakeUp piange e confessa di non stare bene - Gossip.it | News sul Gossip e VIP","isPartOf":{"@id":"https:\/\/www.gossip.it\/#website"},"primaryImageOfPage":{"@id":"https:\/\/www.gossip.it\/news\/cose-molto-personali-anno-difficile-vita-clio-makeup-piange\/#primaryimage"},"image":{"@id":"https:\/\/www.gossip.it\/news\/cose-molto-personali-anno-difficile-vita-clio-makeup-piange\/#primaryimage"},"thumbnailUrl":"https:\/\/www.gossip.it\/wp-content\/uploads\/2024\/03\/lancio-CLIO.jpg","datePublished":"2024-03-04T16:51:29+00:00","dateModified":"2024-03-04T16:55:40+00:00","description":"La 41enne ha problemi nella sua vita privata, non in quella professionale. Non ha voluto dire di pi\u00f9, ma ha ammesso di stare...","breadcrumb":{"@id":"https:\/\/www.gossip.it\/news\/cose-molto-personali-anno-difficile-vita-clio-makeup-piange\/#breadcrumb"},"inLanguage":"it-IT","potentialAction":[{"@type":"ReadAction","target":["https:\/\/www.gossip.it\/news\/cose-molto-personali-anno-difficile-vita-clio-makeup-piange\/"]}]},{"@type":"ImageObject","inLanguage":"it-IT","@id":"https:\/\/www.gossip.it\/news\/cose-molto-personali-anno-difficile-vita-clio-makeup-piange\/#primaryimage","url":"https:\/\/www.gossip.it\/wp-content\/uploads\/2024\/03\/lancio-CLIO.jpg","contentUrl":"https:\/\/www.gossip.it\/wp-content\/uploads\/2024\/03\/lancio-CLIO.jpg","width":1134,"height":808},{"@type":"BreadcrumbList","@id":"https:\/\/www.gossip.it\/news\/cose-molto-personali-anno-difficile-vita-clio-makeup-piange\/#breadcrumb","itemListElement":[{"@type":"ListItem","position":1,"name":"Home","item":"https:\/\/www.gossip.it\/"},{"@type":"ListItem","position":2,"name":"''Sono cose molto personali, l\u2019anno pi\u00f9 difficile della mia vita'': Clio MakeUp piange e confessa di non stare bene"}]},{"@type":"WebSite","@id":"https:\/\/www.gossip.it\/#website","url":"https:\/\/www.gossip.it\/","name":"Gossip and VIP News","description":"Quotidiano di cronaca rosa, costume e societ\u00e0","publisher":{"@id":"https:\/\/www.gossip.it\/#organization"},"alternateName":"Gossip and VIP News","potentialAction":[{"@type":"SearchAction","target":{"@type":"EntryPoint","urlTemplate":"https:\/\/www.gossip.it\/?s={search_term_string}"},"query-input":{"@type":"PropertyValueSpecification","valueRequired":true,"valueName":"search_term_string"}}],"inLanguage":"it-IT"},{"@type":"Organization","@id":"https:\/\/www.gossip.it\/#organization","name":"Gossip and VIP News","alternateName":"Gossip News","url":"https:\/\/www.gossip.it\/","logo":{"@type":"ImageObject","inLanguage":"it-IT","@id":"https:\/\/www.gossip.it\/#\/schema\/logo\/image\/","url":"https:\/\/www.gossip.it\/wp-content\/uploads\/2022\/04\/cropped-corna-alta-tiny.png","contentUrl":"https:\/\/www.gossip.it\/wp-content\/uploads\/2022\/04\/cropped-corna-alta-tiny.png","width":512,"height":512,"caption":"Gossip and VIP News"},"image":{"@id":"https:\/\/www.gossip.it\/#\/schema\/logo\/image\/"},"sameAs":["https:\/\/www.facebook.com\/GossipIT","https:\/\/x.com\/gossinews_it","https:\/\/instagram.com\/gossip_it"]},{"@type":"Person","@id":"https:\/\/www.gossip.it\/#\/schema\/person\/488896f75158bff1cc83c6c39d141110","name":"La Redazione","image":{"@type":"ImageObject","inLanguage":"it-IT","@id":"https:\/\/www.gossip.it\/#\/schema\/person\/image\/","url":"https:\/\/secure.gravatar.com\/avatar\/5a5f5c6fa3e6700e4249abdad0263a1e94e927d9e0499b1cb09c1cd29c044d80?s=96&d=mm&r=g","contentUrl":"https:\/\/secure.gravatar.com\/avatar\/5a5f5c6fa3e6700e4249abdad0263a1e94e927d9e0499b1cb09c1cd29c044d80?s=96&d=mm&r=g","caption":"La Redazione"},"sameAs":["https:\/\/www.gossip.it"]}]}},"amp_enabled":true,"_links":{"self":[{"href":"https:\/\/www.gossip.it\/api\/wp\/v2\/posts\/166994","targetHints":{"allow":["GET"]}}],"collection":[{"href":"https:\/\/www.gossip.it\/api\/wp\/v2\/posts"}],"about":[{"href":"https:\/\/www.gossip.it\/api\/wp\/v2\/types\/post"}],"author":[{"embeddable":true,"href":"https:\/\/www.gossip.it\/api\/wp\/v2\/users\/1"}],"replies":[{"embeddable":true,"href":"https:\/\/www.gossip.it\/api\/wp\/v2\/comments?post=166994"}],"version-history":[{"count":1,"href":"https:\/\/www.gossip.it\/api\/wp\/v2\/posts\/166994\/revisions"}],"predecessor-version":[{"id":167003,"href":"https:\/\/www.gossip.it\/api\/wp\/v2\/posts\/166994\/revisions\/167003"}],"wp:featuredmedia":[{"embeddable":true,"href":"https:\/\/www.gossip.it\/api\/wp\/v2\/media\/166998"}],"wp:attachment":[{"href":"https:\/\/www.gossip.it\/api\/wp\/v2\/media?parent=166994"}],"wp:term":[{"taxonomy":"category","embeddable":true,"href":"https:\/\/www.gossip.it\/api\/wp\/v2\/categories?post=166994"},{"taxonomy":"post_tag","embeddable":true,"href":"https:\/\/www.gossip.it\/api\/wp\/v2\/tags?post=166994"},{"taxonomy":"vip","embeddable":true,"href":"https:\/\/www.gossip.it\/api\/wp\/v2\/vip?post=166994"}],"curies":[{"name":"wp","href":"https:\/\/api.w.org\/{rel}","templated":true}]}}