{"id":167327,"date":"2024-03-08T11:55:42","date_gmt":"2024-03-08T10:55:42","guid":{"rendered":"https:\/\/www.gossip.it\/?p=167327"},"modified":"2024-03-08T15:04:31","modified_gmt":"2024-03-08T14:04:31","slug":"rita-rusic-spiega-come-vittorio-cecchi-gori-non-morto-per-un-soffio","status":"publish","type":"post","link":"https:\/\/www.gossip.it\/news\/rita-rusic-spiega-come-vittorio-cecchi-gori-non-morto-per-un-soffio\/","title":{"rendered":"''L'ho fatto ricoverare, \u00e8 stata la sua salvezza'': Rita Rusic spiega come Vittorio Cecchi Gori pochi giorni fa non \u00e8 morto per un soffio"},"content":{"rendered":"\n<ul class=\"wp-block-list\">\n<li>La 63enne e l\u201981enne sono separati da 24 anni, ma lei rimane il punto di riferimento dell\u2019ex<\/li>\n\n\n\n<li><em>\u201cL\u2019ha scampata bella! Abbiamo attraversato momenti drammatici\u201d,<\/em> racconta<\/li>\n<\/ul>\n\n\n\n<p><a href=\"http:\/\/www.gossip.it\/vip\/rita-rusic\">Rita Rusic<\/a> gli ha salvato la vita. La 63enne<strong> spiega a <em>Gente<\/em> come <a href=\"http:\/\/www.gossip.it\/vip\/vittorio-cecchi-gori\">Vittorio Cecchi Gori<\/a> pochi giorni fa non sia morto per un soffio<\/strong>. L\u2019imprenditore, ex politico e produttore cinematografico il 14 febbraio scorso \u00e8 stato ricoverato al Policlinico Gemelli per gravi problemi respiratori: \u00e8 stato anche in terapia intensiva. E\u2019 stata lei a decidere di portarlo in ospedale<em>. <strong>\u201cL\u2019ho fatto ricoverare<\/strong><\/em><strong> <\/strong>- racconta -<strong> <em>E\u2019 stata la sua salvezza\u201d.<\/em><\/strong><\/p>\n\n\n\n<figure class=\"wp-block-image size-large is-resized\"><img decoding=\"async\" width=\"640\" height=\"1024\" src=\"https:\/\/www.gossip.it\/wp-content\/uploads\/2024\/03\/rusic_1-640x1024.jpg\" alt=\"\" class=\"wp-image-167328\" style=\"width:768px;height:auto\" srcset=\"https:\/\/www.gossip.it\/wp-content\/uploads\/2024\/03\/rusic_1-640x1024.jpg 640w, https:\/\/www.gossip.it\/wp-content\/uploads\/2024\/03\/rusic_1-188x300.jpg 188w, https:\/\/www.gossip.it\/wp-content\/uploads\/2024\/03\/rusic_1-768x1228.jpg 768w, https:\/\/www.gossip.it\/wp-content\/uploads\/2024\/03\/rusic_1-961x1536.jpg 961w, https:\/\/www.gossip.it\/wp-content\/uploads\/2024\/03\/rusic_1-750x1199.jpg 750w, https:\/\/www.gossip.it\/wp-content\/uploads\/2024\/03\/rusic_1.jpg 1134w\" sizes=\"(max-width: 640px) 100vw, 640px\" \/><figcaption class=\"wp-element-caption\"><em>''L'ho fatto ricoverare, \u00e8 stata la sua salvezza''<\/em>: Rita Rusic spiega come Vittorio Cecchi Gori pochi giorni fa non \u00e8 morto per un soffio<\/figcaption><\/figure>\n\n\n\n<p><em>\u201cL\u2019ha scampata bella! <strong>Abbiamo attraversato momenti drammatici, ma ora Vittorio sta meglio ed \u00e8 tornato a casa<\/strong>\u201d<\/em>, svela la Rusic al settimanale che le regala la copertina. E aggiunge: <em>\u201cVittorio ha un\u2019et\u00e0, \u00e8 in sovrappeso e ha dei problemi che con l\u2019avanzare degli anni non vanno certamente a migliorare. Lo stavo tenendo d\u2019occhio perch\u00e9 negli ultimi tempi non mi convinceva e cos\u00ec <strong>l\u2019ho fatto ricoverare prima del suo consueto check up. Questa \u00e8 stata la sua salvezza perch\u00e9 quando la situazione \u00e8 precipitata lui era gi\u00e0 in ospedale. E\u2019 stato fortunato<\/strong>\u201d.\u00a0<\/em><\/p>\n\n\n\n<p>Rita e Vittorio sono stati una coppia dal 1983 al 2000. Nonostante siano separati da 24 anni, sono ancora legati. Il discusso divorzio \u00e8 alle spalle, si sentono ancora quasi tutti i giorni. <em>\"<strong>Vittorio non ha nessuno e nei momenti difficili sa che pu\u00f2 contare su me e su Mario<\/strong> <\/em>(il loro secondogenito, ndr), <em>perch\u00e9 nonostante tutto, anche se non riusciamo a perdonargli tante cose brutte del passato, siamo qui<\/em>\", sottolinea l\u2019ex <em>\u2018vippona\u2019<\/em> del <em>GF Vip<\/em>. E\u2019 legata da tempo a <a href=\"http:\/\/www.gossip.it\/vip\/cristiano-luzio\">Cristiano Luzio<\/a>, di 30 anni pi\u00f9 giovane di lei<\/p>\n\n\n\n<figure class=\"wp-block-image size-large\"><img decoding=\"async\" width=\"744\" height=\"1024\" src=\"https:\/\/www.gossip.it\/wp-content\/uploads\/2024\/03\/rusic_2-744x1024.jpg\" alt=\"\" class=\"wp-image-167329\" srcset=\"https:\/\/www.gossip.it\/wp-content\/uploads\/2024\/03\/rusic_2-744x1024.jpg 744w, https:\/\/www.gossip.it\/wp-content\/uploads\/2024\/03\/rusic_2-218x300.jpg 218w, https:\/\/www.gossip.it\/wp-content\/uploads\/2024\/03\/rusic_2-768x1057.jpg 768w, https:\/\/www.gossip.it\/wp-content\/uploads\/2024\/03\/rusic_2-1117x1536.jpg 1117w, https:\/\/www.gossip.it\/wp-content\/uploads\/2024\/03\/rusic_2-750x1032.jpg 750w, https:\/\/www.gossip.it\/wp-content\/uploads\/2024\/03\/rusic_2.jpg 1134w\" sizes=\"(max-width: 744px) 100vw, 744px\" \/><figcaption class=\"wp-element-caption\"><em>\u201cL\u2019ha scampata bella! Abbiamo attraversato momenti drammatici\u201d,<\/em> racconta a <em>Gente<\/em><\/figcaption><\/figure>\n\n\n\n<p>I due <em>\u2018ex\u2019<\/em> sono genitori di Vittoria, 34 anni, e Mario, 32. Rita sta pensando di occuparsi di cinema con loro e tornare a fare la produttrice:<em> \u201cLoro sono cresciuti a pane e cinema. Istintivamente sono tutti e due molto portati, inoltre Vittoria si \u00e8 laureata in Sociologia e Criminologia e ha anche conseguito due lauree brevi in Psicologia e Comunicazione in America. Mario, invece, ha studiato finanza anche se ha un animo artistico. Ha il Dna dei produttori. Certo, <strong>sono rimasti traumatizzati dal nostro divorzio, dal fallimento del gruppo Cecchi Gori e hanno paura di sbagliare<\/strong>. Gli dico sempre che gli errori servono per migliorare e li sprono ad andare avanti. Io l\u2019ho fatto. Quando mi sono separata andai a vivere negli Usa, dove con mia figlia e una socia abbiamo aperto un concept store che si \u00e8 rivelato un grande successo. Ma il cinema \u00e8 una malattia incurabile\u201d.\u00a0<\/em><\/p>\n\n\n\n<figure class=\"wp-block-image size-large\"><img decoding=\"async\" width=\"1024\" height=\"693\" src=\"https:\/\/www.gossip.it\/wp-content\/uploads\/2024\/03\/rusic_3-1024x693.jpg\" alt=\"\" class=\"wp-image-167330\" srcset=\"https:\/\/www.gossip.it\/wp-content\/uploads\/2024\/03\/rusic_3-1024x693.jpg 1024w, https:\/\/www.gossip.it\/wp-content\/uploads\/2024\/03\/rusic_3-300x203.jpg 300w, https:\/\/www.gossip.it\/wp-content\/uploads\/2024\/03\/rusic_3-768x519.jpg 768w, https:\/\/www.gossip.it\/wp-content\/uploads\/2024\/03\/rusic_3-750x507.jpg 750w, https:\/\/www.gossip.it\/wp-content\/uploads\/2024\/03\/rusic_3.jpg 1134w\" sizes=\"(max-width: 1024px) 100vw, 1024px\" \/><figcaption class=\"wp-element-caption\">La 63enne e l\u201981enne sono separati da 24 anni, ma lei rimane il punto di riferimento dell\u2019ex<\/figcaption><\/figure>\n\n\n\n<p><em>\u201cCon mio figlio stiamo lavorando ad alcuni bellissimi progetti. Spero di riuscire a realizzare un film entro il 2024\u201d<\/em>, confida Rita. Ne ha parlato con Cecchi Gori, anche se non con l\u2019effetto sperato. <em>\u201cVittorio non parla pi\u00f9 di cinema e <strong>quando gli racconto cosa vogliamo fare mi risponde: \u2018Non farete mai nulla\u2019. Ma ci sottovaluta <\/strong>come ha sempre fatto. Noi andiamo avanti. Chi si ferma \u00e8 perduto!\u201d.\u00a0<\/em><\/p>\n","protected":false},"excerpt":{"rendered":"<p>Gli ha salvato la vita. La 63enne spiega a Gente come...<\/p>\n","protected":false},"author":24,"featured_media":167331,"comment_status":"open","ping_status":"closed","sticky":false,"template":"","format":"standard","meta":{"footnotes":""},"categories":[54],"tags":[3333,2793,71242,74043,75949,74042,75948],"vip":[1572,75950],"class_list":["post-167327","post","type-post","status-publish","format-standard","has-post-thumbnail","hentry","category-news","tag-gente","tag-gossip","tag-ritarusic","tag-ritarusicexmarito","tag-ritarusicfigli","tag-vittoriocecchigori","tag-vittoriocecchigoriexmoglie","vip-rita_rusic","vip-vittorio-cecchi-gori"],"yoast_head":"<title>&#039;&#039;L&#039;ho fatto ricoverare, \u00e8 stata la sua salvezza&#039;&#039;: Rita Rusic spiega come Vittorio Cecchi Gori pochi giorni fa non \u00e8 morto per un soffio - Gossip.it | News sul Gossip e VIP<\/title>\n<meta name=\"description\" content=\"&#039;&#039;L&#039;ho fatto ricoverare, \u00e8 stata la sua salvezza&#039;&#039;: Rita Rusic spiega come Vittorio Cecchi Gori pochi giorni fa non \u00e8 morto per un soffio\" \/>\n<meta name=\"robots\" content=\"index, follow, max-snippet:-1, max-image-preview:large, max-video-preview:-1\" \/>\n<link rel=\"canonical\" href=\"https:\/\/www.gossip.it\/news\/rita-rusic-spiega-come-vittorio-cecchi-gori-non-morto-per-un-soffio\/\" \/>\n<meta property=\"og:locale\" content=\"it_IT\" \/>\n<meta property=\"og:type\" content=\"article\" \/>\n<meta property=\"og:title\" content=\"&#039;&#039;L&#039;ho fatto ricoverare, \u00e8 stata la sua salvezza&#039;&#039;: Rita Rusic spiega come Vittorio Cecchi Gori pochi giorni fa non \u00e8 morto per un soffio - Gossip.it | News sul Gossip e VIP\" \/>\n<meta property=\"og:description\" content=\"&#039;&#039;L&#039;ho fatto ricoverare, \u00e8 stata la sua salvezza&#039;&#039;: Rita Rusic spiega come Vittorio Cecchi Gori pochi giorni fa non \u00e8 morto per un soffio\" \/>\n<meta property=\"og:url\" content=\"https:\/\/www.gossip.it\/news\/rita-rusic-spiega-come-vittorio-cecchi-gori-non-morto-per-un-soffio\/\" \/>\n<meta property=\"og:site_name\" content=\"Gossip.it | News sul Gossip e VIP\" \/>\n<meta property=\"article:publisher\" content=\"https:\/\/www.facebook.com\/GossipIT\" \/>\n<meta property=\"article:published_time\" content=\"2024-03-08T10:55:42+00:00\" \/>\n<meta property=\"article:modified_time\" content=\"2024-03-08T14:04:31+00:00\" \/>\n<meta property=\"og:image\" content=\"https:\/\/www.gossip.it\/wp-content\/uploads\/2024\/03\/lancio-RUSIC-FB2.jpg\" \/>\n\t<meta property=\"og:image:width\" content=\"1134\" \/>\n\t<meta property=\"og:image:height\" content=\"668\" \/>\n\t<meta property=\"og:image:type\" content=\"image\/jpeg\" \/>\n<meta name=\"author\" content=\"Carla Giuni\" \/>\n<meta name=\"twitter:card\" content=\"summary_large_image\" \/>\n<meta name=\"twitter:creator\" content=\"@gossinews_it\" \/>\n<meta name=\"twitter:site\" content=\"@gossinews_it\" \/>\n<meta name=\"twitter:label1\" content=\"Scritto da\" \/>\n\t<meta name=\"twitter:data1\" content=\"Carla Giuni\" \/>\n\t<meta name=\"twitter:label2\" content=\"Tempo di lettura stimato\" \/>\n\t<meta name=\"twitter:data2\" content=\"4 minuti\" \/>","yoast_head_json":{"title":"''L'ho fatto ricoverare, \u00e8 stata la sua salvezza'': Rita Rusic spiega come Vittorio Cecchi Gori pochi giorni fa non \u00e8 morto per un soffio - Gossip.it | News sul Gossip e VIP","description":"''L'ho fatto ricoverare, \u00e8 stata la sua salvezza'': Rita Rusic spiega come Vittorio Cecchi Gori pochi giorni fa non \u00e8 morto per un soffio","robots":{"index":"index","follow":"follow","max-snippet":"max-snippet:-1","max-image-preview":"max-image-preview:large","max-video-preview":"max-video-preview:-1"},"canonical":"https:\/\/www.gossip.it\/news\/rita-rusic-spiega-come-vittorio-cecchi-gori-non-morto-per-un-soffio\/","og_locale":"it_IT","og_type":"article","og_title":"''L'ho fatto ricoverare, \u00e8 stata la sua salvezza'': Rita Rusic spiega come Vittorio Cecchi Gori pochi giorni fa non \u00e8 morto per un soffio - Gossip.it | News sul Gossip e VIP","og_description":"''L'ho fatto ricoverare, \u00e8 stata la sua salvezza'': Rita Rusic spiega come Vittorio Cecchi Gori pochi giorni fa non \u00e8 morto per un soffio","og_url":"https:\/\/www.gossip.it\/news\/rita-rusic-spiega-come-vittorio-cecchi-gori-non-morto-per-un-soffio\/","og_site_name":"Gossip.it | News sul Gossip e VIP","article_publisher":"https:\/\/www.facebook.com\/GossipIT","article_published_time":"2024-03-08T10:55:42+00:00","article_modified_time":"2024-03-08T14:04:31+00:00","og_image":[{"width":1134,"height":668,"url":"https:\/\/www.gossip.it\/wp-content\/uploads\/2024\/03\/lancio-RUSIC-FB2.jpg","type":"image\/jpeg"}],"author":"Carla Giuni","twitter_card":"summary_large_image","twitter_creator":"@gossinews_it","twitter_site":"@gossinews_it","twitter_misc":{"Scritto da":"Carla Giuni","Tempo di lettura stimato":"4 minuti"},"schema":{"@context":"https:\/\/schema.org","@graph":[{"@type":"Article","@id":"https:\/\/www.gossip.it\/news\/rita-rusic-spiega-come-vittorio-cecchi-gori-non-morto-per-un-soffio\/#article","isPartOf":{"@id":"https:\/\/www.gossip.it\/news\/rita-rusic-spiega-come-vittorio-cecchi-gori-non-morto-per-un-soffio\/"},"author":{"name":"Carla Giuni","@id":"https:\/\/www.gossip.it\/#\/schema\/person\/df4a88c190f338e21427b6f342595faa"},"headline":"''L'ho fatto ricoverare, \u00e8 stata la sua salvezza'': Rita Rusic spiega come Vittorio Cecchi Gori pochi giorni fa non \u00e8 morto per un soffio","datePublished":"2024-03-08T10:55:42+00:00","dateModified":"2024-03-08T14:04:31+00:00","mainEntityOfPage":{"@id":"https:\/\/www.gossip.it\/news\/rita-rusic-spiega-come-vittorio-cecchi-gori-non-morto-per-un-soffio\/"},"wordCount":562,"commentCount":0,"publisher":{"@id":"https:\/\/www.gossip.it\/#organization"},"image":{"@id":"https:\/\/www.gossip.it\/news\/rita-rusic-spiega-come-vittorio-cecchi-gori-non-morto-per-un-soffio\/#primaryimage"},"thumbnailUrl":"https:\/\/www.gossip.it\/wp-content\/uploads\/2024\/03\/lancio-RUSIC2.jpg","keywords":["gente","gossip","ritarusic","ritarusicexmarito","ritarusicfigli","vittoriocecchigori","vittoriocecchigoriexmoglie"],"articleSection":["News"],"inLanguage":"it-IT","potentialAction":[{"@type":"CommentAction","name":"Comment","target":["https:\/\/www.gossip.it\/news\/rita-rusic-spiega-come-vittorio-cecchi-gori-non-morto-per-un-soffio\/#respond"]}]},{"@type":"WebPage","@id":"https:\/\/www.gossip.it\/news\/rita-rusic-spiega-come-vittorio-cecchi-gori-non-morto-per-un-soffio\/","url":"https:\/\/www.gossip.it\/news\/rita-rusic-spiega-come-vittorio-cecchi-gori-non-morto-per-un-soffio\/","name":"''L'ho fatto ricoverare, \u00e8 stata la sua salvezza'': Rita Rusic spiega come Vittorio Cecchi Gori pochi giorni fa non \u00e8 morto per un soffio - Gossip.it | News sul Gossip e VIP","isPartOf":{"@id":"https:\/\/www.gossip.it\/#website"},"primaryImageOfPage":{"@id":"https:\/\/www.gossip.it\/news\/rita-rusic-spiega-come-vittorio-cecchi-gori-non-morto-per-un-soffio\/#primaryimage"},"image":{"@id":"https:\/\/www.gossip.it\/news\/rita-rusic-spiega-come-vittorio-cecchi-gori-non-morto-per-un-soffio\/#primaryimage"},"thumbnailUrl":"https:\/\/www.gossip.it\/wp-content\/uploads\/2024\/03\/lancio-RUSIC2.jpg","datePublished":"2024-03-08T10:55:42+00:00","dateModified":"2024-03-08T14:04:31+00:00","description":"''L'ho fatto ricoverare, \u00e8 stata la sua salvezza'': Rita Rusic spiega come Vittorio Cecchi Gori pochi giorni fa non \u00e8 morto per un soffio","breadcrumb":{"@id":"https:\/\/www.gossip.it\/news\/rita-rusic-spiega-come-vittorio-cecchi-gori-non-morto-per-un-soffio\/#breadcrumb"},"inLanguage":"it-IT","potentialAction":[{"@type":"ReadAction","target":["https:\/\/www.gossip.it\/news\/rita-rusic-spiega-come-vittorio-cecchi-gori-non-morto-per-un-soffio\/"]}]},{"@type":"ImageObject","inLanguage":"it-IT","@id":"https:\/\/www.gossip.it\/news\/rita-rusic-spiega-come-vittorio-cecchi-gori-non-morto-per-un-soffio\/#primaryimage","url":"https:\/\/www.gossip.it\/wp-content\/uploads\/2024\/03\/lancio-RUSIC2.jpg","contentUrl":"https:\/\/www.gossip.it\/wp-content\/uploads\/2024\/03\/lancio-RUSIC2.jpg","width":1134,"height":808},{"@type":"BreadcrumbList","@id":"https:\/\/www.gossip.it\/news\/rita-rusic-spiega-come-vittorio-cecchi-gori-non-morto-per-un-soffio\/#breadcrumb","itemListElement":[{"@type":"ListItem","position":1,"name":"Home","item":"https:\/\/www.gossip.it\/"},{"@type":"ListItem","position":2,"name":"''L'ho fatto ricoverare, \u00e8 stata la sua salvezza'': Rita Rusic spiega come Vittorio Cecchi Gori pochi giorni fa non \u00e8 morto per un soffio"}]},{"@type":"WebSite","@id":"https:\/\/www.gossip.it\/#website","url":"https:\/\/www.gossip.it\/","name":"Gossip and VIP News","description":"Quotidiano di cronaca rosa, costume e societ\u00e0","publisher":{"@id":"https:\/\/www.gossip.it\/#organization"},"alternateName":"Gossip and VIP News","potentialAction":[{"@type":"SearchAction","target":{"@type":"EntryPoint","urlTemplate":"https:\/\/www.gossip.it\/?s={search_term_string}"},"query-input":{"@type":"PropertyValueSpecification","valueRequired":true,"valueName":"search_term_string"}}],"inLanguage":"it-IT"},{"@type":"Organization","@id":"https:\/\/www.gossip.it\/#organization","name":"Gossip and VIP News","alternateName":"Gossip News","url":"https:\/\/www.gossip.it\/","logo":{"@type":"ImageObject","inLanguage":"it-IT","@id":"https:\/\/www.gossip.it\/#\/schema\/logo\/image\/","url":"https:\/\/www.gossip.it\/wp-content\/uploads\/2022\/04\/cropped-corna-alta-tiny.png","contentUrl":"https:\/\/www.gossip.it\/wp-content\/uploads\/2022\/04\/cropped-corna-alta-tiny.png","width":512,"height":512,"caption":"Gossip and VIP News"},"image":{"@id":"https:\/\/www.gossip.it\/#\/schema\/logo\/image\/"},"sameAs":["https:\/\/www.facebook.com\/GossipIT","https:\/\/x.com\/gossinews_it","https:\/\/instagram.com\/gossip_it"]},{"@type":"Person","@id":"https:\/\/www.gossip.it\/#\/schema\/person\/df4a88c190f338e21427b6f342595faa","name":"Carla Giuni","image":{"@type":"ImageObject","inLanguage":"it-IT","@id":"https:\/\/www.gossip.it\/#\/schema\/person\/image\/","url":"https:\/\/secure.gravatar.com\/avatar\/9caf92f895c8e9a7cca263cd6e3860da8edad54c0a92046a7e363cbd3fa35c36?s=96&d=mm&r=g","contentUrl":"https:\/\/secure.gravatar.com\/avatar\/9caf92f895c8e9a7cca263cd6e3860da8edad54c0a92046a7e363cbd3fa35c36?s=96&d=mm&r=g","caption":"Carla Giuni"}}]}},"amp_enabled":true,"_links":{"self":[{"href":"https:\/\/www.gossip.it\/api\/wp\/v2\/posts\/167327","targetHints":{"allow":["GET"]}}],"collection":[{"href":"https:\/\/www.gossip.it\/api\/wp\/v2\/posts"}],"about":[{"href":"https:\/\/www.gossip.it\/api\/wp\/v2\/types\/post"}],"author":[{"embeddable":true,"href":"https:\/\/www.gossip.it\/api\/wp\/v2\/users\/24"}],"replies":[{"embeddable":true,"href":"https:\/\/www.gossip.it\/api\/wp\/v2\/comments?post=167327"}],"version-history":[{"count":1,"href":"https:\/\/www.gossip.it\/api\/wp\/v2\/posts\/167327\/revisions"}],"predecessor-version":[{"id":167334,"href":"https:\/\/www.gossip.it\/api\/wp\/v2\/posts\/167327\/revisions\/167334"}],"wp:featuredmedia":[{"embeddable":true,"href":"https:\/\/www.gossip.it\/api\/wp\/v2\/media\/167331"}],"wp:attachment":[{"href":"https:\/\/www.gossip.it\/api\/wp\/v2\/media?parent=167327"}],"wp:term":[{"taxonomy":"category","embeddable":true,"href":"https:\/\/www.gossip.it\/api\/wp\/v2\/categories?post=167327"},{"taxonomy":"post_tag","embeddable":true,"href":"https:\/\/www.gossip.it\/api\/wp\/v2\/tags?post=167327"},{"taxonomy":"vip","embeddable":true,"href":"https:\/\/www.gossip.it\/api\/wp\/v2\/vip?post=167327"}],"curies":[{"name":"wp","href":"https:\/\/api.w.org\/{rel}","templated":true}]}}