{"id":167379,"date":"2024-03-08T14:17:18","date_gmt":"2024-03-08T13:17:18","guid":{"rendered":"https:\/\/www.gossip.it\/?p=167379"},"modified":"2024-03-11T10:34:10","modified_gmt":"2024-03-11T09:34:10","slug":"federica-pellegrini-figlia-matilde-prima-volta-mare","status":"publish","type":"post","link":"https:\/\/www.gossip.it\/news\/federica-pellegrini-figlia-matilde-prima-volta-mare\/","title":{"rendered":"Federica Pellegrini porta la figlia Matilde di 2 mesi per la prima volta a vedere il mare: le tenere immagini"},"content":{"rendered":"\n<ul class=\"wp-block-list\">\n<li>La 35enne con la neonata, i suoi genitori Cinzia e Roberto e gli amatissimi cani al Lido di Jesolo<\/li>\n\n\n\n<li>Condivide foto e video, rivolgendosi alla piccola scrive: <em>\u201cLo senti il mare?\u201d<\/em><\/li>\n<\/ul>\n\n\n\n<p><a href=\"http:\/\/www.gossip.it\/vip\/federica-pellegrini\">Federica Pellegrini<\/a> desidera che anche la piccola messa al mondo lo scorso 3 gennaio a Verona abbia, come lei, l\u2019elemento acqua nella sua vita. L\u2019ex campionessa di nuoto, cos\u00ec, <strong>porta la figlia Matilde di 2 mesi per la prima volta a vedere il mare<\/strong>. <a href=\"https:\/\/www.gossip.it\/foto\/federica-pellegrini-prima-volta-mare-figlia-matilde\/\">Va al Lido di Jesolo insieme alla neonata<\/a>, rigorosamente in carrozzina, e i suoi genitori, Cinzia e Roberto, nonni felici. Con la 35enne anche gli amatissimi cani, i bulldog francesi a cui sono tutti molto affezionati.<\/p>\n\n\n\n<figure class=\"wp-block-image size-large\"><img decoding=\"async\" width=\"819\" height=\"1024\" src=\"https:\/\/www.gossip.it\/wp-content\/uploads\/2024\/03\/pellegrini_spiaggia_1-1-819x1024.jpg\" alt=\"\" class=\"wp-image-167380\" srcset=\"https:\/\/www.gossip.it\/wp-content\/uploads\/2024\/03\/pellegrini_spiaggia_1-1-819x1024.jpg 819w, https:\/\/www.gossip.it\/wp-content\/uploads\/2024\/03\/pellegrini_spiaggia_1-1-240x300.jpg 240w, https:\/\/www.gossip.it\/wp-content\/uploads\/2024\/03\/pellegrini_spiaggia_1-1-768x960.jpg 768w, https:\/\/www.gossip.it\/wp-content\/uploads\/2024\/03\/pellegrini_spiaggia_1-1-750x938.jpg 750w, https:\/\/www.gossip.it\/wp-content\/uploads\/2024\/03\/pellegrini_spiaggia_1-1.jpg 1134w\" sizes=\"(max-width: 819px) 100vw, 819px\" \/><figcaption class=\"wp-element-caption\">Federica Pellegrini porta la figlia Matilde di 2 mesi per la prima volta a vedere il mare: le tenere immagini (<a href=\"https:\/\/www.gossip.it\/foto\/federica-pellegrini-prima-volta-mare-figlia-matilde\/\">se vuoi vedere tutte le foto della nuotatrice al mare con la figlia clicca qui<\/a>)<\/figcaption><\/figure>\n\n\n\n<p>La Divina spinge la carrozzina in riva al mare. <strong>Posta tenere immagini, foto che raccontano la sua giornata diversa<\/strong>. Rivolgendosi alla bimba avuta dal marito <a href=\"http:\/\/www.gossip.it\/vip\/matteo-giunta\">Matteo Giunta<\/a>, nel post che accompagna gli scatti, scrive: <em>\u201c<strong>Lo senti il mare?<\/strong>\u201d<\/em>. Vuole che Matilde impari ad ascoltarlo e ad amarlo quanto lei.<\/p>\n\n\n\n<figure class=\"wp-block-image size-large is-resized\"><img decoding=\"async\" width=\"685\" height=\"1024\" src=\"https:\/\/www.gossip.it\/wp-content\/uploads\/2024\/03\/pellegrini_spiaggia_2-1-685x1024.jpg\" alt=\"\" class=\"wp-image-167381\" style=\"width:768px;height:auto\" srcset=\"https:\/\/www.gossip.it\/wp-content\/uploads\/2024\/03\/pellegrini_spiaggia_2-1-685x1024.jpg 685w, https:\/\/www.gossip.it\/wp-content\/uploads\/2024\/03\/pellegrini_spiaggia_2-1-201x300.jpg 201w, https:\/\/www.gossip.it\/wp-content\/uploads\/2024\/03\/pellegrini_spiaggia_2-1-768x1148.jpg 768w, https:\/\/www.gossip.it\/wp-content\/uploads\/2024\/03\/pellegrini_spiaggia_2-1-1028x1536.jpg 1028w, https:\/\/www.gossip.it\/wp-content\/uploads\/2024\/03\/pellegrini_spiaggia_2-1-750x1121.jpg 750w, https:\/\/www.gossip.it\/wp-content\/uploads\/2024\/03\/pellegrini_spiaggia_2-1.jpg 1134w\" sizes=\"(max-width: 685px) 100vw, 685px\" \/><figcaption class=\"wp-element-caption\">La 35enne con la neonata, i suoi genitori Cinzia e Roberto al Lido di Jesolo<\/figcaption><\/figure>\n\n\n\n<p>La Laguna Nord di Venezia, con le barene, la sabbia finissima, anche in inverno \u00e8 bella, forse un po\u2019 pi\u00f9 malinconica. Federica, con indosso un piumino che arriva appena sopra il ginocchio e sotto pantaloni casual e sneakers, si diverte. <strong>Anche solo respirare l\u2019aria ricca di iodio \u00e8 un toccasana per la figlia<\/strong>.&nbsp;<\/p>\n\n\n\n<figure class=\"wp-block-image size-large\"><img decoding=\"async\" width=\"819\" height=\"1024\" src=\"https:\/\/www.gossip.it\/wp-content\/uploads\/2024\/03\/pellegrini_spiaggia_3-1-819x1024.jpg\" alt=\"\" class=\"wp-image-167382\" srcset=\"https:\/\/www.gossip.it\/wp-content\/uploads\/2024\/03\/pellegrini_spiaggia_3-1-819x1024.jpg 819w, https:\/\/www.gossip.it\/wp-content\/uploads\/2024\/03\/pellegrini_spiaggia_3-1-240x300.jpg 240w, https:\/\/www.gossip.it\/wp-content\/uploads\/2024\/03\/pellegrini_spiaggia_3-1-768x960.jpg 768w, https:\/\/www.gossip.it\/wp-content\/uploads\/2024\/03\/pellegrini_spiaggia_3-1-750x938.jpg 750w, https:\/\/www.gossip.it\/wp-content\/uploads\/2024\/03\/pellegrini_spiaggia_3-1.jpg 1134w\" sizes=\"(max-width: 819px) 100vw, 819px\" \/><figcaption class=\"wp-element-caption\">Con lei ci sono anche gli amatissimi cani<\/figcaption><\/figure>\n\n\n\n<p>In questi primi tempi da mamma fatica un po\u2019, ma ogni sforzo \u00e8 giustificato dal sentimento appagante che ha per la neonata. Matilde l\u2019allatta al seno a richiesta. Ai follower ha rivelato: <em>\u201cPer fortuna lei \u00e8 stata bravissima da subito\u2026&nbsp;Comunque \u00e8 tosta, pi\u00f9 che altro perch\u00e9 devi essere tutta la giornata a sua completa disposizione\u2026 Non \u00e8 sempre facile\u201d.&nbsp;<\/em><\/p>\n","protected":false},"excerpt":{"rendered":"<p>Federica Pellegrini desidera che anche la piccola messa al mondo lo scorso 3 gennaio a Verona abbia, come lei, l\u2019elemento acqua nella sua vita. L\u2019ex campionessa di nuoto, cos\u00ec, porta la figlia Matilde di 2 mesi per la prima volta a vedere il mare. Va al Lido di Jesolo insieme alla neonata, rigorosamente in carrozzina, [&hellip;]<\/p>\n","protected":false},"author":4,"featured_media":167383,"comment_status":"open","ping_status":"closed","sticky":false,"template":"","format":"standard","meta":{"footnotes":""},"categories":[54],"tags":[64037,73663,66995,74371,2793,71336,67046,3253],"vip":[732],"class_list":["post-167379","post","type-post","status-publish","format-standard","has-post-thumbnail","hentry","category-news","tag-federicapellegrini","tag-federicapellegrinifiglia","tag-federicapellegrinimamma","tag-federicapellegrinimatilde","tag-gossip","tag-lidodijesolo","tag-sifb","tag-venezia","vip-federica_pellegrini"],"yoast_head":"<title>Federica Pellegrini porta la figlia Matilde di 2 mesi per la prima volta a vedere il mare: le tenere immagini - Gossip.it | News sul Gossip e VIP<\/title>\n<meta name=\"description\" content=\"Federica Pellegrini porta la figlia Matilde di 2 mesi per la prima volta a vedere il mare: le tenere immagini\" \/>\n<meta name=\"robots\" content=\"index, follow, max-snippet:-1, max-image-preview:large, max-video-preview:-1\" \/>\n<link rel=\"canonical\" href=\"https:\/\/www.gossip.it\/news\/federica-pellegrini-figlia-matilde-prima-volta-mare\/\" \/>\n<meta property=\"og:locale\" content=\"it_IT\" \/>\n<meta property=\"og:type\" content=\"article\" \/>\n<meta property=\"og:title\" content=\"Federica Pellegrini porta la figlia Matilde di 2 mesi per la prima volta a vedere il mare: le tenere immagini - Gossip.it | News sul Gossip e VIP\" \/>\n<meta property=\"og:description\" content=\"Federica Pellegrini porta la figlia Matilde di 2 mesi per la prima volta a vedere il mare: le tenere immagini\" \/>\n<meta property=\"og:url\" content=\"https:\/\/www.gossip.it\/news\/federica-pellegrini-figlia-matilde-prima-volta-mare\/\" \/>\n<meta property=\"og:site_name\" content=\"Gossip.it | News sul Gossip e VIP\" \/>\n<meta property=\"article:publisher\" content=\"https:\/\/www.facebook.com\/GossipIT\" \/>\n<meta property=\"article:published_time\" content=\"2024-03-08T13:17:18+00:00\" \/>\n<meta property=\"article:modified_time\" content=\"2024-03-11T09:34:10+00:00\" \/>\n<meta property=\"og:image\" content=\"https:\/\/www.gossip.it\/wp-content\/uploads\/2024\/03\/lancio-PELLEGRINI-FB.jpg\" \/>\n\t<meta property=\"og:image:width\" content=\"1134\" \/>\n\t<meta property=\"og:image:height\" content=\"639\" \/>\n\t<meta property=\"og:image:type\" content=\"image\/jpeg\" \/>\n<meta name=\"author\" content=\"Annamaria Capozzi\" \/>\n<meta name=\"twitter:card\" content=\"summary_large_image\" \/>\n<meta name=\"twitter:creator\" content=\"@gossinews_it\" \/>\n<meta name=\"twitter:site\" content=\"@gossinews_it\" \/>\n<meta name=\"twitter:label1\" content=\"Scritto da\" \/>\n\t<meta name=\"twitter:data1\" content=\"Annamaria Capozzi\" \/>\n\t<meta name=\"twitter:label2\" content=\"Tempo di lettura stimato\" \/>\n\t<meta name=\"twitter:data2\" content=\"3 minuti\" \/>","yoast_head_json":{"title":"Federica Pellegrini porta la figlia Matilde di 2 mesi per la prima volta a vedere il mare: le tenere immagini - Gossip.it | News sul Gossip e VIP","description":"Federica Pellegrini porta la figlia Matilde di 2 mesi per la prima volta a vedere il mare: le tenere immagini","robots":{"index":"index","follow":"follow","max-snippet":"max-snippet:-1","max-image-preview":"max-image-preview:large","max-video-preview":"max-video-preview:-1"},"canonical":"https:\/\/www.gossip.it\/news\/federica-pellegrini-figlia-matilde-prima-volta-mare\/","og_locale":"it_IT","og_type":"article","og_title":"Federica Pellegrini porta la figlia Matilde di 2 mesi per la prima volta a vedere il mare: le tenere immagini - Gossip.it | News sul Gossip e VIP","og_description":"Federica Pellegrini porta la figlia Matilde di 2 mesi per la prima volta a vedere il mare: le tenere immagini","og_url":"https:\/\/www.gossip.it\/news\/federica-pellegrini-figlia-matilde-prima-volta-mare\/","og_site_name":"Gossip.it | News sul Gossip e VIP","article_publisher":"https:\/\/www.facebook.com\/GossipIT","article_published_time":"2024-03-08T13:17:18+00:00","article_modified_time":"2024-03-11T09:34:10+00:00","og_image":[{"width":1134,"height":639,"url":"https:\/\/www.gossip.it\/wp-content\/uploads\/2024\/03\/lancio-PELLEGRINI-FB.jpg","type":"image\/jpeg"}],"author":"Annamaria Capozzi","twitter_card":"summary_large_image","twitter_creator":"@gossinews_it","twitter_site":"@gossinews_it","twitter_misc":{"Scritto da":"Annamaria Capozzi","Tempo di lettura stimato":"3 minuti"},"schema":{"@context":"https:\/\/schema.org","@graph":[{"@type":"Article","@id":"https:\/\/www.gossip.it\/news\/federica-pellegrini-figlia-matilde-prima-volta-mare\/#article","isPartOf":{"@id":"https:\/\/www.gossip.it\/news\/federica-pellegrini-figlia-matilde-prima-volta-mare\/"},"author":{"name":"Annamaria Capozzi","@id":"https:\/\/www.gossip.it\/#\/schema\/person\/4f99be5acc78d3f1b07a146d4fe8256b"},"headline":"Federica Pellegrini porta la figlia Matilde di 2 mesi per la prima volta a vedere il mare: le tenere immagini","datePublished":"2024-03-08T13:17:18+00:00","dateModified":"2024-03-11T09:34:10+00:00","mainEntityOfPage":{"@id":"https:\/\/www.gossip.it\/news\/federica-pellegrini-figlia-matilde-prima-volta-mare\/"},"wordCount":348,"commentCount":0,"publisher":{"@id":"https:\/\/www.gossip.it\/#organization"},"image":{"@id":"https:\/\/www.gossip.it\/news\/federica-pellegrini-figlia-matilde-prima-volta-mare\/#primaryimage"},"thumbnailUrl":"https:\/\/www.gossip.it\/wp-content\/uploads\/2024\/03\/lancio-PELLEGRINI.jpg","keywords":["federicapellegrini","federicapellegrinifiglia","federicapellegrinimamma","federicapellegrinimatilde","gossip","lidodijesolo","sifb","venezia"],"articleSection":["News"],"inLanguage":"it-IT","potentialAction":[{"@type":"CommentAction","name":"Comment","target":["https:\/\/www.gossip.it\/news\/federica-pellegrini-figlia-matilde-prima-volta-mare\/#respond"]}]},{"@type":"WebPage","@id":"https:\/\/www.gossip.it\/news\/federica-pellegrini-figlia-matilde-prima-volta-mare\/","url":"https:\/\/www.gossip.it\/news\/federica-pellegrini-figlia-matilde-prima-volta-mare\/","name":"Federica Pellegrini porta la figlia Matilde di 2 mesi per la prima volta a vedere il mare: le tenere immagini - Gossip.it | News sul Gossip e VIP","isPartOf":{"@id":"https:\/\/www.gossip.it\/#website"},"primaryImageOfPage":{"@id":"https:\/\/www.gossip.it\/news\/federica-pellegrini-figlia-matilde-prima-volta-mare\/#primaryimage"},"image":{"@id":"https:\/\/www.gossip.it\/news\/federica-pellegrini-figlia-matilde-prima-volta-mare\/#primaryimage"},"thumbnailUrl":"https:\/\/www.gossip.it\/wp-content\/uploads\/2024\/03\/lancio-PELLEGRINI.jpg","datePublished":"2024-03-08T13:17:18+00:00","dateModified":"2024-03-11T09:34:10+00:00","description":"Federica Pellegrini porta la figlia Matilde di 2 mesi per la prima volta a vedere il mare: le tenere immagini","breadcrumb":{"@id":"https:\/\/www.gossip.it\/news\/federica-pellegrini-figlia-matilde-prima-volta-mare\/#breadcrumb"},"inLanguage":"it-IT","potentialAction":[{"@type":"ReadAction","target":["https:\/\/www.gossip.it\/news\/federica-pellegrini-figlia-matilde-prima-volta-mare\/"]}]},{"@type":"ImageObject","inLanguage":"it-IT","@id":"https:\/\/www.gossip.it\/news\/federica-pellegrini-figlia-matilde-prima-volta-mare\/#primaryimage","url":"https:\/\/www.gossip.it\/wp-content\/uploads\/2024\/03\/lancio-PELLEGRINI.jpg","contentUrl":"https:\/\/www.gossip.it\/wp-content\/uploads\/2024\/03\/lancio-PELLEGRINI.jpg","width":1134,"height":808},{"@type":"BreadcrumbList","@id":"https:\/\/www.gossip.it\/news\/federica-pellegrini-figlia-matilde-prima-volta-mare\/#breadcrumb","itemListElement":[{"@type":"ListItem","position":1,"name":"Home","item":"https:\/\/www.gossip.it\/"},{"@type":"ListItem","position":2,"name":"Federica Pellegrini porta la figlia Matilde di 2 mesi per la prima volta a vedere il mare: le tenere immagini"}]},{"@type":"WebSite","@id":"https:\/\/www.gossip.it\/#website","url":"https:\/\/www.gossip.it\/","name":"Gossip and VIP News","description":"Quotidiano di cronaca rosa, costume e societ\u00e0","publisher":{"@id":"https:\/\/www.gossip.it\/#organization"},"alternateName":"Gossip and VIP News","potentialAction":[{"@type":"SearchAction","target":{"@type":"EntryPoint","urlTemplate":"https:\/\/www.gossip.it\/?s={search_term_string}"},"query-input":{"@type":"PropertyValueSpecification","valueRequired":true,"valueName":"search_term_string"}}],"inLanguage":"it-IT"},{"@type":"Organization","@id":"https:\/\/www.gossip.it\/#organization","name":"Gossip and VIP News","alternateName":"Gossip News","url":"https:\/\/www.gossip.it\/","logo":{"@type":"ImageObject","inLanguage":"it-IT","@id":"https:\/\/www.gossip.it\/#\/schema\/logo\/image\/","url":"https:\/\/www.gossip.it\/wp-content\/uploads\/2022\/04\/cropped-corna-alta-tiny.png","contentUrl":"https:\/\/www.gossip.it\/wp-content\/uploads\/2022\/04\/cropped-corna-alta-tiny.png","width":512,"height":512,"caption":"Gossip and VIP News"},"image":{"@id":"https:\/\/www.gossip.it\/#\/schema\/logo\/image\/"},"sameAs":["https:\/\/www.facebook.com\/GossipIT","https:\/\/x.com\/gossinews_it","https:\/\/instagram.com\/gossip_it"]},{"@type":"Person","@id":"https:\/\/www.gossip.it\/#\/schema\/person\/4f99be5acc78d3f1b07a146d4fe8256b","name":"Annamaria Capozzi","image":{"@type":"ImageObject","inLanguage":"it-IT","@id":"https:\/\/www.gossip.it\/#\/schema\/person\/image\/","url":"https:\/\/secure.gravatar.com\/avatar\/a8f8ec0362739e51683bf764949dfb9f8d2539eecc144f2dd938d6381b053468?s=96&d=mm&r=g","contentUrl":"https:\/\/secure.gravatar.com\/avatar\/a8f8ec0362739e51683bf764949dfb9f8d2539eecc144f2dd938d6381b053468?s=96&d=mm&r=g","caption":"Annamaria Capozzi"}}]}},"amp_enabled":true,"_links":{"self":[{"href":"https:\/\/www.gossip.it\/api\/wp\/v2\/posts\/167379","targetHints":{"allow":["GET"]}}],"collection":[{"href":"https:\/\/www.gossip.it\/api\/wp\/v2\/posts"}],"about":[{"href":"https:\/\/www.gossip.it\/api\/wp\/v2\/types\/post"}],"author":[{"embeddable":true,"href":"https:\/\/www.gossip.it\/api\/wp\/v2\/users\/4"}],"replies":[{"embeddable":true,"href":"https:\/\/www.gossip.it\/api\/wp\/v2\/comments?post=167379"}],"version-history":[{"count":1,"href":"https:\/\/www.gossip.it\/api\/wp\/v2\/posts\/167379\/revisions"}],"predecessor-version":[{"id":167415,"href":"https:\/\/www.gossip.it\/api\/wp\/v2\/posts\/167379\/revisions\/167415"}],"wp:featuredmedia":[{"embeddable":true,"href":"https:\/\/www.gossip.it\/api\/wp\/v2\/media\/167383"}],"wp:attachment":[{"href":"https:\/\/www.gossip.it\/api\/wp\/v2\/media?parent=167379"}],"wp:term":[{"taxonomy":"category","embeddable":true,"href":"https:\/\/www.gossip.it\/api\/wp\/v2\/categories?post=167379"},{"taxonomy":"post_tag","embeddable":true,"href":"https:\/\/www.gossip.it\/api\/wp\/v2\/tags?post=167379"},{"taxonomy":"vip","embeddable":true,"href":"https:\/\/www.gossip.it\/api\/wp\/v2\/vip?post=167379"}],"curies":[{"name":"wp","href":"https:\/\/api.w.org\/{rel}","templated":true}]}}