{"id":16766,"date":"2002-10-28T00:00:00","date_gmt":"2002-10-27T23:00:00","guid":{"rendered":"https:\/\/www.gossip.it\/senza-categoria\/mondanita-diario-di-un-imbucato-a-50-anni-di-feste-vip\/"},"modified":"2002-10-28T00:00:00","modified_gmt":"2002-10-27T23:00:00","slug":"mondanita-diario-di-un-imbucato-a-50-anni-di-feste-vip","status":"publish","type":"post","link":"https:\/\/www.gossip.it\/news\/mondanita-diario-di-un-imbucato-a-50-anni-di-feste-vip\/","title":{"rendered":"Mondanit\u00e0: Diario di un imbucato a 50 anni di feste VIP"},"content":{"rendered":"<p>Sono le 14.15, fa molto caldo. Le sedie sono legate una all'altra, la conferenza sta andando avanti piu' del normale, finalmente dopo aver fatto parlare tutti, il moderatore della conferenza stampa ci invita ad<br \/>\navvicinarci al buffet. L\u00ec noto un signore ormai famoso: sono pi\u00f9 di dodici anni che lo vedo in queste occaioni. Mi saluta,  ma la sua stretta di mano \u00e8 repentinea, i suoi occhi gi\u00e0 volgono sul banchetto, pronto per lanciare l'assalto al buffet, capacit\u00e0 questa di tutte le famose \"cavallette\" che in  occasioni simili non si lasciano pregare nell'attacco ai banchetti lasciando di stucco qualsiasi cameriere o addetto al catering.<\/p>\n<p>Tra le sopracitate cavallette ce ne sono almeno dodici sempre uguali, la cosidetta \"sporca dozzina\".<br \/>\n\"Tra noi difficilmente comunichiamo durante 'l'attacco', mi confida uno di loro dedito molto a bere e a mischiare vini di ogni tipo con cibi dei<br \/>\nquali non si nota la natura ma la quantit\u00e0. \"Ormai ci conosciamo quasi tutti -continua- e ci avvertiamo, la mattina dopo aver letto i giornali, anche quelli a scrocco forniti gentilmente dalle Biblioteche comunali, ci si divide per sette\/otto eventi e\/o manifestazioni. La prima fase \u00e8 quella dell'accredito, li i miei colleghi danno spazio a una fantasia degna di sceneggiature da Oscar: qualcuno millanta testate inesistenti ma simili alle reali, altri si spacciano per giornalisti stranieri\".<\/p>\n<p>Le parole del nostro ospite mi fanno tornare in mente una delle feste dove sono stato, in cui uno della \"sporca dozzina\" si presentava come un corrispondente di un giornale newyorkese affermando che a New York sono molto interessati alla nostra cultura; o ancora, quel fotografo che si spacciava agli internazionali di tennis per corrispondente di un famoso giornale tedesco. La fantasia diventa uno strumento utile e indispensabile per farsi strada.<\/p>\n<p>Il racconto continua, il nostro uomo \u00e8 stanco, ha superato i cinquant'anni come tutti gli altri habitu\u00e9: \"Ho arredato tutta la mia casa in ventanni, grazie anche alle innumerevoli suppellettili prese in giro: ormai non danno piu' nulla ma molti anni fa oggetti d'argento, penne e abiti firmati erano all'ordine del giorno. Oggi \u00e8 molto pi\u00f9 difficile raccimolare qualcosa di importante\".<\/p>\n<p>E' vero anche che non solo spingono, si infilano e sono i primi chiedere il gadget, ma strillano se gli viene data anche una coccarda in meno. Ecco che la loro fobia li peggiora di giorno in giorno come vedono un foglio lo prendono, se scorgono una sveglia al muro, la staccano forse scambiandola per gadget: \"mi<br \/>\nricordo, dopo una proiezione, un ufficio stampa, ha dovuto convincere una signora (una dei nostri) a lasciare sul tavolo una radio sveglia che era l\u00ec da<br \/>\ndieci anni e non era certamenteun gadget!\".<\/p>\n<p>Hanno anche nomi da battaglia, ci spiega: \"Uno dei tanti lo chiamano il postino per la sua abitudine di raccimolare tutto quello che trova. All'ora di pranzo lo si pu\u00f2 vedere in zona Piazza Venezia con una borsa da Ministeriale con dentro sette libri dello stesso autore, tre orologi, venti cartelline stampa tutte identiche.\"<\/p>\n<p>Il bello \u00e8 che gli uffici stampa non li mandano via, n\u00e9 si risentono in qualche modo, anzi, ci spiega: \"Noi a loro serviamo, sono pagati profumatamente per far uscire gli articoli ma anche per riempire le sale dei convegni e chi paga vuole comunque che ci sia attenzione verso il tema trattato, anche se qualcuno dovesse dormire in attesa del pranzo successivo: \u00e8 come un dopolavoro: per mangiare dobbiamo sopportare qualche chiacchiera. E inoltre qualche volta ci vengono suggerite anche le domande da fare per sensibilizzare un argomento o far parlare una persona che alla vera<br \/>\nstampa non interessa\".<\/p>\n<p>A questo punto si \u00e8 fatto tardi, dobbiamo andare, il nostro Uomo non sembra essere dello stesso avviso, ci racconta di alcune imbucate celebri: \"Andai la mattina a prendere la cartellina stampa e mi informai sull'ora del pranzo. Chiamai un collega era a un congresso di professionisti, alle 13 il gruppo venne portato in un altro albergo con un pulmann, ci presentammo all'ingresso dell'albergo e all'arrivo del pullman ci confondemmo tra i 'veri' partecipanti al concresso, avendo preso il pass la mattina e il pressbook in mano: fu un imbucata da Oscar.<\/p>\n<p>Lo fermiamo, \u00e8 un peccato dovergli mettere fretta ma dobbiamo andare. La nostra curiosit\u00e0 resta e questa settimana lo incontreremo di nuovo, senza poterci mai scordare la risposta data alla mia domanda: perch\u00e9 correte e spingete sempre? E lui \"Chi mangia per primo mangia due volte\".<\/p>\n","protected":false},"excerpt":{"rendered":"<p>Sono le 14.15, fa molto caldo. Le sedie sono legate una all'altra, la conferenza sta andando avanti piu' del normale, finalmente dopo aver fatto parlare tutti, il moderatore della conferenza stampa ci invita ad avvicinarci al buffet. L\u00ec noto un signore ormai famoso: sono pi\u00f9 di dodici anni che lo vedo in queste occaioni. Mi [&hellip;]<\/p>\n","protected":false},"author":1,"featured_media":72815,"comment_status":"closed","ping_status":"closed","sticky":false,"template":"","format":"standard","meta":{"footnotes":""},"categories":[54],"tags":[2446,15265,2725,2654],"vip":[],"class_list":["post-16766","post","type-post","status-publish","format-standard","has-post-thumbnail","hentry","category-news","tag-conferenza-stampa","tag-conferenze-stampa","tag-eventi","tag-mondanita"],"yoast_head":"<title>Mondanit\u00e0: Diario di un imbucato a 50 anni di feste VIP - Gossip.it | News sul Gossip e VIP<\/title>\n<meta name=\"description\" content=\"Sono le 14.15, fa molto caldo. Le sedie sono legate una all&#039;altra, la conferenza sta andando avanti piu&#039; del normale, finalmente dopo aver fatto parlare\" \/>\n<meta name=\"robots\" content=\"index, follow, max-snippet:-1, max-image-preview:large, max-video-preview:-1\" \/>\n<link rel=\"canonical\" href=\"https:\/\/www.gossip.it\/news\/mondanita-diario-di-un-imbucato-a-50-anni-di-feste-vip\/\" \/>\n<meta property=\"og:locale\" content=\"it_IT\" \/>\n<meta property=\"og:type\" content=\"article\" \/>\n<meta property=\"og:title\" content=\"Mondanit\u00e0: Diario di un imbucato a 50 anni di feste VIP - Gossip.it | News sul Gossip e VIP\" \/>\n<meta property=\"og:description\" content=\"Sono le 14.15, fa molto caldo. Le sedie sono legate una all&#039;altra, la conferenza sta andando avanti piu&#039; del normale, finalmente dopo aver fatto parlare\" \/>\n<meta property=\"og:url\" content=\"https:\/\/www.gossip.it\/news\/mondanita-diario-di-un-imbucato-a-50-anni-di-feste-vip\/\" \/>\n<meta property=\"og:site_name\" content=\"Gossip.it | News sul Gossip e VIP\" \/>\n<meta property=\"article:publisher\" content=\"https:\/\/www.facebook.com\/GossipIT\" \/>\n<meta property=\"article:published_time\" content=\"2002-10-27T23:00:00+00:00\" \/>\n<meta property=\"og:image\" content=\"\/images2\/ombra.jpg\" \/>\n<meta name=\"author\" content=\"La Redazione\" \/>\n<meta name=\"twitter:card\" content=\"summary_large_image\" \/>\n<meta name=\"twitter:image\" content=\"\/images2\/ombra.jpg\" \/>\n<meta name=\"twitter:creator\" content=\"@gossinews_it\" \/>\n<meta name=\"twitter:site\" content=\"@gossinews_it\" \/>\n<meta name=\"twitter:label1\" content=\"Scritto da\" \/>\n\t<meta name=\"twitter:data1\" content=\"Marta Lari\" \/>\n\t<meta name=\"twitter:label2\" content=\"Tempo di lettura stimato\" \/>\n\t<meta name=\"twitter:data2\" content=\"4 minuti\" \/>","yoast_head_json":{"title":"Mondanit\u00e0: Diario di un imbucato a 50 anni di feste VIP - Gossip.it | News sul Gossip e VIP","description":"Sono le 14.15, fa molto caldo. Le sedie sono legate una all'altra, la conferenza sta andando avanti piu' del normale, finalmente dopo aver fatto parlare","robots":{"index":"index","follow":"follow","max-snippet":"max-snippet:-1","max-image-preview":"max-image-preview:large","max-video-preview":"max-video-preview:-1"},"canonical":"https:\/\/www.gossip.it\/news\/mondanita-diario-di-un-imbucato-a-50-anni-di-feste-vip\/","og_locale":"it_IT","og_type":"article","og_title":"Mondanit\u00e0: Diario di un imbucato a 50 anni di feste VIP - Gossip.it | News sul Gossip e VIP","og_description":"Sono le 14.15, fa molto caldo. Le sedie sono legate una all'altra, la conferenza sta andando avanti piu' del normale, finalmente dopo aver fatto parlare","og_url":"https:\/\/www.gossip.it\/news\/mondanita-diario-di-un-imbucato-a-50-anni-di-feste-vip\/","og_site_name":"Gossip.it | News sul Gossip e VIP","article_publisher":"https:\/\/www.facebook.com\/GossipIT","article_published_time":"2002-10-27T23:00:00+00:00","og_image":[{"url":"\/images2\/ombra.jpg"}],"author":"La Redazione","twitter_card":"summary_large_image","twitter_image":"\/images2\/ombra.jpg","twitter_creator":"@gossinews_it","twitter_site":"@gossinews_it","twitter_misc":{"Scritto da":"Marta Lari","Tempo di lettura stimato":"4 minuti"},"schema":{"@context":"https:\/\/schema.org","@graph":[{"@type":"Article","@id":"https:\/\/www.gossip.it\/news\/mondanita-diario-di-un-imbucato-a-50-anni-di-feste-vip\/#article","isPartOf":{"@id":"https:\/\/www.gossip.it\/news\/mondanita-diario-di-un-imbucato-a-50-anni-di-feste-vip\/"},"author":{"name":"La Redazione","@id":"https:\/\/www.gossip.it\/#\/schema\/person\/488896f75158bff1cc83c6c39d141110"},"headline":"Mondanit\u00e0: Diario di un imbucato a 50 anni di feste VIP","datePublished":"2002-10-27T23:00:00+00:00","dateModified":"2002-10-27T23:00:00+00:00","mainEntityOfPage":{"@id":"https:\/\/www.gossip.it\/news\/mondanita-diario-di-un-imbucato-a-50-anni-di-feste-vip\/"},"wordCount":749,"publisher":{"@id":"https:\/\/www.gossip.it\/#organization"},"image":{"@id":"https:\/\/www.gossip.it\/news\/mondanita-diario-di-un-imbucato-a-50-anni-di-feste-vip\/#primaryimage"},"thumbnailUrl":"\/images2\/ombra.jpg","keywords":["conferenza stampa","conferenze stampa","eventi","mondanita"],"articleSection":["News"],"inLanguage":"it-IT"},{"@type":"WebPage","@id":"https:\/\/www.gossip.it\/news\/mondanita-diario-di-un-imbucato-a-50-anni-di-feste-vip\/","url":"https:\/\/www.gossip.it\/news\/mondanita-diario-di-un-imbucato-a-50-anni-di-feste-vip\/","name":"Mondanit\u00e0: Diario di un imbucato a 50 anni di feste VIP - Gossip.it | News sul Gossip e VIP","isPartOf":{"@id":"https:\/\/www.gossip.it\/#website"},"primaryImageOfPage":{"@id":"https:\/\/www.gossip.it\/news\/mondanita-diario-di-un-imbucato-a-50-anni-di-feste-vip\/#primaryimage"},"image":{"@id":"https:\/\/www.gossip.it\/news\/mondanita-diario-di-un-imbucato-a-50-anni-di-feste-vip\/#primaryimage"},"thumbnailUrl":"\/images2\/ombra.jpg","datePublished":"2002-10-27T23:00:00+00:00","dateModified":"2002-10-27T23:00:00+00:00","description":"Sono le 14.15, fa molto caldo. Le sedie sono legate una all'altra, la conferenza sta andando avanti piu' del normale, finalmente dopo aver fatto parlare","breadcrumb":{"@id":"https:\/\/www.gossip.it\/news\/mondanita-diario-di-un-imbucato-a-50-anni-di-feste-vip\/#breadcrumb"},"inLanguage":"it-IT","potentialAction":[{"@type":"ReadAction","target":["https:\/\/www.gossip.it\/news\/mondanita-diario-di-un-imbucato-a-50-anni-di-feste-vip\/"]}]},{"@type":"ImageObject","inLanguage":"it-IT","@id":"https:\/\/www.gossip.it\/news\/mondanita-diario-di-un-imbucato-a-50-anni-di-feste-vip\/#primaryimage","url":"\/images2\/ombra.jpg","contentUrl":"\/images2\/ombra.jpg"},{"@type":"BreadcrumbList","@id":"https:\/\/www.gossip.it\/news\/mondanita-diario-di-un-imbucato-a-50-anni-di-feste-vip\/#breadcrumb","itemListElement":[{"@type":"ListItem","position":1,"name":"Home","item":"https:\/\/www.gossip.it\/"},{"@type":"ListItem","position":2,"name":"Mondanit\u00e0: Diario di un imbucato a 50 anni di feste VIP"}]},{"@type":"WebSite","@id":"https:\/\/www.gossip.it\/#website","url":"https:\/\/www.gossip.it\/","name":"Gossip and VIP News","description":"Quotidiano di cronaca rosa, costume e societ\u00e0","publisher":{"@id":"https:\/\/www.gossip.it\/#organization"},"alternateName":"Gossip and VIP News","potentialAction":[{"@type":"SearchAction","target":{"@type":"EntryPoint","urlTemplate":"https:\/\/www.gossip.it\/?s={search_term_string}"},"query-input":{"@type":"PropertyValueSpecification","valueRequired":true,"valueName":"search_term_string"}}],"inLanguage":"it-IT"},{"@type":"Organization","@id":"https:\/\/www.gossip.it\/#organization","name":"Gossip and VIP News","alternateName":"Gossip News","url":"https:\/\/www.gossip.it\/","logo":{"@type":"ImageObject","inLanguage":"it-IT","@id":"https:\/\/www.gossip.it\/#\/schema\/logo\/image\/","url":"https:\/\/www.gossip.it\/wp-content\/uploads\/2022\/04\/cropped-corna-alta-tiny.png","contentUrl":"https:\/\/www.gossip.it\/wp-content\/uploads\/2022\/04\/cropped-corna-alta-tiny.png","width":512,"height":512,"caption":"Gossip and VIP News"},"image":{"@id":"https:\/\/www.gossip.it\/#\/schema\/logo\/image\/"},"sameAs":["https:\/\/www.facebook.com\/GossipIT","https:\/\/x.com\/gossinews_it","https:\/\/instagram.com\/gossip_it"]},{"@type":"Person","@id":"https:\/\/www.gossip.it\/#\/schema\/person\/488896f75158bff1cc83c6c39d141110","name":"La Redazione","image":{"@type":"ImageObject","inLanguage":"it-IT","@id":"https:\/\/www.gossip.it\/#\/schema\/person\/image\/","url":"https:\/\/secure.gravatar.com\/avatar\/5a5f5c6fa3e6700e4249abdad0263a1e94e927d9e0499b1cb09c1cd29c044d80?s=96&d=mm&r=g","contentUrl":"https:\/\/secure.gravatar.com\/avatar\/5a5f5c6fa3e6700e4249abdad0263a1e94e927d9e0499b1cb09c1cd29c044d80?s=96&d=mm&r=g","caption":"La Redazione"},"sameAs":["https:\/\/www.gossip.it"]}]}},"amp_enabled":true,"_links":{"self":[{"href":"https:\/\/www.gossip.it\/api\/wp\/v2\/posts\/16766","targetHints":{"allow":["GET"]}}],"collection":[{"href":"https:\/\/www.gossip.it\/api\/wp\/v2\/posts"}],"about":[{"href":"https:\/\/www.gossip.it\/api\/wp\/v2\/types\/post"}],"author":[{"embeddable":true,"href":"https:\/\/www.gossip.it\/api\/wp\/v2\/users\/1"}],"replies":[{"embeddable":true,"href":"https:\/\/www.gossip.it\/api\/wp\/v2\/comments?post=16766"}],"version-history":[{"count":0,"href":"https:\/\/www.gossip.it\/api\/wp\/v2\/posts\/16766\/revisions"}],"wp:featuredmedia":[{"embeddable":true,"href":"https:\/\/www.gossip.it\/api\/wp\/v2\/media\/72815"}],"wp:attachment":[{"href":"https:\/\/www.gossip.it\/api\/wp\/v2\/media?parent=16766"}],"wp:term":[{"taxonomy":"category","embeddable":true,"href":"https:\/\/www.gossip.it\/api\/wp\/v2\/categories?post=16766"},{"taxonomy":"post_tag","embeddable":true,"href":"https:\/\/www.gossip.it\/api\/wp\/v2\/tags?post=16766"},{"taxonomy":"vip","embeddable":true,"href":"https:\/\/www.gossip.it\/api\/wp\/v2\/vip?post=16766"}],"curies":[{"name":"wp","href":"https:\/\/api.w.org\/{rel}","templated":true}]}}