{"id":167750,"date":"2024-03-14T11:38:28","date_gmt":"2024-03-14T10:38:28","guid":{"rendered":"https:\/\/www.gossip.it\/?p=167750"},"modified":"2024-03-14T16:42:14","modified_gmt":"2024-03-14T15:42:14","slug":"karina-cascella-contro-ragazze-immagini-hot","status":"publish","type":"post","link":"https:\/\/www.gossip.it\/news\/karina-cascella-contro-ragazze-immagini-hot\/","title":{"rendered":"''Io ho dignit\u00e0, voi fate le zocc\u2026'': Karina Cascella \u00e8 una furia contro le ragazze che vendono immagini hot sui social, le sue parole"},"content":{"rendered":"\n<ul class=\"wp-block-list\">\n<li>La 44enne non si vede pi\u00f9 in tv, oggi vive a Bergamo, ma \u00e8 attiva sui social<\/li>\n\n\n\n<li>Si \u00e8 detta molto preoccupata per le sempre pi\u00f9 numerose ragazze che vendono immagini \u2018hot\u2019 online<\/li>\n<\/ul>\n\n\n\n<p><strong><a href=\"https:\/\/www.gossip.it\/?s=karina+cascella\">Karina Cascella<\/a><\/strong> si \u00e8 scagliata contro le<strong> ragazze<\/strong> che vendono <strong>video e foto sensuali<\/strong> sui social.<\/p>\n\n\n\n<p>La 44enne, ex volto di<em> \u2018Uomini e Donne\u2019<\/em>, oggi non si vede praticamente pi\u00f9 in televisione. Ha una nuova vita a Bergamo con il compagno (i due hanno un ristorante).<\/p>\n\n\n\n<p>Sui social \u00e8 per\u00f2 piuttosto attiva e spesso parla di argomenti vari. Stavolta ha spiegato di essere orgogliosa di non aver mai cercato scorciatoie anche quando la sua vita, dopo la morte dei genitori, era molto difficile.<\/p>\n\n\n\n<figure class=\"wp-block-image size-large is-resized\"><img decoding=\"async\" width=\"677\" height=\"1024\" src=\"https:\/\/www.gossip.it\/wp-content\/uploads\/2024\/03\/cascella_1-677x1024.jpg\" alt=\"\" class=\"wp-image-167752\" style=\"width:768px;height:auto\" srcset=\"https:\/\/www.gossip.it\/wp-content\/uploads\/2024\/03\/cascella_1-677x1024.jpg 677w, https:\/\/www.gossip.it\/wp-content\/uploads\/2024\/03\/cascella_1-198x300.jpg 198w, https:\/\/www.gossip.it\/wp-content\/uploads\/2024\/03\/cascella_1-768x1161.jpg 768w, https:\/\/www.gossip.it\/wp-content\/uploads\/2024\/03\/cascella_1-1016x1536.jpg 1016w, https:\/\/www.gossip.it\/wp-content\/uploads\/2024\/03\/cascella_1-750x1134.jpg 750w, https:\/\/www.gossip.it\/wp-content\/uploads\/2024\/03\/cascella_1.jpg 1134w\" sizes=\"(max-width: 677px) 100vw, 677px\" \/><figcaption class=\"wp-element-caption\">Karina Cascella, 44 anni, ha attaccato quelle ragazze che si definiscono 'creator digitali' ma secondo lei non farebbero altro che 'il mestiere pi\u00f9 vecchio del mondo'<\/figcaption><\/figure>\n\n\n\n<p>In una serie di video condivisi su Instagram ha affermato: <em>\u201cSono proprio stufa di leggere questi articoli, queste stupidaggini, \u2018creator\u2019, \u2018digital creator\u2019, \u2018creator di una piattaforma\u2019. Ma quando mai, ma che cosa\u2026<strong> il mestiere pi\u00f9 vecchio del mondo<\/strong>\u2026\u201d<\/em>.<\/p>\n\n\n\n<p><em>\u201c<strong>Fate le zo***e? Definitevi con il vostro nome<\/strong>, anche perch\u00e9 hai voglia a prendervi in giro che \u00e8 un mestiere che vi porta via tanto tempo, che bisogna creare contenuti. Voi fondamentalmente <strong>vi dovete mettere col c**o di fuori <\/strong>e abbassare una volta il costume di qua e una volta di l\u00e0, alzare un po\u2019 dietro, spostare un po\u2019 davanti\u201d<\/em>, ha aggiunto.<\/p>\n\n\n\n<p><em>\u201cSe questo per voi \u00e8 \u2018creazione di contenuti\u2019, allora figlie mie siamo tutte brave. Con la differenza che voi ci guadagnate e chi ha la dignit\u00e0 no\u201d<\/em>, ha continuato.<\/p>\n\n\n\n<figure class=\"wp-block-image size-large is-resized\"><img decoding=\"async\" width=\"628\" height=\"1024\" src=\"https:\/\/www.gossip.it\/wp-content\/uploads\/2024\/03\/cascella_2-628x1024.jpg\" alt=\"\" class=\"wp-image-167753\" style=\"width:768px;height:auto\" srcset=\"https:\/\/www.gossip.it\/wp-content\/uploads\/2024\/03\/cascella_2-628x1024.jpg 628w, https:\/\/www.gossip.it\/wp-content\/uploads\/2024\/03\/cascella_2-184x300.jpg 184w, https:\/\/www.gossip.it\/wp-content\/uploads\/2024\/03\/cascella_2-768x1253.jpg 768w, https:\/\/www.gossip.it\/wp-content\/uploads\/2024\/03\/cascella_2-942x1536.jpg 942w, https:\/\/www.gossip.it\/wp-content\/uploads\/2024\/03\/cascella_2-750x1224.jpg 750w, https:\/\/www.gossip.it\/wp-content\/uploads\/2024\/03\/cascella_2.jpg 1134w\" sizes=\"(max-width: 628px) 100vw, 628px\" \/><figcaption class=\"wp-element-caption\">L'ex volto tv, rimasta orfana da piccola, non ha mai cercato 'alternative', ma \u00e8 preoccupata per le ragazze di oggi<\/figcaption><\/figure>\n\n\n\n<p>Karina, che \u00e8 mamma di una ragazza di quasi 14 anni, <strong>non \u00e8 invidiosa<\/strong>, sottolinea: <em>\u201cIl primo che mi viene a dire che sono repressa e frustrata, perch\u00e9 vorrei essere al posto loro\u2026 Non vorrei mai essere al posto loro, neanche se stessi morendo di fame in mezzo a un deserto\u201d<\/em>.<\/p>\n\n\n\n<p><em>\u201cLa cosa che mi piace di pi\u00f9 \u00e8 svegliarmi la mattina, guardarmi allo specchio ed <strong>essere fiera di ci\u00f2 che vedo<\/strong>. Mi chiedo dove sono le famiglie di queste qui, sono tutte orfane? Sono state abbondante? Non hanno un padre, una madre, uno zio, una sorella, una nonna, un cugino\u2026 che gli dice, \u2018ma che stai facendo\u2019, \u2018ma dove vai\u2019\u201d<\/em>, ha proseguito.<\/p>\n\n\n<div class=\"lazyblock-gossipvideo-ZKzTFG align wp-block-lazyblock-gossipvideo\"><script>window.azrnVideoPlaylist=\"https:\/\/www.gossip.it\/api\/gossip\/video\/playlist_v2\/latest\/167747\/gossip.it\"<\/script><div id=\"gmp-intext-video\"><\/div><\/div>\n\n\n<p><em>\u201cAnche perch\u00e9 le altre ragazzine che sono un po\u2019 pi\u00f9 deboli o non hanno tante possibilit\u00e0 e non sono magari fortunate, vedono in queste ragazze una possibilit\u00e0, una speranza. E\u2019 questo che mi preoccupa, <strong>\u00e8 veramente grave<\/strong>\u201d<\/em>, ha detto.<\/p>\n\n\n\n<p>Poco dopo poi una riflessione sul suo passato difficile.<\/p>\n\n\n\n<p><em>\u201cHo attraversato momenti difficili. Sono rimasta orfana di genitori quando ero una ragazzina e con le mie sorelle ci siamo rimboccate le maniche. Certo sarebbe stato pi\u00f9 semplice cercare strade \u2018alternative\u2019 ma noi siamo sempre andate avanti con la testa e con il cuore e soprattutto con la <strong>DIGNIT\u00c0<\/strong>\u201d<\/em>, ha fatto sapere.<\/p>\n\n\n\n<p><em>\u201cAbbiamo fatto i lavori pi\u00f9 umili e alle nostre figlie lasciamo ci\u00f2 che pi\u00f9 conta nella vita. <strong>L\u2019onore e il rispetto<\/strong> per s\u00e9 stesse prima di ogni cosa\u201d<\/em>, ha concluso.<\/p>\n","protected":false},"excerpt":{"rendered":"<p>Karina Cascella si \u00e8 scagliata contro le ragazze...<\/p>\n","protected":false},"author":1,"featured_media":167755,"comment_status":"open","ping_status":"closed","sticky":false,"template":"","format":"standard","meta":{"footnotes":""},"categories":[54],"tags":[76078,76081,76082,76080,76079],"vip":[1038],"class_list":["post-167750","post","type-post","status-publish","format-standard","has-post-thumbnail","hentry","category-news","tag-karina-cascella","tag-karina-cascella-che-fine-ha-fatto","tag-karina-cascella-che-lavoro-fa","tag-karina-cascella-cosa-fa","tag-karina-cascella-oggi","vip-karina_cascella"],"yoast_head":"<title>&#039;&#039;Io ho dignit\u00e0, voi fate le zocc\u2026&#039;&#039;: Karina Cascella \u00e8 una furia contro le ragazze che vendono immagini hot sui social, le sue parole - Gossip.it | News sul Gossip e VIP<\/title>\n<meta name=\"description\" content=\"La 44enne non si vede pi\u00f9 in tv, oggi vive a Bergamo, ma \u00e8 attiva sui social. Si \u00e8 detta molto preoccupata per le sempre pi\u00f9...\" \/>\n<meta name=\"robots\" content=\"index, follow, max-snippet:-1, max-image-preview:large, max-video-preview:-1\" \/>\n<link rel=\"canonical\" href=\"https:\/\/www.gossip.it\/news\/karina-cascella-contro-ragazze-immagini-hot\/\" \/>\n<meta property=\"og:locale\" content=\"it_IT\" \/>\n<meta property=\"og:type\" content=\"article\" \/>\n<meta property=\"og:title\" content=\"&#039;&#039;Io ho dignit\u00e0, voi fate le zocc\u2026&#039;&#039;: Karina Cascella \u00e8 una furia contro le ragazze che vendono immagini hot sui social, le sue parole - Gossip.it | News sul Gossip e VIP\" \/>\n<meta property=\"og:description\" content=\"La 44enne non si vede pi\u00f9 in tv, oggi vive a Bergamo, ma \u00e8 attiva sui social. Si \u00e8 detta molto preoccupata per le sempre pi\u00f9...\" \/>\n<meta property=\"og:url\" content=\"https:\/\/www.gossip.it\/news\/karina-cascella-contro-ragazze-immagini-hot\/\" \/>\n<meta property=\"og:site_name\" content=\"Gossip.it | News sul Gossip e VIP\" \/>\n<meta property=\"article:publisher\" content=\"https:\/\/www.facebook.com\/GossipIT\" \/>\n<meta property=\"article:published_time\" content=\"2024-03-14T10:38:28+00:00\" \/>\n<meta property=\"article:modified_time\" content=\"2024-03-14T15:42:14+00:00\" \/>\n<meta property=\"og:image\" content=\"https:\/\/www.gossip.it\/wp-content\/uploads\/2024\/03\/lancio-CASCELLA-FB.jpg\" \/>\n\t<meta property=\"og:image:width\" content=\"1134\" \/>\n\t<meta property=\"og:image:height\" content=\"666\" \/>\n\t<meta property=\"og:image:type\" content=\"image\/jpeg\" \/>\n<meta name=\"author\" content=\"La Redazione\" \/>\n<meta name=\"twitter:card\" content=\"summary_large_image\" \/>\n<meta name=\"twitter:creator\" content=\"@gossinews_it\" \/>\n<meta name=\"twitter:site\" content=\"@gossinews_it\" \/>\n<meta name=\"twitter:label1\" content=\"Scritto da\" \/>\n\t<meta name=\"twitter:data1\" content=\"La Redazione\" \/>\n\t<meta name=\"twitter:label2\" content=\"Tempo di lettura stimato\" \/>\n\t<meta name=\"twitter:data2\" content=\"4 minuti\" \/>","yoast_head_json":{"title":"''Io ho dignit\u00e0, voi fate le zocc\u2026'': Karina Cascella \u00e8 una furia contro le ragazze che vendono immagini hot sui social, le sue parole - Gossip.it | News sul Gossip e VIP","description":"La 44enne non si vede pi\u00f9 in tv, oggi vive a Bergamo, ma \u00e8 attiva sui social. Si \u00e8 detta molto preoccupata per le sempre pi\u00f9...","robots":{"index":"index","follow":"follow","max-snippet":"max-snippet:-1","max-image-preview":"max-image-preview:large","max-video-preview":"max-video-preview:-1"},"canonical":"https:\/\/www.gossip.it\/news\/karina-cascella-contro-ragazze-immagini-hot\/","og_locale":"it_IT","og_type":"article","og_title":"''Io ho dignit\u00e0, voi fate le zocc\u2026'': Karina Cascella \u00e8 una furia contro le ragazze che vendono immagini hot sui social, le sue parole - Gossip.it | News sul Gossip e VIP","og_description":"La 44enne non si vede pi\u00f9 in tv, oggi vive a Bergamo, ma \u00e8 attiva sui social. Si \u00e8 detta molto preoccupata per le sempre pi\u00f9...","og_url":"https:\/\/www.gossip.it\/news\/karina-cascella-contro-ragazze-immagini-hot\/","og_site_name":"Gossip.it | News sul Gossip e VIP","article_publisher":"https:\/\/www.facebook.com\/GossipIT","article_published_time":"2024-03-14T10:38:28+00:00","article_modified_time":"2024-03-14T15:42:14+00:00","og_image":[{"width":1134,"height":666,"url":"https:\/\/www.gossip.it\/wp-content\/uploads\/2024\/03\/lancio-CASCELLA-FB.jpg","type":"image\/jpeg"}],"author":"La Redazione","twitter_card":"summary_large_image","twitter_creator":"@gossinews_it","twitter_site":"@gossinews_it","twitter_misc":{"Scritto da":"La Redazione","Tempo di lettura stimato":"4 minuti"},"schema":{"@context":"https:\/\/schema.org","@graph":[{"@type":"Article","@id":"https:\/\/www.gossip.it\/news\/karina-cascella-contro-ragazze-immagini-hot\/#article","isPartOf":{"@id":"https:\/\/www.gossip.it\/news\/karina-cascella-contro-ragazze-immagini-hot\/"},"author":{"name":"La Redazione","@id":"https:\/\/www.gossip.it\/#\/schema\/person\/488896f75158bff1cc83c6c39d141110"},"headline":"''Io ho dignit\u00e0, voi fate le zocc\u2026'': Karina Cascella \u00e8 una furia contro le ragazze che vendono immagini hot sui social, le sue parole","datePublished":"2024-03-14T10:38:28+00:00","dateModified":"2024-03-14T15:42:14+00:00","mainEntityOfPage":{"@id":"https:\/\/www.gossip.it\/news\/karina-cascella-contro-ragazze-immagini-hot\/"},"wordCount":548,"commentCount":0,"publisher":{"@id":"https:\/\/www.gossip.it\/#organization"},"image":{"@id":"https:\/\/www.gossip.it\/news\/karina-cascella-contro-ragazze-immagini-hot\/#primaryimage"},"thumbnailUrl":"https:\/\/www.gossip.it\/wp-content\/uploads\/2024\/03\/lancio-CASCELLA.jpg","keywords":["karina cascella","karina cascella che fine ha fatto","karina cascella che lavoro fa","karina cascella cosa fa","karina cascella oggi"],"articleSection":["News"],"inLanguage":"it-IT","potentialAction":[{"@type":"CommentAction","name":"Comment","target":["https:\/\/www.gossip.it\/news\/karina-cascella-contro-ragazze-immagini-hot\/#respond"]}]},{"@type":"WebPage","@id":"https:\/\/www.gossip.it\/news\/karina-cascella-contro-ragazze-immagini-hot\/","url":"https:\/\/www.gossip.it\/news\/karina-cascella-contro-ragazze-immagini-hot\/","name":"''Io ho dignit\u00e0, voi fate le zocc\u2026'': Karina Cascella \u00e8 una furia contro le ragazze che vendono immagini hot sui social, le sue parole - Gossip.it | News sul Gossip e VIP","isPartOf":{"@id":"https:\/\/www.gossip.it\/#website"},"primaryImageOfPage":{"@id":"https:\/\/www.gossip.it\/news\/karina-cascella-contro-ragazze-immagini-hot\/#primaryimage"},"image":{"@id":"https:\/\/www.gossip.it\/news\/karina-cascella-contro-ragazze-immagini-hot\/#primaryimage"},"thumbnailUrl":"https:\/\/www.gossip.it\/wp-content\/uploads\/2024\/03\/lancio-CASCELLA.jpg","datePublished":"2024-03-14T10:38:28+00:00","dateModified":"2024-03-14T15:42:14+00:00","description":"La 44enne non si vede pi\u00f9 in tv, oggi vive a Bergamo, ma \u00e8 attiva sui social. Si \u00e8 detta molto preoccupata per le sempre pi\u00f9...","breadcrumb":{"@id":"https:\/\/www.gossip.it\/news\/karina-cascella-contro-ragazze-immagini-hot\/#breadcrumb"},"inLanguage":"it-IT","potentialAction":[{"@type":"ReadAction","target":["https:\/\/www.gossip.it\/news\/karina-cascella-contro-ragazze-immagini-hot\/"]}]},{"@type":"ImageObject","inLanguage":"it-IT","@id":"https:\/\/www.gossip.it\/news\/karina-cascella-contro-ragazze-immagini-hot\/#primaryimage","url":"https:\/\/www.gossip.it\/wp-content\/uploads\/2024\/03\/lancio-CASCELLA.jpg","contentUrl":"https:\/\/www.gossip.it\/wp-content\/uploads\/2024\/03\/lancio-CASCELLA.jpg","width":1134,"height":808},{"@type":"BreadcrumbList","@id":"https:\/\/www.gossip.it\/news\/karina-cascella-contro-ragazze-immagini-hot\/#breadcrumb","itemListElement":[{"@type":"ListItem","position":1,"name":"Home","item":"https:\/\/www.gossip.it\/"},{"@type":"ListItem","position":2,"name":"''Io ho dignit\u00e0, voi fate le zocc\u2026'': Karina Cascella \u00e8 una furia contro le ragazze che vendono immagini hot sui social, le sue parole"}]},{"@type":"WebSite","@id":"https:\/\/www.gossip.it\/#website","url":"https:\/\/www.gossip.it\/","name":"Gossip and VIP News","description":"Quotidiano di cronaca rosa, costume e societ\u00e0","publisher":{"@id":"https:\/\/www.gossip.it\/#organization"},"alternateName":"Gossip and VIP News","potentialAction":[{"@type":"SearchAction","target":{"@type":"EntryPoint","urlTemplate":"https:\/\/www.gossip.it\/?s={search_term_string}"},"query-input":{"@type":"PropertyValueSpecification","valueRequired":true,"valueName":"search_term_string"}}],"inLanguage":"it-IT"},{"@type":"Organization","@id":"https:\/\/www.gossip.it\/#organization","name":"Gossip and VIP News","alternateName":"Gossip News","url":"https:\/\/www.gossip.it\/","logo":{"@type":"ImageObject","inLanguage":"it-IT","@id":"https:\/\/www.gossip.it\/#\/schema\/logo\/image\/","url":"https:\/\/www.gossip.it\/wp-content\/uploads\/2022\/04\/cropped-corna-alta-tiny.png","contentUrl":"https:\/\/www.gossip.it\/wp-content\/uploads\/2022\/04\/cropped-corna-alta-tiny.png","width":512,"height":512,"caption":"Gossip and VIP News"},"image":{"@id":"https:\/\/www.gossip.it\/#\/schema\/logo\/image\/"},"sameAs":["https:\/\/www.facebook.com\/GossipIT","https:\/\/x.com\/gossinews_it","https:\/\/instagram.com\/gossip_it"]},{"@type":"Person","@id":"https:\/\/www.gossip.it\/#\/schema\/person\/488896f75158bff1cc83c6c39d141110","name":"La Redazione","image":{"@type":"ImageObject","inLanguage":"it-IT","@id":"https:\/\/www.gossip.it\/#\/schema\/person\/image\/","url":"https:\/\/secure.gravatar.com\/avatar\/5a5f5c6fa3e6700e4249abdad0263a1e94e927d9e0499b1cb09c1cd29c044d80?s=96&d=mm&r=g","contentUrl":"https:\/\/secure.gravatar.com\/avatar\/5a5f5c6fa3e6700e4249abdad0263a1e94e927d9e0499b1cb09c1cd29c044d80?s=96&d=mm&r=g","caption":"La Redazione"},"sameAs":["https:\/\/www.gossip.it"]}]}},"amp_enabled":true,"_links":{"self":[{"href":"https:\/\/www.gossip.it\/api\/wp\/v2\/posts\/167750","targetHints":{"allow":["GET"]}}],"collection":[{"href":"https:\/\/www.gossip.it\/api\/wp\/v2\/posts"}],"about":[{"href":"https:\/\/www.gossip.it\/api\/wp\/v2\/types\/post"}],"author":[{"embeddable":true,"href":"https:\/\/www.gossip.it\/api\/wp\/v2\/users\/1"}],"replies":[{"embeddable":true,"href":"https:\/\/www.gossip.it\/api\/wp\/v2\/comments?post=167750"}],"version-history":[{"count":1,"href":"https:\/\/www.gossip.it\/api\/wp\/v2\/posts\/167750\/revisions"}],"predecessor-version":[{"id":167767,"href":"https:\/\/www.gossip.it\/api\/wp\/v2\/posts\/167750\/revisions\/167767"}],"wp:featuredmedia":[{"embeddable":true,"href":"https:\/\/www.gossip.it\/api\/wp\/v2\/media\/167755"}],"wp:attachment":[{"href":"https:\/\/www.gossip.it\/api\/wp\/v2\/media?parent=167750"}],"wp:term":[{"taxonomy":"category","embeddable":true,"href":"https:\/\/www.gossip.it\/api\/wp\/v2\/categories?post=167750"},{"taxonomy":"post_tag","embeddable":true,"href":"https:\/\/www.gossip.it\/api\/wp\/v2\/tags?post=167750"},{"taxonomy":"vip","embeddable":true,"href":"https:\/\/www.gossip.it\/api\/wp\/v2\/vip?post=167750"}],"curies":[{"name":"wp","href":"https:\/\/api.w.org\/{rel}","templated":true}]}}