{"id":167818,"date":"2024-03-14T14:57:29","date_gmt":"2024-03-14T13:57:29","guid":{"rendered":"https:\/\/www.gossip.it\/?p=167818"},"modified":"2024-03-14T15:15:40","modified_gmt":"2024-03-14T14:15:40","slug":"pierpaolo-pretelli-crisi-di-panico","status":"publish","type":"post","link":"https:\/\/www.gossip.it\/news\/pierpaolo-pretelli-crisi-di-panico\/","title":{"rendered":"''Dopo Striscia la Notizia facevo il cameriere per arrotondare'': l'ex velino Pierpaolo Pretelli racconta il periodo 'down' e le crisi di panico"},"content":{"rendered":"\n<ul class=\"wp-block-list\">\n<li>Il 33enne a<em> La Vita in Diretta<\/em> svela di avere avuto alcune gravi difficolt\u00e0 subito dopo il debutto in tv<\/li>\n\n\n\n<li>Ora ha ritrovato la giusta serenit\u00e0 grazie anche alla vicinanza della fidanzata Giulia Salemi<\/li>\n<\/ul>\n\n\n\n<p>A <em>La Vita in Diretta<\/em> si parla di personaggi noti che decidono di prendersi uno stop dai riflettori per salvaguardare la propria salute mentale. <a href=\"http:\/\/www.gossip.it\/vip\/pierpaolo-pretelli\">Pierpaolo Pretelli<\/a>, ospite in studio, si apre. L\u2019ex velino racconta ad <a href=\"http:\/\/www.gossip.it\/vip\/alberto-matano\">Alberto Matano<\/a> <strong>il suo periodo<em> \u2018down\u2019<\/em> e le crisi di panico avute<\/strong>. <em>\u201c<strong>Dopo Striscia la Notizia facevo il cameriere per arrotondare<\/strong>\u201d<\/em>, rammenta.<\/p>\n\n\n\n<figure class=\"wp-block-image size-large\"><img decoding=\"async\" width=\"1024\" height=\"576\" src=\"https:\/\/www.gossip.it\/wp-content\/uploads\/2024\/03\/pretelli_1-1024x576.jpg\" alt=\"\" class=\"wp-image-167825\" srcset=\"https:\/\/www.gossip.it\/wp-content\/uploads\/2024\/03\/pretelli_1-1024x576.jpg 1024w, https:\/\/www.gossip.it\/wp-content\/uploads\/2024\/03\/pretelli_1-300x169.jpg 300w, https:\/\/www.gossip.it\/wp-content\/uploads\/2024\/03\/pretelli_1-768x432.jpg 768w, https:\/\/www.gossip.it\/wp-content\/uploads\/2024\/03\/pretelli_1-750x422.jpg 750w, https:\/\/www.gossip.it\/wp-content\/uploads\/2024\/03\/pretelli_1-730x410.jpg 730w, https:\/\/www.gossip.it\/wp-content\/uploads\/2024\/03\/pretelli_1.jpg 1134w\" sizes=\"(max-width: 1024px) 100vw, 1024px\" \/><figcaption class=\"wp-element-caption\"><em>''Dopo Striscia la Notizia facevo il cameriere per arrotondare''<\/em>: l'ex velino Pierpaolo Pretelli racconta il periodo<em> 'down'<\/em> e le crisi di panico<\/figcaption><\/figure>\n\n\n\n<p>Il 33enne nato a Maratea ora \u00e8 tornato alla giusta serenit\u00e0, grazie anche al legame con la fidanzata <a href=\"http:\/\/www.gossip.it\/vip\/giulia-salemi\">Giulia Salemi<\/a>, con cui sta insieme da tre anni. <em>\u201cAdesso sono pi\u00f9 maturo, per\u00f2 c'\u00e8 stata una fase dopo Striscia la Notizia, dopo questo periodo di visibilit\u00e0, i<strong>n cui facevo il cameriere di giorno e la sera lavoravo per arrotondare<\/strong>\u201d<\/em>, spiega Pierpaolo.<\/p>\n\n\n\n<p>Gi\u00e0 padre di Leonardo, avuto da <a href=\"http:\/\/www.gossip.it\/vip\/ariadna-romero\">Ariadna Romero<\/a> il 18 luglio 2017, Pretelli aveva grandi difficolt\u00e0: <em>\u201c<strong>Riuscivo a vedere poco mio figlio. Quella situazione mi ha portato un down incredibile, ho avuto anche io crisi di panico<\/strong>.&nbsp;Il problema \u00e8 che tu, autonomamente, non riesci a capire che in quel momento hai un attacco di panico e hai bisogno di avere persone al tuo fianco che ti facciano capire il periodo oscuro che stai vivendo e che ti aiutino a uscirne\u201d<\/em>, svela.<\/p>\n\n\n\n<figure class=\"wp-block-image size-large\"><img decoding=\"async\" width=\"1024\" height=\"576\" src=\"https:\/\/www.gossip.it\/wp-content\/uploads\/2024\/03\/pretelli_2-1024x576.jpg\" alt=\"\" class=\"wp-image-167826\" srcset=\"https:\/\/www.gossip.it\/wp-content\/uploads\/2024\/03\/pretelli_2-1024x576.jpg 1024w, https:\/\/www.gossip.it\/wp-content\/uploads\/2024\/03\/pretelli_2-300x169.jpg 300w, https:\/\/www.gossip.it\/wp-content\/uploads\/2024\/03\/pretelli_2-768x432.jpg 768w, https:\/\/www.gossip.it\/wp-content\/uploads\/2024\/03\/pretelli_2-750x422.jpg 750w, https:\/\/www.gossip.it\/wp-content\/uploads\/2024\/03\/pretelli_2-730x410.jpg 730w, https:\/\/www.gossip.it\/wp-content\/uploads\/2024\/03\/pretelli_2.jpg 1134w\" sizes=\"(max-width: 1024px) 100vw, 1024px\" \/><figcaption class=\"wp-element-caption\">Il 33enne a<em> La Vita in Diretta<\/em> svela di ave avuto alcune gravi difficolt\u00e0 subito dopo il debutto in tv<\/figcaption><\/figure>\n\n\n\n<p>Fortunatamente il modello e personaggio televisivo \u00e8 riuscito a venirne fuori nel migliore dei modi. Oggi \u00e8 grato della sua stabilit\u00e0, anche economica. Il figlio vive a Miami con la madre, legata a <a href=\"http:\/\/www.gossip.it\/vip\/julio-iglesias-jr\">Julio Iglesias Jr.<\/a>: lui appena pu\u00f2 vola negli Usa per stargli accanto.<\/p>\n","protected":false},"excerpt":{"rendered":"<p>A La Vita in Diretta si parla di personaggi noti che decidono...<\/p>\n","protected":false},"author":24,"featured_media":167827,"comment_status":"open","ping_status":"closed","sticky":false,"template":"","format":"standard","meta":{"footnotes":""},"categories":[54],"tags":[69340,64020,2793,64489,64021,76099,13570,3123,67046,63656,2097,5682],"vip":[63416],"class_list":["post-167818","post","type-post","status-publish","format-standard","has-post-thumbnail","hentry","category-news","tag-ariadnaromero","tag-giuliasalemi","tag-gossip","tag-lavitaindiretta","tag-pierpaolopretelli","tag-pierpaolopretellicrisidipanico","tag-pretelli","tag-rai1","tag-sifb","tag-striscialanotizia","tag-tv","tag-velino","vip-pierpaolo-pretelli"],"yoast_head":"<title>&#039;&#039;Dopo Striscia la Notizia facevo il cameriere per arrotondare&#039;&#039;: l&#039;ex velino Pierpaolo Pretelli racconta il periodo &#039;down&#039; e le crisi di panico - Gossip.it | News sul Gossip e VIP<\/title>\n<meta name=\"description\" content=\"&#039;&#039;Dopo Striscia la Notizia facevo il cameriere per arrotondare&#039;&#039;: l&#039;ex velino Pierpaolo Pretelli racconta il periodo &#039;down&#039; e le crisi di panico\" \/>\n<meta name=\"robots\" content=\"index, follow, max-snippet:-1, max-image-preview:large, max-video-preview:-1\" \/>\n<link rel=\"canonical\" href=\"https:\/\/www.gossip.it\/news\/pierpaolo-pretelli-crisi-di-panico\/\" \/>\n<meta property=\"og:locale\" content=\"it_IT\" \/>\n<meta property=\"og:type\" content=\"article\" \/>\n<meta property=\"og:title\" content=\"&#039;&#039;Dopo Striscia la Notizia facevo il cameriere per arrotondare&#039;&#039;: l&#039;ex velino Pierpaolo Pretelli racconta il periodo &#039;down&#039; e le crisi di panico - Gossip.it | News sul Gossip e VIP\" \/>\n<meta property=\"og:description\" content=\"&#039;&#039;Dopo Striscia la Notizia facevo il cameriere per arrotondare&#039;&#039;: l&#039;ex velino Pierpaolo Pretelli racconta il periodo &#039;down&#039; e le crisi di panico\" \/>\n<meta property=\"og:url\" content=\"https:\/\/www.gossip.it\/news\/pierpaolo-pretelli-crisi-di-panico\/\" \/>\n<meta property=\"og:site_name\" content=\"Gossip.it | News sul Gossip e VIP\" \/>\n<meta property=\"article:publisher\" content=\"https:\/\/www.facebook.com\/GossipIT\" \/>\n<meta property=\"article:published_time\" content=\"2024-03-14T13:57:29+00:00\" \/>\n<meta property=\"article:modified_time\" content=\"2024-03-14T14:15:40+00:00\" \/>\n<meta property=\"og:image\" content=\"https:\/\/www.gossip.it\/wp-content\/uploads\/2024\/03\/lancio-PRETELLI-fb.jpg\" \/>\n\t<meta property=\"og:image:width\" content=\"1134\" \/>\n\t<meta property=\"og:image:height\" content=\"652\" \/>\n\t<meta property=\"og:image:type\" content=\"image\/jpeg\" \/>\n<meta name=\"author\" content=\"Carla Giuni\" \/>\n<meta name=\"twitter:card\" content=\"summary_large_image\" \/>\n<meta name=\"twitter:creator\" content=\"@gossinews_it\" \/>\n<meta name=\"twitter:site\" content=\"@gossinews_it\" \/>\n<meta name=\"twitter:label1\" content=\"Scritto da\" \/>\n\t<meta name=\"twitter:data1\" content=\"Carla Giuni\" \/>\n\t<meta name=\"twitter:label2\" content=\"Tempo di lettura stimato\" \/>\n\t<meta name=\"twitter:data2\" content=\"3 minuti\" \/>","yoast_head_json":{"title":"''Dopo Striscia la Notizia facevo il cameriere per arrotondare'': l'ex velino Pierpaolo Pretelli racconta il periodo 'down' e le crisi di panico - Gossip.it | News sul Gossip e VIP","description":"''Dopo Striscia la Notizia facevo il cameriere per arrotondare'': l'ex velino Pierpaolo Pretelli racconta il periodo 'down' e le crisi di panico","robots":{"index":"index","follow":"follow","max-snippet":"max-snippet:-1","max-image-preview":"max-image-preview:large","max-video-preview":"max-video-preview:-1"},"canonical":"https:\/\/www.gossip.it\/news\/pierpaolo-pretelli-crisi-di-panico\/","og_locale":"it_IT","og_type":"article","og_title":"''Dopo Striscia la Notizia facevo il cameriere per arrotondare'': l'ex velino Pierpaolo Pretelli racconta il periodo 'down' e le crisi di panico - Gossip.it | News sul Gossip e VIP","og_description":"''Dopo Striscia la Notizia facevo il cameriere per arrotondare'': l'ex velino Pierpaolo Pretelli racconta il periodo 'down' e le crisi di panico","og_url":"https:\/\/www.gossip.it\/news\/pierpaolo-pretelli-crisi-di-panico\/","og_site_name":"Gossip.it | News sul Gossip e VIP","article_publisher":"https:\/\/www.facebook.com\/GossipIT","article_published_time":"2024-03-14T13:57:29+00:00","article_modified_time":"2024-03-14T14:15:40+00:00","og_image":[{"width":1134,"height":652,"url":"https:\/\/www.gossip.it\/wp-content\/uploads\/2024\/03\/lancio-PRETELLI-fb.jpg","type":"image\/jpeg"}],"author":"Carla Giuni","twitter_card":"summary_large_image","twitter_creator":"@gossinews_it","twitter_site":"@gossinews_it","twitter_misc":{"Scritto da":"Carla Giuni","Tempo di lettura stimato":"3 minuti"},"schema":{"@context":"https:\/\/schema.org","@graph":[{"@type":"Article","@id":"https:\/\/www.gossip.it\/news\/pierpaolo-pretelli-crisi-di-panico\/#article","isPartOf":{"@id":"https:\/\/www.gossip.it\/news\/pierpaolo-pretelli-crisi-di-panico\/"},"author":{"name":"Carla Giuni","@id":"https:\/\/www.gossip.it\/#\/schema\/person\/df4a88c190f338e21427b6f342595faa"},"headline":"''Dopo Striscia la Notizia facevo il cameriere per arrotondare'': l'ex velino Pierpaolo Pretelli racconta il periodo 'down' e le crisi di panico","datePublished":"2024-03-14T13:57:29+00:00","dateModified":"2024-03-14T14:15:40+00:00","mainEntityOfPage":{"@id":"https:\/\/www.gossip.it\/news\/pierpaolo-pretelli-crisi-di-panico\/"},"wordCount":340,"commentCount":0,"publisher":{"@id":"https:\/\/www.gossip.it\/#organization"},"image":{"@id":"https:\/\/www.gossip.it\/news\/pierpaolo-pretelli-crisi-di-panico\/#primaryimage"},"thumbnailUrl":"https:\/\/www.gossip.it\/wp-content\/uploads\/2024\/03\/lancio-PRETELLI.jpg","keywords":["ariadnaromero","giuliasalemi","gossip","lavitaindiretta","pierpaolopretelli","pierpaolopretellicrisidipanico","pretelli","rai1","sifb","striscialanotizia","tv","velino"],"articleSection":["News"],"inLanguage":"it-IT","potentialAction":[{"@type":"CommentAction","name":"Comment","target":["https:\/\/www.gossip.it\/news\/pierpaolo-pretelli-crisi-di-panico\/#respond"]}]},{"@type":"WebPage","@id":"https:\/\/www.gossip.it\/news\/pierpaolo-pretelli-crisi-di-panico\/","url":"https:\/\/www.gossip.it\/news\/pierpaolo-pretelli-crisi-di-panico\/","name":"''Dopo Striscia la Notizia facevo il cameriere per arrotondare'': l'ex velino Pierpaolo Pretelli racconta il periodo 'down' e le crisi di panico - Gossip.it | News sul Gossip e VIP","isPartOf":{"@id":"https:\/\/www.gossip.it\/#website"},"primaryImageOfPage":{"@id":"https:\/\/www.gossip.it\/news\/pierpaolo-pretelli-crisi-di-panico\/#primaryimage"},"image":{"@id":"https:\/\/www.gossip.it\/news\/pierpaolo-pretelli-crisi-di-panico\/#primaryimage"},"thumbnailUrl":"https:\/\/www.gossip.it\/wp-content\/uploads\/2024\/03\/lancio-PRETELLI.jpg","datePublished":"2024-03-14T13:57:29+00:00","dateModified":"2024-03-14T14:15:40+00:00","description":"''Dopo Striscia la Notizia facevo il cameriere per arrotondare'': l'ex velino Pierpaolo Pretelli racconta il periodo 'down' e le crisi di panico","breadcrumb":{"@id":"https:\/\/www.gossip.it\/news\/pierpaolo-pretelli-crisi-di-panico\/#breadcrumb"},"inLanguage":"it-IT","potentialAction":[{"@type":"ReadAction","target":["https:\/\/www.gossip.it\/news\/pierpaolo-pretelli-crisi-di-panico\/"]}]},{"@type":"ImageObject","inLanguage":"it-IT","@id":"https:\/\/www.gossip.it\/news\/pierpaolo-pretelli-crisi-di-panico\/#primaryimage","url":"https:\/\/www.gossip.it\/wp-content\/uploads\/2024\/03\/lancio-PRETELLI.jpg","contentUrl":"https:\/\/www.gossip.it\/wp-content\/uploads\/2024\/03\/lancio-PRETELLI.jpg","width":1134,"height":808},{"@type":"BreadcrumbList","@id":"https:\/\/www.gossip.it\/news\/pierpaolo-pretelli-crisi-di-panico\/#breadcrumb","itemListElement":[{"@type":"ListItem","position":1,"name":"Home","item":"https:\/\/www.gossip.it\/"},{"@type":"ListItem","position":2,"name":"''Dopo Striscia la Notizia facevo il cameriere per arrotondare'': l'ex velino Pierpaolo Pretelli racconta il periodo 'down' e le crisi di panico"}]},{"@type":"WebSite","@id":"https:\/\/www.gossip.it\/#website","url":"https:\/\/www.gossip.it\/","name":"Gossip and VIP News","description":"Quotidiano di cronaca rosa, costume e societ\u00e0","publisher":{"@id":"https:\/\/www.gossip.it\/#organization"},"alternateName":"Gossip and VIP News","potentialAction":[{"@type":"SearchAction","target":{"@type":"EntryPoint","urlTemplate":"https:\/\/www.gossip.it\/?s={search_term_string}"},"query-input":{"@type":"PropertyValueSpecification","valueRequired":true,"valueName":"search_term_string"}}],"inLanguage":"it-IT"},{"@type":"Organization","@id":"https:\/\/www.gossip.it\/#organization","name":"Gossip and VIP News","alternateName":"Gossip News","url":"https:\/\/www.gossip.it\/","logo":{"@type":"ImageObject","inLanguage":"it-IT","@id":"https:\/\/www.gossip.it\/#\/schema\/logo\/image\/","url":"https:\/\/www.gossip.it\/wp-content\/uploads\/2022\/04\/cropped-corna-alta-tiny.png","contentUrl":"https:\/\/www.gossip.it\/wp-content\/uploads\/2022\/04\/cropped-corna-alta-tiny.png","width":512,"height":512,"caption":"Gossip and VIP News"},"image":{"@id":"https:\/\/www.gossip.it\/#\/schema\/logo\/image\/"},"sameAs":["https:\/\/www.facebook.com\/GossipIT","https:\/\/x.com\/gossinews_it","https:\/\/instagram.com\/gossip_it"]},{"@type":"Person","@id":"https:\/\/www.gossip.it\/#\/schema\/person\/df4a88c190f338e21427b6f342595faa","name":"Carla Giuni","image":{"@type":"ImageObject","inLanguage":"it-IT","@id":"https:\/\/www.gossip.it\/#\/schema\/person\/image\/","url":"https:\/\/secure.gravatar.com\/avatar\/9caf92f895c8e9a7cca263cd6e3860da8edad54c0a92046a7e363cbd3fa35c36?s=96&d=mm&r=g","contentUrl":"https:\/\/secure.gravatar.com\/avatar\/9caf92f895c8e9a7cca263cd6e3860da8edad54c0a92046a7e363cbd3fa35c36?s=96&d=mm&r=g","caption":"Carla Giuni"}}]}},"amp_enabled":true,"_links":{"self":[{"href":"https:\/\/www.gossip.it\/api\/wp\/v2\/posts\/167818","targetHints":{"allow":["GET"]}}],"collection":[{"href":"https:\/\/www.gossip.it\/api\/wp\/v2\/posts"}],"about":[{"href":"https:\/\/www.gossip.it\/api\/wp\/v2\/types\/post"}],"author":[{"embeddable":true,"href":"https:\/\/www.gossip.it\/api\/wp\/v2\/users\/24"}],"replies":[{"embeddable":true,"href":"https:\/\/www.gossip.it\/api\/wp\/v2\/comments?post=167818"}],"version-history":[{"count":1,"href":"https:\/\/www.gossip.it\/api\/wp\/v2\/posts\/167818\/revisions"}],"predecessor-version":[{"id":167841,"href":"https:\/\/www.gossip.it\/api\/wp\/v2\/posts\/167818\/revisions\/167841"}],"wp:featuredmedia":[{"embeddable":true,"href":"https:\/\/www.gossip.it\/api\/wp\/v2\/media\/167827"}],"wp:attachment":[{"href":"https:\/\/www.gossip.it\/api\/wp\/v2\/media?parent=167818"}],"wp:term":[{"taxonomy":"category","embeddable":true,"href":"https:\/\/www.gossip.it\/api\/wp\/v2\/categories?post=167818"},{"taxonomy":"post_tag","embeddable":true,"href":"https:\/\/www.gossip.it\/api\/wp\/v2\/tags?post=167818"},{"taxonomy":"vip","embeddable":true,"href":"https:\/\/www.gossip.it\/api\/wp\/v2\/vip?post=167818"}],"curies":[{"name":"wp","href":"https:\/\/api.w.org\/{rel}","templated":true}]}}