{"id":168937,"date":"2024-03-27T14:40:31","date_gmt":"2024-03-27T13:40:31","guid":{"rendered":"https:\/\/www.gossip.it\/?p=168937"},"modified":"2024-03-28T12:38:02","modified_gmt":"2024-03-28T11:38:02","slug":"fedez-prima-foto-nuovo-attico-milano","status":"publish","type":"post","link":"https:\/\/www.gossip.it\/news\/fedez-prima-foto-nuovo-attico-milano\/","title":{"rendered":"Fedez mostra la prima foto del suo nuovo attico a Milano ancora spoglio, poi si fa un selfie nel bagno: guarda"},"content":{"rendered":"\n<ul class=\"wp-block-list\">\n<li>Il 34enne ha gi\u00e0 fatto un primo trasloco aiutato dal pap\u00e0: al momento fa vedere solo il grande salone<\/li>\n\n\n\n<li>Il rapper avrebbe acquistato un appartamento in pieno centro, non a CityLife dove \u00e8 rimasta l\u2019ex<\/li>\n<\/ul>\n\n\n\n<p><strong>Lo avrebbe comprato<\/strong>, a testimoniare che \u00e8, almeno cos\u00ec parrebbe, una scelta definitiva. <a href=\"http:\/\/www.gossip.it\/vip\/fedez\">Fedez<\/a> nelle sue IG Stories mostra <strong>la prima foto del suo nuovo attico a Milano<\/strong>. Nell\u2019immagine \u00e8 immortalato l\u2019enorme salone della casa, arricchito da vetrate e parquet. C'\u00e8 anche un divano, ma ancora quasi totalmente spoglio, fatta eccezione pure per gli scatoloni. <strong>Il 34enne si fa vedere nel bagno dell\u2019abitazione in boxer<\/strong>: un immancabile selfie. Stando ai gossip, l<strong>\u2019appartamento sarebbe ben distante da CityLife<\/strong>, dove il 34enne ha vissuto negli ultimi anni e dove \u00e8 rimasta l\u2019ex moglie <a href=\"http:\/\/www.gossip.it7vip\/chiara-ferragni\">Chiara Ferragni<\/a> con i due figli, Leone, 6 anni, e Vittoria, 3. Federico <strong>stavolta avrebbe scelto il centro della citt\u00e0<\/strong>.<\/p>\n\n\n\n<figure class=\"wp-block-image size-large is-resized\"><img decoding=\"async\" width=\"576\" height=\"1024\" src=\"https:\/\/www.gossip.it\/wp-content\/uploads\/2024\/03\/fedez_1-3-576x1024.jpg\" alt=\"\" class=\"wp-image-168938\" style=\"width:768px;height:auto\" srcset=\"https:\/\/www.gossip.it\/wp-content\/uploads\/2024\/03\/fedez_1-3-576x1024.jpg 576w, https:\/\/www.gossip.it\/wp-content\/uploads\/2024\/03\/fedez_1-3-169x300.jpg 169w, https:\/\/www.gossip.it\/wp-content\/uploads\/2024\/03\/fedez_1-3-768x1365.jpg 768w, https:\/\/www.gossip.it\/wp-content\/uploads\/2024\/03\/fedez_1-3-864x1536.jpg 864w, https:\/\/www.gossip.it\/wp-content\/uploads\/2024\/03\/fedez_1-3-750x1333.jpg 750w, https:\/\/www.gossip.it\/wp-content\/uploads\/2024\/03\/fedez_1-3.jpg 1134w\" sizes=\"(max-width: 576px) 100vw, 576px\" \/><figcaption class=\"wp-element-caption\">Fedez mostra la prima foto del suo nuovo attico a Milano ancora spoglio<\/figcaption><\/figure>\n\n\n\n<p>Ad aiutarlo con un primo trasloco \u00e8 stato il padre, Franco, che \u00e8 sempre al suo fianco, cos\u00ec come la mamma manager. Nonostante non siano felicissimi della situazione, i genitori accettano le scelte fatte dal figlio. <strong>Fedez ha approfittato della vacanza di Chiara a Dubai con la famiglia, gli amici e i pargolett<\/strong>i: si \u00e8 recato nella super reggia da 8 milioni di euro, che avevano acquistato insieme e dove si erano trasferiti poco prima di Natale, per prendere le sue cose e portarle nella magione appena comprata.<\/p>\n\n\n\n<p>Le settimane precedenti Lucia \u00e8 stato in un Air B&amp;B che ha salutato con tanta ironia sempre via social. <em>\u201cMi mancherai, soprattutto questo lampadario di design che sembra contenere peli al suo interno.<strong>\u00a0Cabina armadio fatta su misura.. gi\u00e0 mi manchi<\/strong>\u201d<\/em>, ha detto sdrammatizzando come suo solito.\u00a0<\/p>\n\n\n\n<figure class=\"wp-block-image size-large is-resized\"><img decoding=\"async\" width=\"576\" height=\"1024\" src=\"https:\/\/www.gossip.it\/wp-content\/uploads\/2024\/03\/fedez_2-3-576x1024.jpg\" alt=\"\" class=\"wp-image-168939\" style=\"width:768px;height:auto\" srcset=\"https:\/\/www.gossip.it\/wp-content\/uploads\/2024\/03\/fedez_2-3-576x1024.jpg 576w, https:\/\/www.gossip.it\/wp-content\/uploads\/2024\/03\/fedez_2-3-169x300.jpg 169w, https:\/\/www.gossip.it\/wp-content\/uploads\/2024\/03\/fedez_2-3-768x1365.jpg 768w, https:\/\/www.gossip.it\/wp-content\/uploads\/2024\/03\/fedez_2-3-864x1536.jpg 864w, https:\/\/www.gossip.it\/wp-content\/uploads\/2024\/03\/fedez_2-3-750x1333.jpg 750w, https:\/\/www.gossip.it\/wp-content\/uploads\/2024\/03\/fedez_2-3.jpg 1134w\" sizes=\"(max-width: 576px) 100vw, 576px\" \/><figcaption class=\"wp-element-caption\">Il 34enne poi si fa un selfie nel bagno della casa: indossa solo i boxer<\/figcaption><\/figure>\n\n\n\n<p>La vita va avanti. Stando agli ultimi rumors gli avvocati degli ex <a href=\"http:\/\/www.gossip.it\/vip\/ferragnez\">Ferragnez<\/a>, insieme ai relativi uffici stampa, <strong>starebbero preparando un comunicato ufficiale che sancisca la definitiva rottura tra Fedez e Chiara<\/strong>. Anche se non pare che ci sia molto da aggiungere: \u00e8 tutto vero.<\/p>\n","protected":false},"excerpt":{"rendered":"<p>Lo avrebbe comprato, a testimoniare che \u00e8, almeno cos\u00ec parrebbe, una scelta definitiva. Fedez nelle sue IG Stories mostra la prima foto del suo nuovo attico a Milano. Nell\u2019immagine \u00e8 immortalato l\u2019enorme salone della casa, arricchito da vetrate e parquet. C'\u00e8 anche un divano, ma ancora quasi totalmente spoglio, fatta eccezione pure per gli scatoloni. [&hellip;]<\/p>\n","protected":false},"author":4,"featured_media":168940,"comment_status":"open","ping_status":"closed","sticky":false,"template":"","format":"standard","meta":{"footnotes":""},"categories":[54],"tags":[63487,63613,6035,72790,76457,6036,75570,67328,2793,1979,67046],"vip":[63414],"class_list":["post-168937","post","type-post","status-publish","format-standard","has-post-thumbnail","hentry","category-news","tag-chiaraferragni","tag-federicolucia","tag-fedez","tag-fedeznuovacasa","tag-fedeznuovoatttico","tag-ferragnez","tag-ferragnezaddio","tag-ferragnezcrisi","tag-gossip","tag-milano","tag-sifb","vip-fedez"],"yoast_head":"<title>Fedez mostra la prima foto del suo nuovo attico a Milano ancora spoglio, poi si fa un selfie nel bagno: guarda - Gossip.it | News sul Gossip e VIP<\/title>\n<meta name=\"description\" content=\"Fedez mostra la prima foto del suo nuovo attico a Milano ancora spoglio, poi si fa un selfie nel bagno: guarda\" \/>\n<meta name=\"robots\" content=\"index, follow, max-snippet:-1, max-image-preview:large, max-video-preview:-1\" \/>\n<link rel=\"canonical\" href=\"https:\/\/www.gossip.it\/news\/fedez-prima-foto-nuovo-attico-milano\/\" \/>\n<meta property=\"og:locale\" content=\"it_IT\" \/>\n<meta property=\"og:type\" content=\"article\" \/>\n<meta property=\"og:title\" content=\"Fedez mostra la prima foto del suo nuovo attico a Milano ancora spoglio, poi si fa un selfie nel bagno: guarda - Gossip.it | News sul Gossip e VIP\" \/>\n<meta property=\"og:description\" content=\"Fedez mostra la prima foto del suo nuovo attico a Milano ancora spoglio, poi si fa un selfie nel bagno: guarda\" \/>\n<meta property=\"og:url\" content=\"https:\/\/www.gossip.it\/news\/fedez-prima-foto-nuovo-attico-milano\/\" \/>\n<meta property=\"og:site_name\" content=\"Gossip.it | News sul Gossip e VIP\" \/>\n<meta property=\"article:publisher\" content=\"https:\/\/www.facebook.com\/GossipIT\" \/>\n<meta property=\"article:published_time\" content=\"2024-03-27T13:40:31+00:00\" \/>\n<meta property=\"article:modified_time\" content=\"2024-03-28T11:38:02+00:00\" \/>\n<meta property=\"og:image\" content=\"https:\/\/www.gossip.it\/wp-content\/uploads\/2024\/03\/lancio-FEDEZ-FB-3.jpg\" \/>\n\t<meta property=\"og:image:width\" content=\"1134\" \/>\n\t<meta property=\"og:image:height\" content=\"660\" \/>\n\t<meta property=\"og:image:type\" content=\"image\/jpeg\" \/>\n<meta name=\"author\" content=\"Annamaria Capozzi\" \/>\n<meta name=\"twitter:card\" content=\"summary_large_image\" \/>\n<meta name=\"twitter:creator\" content=\"@gossinews_it\" \/>\n<meta name=\"twitter:site\" content=\"@gossinews_it\" \/>\n<meta name=\"twitter:label1\" content=\"Scritto da\" \/>\n\t<meta name=\"twitter:data1\" content=\"Annamaria Capozzi\" \/>\n\t<meta name=\"twitter:label2\" content=\"Tempo di lettura stimato\" \/>\n\t<meta name=\"twitter:data2\" content=\"3 minuti\" \/>","yoast_head_json":{"title":"Fedez mostra la prima foto del suo nuovo attico a Milano ancora spoglio, poi si fa un selfie nel bagno: guarda - Gossip.it | News sul Gossip e VIP","description":"Fedez mostra la prima foto del suo nuovo attico a Milano ancora spoglio, poi si fa un selfie nel bagno: guarda","robots":{"index":"index","follow":"follow","max-snippet":"max-snippet:-1","max-image-preview":"max-image-preview:large","max-video-preview":"max-video-preview:-1"},"canonical":"https:\/\/www.gossip.it\/news\/fedez-prima-foto-nuovo-attico-milano\/","og_locale":"it_IT","og_type":"article","og_title":"Fedez mostra la prima foto del suo nuovo attico a Milano ancora spoglio, poi si fa un selfie nel bagno: guarda - Gossip.it | News sul Gossip e VIP","og_description":"Fedez mostra la prima foto del suo nuovo attico a Milano ancora spoglio, poi si fa un selfie nel bagno: guarda","og_url":"https:\/\/www.gossip.it\/news\/fedez-prima-foto-nuovo-attico-milano\/","og_site_name":"Gossip.it | News sul Gossip e VIP","article_publisher":"https:\/\/www.facebook.com\/GossipIT","article_published_time":"2024-03-27T13:40:31+00:00","article_modified_time":"2024-03-28T11:38:02+00:00","og_image":[{"width":1134,"height":660,"url":"https:\/\/www.gossip.it\/wp-content\/uploads\/2024\/03\/lancio-FEDEZ-FB-3.jpg","type":"image\/jpeg"}],"author":"Annamaria Capozzi","twitter_card":"summary_large_image","twitter_creator":"@gossinews_it","twitter_site":"@gossinews_it","twitter_misc":{"Scritto da":"Annamaria Capozzi","Tempo di lettura stimato":"3 minuti"},"schema":{"@context":"https:\/\/schema.org","@graph":[{"@type":"Article","@id":"https:\/\/www.gossip.it\/news\/fedez-prima-foto-nuovo-attico-milano\/#article","isPartOf":{"@id":"https:\/\/www.gossip.it\/news\/fedez-prima-foto-nuovo-attico-milano\/"},"author":{"name":"Annamaria Capozzi","@id":"https:\/\/www.gossip.it\/#\/schema\/person\/4f99be5acc78d3f1b07a146d4fe8256b"},"headline":"Fedez mostra la prima foto del suo nuovo attico a Milano ancora spoglio, poi si fa un selfie nel bagno: guarda","datePublished":"2024-03-27T13:40:31+00:00","dateModified":"2024-03-28T11:38:02+00:00","mainEntityOfPage":{"@id":"https:\/\/www.gossip.it\/news\/fedez-prima-foto-nuovo-attico-milano\/"},"wordCount":371,"commentCount":0,"publisher":{"@id":"https:\/\/www.gossip.it\/#organization"},"image":{"@id":"https:\/\/www.gossip.it\/news\/fedez-prima-foto-nuovo-attico-milano\/#primaryimage"},"thumbnailUrl":"https:\/\/www.gossip.it\/wp-content\/uploads\/2024\/03\/lancio-FEDEZ-3.jpg","keywords":["chiaraferragni","federicolucia","fedez","fedeznuovacasa","fedeznuovoatttico","ferragnez","ferragnezaddio","ferragnezcrisi","gossip","milano","sifb"],"articleSection":["News"],"inLanguage":"it-IT","potentialAction":[{"@type":"CommentAction","name":"Comment","target":["https:\/\/www.gossip.it\/news\/fedez-prima-foto-nuovo-attico-milano\/#respond"]}]},{"@type":"WebPage","@id":"https:\/\/www.gossip.it\/news\/fedez-prima-foto-nuovo-attico-milano\/","url":"https:\/\/www.gossip.it\/news\/fedez-prima-foto-nuovo-attico-milano\/","name":"Fedez mostra la prima foto del suo nuovo attico a Milano ancora spoglio, poi si fa un selfie nel bagno: guarda - Gossip.it | News sul Gossip e VIP","isPartOf":{"@id":"https:\/\/www.gossip.it\/#website"},"primaryImageOfPage":{"@id":"https:\/\/www.gossip.it\/news\/fedez-prima-foto-nuovo-attico-milano\/#primaryimage"},"image":{"@id":"https:\/\/www.gossip.it\/news\/fedez-prima-foto-nuovo-attico-milano\/#primaryimage"},"thumbnailUrl":"https:\/\/www.gossip.it\/wp-content\/uploads\/2024\/03\/lancio-FEDEZ-3.jpg","datePublished":"2024-03-27T13:40:31+00:00","dateModified":"2024-03-28T11:38:02+00:00","description":"Fedez mostra la prima foto del suo nuovo attico a Milano ancora spoglio, poi si fa un selfie nel bagno: guarda","breadcrumb":{"@id":"https:\/\/www.gossip.it\/news\/fedez-prima-foto-nuovo-attico-milano\/#breadcrumb"},"inLanguage":"it-IT","potentialAction":[{"@type":"ReadAction","target":["https:\/\/www.gossip.it\/news\/fedez-prima-foto-nuovo-attico-milano\/"]}]},{"@type":"ImageObject","inLanguage":"it-IT","@id":"https:\/\/www.gossip.it\/news\/fedez-prima-foto-nuovo-attico-milano\/#primaryimage","url":"https:\/\/www.gossip.it\/wp-content\/uploads\/2024\/03\/lancio-FEDEZ-3.jpg","contentUrl":"https:\/\/www.gossip.it\/wp-content\/uploads\/2024\/03\/lancio-FEDEZ-3.jpg","width":1134,"height":808},{"@type":"BreadcrumbList","@id":"https:\/\/www.gossip.it\/news\/fedez-prima-foto-nuovo-attico-milano\/#breadcrumb","itemListElement":[{"@type":"ListItem","position":1,"name":"Home","item":"https:\/\/www.gossip.it\/"},{"@type":"ListItem","position":2,"name":"Fedez mostra la prima foto del suo nuovo attico a Milano ancora spoglio, poi si fa un selfie nel bagno: guarda"}]},{"@type":"WebSite","@id":"https:\/\/www.gossip.it\/#website","url":"https:\/\/www.gossip.it\/","name":"Gossip and VIP News","description":"Quotidiano di cronaca rosa, costume e societ\u00e0","publisher":{"@id":"https:\/\/www.gossip.it\/#organization"},"alternateName":"Gossip and VIP News","potentialAction":[{"@type":"SearchAction","target":{"@type":"EntryPoint","urlTemplate":"https:\/\/www.gossip.it\/?s={search_term_string}"},"query-input":{"@type":"PropertyValueSpecification","valueRequired":true,"valueName":"search_term_string"}}],"inLanguage":"it-IT"},{"@type":"Organization","@id":"https:\/\/www.gossip.it\/#organization","name":"Gossip and VIP News","alternateName":"Gossip News","url":"https:\/\/www.gossip.it\/","logo":{"@type":"ImageObject","inLanguage":"it-IT","@id":"https:\/\/www.gossip.it\/#\/schema\/logo\/image\/","url":"https:\/\/www.gossip.it\/wp-content\/uploads\/2022\/04\/cropped-corna-alta-tiny.png","contentUrl":"https:\/\/www.gossip.it\/wp-content\/uploads\/2022\/04\/cropped-corna-alta-tiny.png","width":512,"height":512,"caption":"Gossip and VIP News"},"image":{"@id":"https:\/\/www.gossip.it\/#\/schema\/logo\/image\/"},"sameAs":["https:\/\/www.facebook.com\/GossipIT","https:\/\/x.com\/gossinews_it","https:\/\/instagram.com\/gossip_it"]},{"@type":"Person","@id":"https:\/\/www.gossip.it\/#\/schema\/person\/4f99be5acc78d3f1b07a146d4fe8256b","name":"Annamaria Capozzi","image":{"@type":"ImageObject","inLanguage":"it-IT","@id":"https:\/\/www.gossip.it\/#\/schema\/person\/image\/","url":"https:\/\/secure.gravatar.com\/avatar\/a8f8ec0362739e51683bf764949dfb9f8d2539eecc144f2dd938d6381b053468?s=96&d=mm&r=g","contentUrl":"https:\/\/secure.gravatar.com\/avatar\/a8f8ec0362739e51683bf764949dfb9f8d2539eecc144f2dd938d6381b053468?s=96&d=mm&r=g","caption":"Annamaria Capozzi"}}]}},"amp_enabled":true,"_links":{"self":[{"href":"https:\/\/www.gossip.it\/api\/wp\/v2\/posts\/168937","targetHints":{"allow":["GET"]}}],"collection":[{"href":"https:\/\/www.gossip.it\/api\/wp\/v2\/posts"}],"about":[{"href":"https:\/\/www.gossip.it\/api\/wp\/v2\/types\/post"}],"author":[{"embeddable":true,"href":"https:\/\/www.gossip.it\/api\/wp\/v2\/users\/4"}],"replies":[{"embeddable":true,"href":"https:\/\/www.gossip.it\/api\/wp\/v2\/comments?post=168937"}],"version-history":[{"count":1,"href":"https:\/\/www.gossip.it\/api\/wp\/v2\/posts\/168937\/revisions"}],"predecessor-version":[{"id":168942,"href":"https:\/\/www.gossip.it\/api\/wp\/v2\/posts\/168937\/revisions\/168942"}],"wp:featuredmedia":[{"embeddable":true,"href":"https:\/\/www.gossip.it\/api\/wp\/v2\/media\/168940"}],"wp:attachment":[{"href":"https:\/\/www.gossip.it\/api\/wp\/v2\/media?parent=168937"}],"wp:term":[{"taxonomy":"category","embeddable":true,"href":"https:\/\/www.gossip.it\/api\/wp\/v2\/categories?post=168937"},{"taxonomy":"post_tag","embeddable":true,"href":"https:\/\/www.gossip.it\/api\/wp\/v2\/tags?post=168937"},{"taxonomy":"vip","embeddable":true,"href":"https:\/\/www.gossip.it\/api\/wp\/v2\/vip?post=168937"}],"curies":[{"name":"wp","href":"https:\/\/api.w.org\/{rel}","templated":true}]}}