{"id":16896,"date":"2002-12-23T00:00:00","date_gmt":"2002-12-22T23:00:00","guid":{"rendered":"https:\/\/www.gossip.it\/senza-categoria\/esclusivo-gigi-d-alessio-si-fa-la-barca\/"},"modified":"2002-12-23T00:00:00","modified_gmt":"2002-12-22T23:00:00","slug":"esclusivo-gigi-d-alessio-si-fa-la-barca","status":"publish","type":"post","link":"https:\/\/www.gossip.it\/news\/esclusivo-gigi-d-alessio-si-fa-la-barca\/","title":{"rendered":"Esclusivo: Gigi D'Alessio si 'fa' la barca"},"content":{"rendered":"<p>Proprio cos\u00ec finalmente il cantautore partenopeo pu\u00f2 coronare il suo sogno, dopo lumghi anni di dura gavetta... questa volta potr\u00e0 navigare \u201cnel mare\u201d della musica con una barca tutta sua. Un Rizzardi 70 un vero mega yacht di circa 22 metri composto da cucina, bagno, stanza da letto matrimoniale e stanza da letto per gli ospiti, cabina per il marinaio, salone con tanto di divani, tavolini e tappeti il tutto rivestito da un lussuoso tek ed un meraviglioso terrazzino con tanto di veduta.<\/p>\n<p>Non contento il cantante si \u00e8 fatto aggiungere come optional circa sei televisori a plasma e l\u2019immancabile pianoforte a coda, proprio perch\u00e9 anche durante il meritato relax potrebbe farsi illuminare ancora una volta dalla vena poetica e comporre magari qualch\u2019altro brano da inserire nel suo prossimo album.<\/p>\n<p>Un vero esemplare che la casa Rizzardi ha deciso di esporre come esemplare unico al Salon nautico Fira de Barcelona proprio dal 02\/11 al 10\/11\/02.<br \/>\nTutto sembra andare per il meglio, anche la cicogna sembra che far\u00e0 visita nei prossimi mesi a casa D\u2019Alessio, infatti la moglie Carmela presto dar\u00e0 alla luce il terzo dei loro figli... e chiss\u00e0 magari Gigi gi\u00e0 ha pronta una nuova ninna nanna per il futuro beb\u00e8.<\/p>\n","protected":false},"excerpt":{"rendered":"<p>Proprio cos\u00ec finalmente il cantautore partenopeo pu\u00f2 coronare il suo sogno, dopo lumghi anni di dura gavetta... questa volta potr\u00e0 navigare \u201cnel mare\u201d della musica con una barca tutta sua. Un Rizzardi 70 un vero mega yacht di circa 22 metri composto da cucina, bagno, stanza da letto matrimoniale e stanza da letto per gli [&hellip;]<\/p>\n","protected":false},"author":1,"featured_media":72945,"comment_status":"closed","ping_status":"closed","sticky":false,"template":"","format":"standard","meta":{"footnotes":""},"categories":[54],"tags":[4250,16637,14610,2408],"vip":[859],"class_list":["post-16896","post","type-post","status-publish","format-standard","has-post-thumbnail","hentry","category-news","tag-barca","tag-barche","tag-gossipmusica","tag-musica","vip-gigi_dalessio"],"yoast_head":"<title>Esclusivo: Gigi D&#039;Alessio si &#039;fa&#039; la barca - Gossip.it | News sul Gossip e VIP<\/title>\n<meta name=\"description\" content=\"Proprio cos\u00ec finalmente il cantautore partenopeo pu\u00f2 coronare il suo sogno, dopo lumghi anni di dura gavetta... questa volta potr\u00e0 navigare \u201cnel mare\u201d\" \/>\n<meta name=\"robots\" content=\"index, follow, max-snippet:-1, max-image-preview:large, max-video-preview:-1\" \/>\n<link rel=\"canonical\" href=\"https:\/\/www.gossip.it\/news\/esclusivo-gigi-d-alessio-si-fa-la-barca\/\" \/>\n<meta property=\"og:locale\" content=\"it_IT\" \/>\n<meta property=\"og:type\" content=\"article\" \/>\n<meta property=\"og:title\" content=\"Esclusivo: Gigi D&#039;Alessio si &#039;fa&#039; la barca - Gossip.it | News sul Gossip e VIP\" \/>\n<meta property=\"og:description\" content=\"Proprio cos\u00ec finalmente il cantautore partenopeo pu\u00f2 coronare il suo sogno, dopo lumghi anni di dura gavetta... questa volta potr\u00e0 navigare \u201cnel mare\u201d\" \/>\n<meta property=\"og:url\" content=\"https:\/\/www.gossip.it\/news\/esclusivo-gigi-d-alessio-si-fa-la-barca\/\" \/>\n<meta property=\"og:site_name\" content=\"Gossip.it | News sul Gossip e VIP\" \/>\n<meta property=\"article:publisher\" content=\"https:\/\/www.facebook.com\/GossipIT\" \/>\n<meta property=\"article:published_time\" content=\"2002-12-22T23:00:00+00:00\" \/>\n<meta property=\"og:image\" content=\"\/images2\/gigi_dalessio.jpg\" \/>\n<meta name=\"author\" content=\"La Redazione\" \/>\n<meta name=\"twitter:card\" content=\"summary_large_image\" \/>\n<meta name=\"twitter:image\" content=\"\/images2\/gigi_dalessio.jpg\" \/>\n<meta name=\"twitter:creator\" content=\"@gossinews_it\" \/>\n<meta name=\"twitter:site\" content=\"@gossinews_it\" \/>\n<meta name=\"twitter:label1\" content=\"Scritto da\" \/>\n\t<meta name=\"twitter:data1\" content=\"Daniela Muscari Tomajoli\" \/>\n\t<meta name=\"twitter:label2\" content=\"Tempo di lettura stimato\" \/>\n\t<meta name=\"twitter:data2\" content=\"1 minuto\" \/>","yoast_head_json":{"title":"Esclusivo: Gigi D'Alessio si 'fa' la barca - Gossip.it | News sul Gossip e VIP","description":"Proprio cos\u00ec finalmente il cantautore partenopeo pu\u00f2 coronare il suo sogno, dopo lumghi anni di dura gavetta... questa volta potr\u00e0 navigare \u201cnel mare\u201d","robots":{"index":"index","follow":"follow","max-snippet":"max-snippet:-1","max-image-preview":"max-image-preview:large","max-video-preview":"max-video-preview:-1"},"canonical":"https:\/\/www.gossip.it\/news\/esclusivo-gigi-d-alessio-si-fa-la-barca\/","og_locale":"it_IT","og_type":"article","og_title":"Esclusivo: Gigi D'Alessio si 'fa' la barca - Gossip.it | News sul Gossip e VIP","og_description":"Proprio cos\u00ec finalmente il cantautore partenopeo pu\u00f2 coronare il suo sogno, dopo lumghi anni di dura gavetta... questa volta potr\u00e0 navigare \u201cnel mare\u201d","og_url":"https:\/\/www.gossip.it\/news\/esclusivo-gigi-d-alessio-si-fa-la-barca\/","og_site_name":"Gossip.it | News sul Gossip e VIP","article_publisher":"https:\/\/www.facebook.com\/GossipIT","article_published_time":"2002-12-22T23:00:00+00:00","og_image":[{"url":"\/images2\/gigi_dalessio.jpg"}],"author":"La Redazione","twitter_card":"summary_large_image","twitter_image":"\/images2\/gigi_dalessio.jpg","twitter_creator":"@gossinews_it","twitter_site":"@gossinews_it","twitter_misc":{"Scritto da":"Daniela Muscari Tomajoli","Tempo di lettura stimato":"1 minuto"},"schema":{"@context":"https:\/\/schema.org","@graph":[{"@type":"Article","@id":"https:\/\/www.gossip.it\/news\/esclusivo-gigi-d-alessio-si-fa-la-barca\/#article","isPartOf":{"@id":"https:\/\/www.gossip.it\/news\/esclusivo-gigi-d-alessio-si-fa-la-barca\/"},"author":{"name":"La Redazione","@id":"https:\/\/www.gossip.it\/#\/schema\/person\/488896f75158bff1cc83c6c39d141110"},"headline":"Esclusivo: Gigi D'Alessio si 'fa' la barca","datePublished":"2002-12-22T23:00:00+00:00","dateModified":"2002-12-22T23:00:00+00:00","mainEntityOfPage":{"@id":"https:\/\/www.gossip.it\/news\/esclusivo-gigi-d-alessio-si-fa-la-barca\/"},"wordCount":208,"publisher":{"@id":"https:\/\/www.gossip.it\/#organization"},"image":{"@id":"https:\/\/www.gossip.it\/news\/esclusivo-gigi-d-alessio-si-fa-la-barca\/#primaryimage"},"thumbnailUrl":"\/images2\/gigi_dalessio.jpg","keywords":["barca","barche","gossipmusica","musica"],"articleSection":["News"],"inLanguage":"it-IT"},{"@type":"WebPage","@id":"https:\/\/www.gossip.it\/news\/esclusivo-gigi-d-alessio-si-fa-la-barca\/","url":"https:\/\/www.gossip.it\/news\/esclusivo-gigi-d-alessio-si-fa-la-barca\/","name":"Esclusivo: Gigi D'Alessio si 'fa' la barca - Gossip.it | News sul Gossip e VIP","isPartOf":{"@id":"https:\/\/www.gossip.it\/#website"},"primaryImageOfPage":{"@id":"https:\/\/www.gossip.it\/news\/esclusivo-gigi-d-alessio-si-fa-la-barca\/#primaryimage"},"image":{"@id":"https:\/\/www.gossip.it\/news\/esclusivo-gigi-d-alessio-si-fa-la-barca\/#primaryimage"},"thumbnailUrl":"\/images2\/gigi_dalessio.jpg","datePublished":"2002-12-22T23:00:00+00:00","dateModified":"2002-12-22T23:00:00+00:00","description":"Proprio cos\u00ec finalmente il cantautore partenopeo pu\u00f2 coronare il suo sogno, dopo lumghi anni di dura gavetta... questa volta potr\u00e0 navigare \u201cnel mare\u201d","breadcrumb":{"@id":"https:\/\/www.gossip.it\/news\/esclusivo-gigi-d-alessio-si-fa-la-barca\/#breadcrumb"},"inLanguage":"it-IT","potentialAction":[{"@type":"ReadAction","target":["https:\/\/www.gossip.it\/news\/esclusivo-gigi-d-alessio-si-fa-la-barca\/"]}]},{"@type":"ImageObject","inLanguage":"it-IT","@id":"https:\/\/www.gossip.it\/news\/esclusivo-gigi-d-alessio-si-fa-la-barca\/#primaryimage","url":"\/images2\/gigi_dalessio.jpg","contentUrl":"\/images2\/gigi_dalessio.jpg"},{"@type":"BreadcrumbList","@id":"https:\/\/www.gossip.it\/news\/esclusivo-gigi-d-alessio-si-fa-la-barca\/#breadcrumb","itemListElement":[{"@type":"ListItem","position":1,"name":"Home","item":"https:\/\/www.gossip.it\/"},{"@type":"ListItem","position":2,"name":"Esclusivo: Gigi D'Alessio si 'fa' la barca"}]},{"@type":"WebSite","@id":"https:\/\/www.gossip.it\/#website","url":"https:\/\/www.gossip.it\/","name":"Gossip and VIP News","description":"Quotidiano di cronaca rosa, costume e societ\u00e0","publisher":{"@id":"https:\/\/www.gossip.it\/#organization"},"alternateName":"Gossip and VIP News","potentialAction":[{"@type":"SearchAction","target":{"@type":"EntryPoint","urlTemplate":"https:\/\/www.gossip.it\/?s={search_term_string}"},"query-input":{"@type":"PropertyValueSpecification","valueRequired":true,"valueName":"search_term_string"}}],"inLanguage":"it-IT"},{"@type":"Organization","@id":"https:\/\/www.gossip.it\/#organization","name":"Gossip and VIP News","alternateName":"Gossip News","url":"https:\/\/www.gossip.it\/","logo":{"@type":"ImageObject","inLanguage":"it-IT","@id":"https:\/\/www.gossip.it\/#\/schema\/logo\/image\/","url":"https:\/\/www.gossip.it\/wp-content\/uploads\/2022\/04\/cropped-corna-alta-tiny.png","contentUrl":"https:\/\/www.gossip.it\/wp-content\/uploads\/2022\/04\/cropped-corna-alta-tiny.png","width":512,"height":512,"caption":"Gossip and VIP News"},"image":{"@id":"https:\/\/www.gossip.it\/#\/schema\/logo\/image\/"},"sameAs":["https:\/\/www.facebook.com\/GossipIT","https:\/\/x.com\/gossinews_it","https:\/\/instagram.com\/gossip_it"]},{"@type":"Person","@id":"https:\/\/www.gossip.it\/#\/schema\/person\/488896f75158bff1cc83c6c39d141110","name":"La Redazione","image":{"@type":"ImageObject","inLanguage":"it-IT","@id":"https:\/\/www.gossip.it\/#\/schema\/person\/image\/","url":"https:\/\/secure.gravatar.com\/avatar\/5a5f5c6fa3e6700e4249abdad0263a1e94e927d9e0499b1cb09c1cd29c044d80?s=96&d=mm&r=g","contentUrl":"https:\/\/secure.gravatar.com\/avatar\/5a5f5c6fa3e6700e4249abdad0263a1e94e927d9e0499b1cb09c1cd29c044d80?s=96&d=mm&r=g","caption":"La Redazione"},"sameAs":["https:\/\/www.gossip.it"]}]}},"amp_enabled":true,"_links":{"self":[{"href":"https:\/\/www.gossip.it\/api\/wp\/v2\/posts\/16896","targetHints":{"allow":["GET"]}}],"collection":[{"href":"https:\/\/www.gossip.it\/api\/wp\/v2\/posts"}],"about":[{"href":"https:\/\/www.gossip.it\/api\/wp\/v2\/types\/post"}],"author":[{"embeddable":true,"href":"https:\/\/www.gossip.it\/api\/wp\/v2\/users\/1"}],"replies":[{"embeddable":true,"href":"https:\/\/www.gossip.it\/api\/wp\/v2\/comments?post=16896"}],"version-history":[{"count":0,"href":"https:\/\/www.gossip.it\/api\/wp\/v2\/posts\/16896\/revisions"}],"wp:featuredmedia":[{"embeddable":true,"href":"https:\/\/www.gossip.it\/api\/wp\/v2\/media\/72945"}],"wp:attachment":[{"href":"https:\/\/www.gossip.it\/api\/wp\/v2\/media?parent=16896"}],"wp:term":[{"taxonomy":"category","embeddable":true,"href":"https:\/\/www.gossip.it\/api\/wp\/v2\/categories?post=16896"},{"taxonomy":"post_tag","embeddable":true,"href":"https:\/\/www.gossip.it\/api\/wp\/v2\/tags?post=16896"},{"taxonomy":"vip","embeddable":true,"href":"https:\/\/www.gossip.it\/api\/wp\/v2\/vip?post=16896"}],"curies":[{"name":"wp","href":"https:\/\/api.w.org\/{rel}","templated":true}]}}