{"id":169143,"date":"2024-03-29T14:48:42","date_gmt":"2024-03-29T13:48:42","guid":{"rendered":"https:\/\/www.gossip.it\/?p=169143"},"modified":"2024-04-01T13:36:57","modified_gmt":"2024-04-01T11:36:57","slug":"fedez-registrato-belve-francesca-fagnani","status":"publish","type":"post","link":"https:\/\/www.gossip.it\/news\/fedez-registrato-belve-francesca-fagnani\/","title":{"rendered":"Flirt, tradimenti, i volti dei figli non pi\u00f9 visibili sui social: Fedez ha registrato 'Belve' con Francesca Fagnani, ecco di cosa avrebbe parlato"},"content":{"rendered":"\n<ul class=\"wp-block-list\">\n<li>Il rapper 34enne, stando a quanto appreso dall\u2019<em>AdnKronos<\/em>, sarebbe finito in lacrime<\/li>\n\n\n\n<li>Si sarebbe aperto sulla fine del suo matrimonio con Chiara Ferragni, andato in pezzi<\/li>\n<\/ul>\n\n\n\n<p><strong><a href=\"http:\/\/www.gossip.it\/vip\/fedez\">Fedez<\/a> ieri, 28 marzo, ha registrato Belve<\/strong>, l\u2019iconica trasmissione condotta da <a href=\"http:\/\/www.gossip.it\/vip\/francesca-fagnani\">Francesca Fagnani<\/a> su Rai 2, in cui sveler\u00e0 tutto di s\u00e9. L\u2019intervista andr\u00e0 in onda nella <strong>puntata del 9 aprile<\/strong>. L\u2019<em>AdnKronos<\/em> svela di cosa avrebbe parlato il rapper 34enne: <strong>flirt, tradimenti, i volti dei figli non pi\u00f9 visibili sui social<\/strong>. Stando all\u2019agenzia stampa <strong>sarebbe finito addirittura in lacrime<\/strong>.<\/p>\n\n\n\n<figure class=\"wp-block-image size-large\"><img decoding=\"async\" width=\"1024\" height=\"712\" src=\"https:\/\/www.gossip.it\/wp-content\/uploads\/2024\/03\/fedez_2-6-1024x712.jpg\" alt=\"\" class=\"wp-image-169170\" srcset=\"https:\/\/www.gossip.it\/wp-content\/uploads\/2024\/03\/fedez_2-6-1024x712.jpg 1024w, https:\/\/www.gossip.it\/wp-content\/uploads\/2024\/03\/fedez_2-6-300x208.jpg 300w, https:\/\/www.gossip.it\/wp-content\/uploads\/2024\/03\/fedez_2-6-768x534.jpg 768w, https:\/\/www.gossip.it\/wp-content\/uploads\/2024\/03\/fedez_2-6-750x521.jpg 750w, https:\/\/www.gossip.it\/wp-content\/uploads\/2024\/03\/fedez_2-6.jpg 1134w\" sizes=\"(max-width: 1024px) 100vw, 1024px\" \/><figcaption class=\"wp-element-caption\">Flirt, tradimenti, i volti dei figli non pi\u00f9 visibili sui social: Fedez ha registrato<em> 'Belve'<\/em> con Francesca Fagnani, ecco di cosa avrebbe parlato<\/figcaption><\/figure>\n\n\n\n<p>Federico<em> \u201c<strong>si sarebbe commosso fino alle lacrime<\/strong> durante l'intervista con Francesca Fagnani, registrata ieri negli studi del centro Rai Nomentano intitolato a <a href=\"http:\/\/www.gossip.it\/vip\/fabrizio-frizzi\">Fabrizio Frizzi<\/a>. <strong>Fedez&nbsp;avrebbe parlato della crisi della relazione con la moglie<\/strong><\/em> (<a href=\"http:\/\/www.gossip.it\/vip\/chiara-ferragni\">Chiara Ferragni<\/a>, ndr) <em>e dell'amore per i figli Leo e Vittoria\u201d<\/em>. Cos\u00ec scrive l\u2019<em>AdnKronos<\/em>.<\/p>\n\n\n\n<p><em>\u201cIl rapper avrebbe spiegato che proteggerli \u00e8 la sua priorit\u00e0 di questa fase e che <strong>la decisione di non mostrarne pi\u00f9 il volto sui social sarebbe stata concordata con la moglie<\/strong>. Il rapper&nbsp;avrebbe inoltre <strong>smentito ogni illazione su suoi presunti flirt e tradimenti<\/strong>\u201d<\/em>, aggiunge.<\/p>\n\n\n\n<figure class=\"wp-block-image size-large is-resized\"><img decoding=\"async\" width=\"563\" height=\"1024\" src=\"https:\/\/www.gossip.it\/wp-content\/uploads\/2024\/03\/fedez_2-5-563x1024.jpg\" alt=\"\" class=\"wp-image-169145\" style=\"width:768px;height:auto\" srcset=\"https:\/\/www.gossip.it\/wp-content\/uploads\/2024\/03\/fedez_2-5-563x1024.jpg 563w, https:\/\/www.gossip.it\/wp-content\/uploads\/2024\/03\/fedez_2-5-165x300.jpg 165w, https:\/\/www.gossip.it\/wp-content\/uploads\/2024\/03\/fedez_2-5-768x1396.jpg 768w, https:\/\/www.gossip.it\/wp-content\/uploads\/2024\/03\/fedez_2-5-845x1536.jpg 845w, https:\/\/www.gossip.it\/wp-content\/uploads\/2024\/03\/fedez_2-5-1126x2048.jpg 1126w, https:\/\/www.gossip.it\/wp-content\/uploads\/2024\/03\/fedez_2-5-750x1364.jpg 750w, https:\/\/www.gossip.it\/wp-content\/uploads\/2024\/03\/fedez_2-5.jpg 1134w\" sizes=\"(max-width: 563px) 100vw, 563px\" \/><figcaption class=\"wp-element-caption\">Stando a quanto appreso dall\u2019<em>AdnKronos<\/em>, sarebbe finito in lacrime. Si sarebbe aperto sulla fine del suo matrimonio con Chiara Ferragni, andato in pezzi<\/figcaption><\/figure>\n\n\n\n<p>Al momento Fedez non dice nulla. Nelle sue storie si \u00e8 limitato a farsi vedere sul treno ad alta velocit\u00e0 che lo ha portato a Roma, dove ha incontrato anche <a href=\"http:\/\/www.gossip.it\/vip\/barbara-d-urso\">Barbara d\u2019Urso<\/a>, e poi a mostrare il camerino di <em>Belve<\/em> della Fagnani, prima di andare in studio a registrare l\u2019intervista. Poche ore fa ha salutato gli spettatori di <em>Muschio Selvaggio<\/em>, a cui ha dovuto dire<em> \u2018addio\u2019<\/em> dopo la decisione del tribunale. Il podcast torner\u00e0, ma con il suo ex social <a href=\"http:\/\/www.gossip.it\/vip\/luis-sal\">Luis Sal<\/a> alla conduzione.<\/p>\n","protected":false},"excerpt":{"rendered":"<p>Ieri, 28 marzo, ha registrato Belve, l\u2019iconica trasmissione di...<\/p>\n","protected":false},"author":24,"featured_media":169168,"comment_status":"open","ping_status":"closed","sticky":false,"template":"","format":"standard","meta":{"footnotes":""},"categories":[54],"tags":[58261,57520,76515,63613,6035,76516,6036,65261,2793,18744,67046,2097],"vip":[63414],"class_list":["post-169143","post","type-post","status-publish","format-standard","has-post-thumbnail","hentry","category-news","tag-adnkronos","tag-belve","tag-chiaraferrragni","tag-federicolucia","tag-fedez","tag-fedezbelve","tag-ferragnez","tag-francescafagnani","tag-gossip","tag-rai2","tag-sifb","tag-tv","vip-fedez"],"yoast_head":"<title>Flirt, tradimenti, i volti dei figli non pi\u00f9 visibili sui social: Fedez ha registrato &#039;Belve&#039; con Francesca Fagnani, ecco di cosa avrebbe parlato - Gossip.it | News sul Gossip e VIP<\/title>\n<meta name=\"description\" content=\"Flirt, tradimenti, i volti dei figli non pi\u00f9 visibili sui social: Fedez ha registrato &#039;Belve&#039; con Francesca Fagnani, ecco di cosa avrebbe parlato\" \/>\n<meta name=\"robots\" content=\"index, follow, max-snippet:-1, max-image-preview:large, max-video-preview:-1\" \/>\n<link rel=\"canonical\" href=\"https:\/\/www.gossip.it\/news\/fedez-registrato-belve-francesca-fagnani\/\" \/>\n<meta property=\"og:locale\" content=\"it_IT\" \/>\n<meta property=\"og:type\" content=\"article\" \/>\n<meta property=\"og:title\" content=\"Flirt, tradimenti, i volti dei figli non pi\u00f9 visibili sui social: Fedez ha registrato &#039;Belve&#039; con Francesca Fagnani, ecco di cosa avrebbe parlato - Gossip.it | News sul Gossip e VIP\" \/>\n<meta property=\"og:description\" content=\"Flirt, tradimenti, i volti dei figli non pi\u00f9 visibili sui social: Fedez ha registrato &#039;Belve&#039; con Francesca Fagnani, ecco di cosa avrebbe parlato\" \/>\n<meta property=\"og:url\" content=\"https:\/\/www.gossip.it\/news\/fedez-registrato-belve-francesca-fagnani\/\" \/>\n<meta property=\"og:site_name\" content=\"Gossip.it | News sul Gossip e VIP\" \/>\n<meta property=\"article:publisher\" content=\"https:\/\/www.facebook.com\/GossipIT\" \/>\n<meta property=\"article:published_time\" content=\"2024-03-29T13:48:42+00:00\" \/>\n<meta property=\"article:modified_time\" content=\"2024-04-01T11:36:57+00:00\" \/>\n<meta property=\"og:image\" content=\"https:\/\/www.gossip.it\/wp-content\/uploads\/2024\/03\/lanxio-fedez-fb.jpg\" \/>\n\t<meta property=\"og:image:width\" content=\"1134\" \/>\n\t<meta property=\"og:image:height\" content=\"630\" \/>\n\t<meta property=\"og:image:type\" content=\"image\/jpeg\" \/>\n<meta name=\"author\" content=\"Carla Giuni\" \/>\n<meta name=\"twitter:card\" content=\"summary_large_image\" \/>\n<meta name=\"twitter:creator\" content=\"@gossinews_it\" \/>\n<meta name=\"twitter:site\" content=\"@gossinews_it\" \/>\n<meta name=\"twitter:label1\" content=\"Scritto da\" \/>\n\t<meta name=\"twitter:data1\" content=\"Carla Giuni\" \/>\n\t<meta name=\"twitter:label2\" content=\"Tempo di lettura stimato\" \/>\n\t<meta name=\"twitter:data2\" content=\"3 minuti\" \/>","yoast_head_json":{"title":"Flirt, tradimenti, i volti dei figli non pi\u00f9 visibili sui social: Fedez ha registrato 'Belve' con Francesca Fagnani, ecco di cosa avrebbe parlato - Gossip.it | News sul Gossip e VIP","description":"Flirt, tradimenti, i volti dei figli non pi\u00f9 visibili sui social: Fedez ha registrato 'Belve' con Francesca Fagnani, ecco di cosa avrebbe parlato","robots":{"index":"index","follow":"follow","max-snippet":"max-snippet:-1","max-image-preview":"max-image-preview:large","max-video-preview":"max-video-preview:-1"},"canonical":"https:\/\/www.gossip.it\/news\/fedez-registrato-belve-francesca-fagnani\/","og_locale":"it_IT","og_type":"article","og_title":"Flirt, tradimenti, i volti dei figli non pi\u00f9 visibili sui social: Fedez ha registrato 'Belve' con Francesca Fagnani, ecco di cosa avrebbe parlato - Gossip.it | News sul Gossip e VIP","og_description":"Flirt, tradimenti, i volti dei figli non pi\u00f9 visibili sui social: Fedez ha registrato 'Belve' con Francesca Fagnani, ecco di cosa avrebbe parlato","og_url":"https:\/\/www.gossip.it\/news\/fedez-registrato-belve-francesca-fagnani\/","og_site_name":"Gossip.it | News sul Gossip e VIP","article_publisher":"https:\/\/www.facebook.com\/GossipIT","article_published_time":"2024-03-29T13:48:42+00:00","article_modified_time":"2024-04-01T11:36:57+00:00","og_image":[{"width":1134,"height":630,"url":"https:\/\/www.gossip.it\/wp-content\/uploads\/2024\/03\/lanxio-fedez-fb.jpg","type":"image\/jpeg"}],"author":"Carla Giuni","twitter_card":"summary_large_image","twitter_creator":"@gossinews_it","twitter_site":"@gossinews_it","twitter_misc":{"Scritto da":"Carla Giuni","Tempo di lettura stimato":"3 minuti"},"schema":{"@context":"https:\/\/schema.org","@graph":[{"@type":"Article","@id":"https:\/\/www.gossip.it\/news\/fedez-registrato-belve-francesca-fagnani\/#article","isPartOf":{"@id":"https:\/\/www.gossip.it\/news\/fedez-registrato-belve-francesca-fagnani\/"},"author":{"name":"Carla Giuni","@id":"https:\/\/www.gossip.it\/#\/schema\/person\/df4a88c190f338e21427b6f342595faa"},"headline":"Flirt, tradimenti, i volti dei figli non pi\u00f9 visibili sui social: Fedez ha registrato 'Belve' con Francesca Fagnani, ecco di cosa avrebbe parlato","datePublished":"2024-03-29T13:48:42+00:00","dateModified":"2024-04-01T11:36:57+00:00","mainEntityOfPage":{"@id":"https:\/\/www.gossip.it\/news\/fedez-registrato-belve-francesca-fagnani\/"},"wordCount":339,"commentCount":0,"publisher":{"@id":"https:\/\/www.gossip.it\/#organization"},"image":{"@id":"https:\/\/www.gossip.it\/news\/fedez-registrato-belve-francesca-fagnani\/#primaryimage"},"thumbnailUrl":"https:\/\/www.gossip.it\/wp-content\/uploads\/2024\/03\/lanxio-fedez.jpg","keywords":["adnkronos","belve","chiaraferrragni","federicolucia","fedez","fedezbelve","ferragnez","francescafagnani","gossip","rai2","sifb","tv"],"articleSection":["News"],"inLanguage":"it-IT","potentialAction":[{"@type":"CommentAction","name":"Comment","target":["https:\/\/www.gossip.it\/news\/fedez-registrato-belve-francesca-fagnani\/#respond"]}]},{"@type":"WebPage","@id":"https:\/\/www.gossip.it\/news\/fedez-registrato-belve-francesca-fagnani\/","url":"https:\/\/www.gossip.it\/news\/fedez-registrato-belve-francesca-fagnani\/","name":"Flirt, tradimenti, i volti dei figli non pi\u00f9 visibili sui social: Fedez ha registrato 'Belve' con Francesca Fagnani, ecco di cosa avrebbe parlato - Gossip.it | News sul Gossip e VIP","isPartOf":{"@id":"https:\/\/www.gossip.it\/#website"},"primaryImageOfPage":{"@id":"https:\/\/www.gossip.it\/news\/fedez-registrato-belve-francesca-fagnani\/#primaryimage"},"image":{"@id":"https:\/\/www.gossip.it\/news\/fedez-registrato-belve-francesca-fagnani\/#primaryimage"},"thumbnailUrl":"https:\/\/www.gossip.it\/wp-content\/uploads\/2024\/03\/lanxio-fedez.jpg","datePublished":"2024-03-29T13:48:42+00:00","dateModified":"2024-04-01T11:36:57+00:00","description":"Flirt, tradimenti, i volti dei figli non pi\u00f9 visibili sui social: Fedez ha registrato 'Belve' con Francesca Fagnani, ecco di cosa avrebbe parlato","breadcrumb":{"@id":"https:\/\/www.gossip.it\/news\/fedez-registrato-belve-francesca-fagnani\/#breadcrumb"},"inLanguage":"it-IT","potentialAction":[{"@type":"ReadAction","target":["https:\/\/www.gossip.it\/news\/fedez-registrato-belve-francesca-fagnani\/"]}]},{"@type":"ImageObject","inLanguage":"it-IT","@id":"https:\/\/www.gossip.it\/news\/fedez-registrato-belve-francesca-fagnani\/#primaryimage","url":"https:\/\/www.gossip.it\/wp-content\/uploads\/2024\/03\/lanxio-fedez.jpg","contentUrl":"https:\/\/www.gossip.it\/wp-content\/uploads\/2024\/03\/lanxio-fedez.jpg","width":1134,"height":808},{"@type":"BreadcrumbList","@id":"https:\/\/www.gossip.it\/news\/fedez-registrato-belve-francesca-fagnani\/#breadcrumb","itemListElement":[{"@type":"ListItem","position":1,"name":"Home","item":"https:\/\/www.gossip.it\/"},{"@type":"ListItem","position":2,"name":"Flirt, tradimenti, i volti dei figli non pi\u00f9 visibili sui social: Fedez ha registrato 'Belve' con Francesca Fagnani, ecco di cosa avrebbe parlato"}]},{"@type":"WebSite","@id":"https:\/\/www.gossip.it\/#website","url":"https:\/\/www.gossip.it\/","name":"Gossip and VIP News","description":"Quotidiano di cronaca rosa, costume e societ\u00e0","publisher":{"@id":"https:\/\/www.gossip.it\/#organization"},"alternateName":"Gossip and VIP News","potentialAction":[{"@type":"SearchAction","target":{"@type":"EntryPoint","urlTemplate":"https:\/\/www.gossip.it\/?s={search_term_string}"},"query-input":{"@type":"PropertyValueSpecification","valueRequired":true,"valueName":"search_term_string"}}],"inLanguage":"it-IT"},{"@type":"Organization","@id":"https:\/\/www.gossip.it\/#organization","name":"Gossip and VIP News","alternateName":"Gossip News","url":"https:\/\/www.gossip.it\/","logo":{"@type":"ImageObject","inLanguage":"it-IT","@id":"https:\/\/www.gossip.it\/#\/schema\/logo\/image\/","url":"https:\/\/www.gossip.it\/wp-content\/uploads\/2022\/04\/cropped-corna-alta-tiny.png","contentUrl":"https:\/\/www.gossip.it\/wp-content\/uploads\/2022\/04\/cropped-corna-alta-tiny.png","width":512,"height":512,"caption":"Gossip and VIP News"},"image":{"@id":"https:\/\/www.gossip.it\/#\/schema\/logo\/image\/"},"sameAs":["https:\/\/www.facebook.com\/GossipIT","https:\/\/x.com\/gossinews_it","https:\/\/instagram.com\/gossip_it"]},{"@type":"Person","@id":"https:\/\/www.gossip.it\/#\/schema\/person\/df4a88c190f338e21427b6f342595faa","name":"Carla Giuni","image":{"@type":"ImageObject","inLanguage":"it-IT","@id":"https:\/\/www.gossip.it\/#\/schema\/person\/image\/","url":"https:\/\/secure.gravatar.com\/avatar\/9caf92f895c8e9a7cca263cd6e3860da8edad54c0a92046a7e363cbd3fa35c36?s=96&d=mm&r=g","contentUrl":"https:\/\/secure.gravatar.com\/avatar\/9caf92f895c8e9a7cca263cd6e3860da8edad54c0a92046a7e363cbd3fa35c36?s=96&d=mm&r=g","caption":"Carla Giuni"}}]}},"amp_enabled":true,"_links":{"self":[{"href":"https:\/\/www.gossip.it\/api\/wp\/v2\/posts\/169143","targetHints":{"allow":["GET"]}}],"collection":[{"href":"https:\/\/www.gossip.it\/api\/wp\/v2\/posts"}],"about":[{"href":"https:\/\/www.gossip.it\/api\/wp\/v2\/types\/post"}],"author":[{"embeddable":true,"href":"https:\/\/www.gossip.it\/api\/wp\/v2\/users\/24"}],"replies":[{"embeddable":true,"href":"https:\/\/www.gossip.it\/api\/wp\/v2\/comments?post=169143"}],"version-history":[{"count":1,"href":"https:\/\/www.gossip.it\/api\/wp\/v2\/posts\/169143\/revisions"}],"predecessor-version":[{"id":169171,"href":"https:\/\/www.gossip.it\/api\/wp\/v2\/posts\/169143\/revisions\/169171"}],"wp:featuredmedia":[{"embeddable":true,"href":"https:\/\/www.gossip.it\/api\/wp\/v2\/media\/169168"}],"wp:attachment":[{"href":"https:\/\/www.gossip.it\/api\/wp\/v2\/media?parent=169143"}],"wp:term":[{"taxonomy":"category","embeddable":true,"href":"https:\/\/www.gossip.it\/api\/wp\/v2\/categories?post=169143"},{"taxonomy":"post_tag","embeddable":true,"href":"https:\/\/www.gossip.it\/api\/wp\/v2\/tags?post=169143"},{"taxonomy":"vip","embeddable":true,"href":"https:\/\/www.gossip.it\/api\/wp\/v2\/vip?post=169143"}],"curies":[{"name":"wp","href":"https:\/\/api.w.org\/{rel}","templated":true}]}}