{"id":169345,"date":"2024-04-03T13:18:34","date_gmt":"2024-04-03T11:18:34","guid":{"rendered":"https:\/\/www.gossip.it\/?p=169345"},"modified":"2024-04-04T12:42:47","modified_gmt":"2024-04-04T10:42:47","slug":"antonino-spinalbese-ripreso-fare-parrucchiere","status":"publish","type":"post","link":"https:\/\/www.gossip.it\/news\/antonino-spinalbese-ripreso-fare-parrucchiere\/","title":{"rendered":"Antonino Spinalbese, padre della figlia di Belen, ha ripreso a fare il parrucchiere? Le immagini social con pettine e forbici"},"content":{"rendered":"\n<ul class=\"wp-block-list\">\n<li>L\u2019ex<em> \u2018vippone\u2019<\/em> si fa vedere mentre taglia la chioma a un manichino<\/li>\n\n\n\n<li>Il 29enne non chiarisce: lo fa per non perdere la mano o ha deciso di tornare a essere un hair stylist?<\/li>\n<\/ul>\n\n\n\n<p>Lui e <a href=\"http:\/\/www.gossip.it\/vip\/belen-rodriguez\">Belen Rodriguez<\/a>, da cui ha avuto Luna Mar\u00ec il 12 luglio 2021, si sono conosciuti proprio grazie a una tinta e a una spuntatina ai capelli. In quel periodo lavorava da Coppola a Milano\u2026 Eppure pareva proprio che <a href=\"http:\/\/www.gossip.it\/vip\/antonino-spinalbese\">Antonino Spinalbese<\/a> avesse deciso di dare un taglio netto alla sua carriera da hair stylist. Il padre della figlia dell\u2019argentina, per\u00f2, potrebbe averci ripensato. Il 29enne <strong>ha ripreso a fare il parrucchiere?<\/strong> Il ragazzo nato a La Spezia non lo chiarisce. Ma <strong>sul social arrivano le immagini che lo ritraggono con pettine e forbici tra le mani<\/strong>.<\/p>\n\n\n\n<figure class=\"wp-block-embed is-type-photo is-provider-imgbb wp-block-embed-imgbb\"><div class=\"wp-block-embed__wrapper\">\n<a href=\"https:\/\/ibb.co\/rwqdvY2\"><img decoding=\"async\" src=\"https:\/\/i.ibb.co\/d5Xm7F4\/spina-1.jpg\" alt=\"spina-1\" width=\"1134\" height=\"1322\" \/><\/a>\n<\/div><figcaption class=\"wp-element-caption\">Antonino Spinalbese, padre della figlia di Belen, ha ripreso a fare il parrucchiere? Le immagini social con pettine e forbici<\/figcaption><\/figure>\n\n\n\n<p>L\u2019ex<em> \u2018vippone'<\/em> si fa vedere nelle sue storie su Instagram <strong>mentre taglia e acconcia la chioma a un manichino<\/strong>. Antonino mostra ai follower anche il risultato finale ottenuto dalle sue sapienti mani. I <em>\u2018like\u2019 <\/em>piovono. In molti desidererebbero sapere se il suo \u00e8 un definitivo ritorno <em>\u2018alle origini\u2019<\/em>. Al momento non c\u2019\u00e8 risposta a riguardo.<\/p>\n\n\n<div class=\"lazyblock-gossipvideo-Z17BW3Q align wp-block-lazyblock-gossipvideo\"><script>window.azrnVideoPlaylist=\"https:\/\/www.gossip.it\/api\/gossip\/video\/playlist_v2\/latest\/169324\/gossip.it\"<\/script><div id=\"gmp-intext-video\"><\/div><\/div>\n\n\n<p>Circa un anno fa, dopo la sua avventura al <em>GF Vip<\/em>, Antonino aveva deciso di dare una svolta alla sua vita: aveva aperto la Stan Management, un\u2019agenzia che avrebbe dovuto sostenere la carriera di tanti volti dello showbiz. Il progetto, forse, non \u00e8 decollato. C\u2019\u00e8 chi sussurra che l\u2019agenzia in questione avrebbe addirittura miseramente fatto flop. Non ci sono conferme sul gossip. Spinalbese, per\u00f2, <strong>riprende i suoi strumenti del mestiere tra le mani e torna a creare acconciature<\/strong>. Magari \u00e8 solo per non perdere la mano o, invece, \u00e8 un investimento nel futuro. Del resto \u00e8 sempre stato un bravo parrucchiere, quindi perch\u00e9 non esserlo nuovamente?<\/p>\n\n\n\n<figure class=\"wp-block-embed is-type-photo is-provider-imgbb wp-block-embed-imgbb\"><div class=\"wp-block-embed__wrapper\">\n<a href=\"https:\/\/ibb.co\/wSvbZb5\"><img decoding=\"async\" src=\"https:\/\/i.ibb.co\/y63MmMH\/spina-2.jpg\" alt=\"spina-2\" width=\"1134\" height=\"1381\" \/><\/a>\n<\/div><figcaption class=\"wp-element-caption\">L\u2019ex<em> \u2018vippone\u2019<\/em> si fa vedere mentre taglia la chioma a un manichino<\/figcaption><\/figure>\n\n\n\n<p>Antonino a Milano fa una vita piuttosto tranquilla, senza stravizi, tutto casa e figlia. A Pasqua parrebbe anche aver appianato i suoi screzi con la showgirl 39enne. E\u2019 possibile che voglia per s\u00e9 un'a vita'esistenza pi\u00f9 stabile e con uno stipendio sicuro a fine mese.<\/p>\n","protected":false},"excerpt":{"rendered":"<p>Lui e Belen Rodriguez, da cui ha avuto Luna Mar\u00ec il 12 luglio 2021, si sono conosciuti proprio grazie a una tinta e a una spuntatina ai capelli. In quel periodo lavorava da Coppola a Milano\u2026 Eppure pareva proprio che Antonino Spinalbese avesse deciso di dare un taglio netto alla sua carriera da hair stylist. [&hellip;]<\/p>\n","protected":false},"author":24,"featured_media":169370,"comment_status":"open","ping_status":"closed","sticky":false,"template":"","format":"standard","meta":{"footnotes":""},"categories":[54],"tags":[63593,76560,76558,63589,73598,70300,2793,67046],"vip":[63469],"class_list":["post-169345","post","type-post","status-publish","format-standard","has-post-thumbnail","hentry","category-news","tag-antoninospinalbese","tag-antoninospinalbesehairstylist","tag-antoninospinalbeseparrucchiere","tag-belenrodriguez","tag-belenrodriguezex","tag-exbelen","tag-gossip","tag-sifb","vip-antonino-spinalbese"],"yoast_head":"<title>Antonino Spinalbese, padre della figlia di Belen, ha ripreso a fare il parrucchiere? Le immagini social con pettine e forbici - Gossip.it | News sul Gossip e VIP<\/title>\n<meta name=\"description\" content=\"Antonino Spinalbese, padre della figlia di Belen, ha ripreso a fare il parrucchiere? Le immagini social con pettine e forbici\" \/>\n<meta name=\"robots\" content=\"index, follow, max-snippet:-1, max-image-preview:large, max-video-preview:-1\" \/>\n<link rel=\"canonical\" href=\"https:\/\/www.gossip.it\/news\/antonino-spinalbese-ripreso-fare-parrucchiere\/\" \/>\n<meta property=\"og:locale\" content=\"it_IT\" \/>\n<meta property=\"og:type\" content=\"article\" \/>\n<meta property=\"og:title\" content=\"Antonino Spinalbese, padre della figlia di Belen, ha ripreso a fare il parrucchiere? Le immagini social con pettine e forbici - Gossip.it | News sul Gossip e VIP\" \/>\n<meta property=\"og:description\" content=\"Antonino Spinalbese, padre della figlia di Belen, ha ripreso a fare il parrucchiere? Le immagini social con pettine e forbici\" \/>\n<meta property=\"og:url\" content=\"https:\/\/www.gossip.it\/news\/antonino-spinalbese-ripreso-fare-parrucchiere\/\" \/>\n<meta property=\"og:site_name\" content=\"Gossip.it | News sul Gossip e VIP\" \/>\n<meta property=\"article:publisher\" content=\"https:\/\/www.facebook.com\/GossipIT\" \/>\n<meta property=\"article:published_time\" content=\"2024-04-03T11:18:34+00:00\" \/>\n<meta property=\"article:modified_time\" content=\"2024-04-04T10:42:47+00:00\" \/>\n<meta property=\"og:image\" content=\"https:\/\/www.gossip.it\/wp-content\/uploads\/2024\/04\/lancio-SPINA-FB.jpg\" \/>\n\t<meta property=\"og:image:width\" content=\"1134\" \/>\n\t<meta property=\"og:image:height\" content=\"642\" \/>\n\t<meta property=\"og:image:type\" content=\"image\/jpeg\" \/>\n<meta name=\"author\" content=\"Carla Giuni\" \/>\n<meta name=\"twitter:card\" content=\"summary_large_image\" \/>\n<meta name=\"twitter:creator\" content=\"@gossinews_it\" \/>\n<meta name=\"twitter:site\" content=\"@gossinews_it\" \/>\n<meta name=\"twitter:label1\" content=\"Scritto da\" \/>\n\t<meta name=\"twitter:data1\" content=\"Carla Giuni\" \/>\n\t<meta name=\"twitter:label2\" content=\"Tempo di lettura stimato\" \/>\n\t<meta name=\"twitter:data2\" content=\"2 minuti\" \/>","yoast_head_json":{"title":"Antonino Spinalbese, padre della figlia di Belen, ha ripreso a fare il parrucchiere? Le immagini social con pettine e forbici - Gossip.it | News sul Gossip e VIP","description":"Antonino Spinalbese, padre della figlia di Belen, ha ripreso a fare il parrucchiere? Le immagini social con pettine e forbici","robots":{"index":"index","follow":"follow","max-snippet":"max-snippet:-1","max-image-preview":"max-image-preview:large","max-video-preview":"max-video-preview:-1"},"canonical":"https:\/\/www.gossip.it\/news\/antonino-spinalbese-ripreso-fare-parrucchiere\/","og_locale":"it_IT","og_type":"article","og_title":"Antonino Spinalbese, padre della figlia di Belen, ha ripreso a fare il parrucchiere? Le immagini social con pettine e forbici - Gossip.it | News sul Gossip e VIP","og_description":"Antonino Spinalbese, padre della figlia di Belen, ha ripreso a fare il parrucchiere? Le immagini social con pettine e forbici","og_url":"https:\/\/www.gossip.it\/news\/antonino-spinalbese-ripreso-fare-parrucchiere\/","og_site_name":"Gossip.it | News sul Gossip e VIP","article_publisher":"https:\/\/www.facebook.com\/GossipIT","article_published_time":"2024-04-03T11:18:34+00:00","article_modified_time":"2024-04-04T10:42:47+00:00","og_image":[{"width":1134,"height":642,"url":"https:\/\/www.gossip.it\/wp-content\/uploads\/2024\/04\/lancio-SPINA-FB.jpg","type":"image\/jpeg"}],"author":"Carla Giuni","twitter_card":"summary_large_image","twitter_creator":"@gossinews_it","twitter_site":"@gossinews_it","twitter_misc":{"Scritto da":"Carla Giuni","Tempo di lettura stimato":"2 minuti"},"schema":{"@context":"https:\/\/schema.org","@graph":[{"@type":"Article","@id":"https:\/\/www.gossip.it\/news\/antonino-spinalbese-ripreso-fare-parrucchiere\/#article","isPartOf":{"@id":"https:\/\/www.gossip.it\/news\/antonino-spinalbese-ripreso-fare-parrucchiere\/"},"author":{"name":"Carla Giuni","@id":"https:\/\/www.gossip.it\/#\/schema\/person\/df4a88c190f338e21427b6f342595faa"},"headline":"Antonino Spinalbese, padre della figlia di Belen, ha ripreso a fare il parrucchiere? Le immagini social con pettine e forbici","datePublished":"2024-04-03T11:18:34+00:00","dateModified":"2024-04-04T10:42:47+00:00","mainEntityOfPage":{"@id":"https:\/\/www.gossip.it\/news\/antonino-spinalbese-ripreso-fare-parrucchiere\/"},"wordCount":397,"commentCount":0,"publisher":{"@id":"https:\/\/www.gossip.it\/#organization"},"image":{"@id":"https:\/\/www.gossip.it\/news\/antonino-spinalbese-ripreso-fare-parrucchiere\/#primaryimage"},"thumbnailUrl":"https:\/\/www.gossip.it\/wp-content\/uploads\/2024\/04\/PP-ANTONINO.jpg","keywords":["antoninospinalbese","antoninospinalbesehairstylist","antoninospinalbeseparrucchiere","belenrodriguez","belenrodriguezex","exbelen","gossip","sifb"],"articleSection":["News"],"inLanguage":"it-IT","potentialAction":[{"@type":"CommentAction","name":"Comment","target":["https:\/\/www.gossip.it\/news\/antonino-spinalbese-ripreso-fare-parrucchiere\/#respond"]}]},{"@type":"WebPage","@id":"https:\/\/www.gossip.it\/news\/antonino-spinalbese-ripreso-fare-parrucchiere\/","url":"https:\/\/www.gossip.it\/news\/antonino-spinalbese-ripreso-fare-parrucchiere\/","name":"Antonino Spinalbese, padre della figlia di Belen, ha ripreso a fare il parrucchiere? Le immagini social con pettine e forbici - Gossip.it | News sul Gossip e VIP","isPartOf":{"@id":"https:\/\/www.gossip.it\/#website"},"primaryImageOfPage":{"@id":"https:\/\/www.gossip.it\/news\/antonino-spinalbese-ripreso-fare-parrucchiere\/#primaryimage"},"image":{"@id":"https:\/\/www.gossip.it\/news\/antonino-spinalbese-ripreso-fare-parrucchiere\/#primaryimage"},"thumbnailUrl":"https:\/\/www.gossip.it\/wp-content\/uploads\/2024\/04\/PP-ANTONINO.jpg","datePublished":"2024-04-03T11:18:34+00:00","dateModified":"2024-04-04T10:42:47+00:00","description":"Antonino Spinalbese, padre della figlia di Belen, ha ripreso a fare il parrucchiere? Le immagini social con pettine e forbici","breadcrumb":{"@id":"https:\/\/www.gossip.it\/news\/antonino-spinalbese-ripreso-fare-parrucchiere\/#breadcrumb"},"inLanguage":"it-IT","potentialAction":[{"@type":"ReadAction","target":["https:\/\/www.gossip.it\/news\/antonino-spinalbese-ripreso-fare-parrucchiere\/"]}]},{"@type":"ImageObject","inLanguage":"it-IT","@id":"https:\/\/www.gossip.it\/news\/antonino-spinalbese-ripreso-fare-parrucchiere\/#primaryimage","url":"https:\/\/www.gossip.it\/wp-content\/uploads\/2024\/04\/PP-ANTONINO.jpg","contentUrl":"https:\/\/www.gossip.it\/wp-content\/uploads\/2024\/04\/PP-ANTONINO.jpg","width":1200,"height":627},{"@type":"BreadcrumbList","@id":"https:\/\/www.gossip.it\/news\/antonino-spinalbese-ripreso-fare-parrucchiere\/#breadcrumb","itemListElement":[{"@type":"ListItem","position":1,"name":"Home","item":"https:\/\/www.gossip.it\/"},{"@type":"ListItem","position":2,"name":"Antonino Spinalbese, padre della figlia di Belen, ha ripreso a fare il parrucchiere? Le immagini social con pettine e forbici"}]},{"@type":"WebSite","@id":"https:\/\/www.gossip.it\/#website","url":"https:\/\/www.gossip.it\/","name":"Gossip and VIP News","description":"Quotidiano di cronaca rosa, costume e societ\u00e0","publisher":{"@id":"https:\/\/www.gossip.it\/#organization"},"alternateName":"Gossip and VIP News","potentialAction":[{"@type":"SearchAction","target":{"@type":"EntryPoint","urlTemplate":"https:\/\/www.gossip.it\/?s={search_term_string}"},"query-input":{"@type":"PropertyValueSpecification","valueRequired":true,"valueName":"search_term_string"}}],"inLanguage":"it-IT"},{"@type":"Organization","@id":"https:\/\/www.gossip.it\/#organization","name":"Gossip and VIP News","alternateName":"Gossip News","url":"https:\/\/www.gossip.it\/","logo":{"@type":"ImageObject","inLanguage":"it-IT","@id":"https:\/\/www.gossip.it\/#\/schema\/logo\/image\/","url":"https:\/\/www.gossip.it\/wp-content\/uploads\/2022\/04\/cropped-corna-alta-tiny.png","contentUrl":"https:\/\/www.gossip.it\/wp-content\/uploads\/2022\/04\/cropped-corna-alta-tiny.png","width":512,"height":512,"caption":"Gossip and VIP News"},"image":{"@id":"https:\/\/www.gossip.it\/#\/schema\/logo\/image\/"},"sameAs":["https:\/\/www.facebook.com\/GossipIT","https:\/\/x.com\/gossinews_it","https:\/\/instagram.com\/gossip_it"]},{"@type":"Person","@id":"https:\/\/www.gossip.it\/#\/schema\/person\/df4a88c190f338e21427b6f342595faa","name":"Carla Giuni","image":{"@type":"ImageObject","inLanguage":"it-IT","@id":"https:\/\/www.gossip.it\/#\/schema\/person\/image\/","url":"https:\/\/secure.gravatar.com\/avatar\/9caf92f895c8e9a7cca263cd6e3860da8edad54c0a92046a7e363cbd3fa35c36?s=96&d=mm&r=g","contentUrl":"https:\/\/secure.gravatar.com\/avatar\/9caf92f895c8e9a7cca263cd6e3860da8edad54c0a92046a7e363cbd3fa35c36?s=96&d=mm&r=g","caption":"Carla Giuni"}}]}},"amp_enabled":true,"_links":{"self":[{"href":"https:\/\/www.gossip.it\/api\/wp\/v2\/posts\/169345","targetHints":{"allow":["GET"]}}],"collection":[{"href":"https:\/\/www.gossip.it\/api\/wp\/v2\/posts"}],"about":[{"href":"https:\/\/www.gossip.it\/api\/wp\/v2\/types\/post"}],"author":[{"embeddable":true,"href":"https:\/\/www.gossip.it\/api\/wp\/v2\/users\/24"}],"replies":[{"embeddable":true,"href":"https:\/\/www.gossip.it\/api\/wp\/v2\/comments?post=169345"}],"version-history":[{"count":1,"href":"https:\/\/www.gossip.it\/api\/wp\/v2\/posts\/169345\/revisions"}],"predecessor-version":[{"id":169404,"href":"https:\/\/www.gossip.it\/api\/wp\/v2\/posts\/169345\/revisions\/169404"}],"wp:featuredmedia":[{"embeddable":true,"href":"https:\/\/www.gossip.it\/api\/wp\/v2\/media\/169370"}],"wp:attachment":[{"href":"https:\/\/www.gossip.it\/api\/wp\/v2\/media?parent=169345"}],"wp:term":[{"taxonomy":"category","embeddable":true,"href":"https:\/\/www.gossip.it\/api\/wp\/v2\/categories?post=169345"},{"taxonomy":"post_tag","embeddable":true,"href":"https:\/\/www.gossip.it\/api\/wp\/v2\/tags?post=169345"},{"taxonomy":"vip","embeddable":true,"href":"https:\/\/www.gossip.it\/api\/wp\/v2\/vip?post=169345"}],"curies":[{"name":"wp","href":"https:\/\/api.w.org\/{rel}","templated":true}]}}