{"id":169440,"date":"2024-04-04T13:17:19","date_gmt":"2024-04-04T11:17:19","guid":{"rendered":"https:\/\/www.gossip.it\/?p=169440"},"modified":"2024-04-04T13:17:24","modified_gmt":"2024-04-04T11:17:24","slug":"immagini-vacanza-maldive-giorgia-palmas-filippo-magnini-sofia-mia","status":"publish","type":"post","link":"https:\/\/www.gossip.it\/foto\/immagini-vacanza-maldive-giorgia-palmas-filippo-magnini-sofia-mia\/","title":{"rendered":"Le immagini della vacanza alle Maldive di Giorgia Palmas e Filippo Magnini con le figlie Sofia e Mia"},"content":{"rendered":"\n<p>Le immagini della vacanza alle Maldive di Giorgia Palmas e Filippo Magnini con le figlie Sofia e Mia...<\/p>\n\n\n<div class=\"lazyblock-gossip-gallery-Z1lv9fy align  wp-block-lazyblock-gossip-gallery\"><div class=\"carousel slide newCarouselGossip\" data-ride=\"carousel\" id=\"photoGalleryCarousel\"><div class=\"carousel-inner owl-carousel\"><div class=\"gallery_image active center \" ><div class=\"gallery_box\"> \n                        <div class=\"gallery_image_inside\"><img decoding=\"async\" width=\"798\" height=\"1024\" src=\"https:\/\/www.gossip.it\/wp-content\/uploads\/2024\/04\/magnini_palmas_3-798x1024.jpg\" class=\"attachment-large size-large\" alt=\"\" srcset=\"https:\/\/www.gossip.it\/wp-content\/uploads\/2024\/04\/magnini_palmas_3-798x1024.jpg 798w, https:\/\/www.gossip.it\/wp-content\/uploads\/2024\/04\/magnini_palmas_3-234x300.jpg 234w, https:\/\/www.gossip.it\/wp-content\/uploads\/2024\/04\/magnini_palmas_3-768x986.jpg 768w, https:\/\/www.gossip.it\/wp-content\/uploads\/2024\/04\/magnini_palmas_3-750x963.jpg 750w, https:\/\/www.gossip.it\/wp-content\/uploads\/2024\/04\/magnini_palmas_3.jpg 1134w\" sizes=\"(max-width: 798px) 100vw, 798px\" \/><div class=\"gallery_caption\"> <b>1. Giorgia e Flippo alle Maldive<\/b><br>La coppia per le vacanze di Pasqua ha scelto una vacanza alle Maldive insieme alla figlia Mia, tre anni, e a Sofia, 16 a luglio, la primogenita avuta dalla showgirl dalla precedente relazione con il calciatore Davide Bombardini.<\/div>\n                        <\/div>\n                     <\/div><\/div><div class=\"gallery_image active center \" ><div class=\"gallery_box\"> \n                        <div class=\"gallery_image_inside\"><img decoding=\"async\" width=\"884\" height=\"1024\" src=\"https:\/\/www.gossip.it\/wp-content\/uploads\/2024\/04\/magnini_palmas_8-884x1024.jpg\" class=\"attachment-large size-large\" alt=\"\" srcset=\"https:\/\/www.gossip.it\/wp-content\/uploads\/2024\/04\/magnini_palmas_8-884x1024.jpg 884w, https:\/\/www.gossip.it\/wp-content\/uploads\/2024\/04\/magnini_palmas_8-259x300.jpg 259w, https:\/\/www.gossip.it\/wp-content\/uploads\/2024\/04\/magnini_palmas_8-768x890.jpg 768w, https:\/\/www.gossip.it\/wp-content\/uploads\/2024\/04\/magnini_palmas_8-750x869.jpg 750w, https:\/\/www.gossip.it\/wp-content\/uploads\/2024\/04\/magnini_palmas_8.jpg 1134w\" sizes=\"(max-width: 884px) 100vw, 884px\" \/><div class=\"gallery_caption\"><b>2. Le acqua cristalline<\/b><br>L\u2019ex nuotatore \u00e8 al settimo cielo, alle Maldive si sente a suo agio.<\/div>\n                        <\/div>\n                     <\/div><\/div><div class=\"gallery_image active center \" ><div class=\"gallery_box\"> \n                        <div class=\"gallery_image_inside\"><img decoding=\"async\" width=\"819\" height=\"1024\" src=\"https:\/\/www.gossip.it\/wp-content\/uploads\/2024\/04\/magnini_palmas_5-819x1024.jpg\" class=\"attachment-large size-large\" alt=\"\" srcset=\"https:\/\/www.gossip.it\/wp-content\/uploads\/2024\/04\/magnini_palmas_5-819x1024.jpg 819w, https:\/\/www.gossip.it\/wp-content\/uploads\/2024\/04\/magnini_palmas_5-240x300.jpg 240w, https:\/\/www.gossip.it\/wp-content\/uploads\/2024\/04\/magnini_palmas_5-768x960.jpg 768w, https:\/\/www.gossip.it\/wp-content\/uploads\/2024\/04\/magnini_palmas_5-750x938.jpg 750w, https:\/\/www.gossip.it\/wp-content\/uploads\/2024\/04\/magnini_palmas_5.jpg 1134w\" sizes=\"(max-width: 819px) 100vw, 819px\" \/><div class=\"gallery_caption\"><b>3.Una sirena <\/b><br>Giorgia sfoggia il bikini e si fa riprendere sdraiata sulla spiaggia. L\u2019ex velina \u00e8 il ritratto della felicit\u00e0.<\/div>\n                        <\/div>\n                     <\/div><\/div><div class=\"gallery_image\"><div class=\"banner\"><!-- Banner #369 - START --><div class=\"gmp-repeat_pl banner\" style=\"display:block;min-height: 250px;\"><\/div><!-- Banner #369 - END --><\/div><\/div><div class=\"gallery_image active center \" ><div class=\"gallery_box\"> \n                        <div class=\"gallery_image_inside\"><img decoding=\"async\" width=\"841\" height=\"1024\" src=\"https:\/\/www.gossip.it\/wp-content\/uploads\/2024\/04\/magnini_palmas_4-841x1024.jpg\" class=\"attachment-large size-large\" alt=\"\" srcset=\"https:\/\/www.gossip.it\/wp-content\/uploads\/2024\/04\/magnini_palmas_4-841x1024.jpg 841w, https:\/\/www.gossip.it\/wp-content\/uploads\/2024\/04\/magnini_palmas_4-246x300.jpg 246w, https:\/\/www.gossip.it\/wp-content\/uploads\/2024\/04\/magnini_palmas_4-768x935.jpg 768w, https:\/\/www.gossip.it\/wp-content\/uploads\/2024\/04\/magnini_palmas_4-750x913.jpg 750w, https:\/\/www.gossip.it\/wp-content\/uploads\/2024\/04\/magnini_palmas_4.jpg 1134w\" sizes=\"(max-width: 841px) 100vw, 841px\" \/><div class=\"gallery_caption\"><b>4. Con le figlie<\/b><br>La Palmas \u00e8 felice di essere partita con le figlie, la primogenita di quasi 16 anni e la piccola Mia di 3.<\/div>\n                        <\/div>\n                     <\/div><\/div><div class=\"gallery_image active center \" ><div class=\"gallery_box\"> \n                        <div class=\"gallery_image_inside\"><img decoding=\"async\" width=\"784\" height=\"1024\" src=\"https:\/\/www.gossip.it\/wp-content\/uploads\/2024\/04\/magnini_palmas_2-784x1024.jpg\" class=\"attachment-large size-large\" alt=\"\" srcset=\"https:\/\/www.gossip.it\/wp-content\/uploads\/2024\/04\/magnini_palmas_2-784x1024.jpg 784w, https:\/\/www.gossip.it\/wp-content\/uploads\/2024\/04\/magnini_palmas_2-230x300.jpg 230w, https:\/\/www.gossip.it\/wp-content\/uploads\/2024\/04\/magnini_palmas_2-768x1003.jpg 768w, https:\/\/www.gossip.it\/wp-content\/uploads\/2024\/04\/magnini_palmas_2-750x979.jpg 750w, https:\/\/www.gossip.it\/wp-content\/uploads\/2024\/04\/magnini_palmas_2.jpg 1134w\" sizes=\"(max-width: 784px) 100vw, 784px\" \/><div class=\"gallery_caption\"><b>5. Mamma Giorgia<\/b><br>L\u2019ex velina si \u00e8 divertita a giocare in acqua con la sua piccolina.<\/div>\n                        <\/div>\n                     <\/div><\/div><div class=\"gallery_image active center \" ><div class=\"gallery_box\"> \n                        <div class=\"gallery_image_inside\"><img decoding=\"async\" width=\"819\" height=\"1024\" src=\"https:\/\/www.gossip.it\/wp-content\/uploads\/2024\/04\/magnini_palmas_7-819x1024.jpg\" class=\"attachment-large size-large\" alt=\"\" srcset=\"https:\/\/www.gossip.it\/wp-content\/uploads\/2024\/04\/magnini_palmas_7-819x1024.jpg 819w, https:\/\/www.gossip.it\/wp-content\/uploads\/2024\/04\/magnini_palmas_7-240x300.jpg 240w, https:\/\/www.gossip.it\/wp-content\/uploads\/2024\/04\/magnini_palmas_7-768x960.jpg 768w, https:\/\/www.gossip.it\/wp-content\/uploads\/2024\/04\/magnini_palmas_7-750x938.jpg 750w, https:\/\/www.gossip.it\/wp-content\/uploads\/2024\/04\/magnini_palmas_7.jpg 1134w\" sizes=\"(max-width: 819px) 100vw, 819px\" \/><div class=\"gallery_caption\"><b>6. <\/b><br>\"Diamo un bel 10 a quest'isola magica perch\u00e9 qui nulla \u00e8 lasciato al caso: il reef \u00e8 stupendo, abbiamo visto mante, squali, mille pesci e una tartaruga che ha nuotato con noi. E poi tramonti meravigliosi... Abbiamo mangiato sempre bene e tutti sono stati molto cortesi, grazie\". Questo il commento dell\u2019ex velina, sulla sua vacanza alle Maldive.<\/div>\n                        <\/div>\n                     <\/div><\/div><div class=\"gallery_image\"><div class=\"banner\"><!-- Banner #369 - START --><div class=\"gmp-repeat_pl banner\" style=\"display:block;min-height: 250px;\"><\/div><!-- Banner #369 - END --><\/div><\/div><div class=\"gallery_image active center \" ><div class=\"gallery_box\"> \n                        <div class=\"gallery_image_inside\"><img decoding=\"async\" width=\"979\" height=\"1024\" src=\"https:\/\/www.gossip.it\/wp-content\/uploads\/2024\/04\/magnini_palmas_6-979x1024.jpg\" class=\"attachment-large size-large\" alt=\"\" srcset=\"https:\/\/www.gossip.it\/wp-content\/uploads\/2024\/04\/magnini_palmas_6-979x1024.jpg 979w, https:\/\/www.gossip.it\/wp-content\/uploads\/2024\/04\/magnini_palmas_6-287x300.jpg 287w, https:\/\/www.gossip.it\/wp-content\/uploads\/2024\/04\/magnini_palmas_6-768x803.jpg 768w, https:\/\/www.gossip.it\/wp-content\/uploads\/2024\/04\/magnini_palmas_6-750x784.jpg 750w, https:\/\/www.gossip.it\/wp-content\/uploads\/2024\/04\/magnini_palmas_6.jpg 1134w\" sizes=\"(max-width: 979px) 100vw, 979px\" \/><div class=\"gallery_caption\"><b>7. La moto d\u2019acqua<\/b><br>Anche Filippo non si \u00e8 risparmiato tra tuffi e moto d\u2019acqua.<\/div>\n                        <\/div>\n                     <\/div><\/div><div class=\"gallery_image active center \" ><div class=\"gallery_box\"> \n                        <div class=\"gallery_image_inside\"><img decoding=\"async\" width=\"824\" height=\"1024\" src=\"https:\/\/www.gossip.it\/wp-content\/uploads\/2024\/04\/magnini_palmas_1-824x1024.jpg\" class=\"attachment-large size-large\" alt=\"\" srcset=\"https:\/\/www.gossip.it\/wp-content\/uploads\/2024\/04\/magnini_palmas_1-824x1024.jpg 824w, https:\/\/www.gossip.it\/wp-content\/uploads\/2024\/04\/magnini_palmas_1-241x300.jpg 241w, https:\/\/www.gossip.it\/wp-content\/uploads\/2024\/04\/magnini_palmas_1-768x955.jpg 768w, https:\/\/www.gossip.it\/wp-content\/uploads\/2024\/04\/magnini_palmas_1-750x933.jpg 750w, https:\/\/www.gossip.it\/wp-content\/uploads\/2024\/04\/magnini_palmas_1.jpg 1134w\" sizes=\"(max-width: 824px) 100vw, 824px\" \/><div class=\"gallery_caption\"><b>8. L\u2019autoscatto<\/b><br>\"Tipica foto nostra di famiglia, noi che proviamo a farci un unico scatto con l'autoscatto e le nostre ragazze sullo sfondo\", ha scritto l'ex nuotatore a corredo della foto di un bacio con Giorgia Palmas e le figlie all\u2019orizzonte.<\/div>\n                        <\/div>\n                     <\/div><\/div><\/div><div class=\"controls\"> <\/div><\/div><\/div>","protected":false},"excerpt":{"rendered":"<p>Le immagini della vacanza alle Maldive di Giorgia Palmas e Filippo Magnini con le figlie Sofia e Mia...<\/p>\n","protected":false},"author":14,"featured_media":169442,"comment_status":"open","ping_status":"closed","sticky":false,"template":"","format":"gallery","meta":{"footnotes":""},"categories":[63169],"tags":[5300,64385,64382,9215,6985,71498,71499],"vip":[751,866],"class_list":["post-169440","post","type-post","status-publish","format-gallery","has-post-thumbnail","hentry","category-foto","tag-figlie","tag-filippomagnini","tag-giorgiapalmas","tag-maldive","tag-mia","tag-miamagnini","tag-sofiabombardini","post_format-post-format-gallery","vip-filippo_magnini","vip-giorgia_palmas"],"yoast_head":"<title>Le immagini della vacanza alle Maldive di Giorgia Palmas e Filippo Magnini con le figlie Sofia e Mia - Gossip.it | News sul Gossip e VIP<\/title>\n<meta name=\"description\" content=\"Le immagini della vacanza alle Maldive di Giorgia Palmas e Filippo Magnini con le figlie Sofia e Mia durante le...\" \/>\n<meta name=\"robots\" content=\"index, follow, max-snippet:-1, max-image-preview:large, max-video-preview:-1\" \/>\n<link rel=\"canonical\" href=\"https:\/\/www.gossip.it\/foto\/immagini-vacanza-maldive-giorgia-palmas-filippo-magnini-sofia-mia\/\" \/>\n<meta property=\"og:locale\" content=\"it_IT\" \/>\n<meta property=\"og:type\" content=\"article\" \/>\n<meta property=\"og:title\" content=\"Le immagini della vacanza alle Maldive di Giorgia Palmas e Filippo Magnini con le figlie Sofia e Mia - Gossip.it | News sul Gossip e VIP\" \/>\n<meta property=\"og:description\" content=\"Le immagini della vacanza alle Maldive di Giorgia Palmas e Filippo Magnini con le figlie Sofia e Mia durante le...\" \/>\n<meta property=\"og:url\" content=\"https:\/\/www.gossip.it\/foto\/immagini-vacanza-maldive-giorgia-palmas-filippo-magnini-sofia-mia\/\" \/>\n<meta property=\"og:site_name\" content=\"Gossip.it | News sul Gossip e VIP\" \/>\n<meta property=\"article:publisher\" content=\"https:\/\/www.facebook.com\/GossipIT\" \/>\n<meta property=\"article:published_time\" content=\"2024-04-04T11:17:19+00:00\" \/>\n<meta property=\"article:modified_time\" content=\"2024-04-04T11:17:24+00:00\" \/>\n<meta property=\"og:image\" content=\"https:\/\/www.gossip.it\/wp-content\/uploads\/2024\/04\/lancio-GALLERY-FB-4.jpg\" \/>\n\t<meta property=\"og:image:width\" content=\"1134\" \/>\n\t<meta property=\"og:image:height\" content=\"659\" \/>\n\t<meta property=\"og:image:type\" content=\"image\/jpeg\" \/>\n<meta name=\"author\" content=\"Veronica Langella\" \/>\n<meta name=\"twitter:card\" content=\"summary_large_image\" \/>\n<meta name=\"twitter:creator\" content=\"@gossinews_it\" \/>\n<meta name=\"twitter:site\" content=\"@gossinews_it\" \/>\n<meta name=\"twitter:label1\" content=\"Scritto da\" \/>\n\t<meta name=\"twitter:data1\" content=\"Veronica Langella\" \/>\n\t<meta name=\"twitter:label2\" content=\"Tempo di lettura stimato\" \/>\n\t<meta name=\"twitter:data2\" content=\"1 minuto\" \/>","yoast_head_json":{"title":"Le immagini della vacanza alle Maldive di Giorgia Palmas e Filippo Magnini con le figlie Sofia e Mia - Gossip.it | News sul Gossip e VIP","description":"Le immagini della vacanza alle Maldive di Giorgia Palmas e Filippo Magnini con le figlie Sofia e Mia durante le...","robots":{"index":"index","follow":"follow","max-snippet":"max-snippet:-1","max-image-preview":"max-image-preview:large","max-video-preview":"max-video-preview:-1"},"canonical":"https:\/\/www.gossip.it\/foto\/immagini-vacanza-maldive-giorgia-palmas-filippo-magnini-sofia-mia\/","og_locale":"it_IT","og_type":"article","og_title":"Le immagini della vacanza alle Maldive di Giorgia Palmas e Filippo Magnini con le figlie Sofia e Mia - Gossip.it | News sul Gossip e VIP","og_description":"Le immagini della vacanza alle Maldive di Giorgia Palmas e Filippo Magnini con le figlie Sofia e Mia durante le...","og_url":"https:\/\/www.gossip.it\/foto\/immagini-vacanza-maldive-giorgia-palmas-filippo-magnini-sofia-mia\/","og_site_name":"Gossip.it | News sul Gossip e VIP","article_publisher":"https:\/\/www.facebook.com\/GossipIT","article_published_time":"2024-04-04T11:17:19+00:00","article_modified_time":"2024-04-04T11:17:24+00:00","og_image":[{"width":1134,"height":659,"url":"https:\/\/www.gossip.it\/wp-content\/uploads\/2024\/04\/lancio-GALLERY-FB-4.jpg","type":"image\/jpeg"}],"author":"Veronica Langella","twitter_card":"summary_large_image","twitter_creator":"@gossinews_it","twitter_site":"@gossinews_it","twitter_misc":{"Scritto da":"Veronica Langella","Tempo di lettura stimato":"1 minuto"},"schema":{"@context":"https:\/\/schema.org","@graph":[{"@type":"Article","@id":"https:\/\/www.gossip.it\/foto\/immagini-vacanza-maldive-giorgia-palmas-filippo-magnini-sofia-mia\/#article","isPartOf":{"@id":"https:\/\/www.gossip.it\/foto\/immagini-vacanza-maldive-giorgia-palmas-filippo-magnini-sofia-mia\/"},"author":{"name":"Veronica Langella","@id":"https:\/\/www.gossip.it\/#\/schema\/person\/19e94c9df6df0cf45ae8d7881fbf4a73"},"headline":"Le immagini della vacanza alle Maldive di Giorgia Palmas e Filippo Magnini con le figlie Sofia e Mia","datePublished":"2024-04-04T11:17:19+00:00","dateModified":"2024-04-04T11:17:24+00:00","mainEntityOfPage":{"@id":"https:\/\/www.gossip.it\/foto\/immagini-vacanza-maldive-giorgia-palmas-filippo-magnini-sofia-mia\/"},"wordCount":36,"commentCount":0,"publisher":{"@id":"https:\/\/www.gossip.it\/#organization"},"image":{"@id":"https:\/\/www.gossip.it\/foto\/immagini-vacanza-maldive-giorgia-palmas-filippo-magnini-sofia-mia\/#primaryimage"},"thumbnailUrl":"https:\/\/www.gossip.it\/wp-content\/uploads\/2024\/04\/lancio-GALLERY-5.jpg","keywords":["figlie","filippomagnini","giorgiapalmas","maldive","mia","miamagnini","sofiabombardini"],"articleSection":["Foto"],"inLanguage":"it-IT","potentialAction":[{"@type":"CommentAction","name":"Comment","target":["https:\/\/www.gossip.it\/foto\/immagini-vacanza-maldive-giorgia-palmas-filippo-magnini-sofia-mia\/#respond"]}]},{"@type":"WebPage","@id":"https:\/\/www.gossip.it\/foto\/immagini-vacanza-maldive-giorgia-palmas-filippo-magnini-sofia-mia\/","url":"https:\/\/www.gossip.it\/foto\/immagini-vacanza-maldive-giorgia-palmas-filippo-magnini-sofia-mia\/","name":"Le immagini della vacanza alle Maldive di Giorgia Palmas e Filippo Magnini con le figlie Sofia e Mia - Gossip.it | News sul Gossip e VIP","isPartOf":{"@id":"https:\/\/www.gossip.it\/#website"},"primaryImageOfPage":{"@id":"https:\/\/www.gossip.it\/foto\/immagini-vacanza-maldive-giorgia-palmas-filippo-magnini-sofia-mia\/#primaryimage"},"image":{"@id":"https:\/\/www.gossip.it\/foto\/immagini-vacanza-maldive-giorgia-palmas-filippo-magnini-sofia-mia\/#primaryimage"},"thumbnailUrl":"https:\/\/www.gossip.it\/wp-content\/uploads\/2024\/04\/lancio-GALLERY-5.jpg","datePublished":"2024-04-04T11:17:19+00:00","dateModified":"2024-04-04T11:17:24+00:00","description":"Le immagini della vacanza alle Maldive di Giorgia Palmas e Filippo Magnini con le figlie Sofia e Mia durante le...","breadcrumb":{"@id":"https:\/\/www.gossip.it\/foto\/immagini-vacanza-maldive-giorgia-palmas-filippo-magnini-sofia-mia\/#breadcrumb"},"inLanguage":"it-IT","potentialAction":[{"@type":"ReadAction","target":["https:\/\/www.gossip.it\/foto\/immagini-vacanza-maldive-giorgia-palmas-filippo-magnini-sofia-mia\/"]}]},{"@type":"ImageObject","inLanguage":"it-IT","@id":"https:\/\/www.gossip.it\/foto\/immagini-vacanza-maldive-giorgia-palmas-filippo-magnini-sofia-mia\/#primaryimage","url":"https:\/\/www.gossip.it\/wp-content\/uploads\/2024\/04\/lancio-GALLERY-5.jpg","contentUrl":"https:\/\/www.gossip.it\/wp-content\/uploads\/2024\/04\/lancio-GALLERY-5.jpg","width":1134,"height":808},{"@type":"BreadcrumbList","@id":"https:\/\/www.gossip.it\/foto\/immagini-vacanza-maldive-giorgia-palmas-filippo-magnini-sofia-mia\/#breadcrumb","itemListElement":[{"@type":"ListItem","position":1,"name":"Home","item":"https:\/\/www.gossip.it\/"},{"@type":"ListItem","position":2,"name":"Le immagini della vacanza alle Maldive di Giorgia Palmas e Filippo Magnini con le figlie Sofia e Mia"}]},{"@type":"WebSite","@id":"https:\/\/www.gossip.it\/#website","url":"https:\/\/www.gossip.it\/","name":"Gossip and VIP News","description":"Quotidiano di cronaca rosa, costume e societ\u00e0","publisher":{"@id":"https:\/\/www.gossip.it\/#organization"},"alternateName":"Gossip and VIP News","potentialAction":[{"@type":"SearchAction","target":{"@type":"EntryPoint","urlTemplate":"https:\/\/www.gossip.it\/?s={search_term_string}"},"query-input":{"@type":"PropertyValueSpecification","valueRequired":true,"valueName":"search_term_string"}}],"inLanguage":"it-IT"},{"@type":"Organization","@id":"https:\/\/www.gossip.it\/#organization","name":"Gossip and VIP News","alternateName":"Gossip News","url":"https:\/\/www.gossip.it\/","logo":{"@type":"ImageObject","inLanguage":"it-IT","@id":"https:\/\/www.gossip.it\/#\/schema\/logo\/image\/","url":"https:\/\/www.gossip.it\/wp-content\/uploads\/2022\/04\/cropped-corna-alta-tiny.png","contentUrl":"https:\/\/www.gossip.it\/wp-content\/uploads\/2022\/04\/cropped-corna-alta-tiny.png","width":512,"height":512,"caption":"Gossip and VIP News"},"image":{"@id":"https:\/\/www.gossip.it\/#\/schema\/logo\/image\/"},"sameAs":["https:\/\/www.facebook.com\/GossipIT","https:\/\/x.com\/gossinews_it","https:\/\/instagram.com\/gossip_it"]},{"@type":"Person","@id":"https:\/\/www.gossip.it\/#\/schema\/person\/19e94c9df6df0cf45ae8d7881fbf4a73","name":"Veronica Langella","image":{"@type":"ImageObject","inLanguage":"it-IT","@id":"https:\/\/www.gossip.it\/#\/schema\/person\/image\/","url":"https:\/\/secure.gravatar.com\/avatar\/81bb1822732cf2c4d48c8984dfd9a028436d12e0918afe1ff6d842f13193b173?s=96&d=mm&r=g","contentUrl":"https:\/\/secure.gravatar.com\/avatar\/81bb1822732cf2c4d48c8984dfd9a028436d12e0918afe1ff6d842f13193b173?s=96&d=mm&r=g","caption":"Veronica Langella"}}]}},"amp_enabled":false,"_links":{"self":[{"href":"https:\/\/www.gossip.it\/api\/wp\/v2\/posts\/169440","targetHints":{"allow":["GET"]}}],"collection":[{"href":"https:\/\/www.gossip.it\/api\/wp\/v2\/posts"}],"about":[{"href":"https:\/\/www.gossip.it\/api\/wp\/v2\/types\/post"}],"author":[{"embeddable":true,"href":"https:\/\/www.gossip.it\/api\/wp\/v2\/users\/14"}],"replies":[{"embeddable":true,"href":"https:\/\/www.gossip.it\/api\/wp\/v2\/comments?post=169440"}],"version-history":[{"count":1,"href":"https:\/\/www.gossip.it\/api\/wp\/v2\/posts\/169440\/revisions"}],"predecessor-version":[{"id":169452,"href":"https:\/\/www.gossip.it\/api\/wp\/v2\/posts\/169440\/revisions\/169452"}],"wp:featuredmedia":[{"embeddable":true,"href":"https:\/\/www.gossip.it\/api\/wp\/v2\/media\/169442"}],"wp:attachment":[{"href":"https:\/\/www.gossip.it\/api\/wp\/v2\/media?parent=169440"}],"wp:term":[{"taxonomy":"category","embeddable":true,"href":"https:\/\/www.gossip.it\/api\/wp\/v2\/categories?post=169440"},{"taxonomy":"post_tag","embeddable":true,"href":"https:\/\/www.gossip.it\/api\/wp\/v2\/tags?post=169440"},{"taxonomy":"vip","embeddable":true,"href":"https:\/\/www.gossip.it\/api\/wp\/v2\/vip?post=169440"}],"curies":[{"name":"wp","href":"https:\/\/api.w.org\/{rel}","templated":true}]}}