{"id":169719,"date":"2024-04-08T15:26:35","date_gmt":"2024-04-08T13:26:35","guid":{"rendered":"https:\/\/www.gossip.it\/?p=169719"},"modified":"2024-04-09T11:19:32","modified_gmt":"2024-04-09T09:19:32","slug":"anche-paolo-inizia-a-crederci-sonia-bruganelli-in-tv-rivela-cosa-pensa-lex-marito-bonolis-della-sua-carriera-da-opinionista","status":"publish","type":"post","link":"https:\/\/www.gossip.it\/news\/anche-paolo-inizia-a-crederci-sonia-bruganelli-in-tv-rivela-cosa-pensa-lex-marito-bonolis-della-sua-carriera-da-opinionista\/","title":{"rendered":"''Anche Paolo inizia a crederci'': Sonia Bruganelli in tv rivela cosa pensa l'ex marito Bonolis della sua carriera da opinionista"},"content":{"rendered":"\n<ul class=\"wp-block-list\">\n<li>Stasera si accomoder\u00e0 in studio nel ruolo vestito anche al <em>GF<\/em> per il debutto della nuova<em> Isola dei Famosi<\/em><\/li>\n\n\n\n<li>Oggi, luned\u00ec 8 aprile, prende il via il reality: Vladimir Luxuria alla conduzione. Con la 50enne pure Dario Maltese<\/li>\n<\/ul>\n\n\n\n<p><a href=\"http:\/\/www.gossip.it\/vip\/sonia-bruganelli\">Sonia Bruganelli<\/a> ci ha preso gusto e decide di tornare a vestire il ruolo che era suo al <em>Grande Fratello<\/em>. Le piace e si diverte. Inoltre, cosa importantissima, piace a chi da casa guarda e commenta. <strong>In tv, a <em>Verissimo<\/em>, rivela cosa pensa l\u2019ex marito Bonolis della sua carriera da opinionista<\/strong>.<\/p>\n\n\n\n<figure class=\"wp-block-image size-large\"><img decoding=\"async\" width=\"1024\" height=\"576\" src=\"https:\/\/www.gossip.it\/wp-content\/uploads\/2024\/04\/bruga_1-1024x576.jpg\" alt=\"\" class=\"wp-image-169720\" srcset=\"https:\/\/www.gossip.it\/wp-content\/uploads\/2024\/04\/bruga_1-1024x576.jpg 1024w, https:\/\/www.gossip.it\/wp-content\/uploads\/2024\/04\/bruga_1-300x169.jpg 300w, https:\/\/www.gossip.it\/wp-content\/uploads\/2024\/04\/bruga_1-768x432.jpg 768w, https:\/\/www.gossip.it\/wp-content\/uploads\/2024\/04\/bruga_1-750x422.jpg 750w, https:\/\/www.gossip.it\/wp-content\/uploads\/2024\/04\/bruga_1-730x410.jpg 730w, https:\/\/www.gossip.it\/wp-content\/uploads\/2024\/04\/bruga_1.jpg 1134w\" sizes=\"(max-width: 1024px) 100vw, 1024px\" \/><figcaption class=\"wp-element-caption\">''Anche Paolo inizia a crederci'': Sonia Bruganelli in tv rivela cosa pensa l'ex marito Bonolis della sua carriera da opinionista<\/figcaption><\/figure>\n\n\n\n<p>La produttrice 50enne \u00e8 seduta accanto alla nuova conduttrice del reality, stasera, luned\u00ec 8 aprile, al via. <a href=\"http:\/\/www.gossip.it\/vip\/vladimir-luxuria\">Vladimir Luxuria<\/a> \u00e8 stata promossa, chiss\u00e0 non succeda pure a lei, da opinionista a presentatrice dello show, proprio come era gi\u00e0 accaduto ad <a href=\"http:\/\/www.gossip.it\/vip\/alfonso-signorini\">Alfonso Signorini<\/a> al <em>Big Brother<\/em> (l\u2019ex timoniera <a href=\"http:\/\/www.gossip.it\/vip\/ilary-blasi\">Ilary Blasi<\/a>, evidentemente porta bene a chi l\u2019affianca). C\u2019\u00e8 pure l\u2019altro opinionista dell\u2019Isola, <strong>il giornalista del Tg5 Dario Maltese<\/strong>, anche lui al debutto in queste vesti. Sonia \u00e8 entusiasta.<\/p>\n\n\n\n<p>La Bruganelli sorride e appare molto sicura di s\u00e9. <em>\u201c<strong>Il Grande Fratello 3 anni fa per me \u00e8 stata una sorpresa<\/strong>, un\u2019opportunit\u00e0 figlia del fatto che quel programma a me piaceva tanto. Del resto l\u2019ho sempre detto che mi sono laureata con una tesi sul GF<\/em>\u201d, esordisce.\u00a0<\/p>\n\n\n\n<figure class=\"wp-block-image size-large\"><img decoding=\"async\" width=\"1024\" height=\"544\" src=\"https:\/\/www.gossip.it\/wp-content\/uploads\/2024\/04\/bruga_2-1024x544.jpg\" alt=\"\" class=\"wp-image-169721\" srcset=\"https:\/\/www.gossip.it\/wp-content\/uploads\/2024\/04\/bruga_2-1024x544.jpg 1024w, https:\/\/www.gossip.it\/wp-content\/uploads\/2024\/04\/bruga_2-300x159.jpg 300w, https:\/\/www.gossip.it\/wp-content\/uploads\/2024\/04\/bruga_2-768x408.jpg 768w, https:\/\/www.gossip.it\/wp-content\/uploads\/2024\/04\/bruga_2-750x398.jpg 750w, https:\/\/www.gossip.it\/wp-content\/uploads\/2024\/04\/bruga_2.jpg 1134w\" sizes=\"(max-width: 1024px) 100vw, 1024px\" \/><figcaption class=\"wp-element-caption\">Stasera si accomoder\u00e0 in studio nel ruolo vestito anche al <em>GF<\/em> per il debutto della nuova<em> Isola dei Famosi<\/em>. Oggi, luned\u00ec 8 aprile, prende il via il reality: Vladimir Luxuria alla conduzione. Con la 50enne pure Dario Maltese<\/figcaption><\/figure>\n\n\n\n<p><em>\u201c<strong>L\u2019Isola \u00e8 un ulteriore opportunit\u00e0 perch\u00e9 \u00e8 totalmente diversa dal Grande Fratello ed \u00e8 una sfida<\/strong><\/em> - continua Sonia - <em>Quest\u2019anno, abbiamo visto il cast, diciamo che <strong>ho piacere di esserci<\/strong>, ecco\u201d<\/em>. Immancabile arriva la domanda su cosa ne pensi Bonolis sulla nuova esperienza televisiva dell\u2019ex moglie, con cui \u00e8 in ottimi rapporti e continua a lavorare con la loro societ\u00e0 di produzione, Sdl 2005. <em>\u201cPaolo? <strong>Devo dire che mi ha supportato molt<\/strong>o - rivela -\u00a0 Le prime edizioni del GFf lui era stato molto\u2026 Tipo: \u2018Ma \u2018ndo vai\u2019, eccetera. Invece c<strong>omincia a crederci anche lui. E\u2019 un bel segno<\/strong>\u201d.<\/em><\/p>\n\n\n\n<p>L'Isola avr\u00e0 molte novit\u00e0. L\u2019inviata in Honduras \u00e8\u00a0<a href=\"https:\/\/www.gossip.it\/vip\/elenoire-casalegno\">Elenoire Casalegno<\/a>. Il cast \u00e8 molto variegato. Ci saranno:\u00a0<a href=\"https:\/\/www.gossip.it\/vip\/selen\">Selen<\/a>, Lucia Caponegro, 57 anni, ex diva del porno, Edoardo Franco, 28 anni, vincitore di\u00a0<em>Masterchef<\/em>\u00a0nel 2022, Aras Senol, 30 anni, stella della soap\u00a0<em>Terra Amara<\/em>. E ancora: Francesca Bergesio, 19 anni,\u00a0<em>Miss Italia 202<\/em>3,\u00a0<a href=\"https:\/\/www.gossip.it\/vip\/samuel-peron\">Samuel Peron<\/a>, 41 anni, volto di\u00a0<em>Ballando con le stelle<\/em>,\u00a0<a href=\"https:\/\/www.gossip.it\/vip\/matilde-brandi\">Matilde Brandi<\/a>, 55 anni, showgirl.<\/p>\n\n\n\n<p>Tra i naufraghi anche: Artur Dainese, 33 anni, modello,\u00a0<a href=\"https:\/\/www.gossip.it\/vip\/joe-bastianicj\">Joe Bastianich<\/a>, 55 anni, Maite Yanes, 34 anni, modella, Valentina Vezzali, 50 anni, schermitrice,\u00a0<a href=\"https:\/\/www.gossip.it\/vip\/marina-suma\">Marina Suma<\/a>, 64 anni, attrice, Greta Zuccarello 28 anni, ballerina,\u00a0<a href=\"https:\/\/www.gossip.it\/vip\/edoardo-stoppa\">Edoardo Stoppa<\/a>, 54 anni, ex inviato di\u00a0<em>Striscia la Notizia<\/em>.<\/p>\n","protected":false},"excerpt":{"rendered":"<p>Sonia Bruganelli ci ha preso gusto e decide di tornare a...<\/p>\n","protected":false},"author":24,"featured_media":169734,"comment_status":"open","ping_status":"closed","sticky":false,"template":"","format":"standard","meta":{"footnotes":""},"categories":[54],"tags":[2697,76299,2793,2199,63498,73824,2291,63721,73629,67046,76677,63720,76676,2097,2208,63562],"vip":[1716],"class_list":["post-169719","post","type-post","status-publish","format-standard","has-post-thumbnail","hentry","category-news","tag-canale5","tag-dariomaltese","tag-gossip","tag-isola","tag-isoladeifamosi","tag-isoladeifamosi2024","tag-mediaset","tag-paolobonolis","tag-paolobonolisexmoglie","tag-sifb","tag-soniabriganelliexmarito","tag-soniabruganelli","tag-soniabruganelliopinionista","tag-tv","tag-verissimo","tag-vladimirluxuria","vip-sonia_bruganelli"],"yoast_head":"<title>&#039;&#039;Anche Paolo inizia a crederci&#039;&#039;: Sonia Bruganelli in tv rivela cosa pensa l&#039;ex marito Bonolis della sua carriera da opinionista - Gossip.it | News sul Gossip e VIP<\/title>\n<meta name=\"description\" content=\"&#039;&#039;Anche Paolo inizia a crederci&#039;&#039;: Sonia Bruganelli in tv rivela cosa pensa l&#039;ex marito Bonolis della sua carriera da opinionista\" \/>\n<meta name=\"robots\" content=\"index, follow, max-snippet:-1, max-image-preview:large, max-video-preview:-1\" \/>\n<link rel=\"canonical\" href=\"https:\/\/www.gossip.it\/news\/anche-paolo-inizia-a-crederci-sonia-bruganelli-in-tv-rivela-cosa-pensa-lex-marito-bonolis-della-sua-carriera-da-opinionista\/\" \/>\n<meta property=\"og:locale\" content=\"it_IT\" \/>\n<meta property=\"og:type\" content=\"article\" \/>\n<meta property=\"og:title\" content=\"&#039;&#039;Anche Paolo inizia a crederci&#039;&#039;: Sonia Bruganelli in tv rivela cosa pensa l&#039;ex marito Bonolis della sua carriera da opinionista - Gossip.it | News sul Gossip e VIP\" \/>\n<meta property=\"og:description\" content=\"&#039;&#039;Anche Paolo inizia a crederci&#039;&#039;: Sonia Bruganelli in tv rivela cosa pensa l&#039;ex marito Bonolis della sua carriera da opinionista\" \/>\n<meta property=\"og:url\" content=\"https:\/\/www.gossip.it\/news\/anche-paolo-inizia-a-crederci-sonia-bruganelli-in-tv-rivela-cosa-pensa-lex-marito-bonolis-della-sua-carriera-da-opinionista\/\" \/>\n<meta property=\"og:site_name\" content=\"Gossip.it | News sul Gossip e VIP\" \/>\n<meta property=\"article:publisher\" content=\"https:\/\/www.facebook.com\/GossipIT\" \/>\n<meta property=\"article:published_time\" content=\"2024-04-08T13:26:35+00:00\" \/>\n<meta property=\"article:modified_time\" content=\"2024-04-09T09:19:32+00:00\" \/>\n<meta property=\"og:image\" content=\"https:\/\/www.gossip.it\/wp-content\/uploads\/2024\/04\/PP-BRUGA.jpg\" \/>\n\t<meta property=\"og:image:width\" content=\"1134\" \/>\n\t<meta property=\"og:image:height\" content=\"564\" \/>\n\t<meta property=\"og:image:type\" content=\"image\/jpeg\" \/>\n<meta name=\"author\" content=\"Carla Giuni\" \/>\n<meta name=\"twitter:card\" content=\"summary_large_image\" \/>\n<meta name=\"twitter:creator\" content=\"@gossinews_it\" \/>\n<meta name=\"twitter:site\" content=\"@gossinews_it\" \/>\n<meta name=\"twitter:label1\" content=\"Scritto da\" \/>\n\t<meta name=\"twitter:data1\" content=\"Carla Giuni\" \/>\n\t<meta name=\"twitter:label2\" content=\"Tempo di lettura stimato\" \/>\n\t<meta name=\"twitter:data2\" content=\"3 minuti\" \/>","yoast_head_json":{"title":"''Anche Paolo inizia a crederci'': Sonia Bruganelli in tv rivela cosa pensa l'ex marito Bonolis della sua carriera da opinionista - Gossip.it | News sul Gossip e VIP","description":"''Anche Paolo inizia a crederci'': Sonia Bruganelli in tv rivela cosa pensa l'ex marito Bonolis della sua carriera da opinionista","robots":{"index":"index","follow":"follow","max-snippet":"max-snippet:-1","max-image-preview":"max-image-preview:large","max-video-preview":"max-video-preview:-1"},"canonical":"https:\/\/www.gossip.it\/news\/anche-paolo-inizia-a-crederci-sonia-bruganelli-in-tv-rivela-cosa-pensa-lex-marito-bonolis-della-sua-carriera-da-opinionista\/","og_locale":"it_IT","og_type":"article","og_title":"''Anche Paolo inizia a crederci'': Sonia Bruganelli in tv rivela cosa pensa l'ex marito Bonolis della sua carriera da opinionista - Gossip.it | News sul Gossip e VIP","og_description":"''Anche Paolo inizia a crederci'': Sonia Bruganelli in tv rivela cosa pensa l'ex marito Bonolis della sua carriera da opinionista","og_url":"https:\/\/www.gossip.it\/news\/anche-paolo-inizia-a-crederci-sonia-bruganelli-in-tv-rivela-cosa-pensa-lex-marito-bonolis-della-sua-carriera-da-opinionista\/","og_site_name":"Gossip.it | News sul Gossip e VIP","article_publisher":"https:\/\/www.facebook.com\/GossipIT","article_published_time":"2024-04-08T13:26:35+00:00","article_modified_time":"2024-04-09T09:19:32+00:00","og_image":[{"width":1134,"height":564,"url":"https:\/\/www.gossip.it\/wp-content\/uploads\/2024\/04\/PP-BRUGA.jpg","type":"image\/jpeg"}],"author":"Carla Giuni","twitter_card":"summary_large_image","twitter_creator":"@gossinews_it","twitter_site":"@gossinews_it","twitter_misc":{"Scritto da":"Carla Giuni","Tempo di lettura stimato":"3 minuti"},"schema":{"@context":"https:\/\/schema.org","@graph":[{"@type":"Article","@id":"https:\/\/www.gossip.it\/news\/anche-paolo-inizia-a-crederci-sonia-bruganelli-in-tv-rivela-cosa-pensa-lex-marito-bonolis-della-sua-carriera-da-opinionista\/#article","isPartOf":{"@id":"https:\/\/www.gossip.it\/news\/anche-paolo-inizia-a-crederci-sonia-bruganelli-in-tv-rivela-cosa-pensa-lex-marito-bonolis-della-sua-carriera-da-opinionista\/"},"author":{"name":"Carla Giuni","@id":"https:\/\/www.gossip.it\/#\/schema\/person\/df4a88c190f338e21427b6f342595faa"},"headline":"''Anche Paolo inizia a crederci'': Sonia Bruganelli in tv rivela cosa pensa l'ex marito Bonolis della sua carriera da opinionista","datePublished":"2024-04-08T13:26:35+00:00","dateModified":"2024-04-09T09:19:32+00:00","mainEntityOfPage":{"@id":"https:\/\/www.gossip.it\/news\/anche-paolo-inizia-a-crederci-sonia-bruganelli-in-tv-rivela-cosa-pensa-lex-marito-bonolis-della-sua-carriera-da-opinionista\/"},"wordCount":485,"commentCount":0,"publisher":{"@id":"https:\/\/www.gossip.it\/#organization"},"image":{"@id":"https:\/\/www.gossip.it\/news\/anche-paolo-inizia-a-crederci-sonia-bruganelli-in-tv-rivela-cosa-pensa-lex-marito-bonolis-della-sua-carriera-da-opinionista\/#primaryimage"},"thumbnailUrl":"https:\/\/www.gossip.it\/wp-content\/uploads\/2024\/04\/lancio-BRUGA.jpg","keywords":["canale5","dariomaltese","gossip","isola","isoladeifamosi","isoladeifamosi2024","mediaset","paolobonolis","paolobonolisexmoglie","sifb","soniabriganelliexmarito","soniabruganelli","soniabruganelliopinionista","tv","verissimo","vladimirluxuria"],"articleSection":["News"],"inLanguage":"it-IT","potentialAction":[{"@type":"CommentAction","name":"Comment","target":["https:\/\/www.gossip.it\/news\/anche-paolo-inizia-a-crederci-sonia-bruganelli-in-tv-rivela-cosa-pensa-lex-marito-bonolis-della-sua-carriera-da-opinionista\/#respond"]}]},{"@type":"WebPage","@id":"https:\/\/www.gossip.it\/news\/anche-paolo-inizia-a-crederci-sonia-bruganelli-in-tv-rivela-cosa-pensa-lex-marito-bonolis-della-sua-carriera-da-opinionista\/","url":"https:\/\/www.gossip.it\/news\/anche-paolo-inizia-a-crederci-sonia-bruganelli-in-tv-rivela-cosa-pensa-lex-marito-bonolis-della-sua-carriera-da-opinionista\/","name":"''Anche Paolo inizia a crederci'': Sonia Bruganelli in tv rivela cosa pensa l'ex marito Bonolis della sua carriera da opinionista - Gossip.it | News sul Gossip e VIP","isPartOf":{"@id":"https:\/\/www.gossip.it\/#website"},"primaryImageOfPage":{"@id":"https:\/\/www.gossip.it\/news\/anche-paolo-inizia-a-crederci-sonia-bruganelli-in-tv-rivela-cosa-pensa-lex-marito-bonolis-della-sua-carriera-da-opinionista\/#primaryimage"},"image":{"@id":"https:\/\/www.gossip.it\/news\/anche-paolo-inizia-a-crederci-sonia-bruganelli-in-tv-rivela-cosa-pensa-lex-marito-bonolis-della-sua-carriera-da-opinionista\/#primaryimage"},"thumbnailUrl":"https:\/\/www.gossip.it\/wp-content\/uploads\/2024\/04\/lancio-BRUGA.jpg","datePublished":"2024-04-08T13:26:35+00:00","dateModified":"2024-04-09T09:19:32+00:00","description":"''Anche Paolo inizia a crederci'': Sonia Bruganelli in tv rivela cosa pensa l'ex marito Bonolis della sua carriera da opinionista","breadcrumb":{"@id":"https:\/\/www.gossip.it\/news\/anche-paolo-inizia-a-crederci-sonia-bruganelli-in-tv-rivela-cosa-pensa-lex-marito-bonolis-della-sua-carriera-da-opinionista\/#breadcrumb"},"inLanguage":"it-IT","potentialAction":[{"@type":"ReadAction","target":["https:\/\/www.gossip.it\/news\/anche-paolo-inizia-a-crederci-sonia-bruganelli-in-tv-rivela-cosa-pensa-lex-marito-bonolis-della-sua-carriera-da-opinionista\/"]}]},{"@type":"ImageObject","inLanguage":"it-IT","@id":"https:\/\/www.gossip.it\/news\/anche-paolo-inizia-a-crederci-sonia-bruganelli-in-tv-rivela-cosa-pensa-lex-marito-bonolis-della-sua-carriera-da-opinionista\/#primaryimage","url":"https:\/\/www.gossip.it\/wp-content\/uploads\/2024\/04\/lancio-BRUGA.jpg","contentUrl":"https:\/\/www.gossip.it\/wp-content\/uploads\/2024\/04\/lancio-BRUGA.jpg","width":1134,"height":808},{"@type":"BreadcrumbList","@id":"https:\/\/www.gossip.it\/news\/anche-paolo-inizia-a-crederci-sonia-bruganelli-in-tv-rivela-cosa-pensa-lex-marito-bonolis-della-sua-carriera-da-opinionista\/#breadcrumb","itemListElement":[{"@type":"ListItem","position":1,"name":"Home","item":"https:\/\/www.gossip.it\/"},{"@type":"ListItem","position":2,"name":"''Anche Paolo inizia a crederci'': Sonia Bruganelli in tv rivela cosa pensa l'ex marito Bonolis della sua carriera da opinionista"}]},{"@type":"WebSite","@id":"https:\/\/www.gossip.it\/#website","url":"https:\/\/www.gossip.it\/","name":"Gossip and VIP News","description":"Quotidiano di cronaca rosa, costume e societ\u00e0","publisher":{"@id":"https:\/\/www.gossip.it\/#organization"},"alternateName":"Gossip and VIP News","potentialAction":[{"@type":"SearchAction","target":{"@type":"EntryPoint","urlTemplate":"https:\/\/www.gossip.it\/?s={search_term_string}"},"query-input":{"@type":"PropertyValueSpecification","valueRequired":true,"valueName":"search_term_string"}}],"inLanguage":"it-IT"},{"@type":"Organization","@id":"https:\/\/www.gossip.it\/#organization","name":"Gossip and VIP News","alternateName":"Gossip News","url":"https:\/\/www.gossip.it\/","logo":{"@type":"ImageObject","inLanguage":"it-IT","@id":"https:\/\/www.gossip.it\/#\/schema\/logo\/image\/","url":"https:\/\/www.gossip.it\/wp-content\/uploads\/2022\/04\/cropped-corna-alta-tiny.png","contentUrl":"https:\/\/www.gossip.it\/wp-content\/uploads\/2022\/04\/cropped-corna-alta-tiny.png","width":512,"height":512,"caption":"Gossip and VIP News"},"image":{"@id":"https:\/\/www.gossip.it\/#\/schema\/logo\/image\/"},"sameAs":["https:\/\/www.facebook.com\/GossipIT","https:\/\/x.com\/gossinews_it","https:\/\/instagram.com\/gossip_it"]},{"@type":"Person","@id":"https:\/\/www.gossip.it\/#\/schema\/person\/df4a88c190f338e21427b6f342595faa","name":"Carla Giuni","image":{"@type":"ImageObject","inLanguage":"it-IT","@id":"https:\/\/www.gossip.it\/#\/schema\/person\/image\/","url":"https:\/\/secure.gravatar.com\/avatar\/9caf92f895c8e9a7cca263cd6e3860da8edad54c0a92046a7e363cbd3fa35c36?s=96&d=mm&r=g","contentUrl":"https:\/\/secure.gravatar.com\/avatar\/9caf92f895c8e9a7cca263cd6e3860da8edad54c0a92046a7e363cbd3fa35c36?s=96&d=mm&r=g","caption":"Carla Giuni"}}]}},"amp_enabled":true,"_links":{"self":[{"href":"https:\/\/www.gossip.it\/api\/wp\/v2\/posts\/169719","targetHints":{"allow":["GET"]}}],"collection":[{"href":"https:\/\/www.gossip.it\/api\/wp\/v2\/posts"}],"about":[{"href":"https:\/\/www.gossip.it\/api\/wp\/v2\/types\/post"}],"author":[{"embeddable":true,"href":"https:\/\/www.gossip.it\/api\/wp\/v2\/users\/24"}],"replies":[{"embeddable":true,"href":"https:\/\/www.gossip.it\/api\/wp\/v2\/comments?post=169719"}],"version-history":[{"count":1,"href":"https:\/\/www.gossip.it\/api\/wp\/v2\/posts\/169719\/revisions"}],"predecessor-version":[{"id":169735,"href":"https:\/\/www.gossip.it\/api\/wp\/v2\/posts\/169719\/revisions\/169735"}],"wp:featuredmedia":[{"embeddable":true,"href":"https:\/\/www.gossip.it\/api\/wp\/v2\/media\/169734"}],"wp:attachment":[{"href":"https:\/\/www.gossip.it\/api\/wp\/v2\/media?parent=169719"}],"wp:term":[{"taxonomy":"category","embeddable":true,"href":"https:\/\/www.gossip.it\/api\/wp\/v2\/categories?post=169719"},{"taxonomy":"post_tag","embeddable":true,"href":"https:\/\/www.gossip.it\/api\/wp\/v2\/tags?post=169719"},{"taxonomy":"vip","embeddable":true,"href":"https:\/\/www.gossip.it\/api\/wp\/v2\/vip?post=169719"}],"curies":[{"name":"wp","href":"https:\/\/api.w.org\/{rel}","templated":true}]}}