{"id":169782,"date":"2024-04-09T13:48:56","date_gmt":"2024-04-09T11:48:56","guid":{"rendered":"https:\/\/www.gossip.it\/?p=169782"},"modified":"2024-04-10T11:39:09","modified_gmt":"2024-04-10T09:39:09","slug":"antonella-clerici-parla-amata-figlia-maelle","status":"publish","type":"post","link":"https:\/\/www.gossip.it\/news\/antonella-clerici-parla-amata-figlia-maelle\/","title":{"rendered":"''Si veste in modo adeguato alla sua et\u00e0, si trucca in modo leggero e ha gi\u00e0 un fidanzatino'': Antonella Clerici parla dell'amata figlia Maelle"},"content":{"rendered":"\n<ul class=\"wp-block-list\">\n<li>La conduttrice 60enne racconta la sua ragazza 15enne, alle prese con l\u2019adolescenza<\/li>\n\n\n\n<li>Racconta anche come adegua i suoi ritmi veglia-sonno alle esigenze lavorative<\/li>\n<\/ul>\n\n\n\n<p><a href=\"http:\/\/www.gossip.it\/vip\/antonella-clerici\">Antonella Clerici<\/a> si prende la cover di <em>Tv Sorrisi e Canzoni<\/em>. La popolarissima conduttrice di Rai1 racconta il segreti del suo successo in tv, alla guida di <em>E\u2019 sempre Mezzogiorno<\/em> e di <em>The Voice<\/em> in tutte le sue derivazioni. <strong>Parla anche dell\u2019amata figlia Maelle<\/strong> (avuta dall'ex <a href=\"http:\/\/www.gossip.it\/vip\/eddy-martens\">Eddy Martens<\/a>), 15enne alle prese con l\u2019adolescenza. <em>\u201c<strong>Si veste in modo adeguato alla sua et\u00e0, si trucca in modo leggero e ha gi\u00e0 un fidanzatino<\/strong>\u201d<\/em>, svela.<\/p>\n\n\n\n<figure class=\"wp-block-image size-large\"><img decoding=\"async\" width=\"819\" height=\"1024\" src=\"https:\/\/www.gossip.it\/wp-content\/uploads\/2024\/04\/clerici_1-819x1024.jpg\" alt=\"\" class=\"wp-image-169783\" srcset=\"https:\/\/www.gossip.it\/wp-content\/uploads\/2024\/04\/clerici_1-819x1024.jpg 819w, https:\/\/www.gossip.it\/wp-content\/uploads\/2024\/04\/clerici_1-240x300.jpg 240w, https:\/\/www.gossip.it\/wp-content\/uploads\/2024\/04\/clerici_1-768x960.jpg 768w, https:\/\/www.gossip.it\/wp-content\/uploads\/2024\/04\/clerici_1-750x938.jpg 750w, https:\/\/www.gossip.it\/wp-content\/uploads\/2024\/04\/clerici_1.jpg 1134w\" sizes=\"(max-width: 819px) 100vw, 819px\" \/><figcaption class=\"wp-element-caption\"><em>''Si veste in modo adeguato alla sua et\u00e0, si trucca in modo leggero e ha gi\u00e0 un fidanzatino''<\/em>: Antonella Clerici parla dell'amata figlia Maelle<\/figcaption><\/figure>\n\n\n\n<p>Quando le si domanda come vada con Maelle, ora adolescente, la 60enne ridendo risponde: <em>\u201cInsomma\u201d<\/em>. Poi aggiunge: <em>\u201cA quell\u2019et\u00e0 non bisogna andare gi\u00f9 dritti con le critiche, ma cercare il dialogo. Mia figlia adesso sta facendo il primo anno di liceo classico ed \u00e8 stata la scelta giusta perch\u00e9 ha dei professori che non guardano solo al profitto ma alla persona, al benessere complessivo degli studenti. Maelle sa che per me lo studio \u00e8 fondamentale e si impegna molto. <strong>Come voti alterna i 4 e gli 8, non ha mezze misure<\/strong>, ma sono contenta perch\u00e9 \u00e8 una ragazza giudiziosa. <strong>Si veste in modo adeguato alla sua et\u00e0, si trucca in modo leggero e ha gi\u00e0 un fidanzatino, una simpatia\u2026<\/strong>\".\u00a0<\/em><\/p>\n\n\n\n<figure class=\"wp-block-image size-large\"><img decoding=\"async\" width=\"897\" height=\"1024\" src=\"https:\/\/www.gossip.it\/wp-content\/uploads\/2024\/04\/clerici_2-897x1024.jpg\" alt=\"\" class=\"wp-image-169784\" srcset=\"https:\/\/www.gossip.it\/wp-content\/uploads\/2024\/04\/clerici_2-897x1024.jpg 897w, https:\/\/www.gossip.it\/wp-content\/uploads\/2024\/04\/clerici_2-263x300.jpg 263w, https:\/\/www.gossip.it\/wp-content\/uploads\/2024\/04\/clerici_2-768x876.jpg 768w, https:\/\/www.gossip.it\/wp-content\/uploads\/2024\/04\/clerici_2-750x856.jpg 750w, https:\/\/www.gossip.it\/wp-content\/uploads\/2024\/04\/clerici_2.jpg 1134w\" sizes=\"(max-width: 897px) 100vw, 897px\" \/><figcaption class=\"wp-element-caption\">La conduttrice 60enne racconta la sua ragazza 15enne, alle prese con l\u2019adolescenza<\/figcaption><\/figure>\n\n\n\n<p>Antonella ha un momento con la sua ragazza che ritiene preziosissimo: \u201c<em>La sera, prima di dormire, q<strong>uando ci mettiamo sul suo letto e parliamo<\/strong>, anche di piccoli problemi. Io le dico sempre: ogni piccolo peso che si ha sul cuore, se non si condivide con qualcuno, diventa pi\u00f9 grande.<strong> Ed \u00e8 cos\u00ec che lei si apre con me<\/strong>\u201d.<\/em><\/p>\n\n\n\n<figure class=\"wp-block-image size-large\"><img decoding=\"async\" width=\"822\" height=\"1024\" src=\"https:\/\/www.gossip.it\/wp-content\/uploads\/2024\/04\/clerici_3-822x1024.jpg\" alt=\"\" class=\"wp-image-169785\" srcset=\"https:\/\/www.gossip.it\/wp-content\/uploads\/2024\/04\/clerici_3-822x1024.jpg 822w, https:\/\/www.gossip.it\/wp-content\/uploads\/2024\/04\/clerici_3-241x300.jpg 241w, https:\/\/www.gossip.it\/wp-content\/uploads\/2024\/04\/clerici_3-768x957.jpg 768w, https:\/\/www.gossip.it\/wp-content\/uploads\/2024\/04\/clerici_3-750x935.jpg 750w, https:\/\/www.gossip.it\/wp-content\/uploads\/2024\/04\/clerici_3.jpg 1134w\" sizes=\"(max-width: 822px) 100vw, 822px\" \/><figcaption class=\"wp-element-caption\">A <em>Tv Sorrisi &amp; Canzoni<\/em> racconta anche come adegua i suoi ritmi veglia-sonno alle esigenze lavorative<\/figcaption><\/figure>\n\n\n\n<p>La presentatrice \u00e8 spessissimo in onda, il resto del tempo lo trascorre nella sua casa nel bosco ad Arquata Scrivia, in provincia di Alessandria, dove vive col compagno <a href=\"http:\/\/www.gossip.it\/vip\/vittorio-garrone\">Vittorio Garrone<\/a> e la famiglia allargata. Sa come adeguare i suoi ritmi veglia-sonno alle esigenze lavorative: <em>\u201cCerto! Cerco di armonizzare il riposo e la fatica, dosando le energie. <strong>Rispetto sempre le 12 ore di digiuno tra la cena e la colazione. Se esagero con il cibo, ogni tanto osservo il digiuno intermittente<\/strong>. Faccio del mio meglio, insomma. E regolo la sveglia in base agli impegni. Per esempio la <strong>due volte alla settimana, il luned\u00ec e il venerd\u00ec, mi alzo prima per fare sport nella palestra che ho in casa<\/strong> e mi alleno per 40 minuti: il \u2018minimo sindacale\u2019, dalle 7 alle 7.45. Poi alle 8.30 esco per andare al lavoro e la giornata pu\u00f2 iniziare con la carica giusta\u201d.\u00a0<\/em><\/p>\n","protected":false},"excerpt":{"rendered":"<p>Antonella Clerici si prende la cover di Tv Sorrisi e Canzoni...<\/p>\n","protected":false},"author":24,"featured_media":169786,"comment_status":"open","ping_status":"closed","sticky":false,"template":"","format":"standard","meta":{"footnotes":""},"categories":[54],"tags":[64469,73518,73519,73521,2793,65942,67046,65828],"vip":[346],"class_list":["post-169782","post","type-post","status-publish","format-standard","has-post-thumbnail","hentry","category-news","tag-antonellaclerici","tag-antonellaclericifiglia","tag-antonellaclericimaelle","tag-eddymartens","tag-gossip","tag-maellemartens","tag-sifb","tag-tvsorrisiecanzoni","vip-antonella_clerici"],"yoast_head":"<title>&#039;&#039;Si veste in modo adeguato alla sua et\u00e0, si trucca in modo leggero e ha gi\u00e0 un fidanzatino&#039;&#039;: Antonella Clerici parla dell&#039;amata figlia Maelle - Gossip.it | News sul Gossip e VIP<\/title>\n<meta name=\"description\" content=\"&#039;&#039;Si veste in modo adeguato alla sua et\u00e0 e ha gi\u00e0 un fidanzatino&#039;&#039;: Antonella Clerici parla dell&#039;amata figlia Maelle\" \/>\n<meta name=\"robots\" content=\"index, follow, max-snippet:-1, max-image-preview:large, max-video-preview:-1\" \/>\n<link rel=\"canonical\" href=\"https:\/\/www.gossip.it\/news\/antonella-clerici-parla-amata-figlia-maelle\/\" \/>\n<meta property=\"og:locale\" content=\"it_IT\" \/>\n<meta property=\"og:type\" content=\"article\" \/>\n<meta property=\"og:title\" content=\"&#039;&#039;Si veste in modo adeguato alla sua et\u00e0, si trucca in modo leggero e ha gi\u00e0 un fidanzatino&#039;&#039;: Antonella Clerici parla dell&#039;amata figlia Maelle - Gossip.it | News sul Gossip e VIP\" \/>\n<meta property=\"og:description\" content=\"&#039;&#039;Si veste in modo adeguato alla sua et\u00e0 e ha gi\u00e0 un fidanzatino&#039;&#039;: Antonella Clerici parla dell&#039;amata figlia Maelle\" \/>\n<meta property=\"og:url\" content=\"https:\/\/www.gossip.it\/news\/antonella-clerici-parla-amata-figlia-maelle\/\" \/>\n<meta property=\"og:site_name\" content=\"Gossip.it | News sul Gossip e VIP\" \/>\n<meta property=\"article:publisher\" content=\"https:\/\/www.facebook.com\/GossipIT\" \/>\n<meta property=\"article:published_time\" content=\"2024-04-09T11:48:56+00:00\" \/>\n<meta property=\"article:modified_time\" content=\"2024-04-10T09:39:09+00:00\" \/>\n<meta property=\"og:image\" content=\"https:\/\/www.gossip.it\/wp-content\/uploads\/2024\/04\/lancio-CLERICI-fb.jpg\" \/>\n\t<meta property=\"og:image:width\" content=\"1134\" \/>\n\t<meta property=\"og:image:height\" content=\"662\" \/>\n\t<meta property=\"og:image:type\" content=\"image\/jpeg\" \/>\n<meta name=\"author\" content=\"Carla Giuni\" \/>\n<meta name=\"twitter:card\" content=\"summary_large_image\" \/>\n<meta name=\"twitter:creator\" content=\"@gossinews_it\" \/>\n<meta name=\"twitter:site\" content=\"@gossinews_it\" \/>\n<meta name=\"twitter:label1\" content=\"Scritto da\" \/>\n\t<meta name=\"twitter:data1\" content=\"Carla Giuni\" \/>\n\t<meta name=\"twitter:label2\" content=\"Tempo di lettura stimato\" \/>\n\t<meta name=\"twitter:data2\" content=\"4 minuti\" \/>","yoast_head_json":{"title":"''Si veste in modo adeguato alla sua et\u00e0, si trucca in modo leggero e ha gi\u00e0 un fidanzatino'': Antonella Clerici parla dell'amata figlia Maelle - Gossip.it | News sul Gossip e VIP","description":"''Si veste in modo adeguato alla sua et\u00e0 e ha gi\u00e0 un fidanzatino'': Antonella Clerici parla dell'amata figlia Maelle","robots":{"index":"index","follow":"follow","max-snippet":"max-snippet:-1","max-image-preview":"max-image-preview:large","max-video-preview":"max-video-preview:-1"},"canonical":"https:\/\/www.gossip.it\/news\/antonella-clerici-parla-amata-figlia-maelle\/","og_locale":"it_IT","og_type":"article","og_title":"''Si veste in modo adeguato alla sua et\u00e0, si trucca in modo leggero e ha gi\u00e0 un fidanzatino'': Antonella Clerici parla dell'amata figlia Maelle - Gossip.it | News sul Gossip e VIP","og_description":"''Si veste in modo adeguato alla sua et\u00e0 e ha gi\u00e0 un fidanzatino'': Antonella Clerici parla dell'amata figlia Maelle","og_url":"https:\/\/www.gossip.it\/news\/antonella-clerici-parla-amata-figlia-maelle\/","og_site_name":"Gossip.it | News sul Gossip e VIP","article_publisher":"https:\/\/www.facebook.com\/GossipIT","article_published_time":"2024-04-09T11:48:56+00:00","article_modified_time":"2024-04-10T09:39:09+00:00","og_image":[{"width":1134,"height":662,"url":"https:\/\/www.gossip.it\/wp-content\/uploads\/2024\/04\/lancio-CLERICI-fb.jpg","type":"image\/jpeg"}],"author":"Carla Giuni","twitter_card":"summary_large_image","twitter_creator":"@gossinews_it","twitter_site":"@gossinews_it","twitter_misc":{"Scritto da":"Carla Giuni","Tempo di lettura stimato":"4 minuti"},"schema":{"@context":"https:\/\/schema.org","@graph":[{"@type":"Article","@id":"https:\/\/www.gossip.it\/news\/antonella-clerici-parla-amata-figlia-maelle\/#article","isPartOf":{"@id":"https:\/\/www.gossip.it\/news\/antonella-clerici-parla-amata-figlia-maelle\/"},"author":{"name":"Carla Giuni","@id":"https:\/\/www.gossip.it\/#\/schema\/person\/df4a88c190f338e21427b6f342595faa"},"headline":"''Si veste in modo adeguato alla sua et\u00e0, si trucca in modo leggero e ha gi\u00e0 un fidanzatino'': Antonella Clerici parla dell'amata figlia Maelle","datePublished":"2024-04-09T11:48:56+00:00","dateModified":"2024-04-10T09:39:09+00:00","mainEntityOfPage":{"@id":"https:\/\/www.gossip.it\/news\/antonella-clerici-parla-amata-figlia-maelle\/"},"wordCount":491,"commentCount":0,"publisher":{"@id":"https:\/\/www.gossip.it\/#organization"},"image":{"@id":"https:\/\/www.gossip.it\/news\/antonella-clerici-parla-amata-figlia-maelle\/#primaryimage"},"thumbnailUrl":"https:\/\/www.gossip.it\/wp-content\/uploads\/2024\/04\/lancio-CLERICI.jpg","keywords":["antonellaclerici","antonellaclericifiglia","antonellaclericimaelle","eddymartens","gossip","maellemartens","sifb","tvsorrisiecanzoni"],"articleSection":["News"],"inLanguage":"it-IT","potentialAction":[{"@type":"CommentAction","name":"Comment","target":["https:\/\/www.gossip.it\/news\/antonella-clerici-parla-amata-figlia-maelle\/#respond"]}]},{"@type":"WebPage","@id":"https:\/\/www.gossip.it\/news\/antonella-clerici-parla-amata-figlia-maelle\/","url":"https:\/\/www.gossip.it\/news\/antonella-clerici-parla-amata-figlia-maelle\/","name":"''Si veste in modo adeguato alla sua et\u00e0, si trucca in modo leggero e ha gi\u00e0 un fidanzatino'': Antonella Clerici parla dell'amata figlia Maelle - Gossip.it | News sul Gossip e VIP","isPartOf":{"@id":"https:\/\/www.gossip.it\/#website"},"primaryImageOfPage":{"@id":"https:\/\/www.gossip.it\/news\/antonella-clerici-parla-amata-figlia-maelle\/#primaryimage"},"image":{"@id":"https:\/\/www.gossip.it\/news\/antonella-clerici-parla-amata-figlia-maelle\/#primaryimage"},"thumbnailUrl":"https:\/\/www.gossip.it\/wp-content\/uploads\/2024\/04\/lancio-CLERICI.jpg","datePublished":"2024-04-09T11:48:56+00:00","dateModified":"2024-04-10T09:39:09+00:00","description":"''Si veste in modo adeguato alla sua et\u00e0 e ha gi\u00e0 un fidanzatino'': Antonella Clerici parla dell'amata figlia Maelle","breadcrumb":{"@id":"https:\/\/www.gossip.it\/news\/antonella-clerici-parla-amata-figlia-maelle\/#breadcrumb"},"inLanguage":"it-IT","potentialAction":[{"@type":"ReadAction","target":["https:\/\/www.gossip.it\/news\/antonella-clerici-parla-amata-figlia-maelle\/"]}]},{"@type":"ImageObject","inLanguage":"it-IT","@id":"https:\/\/www.gossip.it\/news\/antonella-clerici-parla-amata-figlia-maelle\/#primaryimage","url":"https:\/\/www.gossip.it\/wp-content\/uploads\/2024\/04\/lancio-CLERICI.jpg","contentUrl":"https:\/\/www.gossip.it\/wp-content\/uploads\/2024\/04\/lancio-CLERICI.jpg","width":1134,"height":808},{"@type":"BreadcrumbList","@id":"https:\/\/www.gossip.it\/news\/antonella-clerici-parla-amata-figlia-maelle\/#breadcrumb","itemListElement":[{"@type":"ListItem","position":1,"name":"Home","item":"https:\/\/www.gossip.it\/"},{"@type":"ListItem","position":2,"name":"''Si veste in modo adeguato alla sua et\u00e0, si trucca in modo leggero e ha gi\u00e0 un fidanzatino'': Antonella Clerici parla dell'amata figlia Maelle"}]},{"@type":"WebSite","@id":"https:\/\/www.gossip.it\/#website","url":"https:\/\/www.gossip.it\/","name":"Gossip and VIP News","description":"Quotidiano di cronaca rosa, costume e societ\u00e0","publisher":{"@id":"https:\/\/www.gossip.it\/#organization"},"alternateName":"Gossip and VIP News","potentialAction":[{"@type":"SearchAction","target":{"@type":"EntryPoint","urlTemplate":"https:\/\/www.gossip.it\/?s={search_term_string}"},"query-input":{"@type":"PropertyValueSpecification","valueRequired":true,"valueName":"search_term_string"}}],"inLanguage":"it-IT"},{"@type":"Organization","@id":"https:\/\/www.gossip.it\/#organization","name":"Gossip and VIP News","alternateName":"Gossip News","url":"https:\/\/www.gossip.it\/","logo":{"@type":"ImageObject","inLanguage":"it-IT","@id":"https:\/\/www.gossip.it\/#\/schema\/logo\/image\/","url":"https:\/\/www.gossip.it\/wp-content\/uploads\/2022\/04\/cropped-corna-alta-tiny.png","contentUrl":"https:\/\/www.gossip.it\/wp-content\/uploads\/2022\/04\/cropped-corna-alta-tiny.png","width":512,"height":512,"caption":"Gossip and VIP News"},"image":{"@id":"https:\/\/www.gossip.it\/#\/schema\/logo\/image\/"},"sameAs":["https:\/\/www.facebook.com\/GossipIT","https:\/\/x.com\/gossinews_it","https:\/\/instagram.com\/gossip_it"]},{"@type":"Person","@id":"https:\/\/www.gossip.it\/#\/schema\/person\/df4a88c190f338e21427b6f342595faa","name":"Carla Giuni","image":{"@type":"ImageObject","inLanguage":"it-IT","@id":"https:\/\/www.gossip.it\/#\/schema\/person\/image\/","url":"https:\/\/secure.gravatar.com\/avatar\/9caf92f895c8e9a7cca263cd6e3860da8edad54c0a92046a7e363cbd3fa35c36?s=96&d=mm&r=g","contentUrl":"https:\/\/secure.gravatar.com\/avatar\/9caf92f895c8e9a7cca263cd6e3860da8edad54c0a92046a7e363cbd3fa35c36?s=96&d=mm&r=g","caption":"Carla Giuni"}}]}},"amp_enabled":true,"_links":{"self":[{"href":"https:\/\/www.gossip.it\/api\/wp\/v2\/posts\/169782","targetHints":{"allow":["GET"]}}],"collection":[{"href":"https:\/\/www.gossip.it\/api\/wp\/v2\/posts"}],"about":[{"href":"https:\/\/www.gossip.it\/api\/wp\/v2\/types\/post"}],"author":[{"embeddable":true,"href":"https:\/\/www.gossip.it\/api\/wp\/v2\/users\/24"}],"replies":[{"embeddable":true,"href":"https:\/\/www.gossip.it\/api\/wp\/v2\/comments?post=169782"}],"version-history":[{"count":1,"href":"https:\/\/www.gossip.it\/api\/wp\/v2\/posts\/169782\/revisions"}],"predecessor-version":[{"id":169792,"href":"https:\/\/www.gossip.it\/api\/wp\/v2\/posts\/169782\/revisions\/169792"}],"wp:featuredmedia":[{"embeddable":true,"href":"https:\/\/www.gossip.it\/api\/wp\/v2\/media\/169786"}],"wp:attachment":[{"href":"https:\/\/www.gossip.it\/api\/wp\/v2\/media?parent=169782"}],"wp:term":[{"taxonomy":"category","embeddable":true,"href":"https:\/\/www.gossip.it\/api\/wp\/v2\/categories?post=169782"},{"taxonomy":"post_tag","embeddable":true,"href":"https:\/\/www.gossip.it\/api\/wp\/v2\/tags?post=169782"},{"taxonomy":"vip","embeddable":true,"href":"https:\/\/www.gossip.it\/api\/wp\/v2\/vip?post=169782"}],"curies":[{"name":"wp","href":"https:\/\/api.w.org\/{rel}","templated":true}]}}