{"id":16994,"date":"2003-02-05T00:00:00","date_gmt":"2003-02-04T23:00:00","guid":{"rendered":"https:\/\/www.gossip.it\/senza-categoria\/carmen-di-pietro-in-tribunale-contro-i-figliastri\/"},"modified":"2003-02-05T00:00:00","modified_gmt":"2003-02-04T23:00:00","slug":"carmen-di-pietro-in-tribunale-contro-i-figliastri","status":"publish","type":"post","link":"https:\/\/www.gossip.it\/news\/carmen-di-pietro-in-tribunale-contro-i-figliastri\/","title":{"rendered":"Carmen Di Pietro in tribunale contro i figliastri"},"content":{"rendered":"<p>E' arrivato il giorno della causa per l'eredit\u00e0 di Sandro Paternostro: in tribunale Carmen Di Pietro, che di cose da chiarire ne ha ancora tante, come spiega lei stessa: \"E\u2019 una causa che ho promosso io. Dopo vari tentativi, anche attraverso avvocati, per definire bonariamente la questione, ho capito che i miei figliastri non avevano intenzione di trovare un accordo. Si tratta di una causa di successione che \u00e8 complicata, lunga ed andr\u00e0 avanti per chiss\u00e0 quanti anni. Non sarei mai passata alle vie legali, ma l\u2019atteggiamento poco disponibile dei miei figliastri non mi ha lasciato scelta. Mi sento in imbarazzo perch\u00e9 sembra che vogliano farmi passare per una venale che vuole approfittare della situazione. Io reclamo solo il mio diritto. Sono state dette cose assurde sul mio conto: avrei fatto sparire un testamento datato 1965 ed avrei costretto mio marito a mangiare dolci ed alcolici nonostante soffrisse di diabete. Sar\u00e0 il giudice a decidere\".<\/p>\n<p>Foto: Uff. Stampa<\/p>\n","protected":false},"excerpt":{"rendered":"<p>E' arrivato il giorno della causa per l'eredit\u00e0 di Sandro Paternostro: in tribunale Carmen Di Pietro, che di cose da chiarire ne ha ancora tante, come spiega lei stessa: \"E\u2019 una causa che ho promosso io. Dopo vari tentativi, anche attraverso avvocati, per definire bonariamente la questione, ho capito che i miei figliastri non avevano [&hellip;]<\/p>\n","protected":false},"author":1,"featured_media":73043,"comment_status":"closed","ping_status":"closed","sticky":false,"template":"","format":"standard","meta":{"footnotes":""},"categories":[54],"tags":[5955,2239,16629,2000,1905,1942,16831,10849,16630,5840,5957],"vip":[],"class_list":["post-16994","post","type-post","status-publish","format-standard","has-post-thumbnail","hentry","category-news","tag-affidamento","tag-carmen-di-pietro","tag-carmen-dipietro","tag-figli","tag-figlia","tag-figlio","tag-sandro-paternostro","tag-sentenza","tag-sentenze","tag-tribunale","tag-udienza"],"yoast_head":"<title>Carmen Di Pietro in tribunale contro i figliastri - Gossip.it | News sul Gossip e VIP<\/title>\n<meta name=\"description\" content=\"E&#039; arrivato il giorno della causa per l&#039;eredit\u00e0 di Sandro Paternostro: in tribunale Carmen Di Pietro, che di cose da chiarire ne ha ancora tante, come\" \/>\n<meta name=\"robots\" content=\"index, follow, max-snippet:-1, max-image-preview:large, max-video-preview:-1\" \/>\n<link rel=\"canonical\" href=\"https:\/\/www.gossip.it\/news\/carmen-di-pietro-in-tribunale-contro-i-figliastri\/\" \/>\n<meta property=\"og:locale\" content=\"it_IT\" \/>\n<meta property=\"og:type\" content=\"article\" \/>\n<meta property=\"og:title\" content=\"Carmen Di Pietro in tribunale contro i figliastri - Gossip.it | News sul Gossip e VIP\" \/>\n<meta property=\"og:description\" content=\"E&#039; arrivato il giorno della causa per l&#039;eredit\u00e0 di Sandro Paternostro: in tribunale Carmen Di Pietro, che di cose da chiarire ne ha ancora tante, come\" \/>\n<meta property=\"og:url\" content=\"https:\/\/www.gossip.it\/news\/carmen-di-pietro-in-tribunale-contro-i-figliastri\/\" \/>\n<meta property=\"og:site_name\" content=\"Gossip.it | News sul Gossip e VIP\" \/>\n<meta property=\"article:publisher\" content=\"https:\/\/www.facebook.com\/GossipIT\" \/>\n<meta property=\"article:published_time\" content=\"2003-02-04T23:00:00+00:00\" \/>\n<meta property=\"og:image\" content=\"\/images2\/dipietro.jpg\" \/>\n<meta name=\"author\" content=\"La Redazione\" \/>\n<meta name=\"twitter:card\" content=\"summary_large_image\" \/>\n<meta name=\"twitter:image\" content=\"\/images2\/dipietro.jpg\" \/>\n<meta name=\"twitter:creator\" content=\"@gossinews_it\" \/>\n<meta name=\"twitter:site\" content=\"@gossinews_it\" \/>\n<meta name=\"twitter:label1\" content=\"Scritto da\" \/>\n\t<meta name=\"twitter:data1\" content=\"la Redazione\" \/>\n\t<meta name=\"twitter:label2\" content=\"Tempo di lettura stimato\" \/>\n\t<meta name=\"twitter:data2\" content=\"1 minuto\" \/>","yoast_head_json":{"title":"Carmen Di Pietro in tribunale contro i figliastri - Gossip.it | News sul Gossip e VIP","description":"E' arrivato il giorno della causa per l'eredit\u00e0 di Sandro Paternostro: in tribunale Carmen Di Pietro, che di cose da chiarire ne ha ancora tante, come","robots":{"index":"index","follow":"follow","max-snippet":"max-snippet:-1","max-image-preview":"max-image-preview:large","max-video-preview":"max-video-preview:-1"},"canonical":"https:\/\/www.gossip.it\/news\/carmen-di-pietro-in-tribunale-contro-i-figliastri\/","og_locale":"it_IT","og_type":"article","og_title":"Carmen Di Pietro in tribunale contro i figliastri - Gossip.it | News sul Gossip e VIP","og_description":"E' arrivato il giorno della causa per l'eredit\u00e0 di Sandro Paternostro: in tribunale Carmen Di Pietro, che di cose da chiarire ne ha ancora tante, come","og_url":"https:\/\/www.gossip.it\/news\/carmen-di-pietro-in-tribunale-contro-i-figliastri\/","og_site_name":"Gossip.it | News sul Gossip e VIP","article_publisher":"https:\/\/www.facebook.com\/GossipIT","article_published_time":"2003-02-04T23:00:00+00:00","og_image":[{"url":"\/images2\/dipietro.jpg"}],"author":"La Redazione","twitter_card":"summary_large_image","twitter_image":"\/images2\/dipietro.jpg","twitter_creator":"@gossinews_it","twitter_site":"@gossinews_it","twitter_misc":{"Scritto da":"la Redazione","Tempo di lettura stimato":"1 minuto"},"schema":{"@context":"https:\/\/schema.org","@graph":[{"@type":"Article","@id":"https:\/\/www.gossip.it\/news\/carmen-di-pietro-in-tribunale-contro-i-figliastri\/#article","isPartOf":{"@id":"https:\/\/www.gossip.it\/news\/carmen-di-pietro-in-tribunale-contro-i-figliastri\/"},"author":{"name":"La Redazione","@id":"https:\/\/www.gossip.it\/#\/schema\/person\/488896f75158bff1cc83c6c39d141110"},"headline":"Carmen Di Pietro in tribunale contro i figliastri","datePublished":"2003-02-04T23:00:00+00:00","dateModified":"2003-02-04T23:00:00+00:00","mainEntityOfPage":{"@id":"https:\/\/www.gossip.it\/news\/carmen-di-pietro-in-tribunale-contro-i-figliastri\/"},"wordCount":166,"publisher":{"@id":"https:\/\/www.gossip.it\/#organization"},"image":{"@id":"https:\/\/www.gossip.it\/news\/carmen-di-pietro-in-tribunale-contro-i-figliastri\/#primaryimage"},"thumbnailUrl":"\/images2\/dipietro.jpg","keywords":["affidamento","carmen di pietro","carmen dipietro","figli","figlia","figlio","sandro paternostro","sentenza","sentenze","tribunale","udienza"],"articleSection":["News"],"inLanguage":"it-IT"},{"@type":"WebPage","@id":"https:\/\/www.gossip.it\/news\/carmen-di-pietro-in-tribunale-contro-i-figliastri\/","url":"https:\/\/www.gossip.it\/news\/carmen-di-pietro-in-tribunale-contro-i-figliastri\/","name":"Carmen Di Pietro in tribunale contro i figliastri - Gossip.it | News sul Gossip e VIP","isPartOf":{"@id":"https:\/\/www.gossip.it\/#website"},"primaryImageOfPage":{"@id":"https:\/\/www.gossip.it\/news\/carmen-di-pietro-in-tribunale-contro-i-figliastri\/#primaryimage"},"image":{"@id":"https:\/\/www.gossip.it\/news\/carmen-di-pietro-in-tribunale-contro-i-figliastri\/#primaryimage"},"thumbnailUrl":"\/images2\/dipietro.jpg","datePublished":"2003-02-04T23:00:00+00:00","dateModified":"2003-02-04T23:00:00+00:00","description":"E' arrivato il giorno della causa per l'eredit\u00e0 di Sandro Paternostro: in tribunale Carmen Di Pietro, che di cose da chiarire ne ha ancora tante, come","breadcrumb":{"@id":"https:\/\/www.gossip.it\/news\/carmen-di-pietro-in-tribunale-contro-i-figliastri\/#breadcrumb"},"inLanguage":"it-IT","potentialAction":[{"@type":"ReadAction","target":["https:\/\/www.gossip.it\/news\/carmen-di-pietro-in-tribunale-contro-i-figliastri\/"]}]},{"@type":"ImageObject","inLanguage":"it-IT","@id":"https:\/\/www.gossip.it\/news\/carmen-di-pietro-in-tribunale-contro-i-figliastri\/#primaryimage","url":"\/images2\/dipietro.jpg","contentUrl":"\/images2\/dipietro.jpg"},{"@type":"BreadcrumbList","@id":"https:\/\/www.gossip.it\/news\/carmen-di-pietro-in-tribunale-contro-i-figliastri\/#breadcrumb","itemListElement":[{"@type":"ListItem","position":1,"name":"Home","item":"https:\/\/www.gossip.it\/"},{"@type":"ListItem","position":2,"name":"Carmen Di Pietro in tribunale contro i figliastri"}]},{"@type":"WebSite","@id":"https:\/\/www.gossip.it\/#website","url":"https:\/\/www.gossip.it\/","name":"Gossip and VIP News","description":"Quotidiano di cronaca rosa, costume e societ\u00e0","publisher":{"@id":"https:\/\/www.gossip.it\/#organization"},"alternateName":"Gossip and VIP News","potentialAction":[{"@type":"SearchAction","target":{"@type":"EntryPoint","urlTemplate":"https:\/\/www.gossip.it\/?s={search_term_string}"},"query-input":{"@type":"PropertyValueSpecification","valueRequired":true,"valueName":"search_term_string"}}],"inLanguage":"it-IT"},{"@type":"Organization","@id":"https:\/\/www.gossip.it\/#organization","name":"Gossip and VIP News","alternateName":"Gossip News","url":"https:\/\/www.gossip.it\/","logo":{"@type":"ImageObject","inLanguage":"it-IT","@id":"https:\/\/www.gossip.it\/#\/schema\/logo\/image\/","url":"https:\/\/www.gossip.it\/wp-content\/uploads\/2022\/04\/cropped-corna-alta-tiny.png","contentUrl":"https:\/\/www.gossip.it\/wp-content\/uploads\/2022\/04\/cropped-corna-alta-tiny.png","width":512,"height":512,"caption":"Gossip and VIP News"},"image":{"@id":"https:\/\/www.gossip.it\/#\/schema\/logo\/image\/"},"sameAs":["https:\/\/www.facebook.com\/GossipIT","https:\/\/x.com\/gossinews_it","https:\/\/instagram.com\/gossip_it"]},{"@type":"Person","@id":"https:\/\/www.gossip.it\/#\/schema\/person\/488896f75158bff1cc83c6c39d141110","name":"La Redazione","image":{"@type":"ImageObject","inLanguage":"it-IT","@id":"https:\/\/www.gossip.it\/#\/schema\/person\/image\/","url":"https:\/\/secure.gravatar.com\/avatar\/5a5f5c6fa3e6700e4249abdad0263a1e94e927d9e0499b1cb09c1cd29c044d80?s=96&d=mm&r=g","contentUrl":"https:\/\/secure.gravatar.com\/avatar\/5a5f5c6fa3e6700e4249abdad0263a1e94e927d9e0499b1cb09c1cd29c044d80?s=96&d=mm&r=g","caption":"La Redazione"},"sameAs":["https:\/\/www.gossip.it"]}]}},"amp_enabled":true,"_links":{"self":[{"href":"https:\/\/www.gossip.it\/api\/wp\/v2\/posts\/16994","targetHints":{"allow":["GET"]}}],"collection":[{"href":"https:\/\/www.gossip.it\/api\/wp\/v2\/posts"}],"about":[{"href":"https:\/\/www.gossip.it\/api\/wp\/v2\/types\/post"}],"author":[{"embeddable":true,"href":"https:\/\/www.gossip.it\/api\/wp\/v2\/users\/1"}],"replies":[{"embeddable":true,"href":"https:\/\/www.gossip.it\/api\/wp\/v2\/comments?post=16994"}],"version-history":[{"count":0,"href":"https:\/\/www.gossip.it\/api\/wp\/v2\/posts\/16994\/revisions"}],"wp:featuredmedia":[{"embeddable":true,"href":"https:\/\/www.gossip.it\/api\/wp\/v2\/media\/73043"}],"wp:attachment":[{"href":"https:\/\/www.gossip.it\/api\/wp\/v2\/media?parent=16994"}],"wp:term":[{"taxonomy":"category","embeddable":true,"href":"https:\/\/www.gossip.it\/api\/wp\/v2\/categories?post=16994"},{"taxonomy":"post_tag","embeddable":true,"href":"https:\/\/www.gossip.it\/api\/wp\/v2\/tags?post=16994"},{"taxonomy":"vip","embeddable":true,"href":"https:\/\/www.gossip.it\/api\/wp\/v2\/vip?post=16994"}],"curies":[{"name":"wp","href":"https:\/\/api.w.org\/{rel}","templated":true}]}}