{"id":170302,"date":"2024-04-17T12:27:59","date_gmt":"2024-04-17T10:27:59","guid":{"rendered":"https:\/\/www.gossip.it\/?p=170302"},"modified":"2026-04-14T11:57:44","modified_gmt":"2026-04-14T09:57:44","slug":"ex-miss-italia-secondo-arresto-figlia","status":"publish","type":"post","link":"https:\/\/www.gossip.it\/news\/ex-miss-italia-secondo-arresto-figlia\/","title":{"rendered":"''Non si rende conto della gravit\u00e0'': l\u2019ex Miss Italia Nadia Bengala dopo il secondo arresto della figlia parla in tv del suo 'inferno'"},"content":{"rendered":"\n<ul class=\"wp-block-list\">\n<li>Nadia Bengala \u00e8 addolorata per Diana, 28 anni. E' mamma anche di Gaia, 26 anni<\/li>\n\n\n\n<li>La ragazza \u00e8 stata arrestata la prima volta ad agosto, accusata di rapina impropria, tentato furto aggravato e lesioni aggravate<\/li>\n<\/ul>\n\n\n\n<p><em>\u201cMi fa male per lei\u201d<\/em>, dice. <a href=\"http:\/\/www.gossip.it\/vip\/nadia-bengala\">Nadia Bengala<\/a> in tv. A <em>Generazione Z<\/em>, ospite di <a href=\"http:\/\/www.gossip.it7vip\/monica-setta\">Monica Setta,<\/a> parla del suo<em>\u2018inferno\u2019<\/em>. <strong>L\u2019ex Miss Italia \u00e8 addolorata dopo il secondo arresto della figlia. <em>\u201cNon si rende conto della gravit\u00e0\u201d<\/em>, sottolinea<\/strong>. Diana Schivardi, 28 anni, \u00e8 finita in manette circa 4 settimane fa mentre provata a rubare delle auto a Roma. La prima volta, lo scorso 16 agosto, era stata arrestata per\u00a0rapina impropria, tentato furto aggravato e lesioni aggravate ed era stata processata per direttissima e condannata. <\/p>\n\n\n\n<figure class=\"wp-block-image size-large\"><img decoding=\"async\" width=\"1024\" height=\"576\" src=\"https:\/\/www.gossip.it\/wp-content\/uploads\/2024\/04\/bengala_1-1024x576.jpg\" alt=\"\" class=\"wp-image-170306\" srcset=\"https:\/\/www.gossip.it\/wp-content\/uploads\/2024\/04\/bengala_1-1024x576.jpg 1024w, https:\/\/www.gossip.it\/wp-content\/uploads\/2024\/04\/bengala_1-300x169.jpg 300w, https:\/\/www.gossip.it\/wp-content\/uploads\/2024\/04\/bengala_1-768x432.jpg 768w, https:\/\/www.gossip.it\/wp-content\/uploads\/2024\/04\/bengala_1-750x422.jpg 750w, https:\/\/www.gossip.it\/wp-content\/uploads\/2024\/04\/bengala_1-730x410.jpg 730w, https:\/\/www.gossip.it\/wp-content\/uploads\/2024\/04\/bengala_1.jpg 1134w\" sizes=\"(max-width: 1024px) 100vw, 1024px\" \/><figcaption class=\"wp-element-caption\"><em>''Non si rende conto della gravit\u00e0'':<\/em> l\u2019ex Miss Italia dopo il secondo arresto della figlia parla in tv del suo <em>'inferno'<\/em><\/figcaption><\/figure>\n\n\n\n<p>Sull\u2019ultimo arresto Nadia racconta come sarebbe andata. Diana era in ospedale, era stata lei stessa a rivolgersi alle Forze dell\u2019Ordine per chiedere aiuto prima e cos\u00ec accettare il ricovero. Avrebbero dovuto tenerla l\u00ec sedata, invece la ragazza \u00e8 uscita. <em>\u201cIn stato confusionale, girava l\u00ec intorno, non sapeva cosa fare e si \u00e8 infilata in una macchina che ha trovato aperta<\/em> - dice - <em>E\u2019 arrivato il proprietario, cos\u00ec si \u00e8 infilata in un\u2019altra\u2026\u201d<\/em>. Sottolinea quanto la figlia stesse male e aggiunge: <em>\u201cIl tentato furto con cosa? Con le chiavi di casa con cui provava ad accendere le auto?\u201d.<\/em><\/p>\n\n\n\n<p>Nadia spiega come si \u00e8 arrivati a tutto questo, al disagio di Diana. <em>\u201cLei \u00e8 cresciuta con me, mi sono separata dal padre che aveva quasi 4 anni. Sono stata abbastanza da sola. Ha cominciato a essere un po\u2019 pi\u00f9 ribelle crescendo, <strong>do la colpa anche a me, forse troppo severa, si sentiva repressa da molte cose<\/strong>. Me l\u2019ha anche detto: \u2018Ora mi devo rifare, stavo sempre a casa a studiare\u2019. Ma non \u00e8 che la obbligassi. Ha avuto delle sue fasi, si creava dei complessi\u2026\u201d<\/em>, chiarisce.<\/p>\n\n\n\n<figure class=\"wp-block-image size-large\"><img decoding=\"async\" width=\"1024\" height=\"576\" src=\"https:\/\/www.gossip.it\/wp-content\/uploads\/2024\/04\/bengala_2-1024x576.jpg\" alt=\"\" class=\"wp-image-170307\" srcset=\"https:\/\/www.gossip.it\/wp-content\/uploads\/2024\/04\/bengala_2-1024x576.jpg 1024w, https:\/\/www.gossip.it\/wp-content\/uploads\/2024\/04\/bengala_2-300x169.jpg 300w, https:\/\/www.gossip.it\/wp-content\/uploads\/2024\/04\/bengala_2-768x432.jpg 768w, https:\/\/www.gossip.it\/wp-content\/uploads\/2024\/04\/bengala_2-750x422.jpg 750w, https:\/\/www.gossip.it\/wp-content\/uploads\/2024\/04\/bengala_2-730x410.jpg 730w, https:\/\/www.gossip.it\/wp-content\/uploads\/2024\/04\/bengala_2.jpg 1134w\" sizes=\"(max-width: 1024px) 100vw, 1024px\" \/><figcaption class=\"wp-element-caption\">Nadia Bengala \u00e8 addolorata per Diana, 28 anni. E' mamma anche di Gaia, 26 anni<\/figcaption><\/figure>\n\n\n\n<p>La Bengala aggiunge: \u201c<em>Diana ha avuto un incidente a casa, si tagli\u00f2 la gamba e smise di fare danza. A causa di questo stop improvviso, si ingrass\u00f2, poi stava sempre a casa. Questo non ha aiutato per la sua serenit\u00e0 in una fase di crescita\u201d<\/em>. Dopo il diploma la figlia \u00e8 andata a studiare a Londra: <em>\u201cL\u00ec non aveva pi\u00f9 il controllo, <strong>\u00e8 quindi stato pi\u00f9 facile sperimentare delle cose<\/strong>. Se la prima volta che \u00e8 tornata avesse problemi di tossicodipendenza? No, l\u2019ho vista molto serena. Stava bene. Ma c\u2019\u00e8 da dire che c\u2019\u00e8 stata una carenza affettiva paterna, <strong>tanto \u00e8 vero che si era messa con un uomo molto pi\u00f9 grande, 50enne, mio coetaneo<\/strong>. Parlo di 10 anni fa. Per noi era strano, la scelta non ci piaceva. Questa cosa me l\u2019ha fatta distaccare molto. <strong>Lei \u00e8 andata via, non si \u00e8 fatta pi\u00f9 sentire per un lungo periodo<\/strong>\u201d.<\/em><\/p>\n\n\n\n<p>Nadia ha cercato di riavvicinarsi, ma la figlia era arrabbiata. \u201c<em>Quando \u00e8 tornata mi ha detto che io non dovevo pi\u00f9 pensare a lei, che la sua vita era la sua vita. Ed \u00e8 cos\u00ec, certo. Ma le dicevo sempre: \u2018Se io posso evitarti una sofferenza con la mia esperienza lo faccio\u2019\u201d<\/em>, rivela. <em>\u201c<strong>Negli ultimi tempi la sua vita \u00e8 un disastr<\/strong><\/em><strong>o<\/strong> - aggiunge - <em>ha un\u2019insofferenza a qualsiasi cosa tu le possa dire. <strong>Se ho visto della droga a casa: io so che lo fa<\/strong>. Prima era molto pi\u00f9 equilibrata. Ho capito che per lei \u00e8 un rifugio. Lei dice che vuole curarsi, poi in altri momenti no. <strong>Lei ora \u00e8 a piede libero in attesa di processo<\/strong>\u201d.<\/em><\/p>\n\n\n\n<figure class=\"wp-block-image size-large\"><img decoding=\"async\" width=\"1024\" height=\"576\" src=\"https:\/\/www.gossip.it\/wp-content\/uploads\/2024\/04\/bengala_3-1024x576.jpg\" alt=\"\" class=\"wp-image-170308\" srcset=\"https:\/\/www.gossip.it\/wp-content\/uploads\/2024\/04\/bengala_3-1024x576.jpg 1024w, https:\/\/www.gossip.it\/wp-content\/uploads\/2024\/04\/bengala_3-300x169.jpg 300w, https:\/\/www.gossip.it\/wp-content\/uploads\/2024\/04\/bengala_3-768x432.jpg 768w, https:\/\/www.gossip.it\/wp-content\/uploads\/2024\/04\/bengala_3-750x422.jpg 750w, https:\/\/www.gossip.it\/wp-content\/uploads\/2024\/04\/bengala_3-730x410.jpg 730w, https:\/\/www.gossip.it\/wp-content\/uploads\/2024\/04\/bengala_3.jpg 1134w\" sizes=\"(max-width: 1024px) 100vw, 1024px\" \/><figcaption class=\"wp-element-caption\">A <em>Generazione Z<\/em> confessa il disagio della ragazza e le sue problematiche<\/figcaption><\/figure>\n\n\n\n<p>La Bengala sottolinea ancora una volta quanto la figlia adesso senta che il problema sia la lontananza del padre dalla sua vita. Poi, quando le viene chiesto se abbia parlato in questi giorni con Diana, precisa: <em>\u201cS\u00ec, <strong>ma lei non si rende conto della gravit\u00e0 delle sue azioni<\/strong>. Lei capisce di avere un problema, dice di volersi curare, ma io devo fare in modo che lo faccio. Ora sta da me, io passo le giornate a mettere a posto la sua camera, perch\u00e9 <strong>non ha pi\u00f9 la cognizione di come si vive, non sembra pi\u00f9 la stessa ragazza\u2026<\/strong> Devo essere calma, la faccio parlare, sfogare. <strong>Io voglio che lei stia bene<\/strong>\u201d.<\/em><\/p>\n","protected":false},"excerpt":{"rendered":"<p>\u201cMi fa male per lei\u201d, dice. Nadia Bengala in tv...<\/p>\n","protected":false},"author":24,"featured_media":170309,"comment_status":"open","ping_status":"closed","sticky":false,"template":"","format":"standard","meta":{"footnotes":""},"categories":[54],"tags":[76827,73387,2793,63745,76825,76826,76828,67046],"vip":[1385],"class_list":["post-170302","post","type-post","status-publish","format-standard","has-post-thumbnail","hentry","category-news","tag-dianaschivardi","tag-generazionez","tag-gossip","tag-missitalia","tag-nadiabengala","tag-nadiabengalafiglia","tag-nadiabengalafigliaarrestata","tag-sifb","vip-nadia_bengala"],"yoast_head":"<title>&#039;&#039;Non si rende conto della gravit\u00e0&#039;&#039;: l\u2019ex Miss Italia Nadia Bengala dopo il secondo arresto della figlia parla in tv del suo &#039;inferno&#039; - Gossip.it | News sul Gossip e VIP<\/title>\n<meta name=\"description\" content=\"&#039;&#039;Non si rende conto della gravit\u00e0&#039;&#039;: l\u2019ex Miss Italia dopo il secondo arresto della figlia parla in tv del suo &#039;inferno&#039;\" \/>\n<meta name=\"robots\" content=\"index, follow, max-snippet:-1, max-image-preview:large, max-video-preview:-1\" \/>\n<link rel=\"canonical\" href=\"https:\/\/www.gossip.it\/news\/ex-miss-italia-secondo-arresto-figlia\/\" \/>\n<meta property=\"og:locale\" content=\"it_IT\" \/>\n<meta property=\"og:type\" content=\"article\" \/>\n<meta property=\"og:title\" content=\"&#039;&#039;Non si rende conto della gravit\u00e0&#039;&#039;: l\u2019ex Miss Italia Nadia Bengala dopo il secondo arresto della figlia parla in tv del suo &#039;inferno&#039; - Gossip.it | News sul Gossip e VIP\" \/>\n<meta property=\"og:description\" content=\"&#039;&#039;Non si rende conto della gravit\u00e0&#039;&#039;: l\u2019ex Miss Italia dopo il secondo arresto della figlia parla in tv del suo &#039;inferno&#039;\" \/>\n<meta property=\"og:url\" content=\"https:\/\/www.gossip.it\/news\/ex-miss-italia-secondo-arresto-figlia\/\" \/>\n<meta property=\"og:site_name\" content=\"Gossip.it | News sul Gossip e VIP\" \/>\n<meta property=\"article:publisher\" content=\"https:\/\/www.facebook.com\/GossipIT\" \/>\n<meta property=\"article:published_time\" content=\"2024-04-17T10:27:59+00:00\" \/>\n<meta property=\"article:modified_time\" content=\"2026-04-14T09:57:44+00:00\" \/>\n<meta property=\"og:image\" content=\"https:\/\/www.gossip.it\/wp-content\/uploads\/2024\/04\/lancio-BENGALA-FB.jpg\" \/>\n\t<meta property=\"og:image:width\" content=\"1134\" \/>\n\t<meta property=\"og:image:height\" content=\"659\" \/>\n\t<meta property=\"og:image:type\" content=\"image\/jpeg\" \/>\n<meta name=\"author\" content=\"Carla Giuni\" \/>\n<meta name=\"twitter:card\" content=\"summary_large_image\" \/>\n<meta name=\"twitter:creator\" content=\"@gossinews_it\" \/>\n<meta name=\"twitter:site\" content=\"@gossinews_it\" \/>\n<meta name=\"twitter:label1\" content=\"Scritto da\" \/>\n\t<meta name=\"twitter:data1\" content=\"Carla Giuni\" \/>\n\t<meta name=\"twitter:label2\" content=\"Tempo di lettura stimato\" \/>\n\t<meta name=\"twitter:data2\" content=\"5 minuti\" \/>","yoast_head_json":{"title":"''Non si rende conto della gravit\u00e0'': l\u2019ex Miss Italia Nadia Bengala dopo il secondo arresto della figlia parla in tv del suo 'inferno' - Gossip.it | News sul Gossip e VIP","description":"''Non si rende conto della gravit\u00e0'': l\u2019ex Miss Italia dopo il secondo arresto della figlia parla in tv del suo 'inferno'","robots":{"index":"index","follow":"follow","max-snippet":"max-snippet:-1","max-image-preview":"max-image-preview:large","max-video-preview":"max-video-preview:-1"},"canonical":"https:\/\/www.gossip.it\/news\/ex-miss-italia-secondo-arresto-figlia\/","og_locale":"it_IT","og_type":"article","og_title":"''Non si rende conto della gravit\u00e0'': l\u2019ex Miss Italia Nadia Bengala dopo il secondo arresto della figlia parla in tv del suo 'inferno' - Gossip.it | News sul Gossip e VIP","og_description":"''Non si rende conto della gravit\u00e0'': l\u2019ex Miss Italia dopo il secondo arresto della figlia parla in tv del suo 'inferno'","og_url":"https:\/\/www.gossip.it\/news\/ex-miss-italia-secondo-arresto-figlia\/","og_site_name":"Gossip.it | News sul Gossip e VIP","article_publisher":"https:\/\/www.facebook.com\/GossipIT","article_published_time":"2024-04-17T10:27:59+00:00","article_modified_time":"2026-04-14T09:57:44+00:00","og_image":[{"width":1134,"height":659,"url":"https:\/\/www.gossip.it\/wp-content\/uploads\/2024\/04\/lancio-BENGALA-FB.jpg","type":"image\/jpeg"}],"author":"Carla Giuni","twitter_card":"summary_large_image","twitter_creator":"@gossinews_it","twitter_site":"@gossinews_it","twitter_misc":{"Scritto da":"Carla Giuni","Tempo di lettura stimato":"5 minuti"},"schema":{"@context":"https:\/\/schema.org","@graph":[{"@type":"Article","@id":"https:\/\/www.gossip.it\/news\/ex-miss-italia-secondo-arresto-figlia\/#article","isPartOf":{"@id":"https:\/\/www.gossip.it\/news\/ex-miss-italia-secondo-arresto-figlia\/"},"author":{"name":"Carla Giuni","@id":"https:\/\/www.gossip.it\/#\/schema\/person\/df4a88c190f338e21427b6f342595faa"},"headline":"''Non si rende conto della gravit\u00e0'': l\u2019ex Miss Italia Nadia Bengala dopo il secondo arresto della figlia parla in tv del suo 'inferno'","datePublished":"2024-04-17T10:27:59+00:00","dateModified":"2026-04-14T09:57:44+00:00","mainEntityOfPage":{"@id":"https:\/\/www.gossip.it\/news\/ex-miss-italia-secondo-arresto-figlia\/"},"wordCount":737,"commentCount":0,"publisher":{"@id":"https:\/\/www.gossip.it\/#organization"},"image":{"@id":"https:\/\/www.gossip.it\/news\/ex-miss-italia-secondo-arresto-figlia\/#primaryimage"},"thumbnailUrl":"https:\/\/www.gossip.it\/wp-content\/uploads\/2024\/04\/lancio-BENGALA.jpg","keywords":["dianaschivardi","generazionez","gossip","missitalia","nadiabengala","nadiabengalafiglia","nadiabengalafigliaarrestata","sifb"],"articleSection":["News"],"inLanguage":"it-IT","potentialAction":[{"@type":"CommentAction","name":"Comment","target":["https:\/\/www.gossip.it\/news\/ex-miss-italia-secondo-arresto-figlia\/#respond"]}]},{"@type":"WebPage","@id":"https:\/\/www.gossip.it\/news\/ex-miss-italia-secondo-arresto-figlia\/","url":"https:\/\/www.gossip.it\/news\/ex-miss-italia-secondo-arresto-figlia\/","name":"''Non si rende conto della gravit\u00e0'': l\u2019ex Miss Italia Nadia Bengala dopo il secondo arresto della figlia parla in tv del suo 'inferno' - Gossip.it | News sul Gossip e VIP","isPartOf":{"@id":"https:\/\/www.gossip.it\/#website"},"primaryImageOfPage":{"@id":"https:\/\/www.gossip.it\/news\/ex-miss-italia-secondo-arresto-figlia\/#primaryimage"},"image":{"@id":"https:\/\/www.gossip.it\/news\/ex-miss-italia-secondo-arresto-figlia\/#primaryimage"},"thumbnailUrl":"https:\/\/www.gossip.it\/wp-content\/uploads\/2024\/04\/lancio-BENGALA.jpg","datePublished":"2024-04-17T10:27:59+00:00","dateModified":"2026-04-14T09:57:44+00:00","description":"''Non si rende conto della gravit\u00e0'': l\u2019ex Miss Italia dopo il secondo arresto della figlia parla in tv del suo 'inferno'","breadcrumb":{"@id":"https:\/\/www.gossip.it\/news\/ex-miss-italia-secondo-arresto-figlia\/#breadcrumb"},"inLanguage":"it-IT","potentialAction":[{"@type":"ReadAction","target":["https:\/\/www.gossip.it\/news\/ex-miss-italia-secondo-arresto-figlia\/"]}]},{"@type":"ImageObject","inLanguage":"it-IT","@id":"https:\/\/www.gossip.it\/news\/ex-miss-italia-secondo-arresto-figlia\/#primaryimage","url":"https:\/\/www.gossip.it\/wp-content\/uploads\/2024\/04\/lancio-BENGALA.jpg","contentUrl":"https:\/\/www.gossip.it\/wp-content\/uploads\/2024\/04\/lancio-BENGALA.jpg","width":1134,"height":808},{"@type":"BreadcrumbList","@id":"https:\/\/www.gossip.it\/news\/ex-miss-italia-secondo-arresto-figlia\/#breadcrumb","itemListElement":[{"@type":"ListItem","position":1,"name":"Home","item":"https:\/\/www.gossip.it\/"},{"@type":"ListItem","position":2,"name":"''Non si rende conto della gravit\u00e0'': l\u2019ex Miss Italia Nadia Bengala dopo il secondo arresto della figlia parla in tv del suo 'inferno'"}]},{"@type":"WebSite","@id":"https:\/\/www.gossip.it\/#website","url":"https:\/\/www.gossip.it\/","name":"Gossip and VIP News","description":"Quotidiano di cronaca rosa, costume e societ\u00e0","publisher":{"@id":"https:\/\/www.gossip.it\/#organization"},"alternateName":"Gossip and VIP News","potentialAction":[{"@type":"SearchAction","target":{"@type":"EntryPoint","urlTemplate":"https:\/\/www.gossip.it\/?s={search_term_string}"},"query-input":{"@type":"PropertyValueSpecification","valueRequired":true,"valueName":"search_term_string"}}],"inLanguage":"it-IT"},{"@type":"Organization","@id":"https:\/\/www.gossip.it\/#organization","name":"Gossip and VIP News","alternateName":"Gossip News","url":"https:\/\/www.gossip.it\/","logo":{"@type":"ImageObject","inLanguage":"it-IT","@id":"https:\/\/www.gossip.it\/#\/schema\/logo\/image\/","url":"https:\/\/www.gossip.it\/wp-content\/uploads\/2022\/04\/cropped-corna-alta-tiny.png","contentUrl":"https:\/\/www.gossip.it\/wp-content\/uploads\/2022\/04\/cropped-corna-alta-tiny.png","width":512,"height":512,"caption":"Gossip and VIP News"},"image":{"@id":"https:\/\/www.gossip.it\/#\/schema\/logo\/image\/"},"sameAs":["https:\/\/www.facebook.com\/GossipIT","https:\/\/x.com\/gossinews_it","https:\/\/instagram.com\/gossip_it"]},{"@type":"Person","@id":"https:\/\/www.gossip.it\/#\/schema\/person\/df4a88c190f338e21427b6f342595faa","name":"Carla Giuni","image":{"@type":"ImageObject","inLanguage":"it-IT","@id":"https:\/\/www.gossip.it\/#\/schema\/person\/image\/","url":"https:\/\/secure.gravatar.com\/avatar\/9caf92f895c8e9a7cca263cd6e3860da8edad54c0a92046a7e363cbd3fa35c36?s=96&d=mm&r=g","contentUrl":"https:\/\/secure.gravatar.com\/avatar\/9caf92f895c8e9a7cca263cd6e3860da8edad54c0a92046a7e363cbd3fa35c36?s=96&d=mm&r=g","caption":"Carla Giuni"}}]}},"amp_enabled":true,"_links":{"self":[{"href":"https:\/\/www.gossip.it\/api\/wp\/v2\/posts\/170302","targetHints":{"allow":["GET"]}}],"collection":[{"href":"https:\/\/www.gossip.it\/api\/wp\/v2\/posts"}],"about":[{"href":"https:\/\/www.gossip.it\/api\/wp\/v2\/types\/post"}],"author":[{"embeddable":true,"href":"https:\/\/www.gossip.it\/api\/wp\/v2\/users\/24"}],"replies":[{"embeddable":true,"href":"https:\/\/www.gossip.it\/api\/wp\/v2\/comments?post=170302"}],"version-history":[{"count":1,"href":"https:\/\/www.gossip.it\/api\/wp\/v2\/posts\/170302\/revisions"}],"predecessor-version":[{"id":213483,"href":"https:\/\/www.gossip.it\/api\/wp\/v2\/posts\/170302\/revisions\/213483"}],"wp:featuredmedia":[{"embeddable":true,"href":"https:\/\/www.gossip.it\/api\/wp\/v2\/media\/170309"}],"wp:attachment":[{"href":"https:\/\/www.gossip.it\/api\/wp\/v2\/media?parent=170302"}],"wp:term":[{"taxonomy":"category","embeddable":true,"href":"https:\/\/www.gossip.it\/api\/wp\/v2\/categories?post=170302"},{"taxonomy":"post_tag","embeddable":true,"href":"https:\/\/www.gossip.it\/api\/wp\/v2\/tags?post=170302"},{"taxonomy":"vip","embeddable":true,"href":"https:\/\/www.gossip.it\/api\/wp\/v2\/vip?post=170302"}],"curies":[{"name":"wp","href":"https:\/\/api.w.org\/{rel}","templated":true}]}}