{"id":17073,"date":"2003-03-04T00:00:00","date_gmt":"2003-03-03T23:00:00","guid":{"rendered":"https:\/\/www.gossip.it\/senza-categoria\/il-festival-del-look-come-si-presenteranno-big-e-vallette\/"},"modified":"2003-03-04T00:00:00","modified_gmt":"2003-03-03T23:00:00","slug":"il-festival-del-look-come-si-presenteranno-big-e-vallette","status":"publish","type":"post","link":"https:\/\/www.gossip.it\/news\/il-festival-del-look-come-si-presenteranno-big-e-vallette\/","title":{"rendered":"[Il Festival del Look]: Come si presenteranno big e vallette?"},"content":{"rendered":"<p>Finalmente \u00e8 arrivato il Festival! Tutti incuriositi, incollati alla tv (chi pi\u00f9 chi meno) per commentare, spettegolare, e magari copiare qualche nuova idea in fatto di immagine. Io sono gi\u00e0 arrivato qui, e vi assicuro che \u00e8 veramente un putiferio, soprattutto se hai un'amica che si chiama Carmen Di Pietro, che ti chiama venti volte al giorno, vuole consigli e poi non li segue mai. Glielo dico sempre: \"Carmen sei la mia rovina, mi fai vergognare, non dire che sono il tuo parrucchiere, pensa che figura!!!\". Ma a dire la verit\u00e0 le voglio talmente bene che la seguo ovunque. Qui non ci sono orari, si lavora no-stop, si dorme poco e soprattutto si mangia tardi, quando invece vorresti un cappuccino, una brioche e  un bel letto per farti cullare dalle braccia di Morfeo. Ma alla fine il bello \u00e8 proprio questo. Quest'anno Baudo \u00e8 riuscito ad unire generi e gusti diversi in un mix di indubbia eleganza. Non vedo l'ora di vedere il look dei cantanti. <\/p>\n<p>Attendo con ansia Anna Oxa, che \u00e8 sempre cos\u00ec camaleontica, la pi\u00f9 attesa da tutti noi addetti alla \"bellezza\", e  che tutte le volte riesce ad anticipare le tendenze sia in fatto di capelli che di trucco, lasciando tutti con il fiato sospeso. E' magnetica ed ammaliante. Siria adotter\u00e0 sicuramente un look giovane, di tendenza e di impatto, catturando in un batter d'occhio tutti i suoi fans. Grande attenzione anche per Silvia Salemi e la giovanissima Anna Tatangelo. Curiosit\u00e0 per il duo Bobby Solo e Little Tony (che giorni fa ha riscosso grande successo alla trasmissione radiofonica di Fiorello).<\/p>\n<p>Non vedo l'ora di vedere le \"regine\" del palcoscenico Claudia Gerini e Serena Autieri. Claudia \u00e8 veramente molto bella, estremamente chic e naturale al tempo stesso. Ha accentuato i toni del rosso sui capelli, mettendo cos\u00ec in risalto i suoi bellissimi occhi verdi. <\/p>\n<p>La Autieri \u00e8 sofisticata. Ha un look estremamente curato, soprattutto per quello che concerne i suoi biondissimi capelli.Fino ad ora negli spot pubblicitari e nelle interviste ha utilizzato pettinature molto sofisticate, che ci riportano con la mente ad immagini d'altri tempi, con onde stile anni '40. Guardare i suoi splendidi occhi azzurri \u00e8 come fare un tuffo in acque cristalline. Sicuramente non mancher\u00e0 di stupirci anche con la sua  splendida voce. Ha infatti iniziato la sua carriera cantando nei pianobar a Napoli, la citt\u00e0 dove \u00e8 nata. La romana Claudia, invece, adotta pettinature all'apparenza pi\u00f9 \"free\", ma che nascondono invece un lavoro molto attento e curato nei minimi dettagli. E che dire degli abiti? Claudia indosser\u00e0 capi di diversi stilisti (ed a quanto si \u00e8 appreso dai giornali pare che questo le abbia creato qualche problemino con Armani che la voleva tutta per s\u00e8). La Autieri sar\u00e0 invece griffata Ferr\u00e8.<\/p>\n<p>Ma prima dell'inizio ufficiale tutto rimane (per quello che \u00e8 possibile, salvo indiscrezioni) top secret. Bisogner\u00e0 attendere allora l'inizio della kermesse per vedere e dare...qualche voto, a volte anche di troppo!<\/p>\n","protected":false},"excerpt":{"rendered":"<p>Finalmente \u00e8 arrivato il Festival! Tutti incuriositi, incollati alla tv (chi pi\u00f9 chi meno) per commentare, spettegolare, e magari copiare qualche nuova idea in fatto di immagine. Io sono gi\u00e0 arrivato qui, e vi assicuro che \u00e8 veramente un putiferio, soprattutto se hai un'amica che si chiama Carmen Di Pietro, che ti chiama venti volte [&hellip;]<\/p>\n","protected":false},"author":1,"featured_media":73122,"comment_status":"closed","ping_status":"closed","sticky":false,"template":"","format":"standard","meta":{"footnotes":""},"categories":[54],"tags":[2637,16939,2582,16938],"vip":[],"class_list":["post-17073","post","type-post","status-publish","format-standard","has-post-thumbnail","hentry","category-news","tag-festival-di-sanremo","tag-miche-spano","tag-sanremo","tag-sanremomichele"],"yoast_head":"<title>[Il Festival del Look]: Come si presenteranno big e vallette? - Gossip.it | News sul Gossip e VIP<\/title>\n<meta name=\"description\" content=\"Finalmente \u00e8 arrivato il Festival! Tutti incuriositi, incollati alla tv (chi pi\u00f9 chi meno) per commentare, spettegolare, e magari copiare qualche nuova\" \/>\n<meta name=\"robots\" content=\"index, follow, max-snippet:-1, max-image-preview:large, max-video-preview:-1\" \/>\n<link rel=\"canonical\" href=\"https:\/\/www.gossip.it\/news\/il-festival-del-look-come-si-presenteranno-big-e-vallette\/\" \/>\n<meta property=\"og:locale\" content=\"it_IT\" \/>\n<meta property=\"og:type\" content=\"article\" \/>\n<meta property=\"og:title\" content=\"[Il Festival del Look]: Come si presenteranno big e vallette? - Gossip.it | News sul Gossip e VIP\" \/>\n<meta property=\"og:description\" content=\"Finalmente \u00e8 arrivato il Festival! Tutti incuriositi, incollati alla tv (chi pi\u00f9 chi meno) per commentare, spettegolare, e magari copiare qualche nuova\" \/>\n<meta property=\"og:url\" content=\"https:\/\/www.gossip.it\/news\/il-festival-del-look-come-si-presenteranno-big-e-vallette\/\" \/>\n<meta property=\"og:site_name\" content=\"Gossip.it | News sul Gossip e VIP\" \/>\n<meta property=\"article:publisher\" content=\"https:\/\/www.facebook.com\/GossipIT\" \/>\n<meta property=\"article:published_time\" content=\"2003-03-03T23:00:00+00:00\" \/>\n<meta property=\"og:image\" content=\"\/images2\/spano.jpg\" \/>\n<meta name=\"author\" content=\"La Redazione\" \/>\n<meta name=\"twitter:card\" content=\"summary_large_image\" \/>\n<meta name=\"twitter:image\" content=\"\/images2\/spano.jpg\" \/>\n<meta name=\"twitter:creator\" content=\"@gossinews_it\" \/>\n<meta name=\"twitter:site\" content=\"@gossinews_it\" \/>\n<meta name=\"twitter:label1\" content=\"Scritto da\" \/>\n\t<meta name=\"twitter:data1\" content=\"Michele Span\u00f2\" \/>\n\t<meta name=\"twitter:label2\" content=\"Tempo di lettura stimato\" \/>\n\t<meta name=\"twitter:data2\" content=\"2 minuti\" \/>","yoast_head_json":{"title":"[Il Festival del Look]: Come si presenteranno big e vallette? - Gossip.it | News sul Gossip e VIP","description":"Finalmente \u00e8 arrivato il Festival! Tutti incuriositi, incollati alla tv (chi pi\u00f9 chi meno) per commentare, spettegolare, e magari copiare qualche nuova","robots":{"index":"index","follow":"follow","max-snippet":"max-snippet:-1","max-image-preview":"max-image-preview:large","max-video-preview":"max-video-preview:-1"},"canonical":"https:\/\/www.gossip.it\/news\/il-festival-del-look-come-si-presenteranno-big-e-vallette\/","og_locale":"it_IT","og_type":"article","og_title":"[Il Festival del Look]: Come si presenteranno big e vallette? - Gossip.it | News sul Gossip e VIP","og_description":"Finalmente \u00e8 arrivato il Festival! Tutti incuriositi, incollati alla tv (chi pi\u00f9 chi meno) per commentare, spettegolare, e magari copiare qualche nuova","og_url":"https:\/\/www.gossip.it\/news\/il-festival-del-look-come-si-presenteranno-big-e-vallette\/","og_site_name":"Gossip.it | News sul Gossip e VIP","article_publisher":"https:\/\/www.facebook.com\/GossipIT","article_published_time":"2003-03-03T23:00:00+00:00","og_image":[{"url":"\/images2\/spano.jpg"}],"author":"La Redazione","twitter_card":"summary_large_image","twitter_image":"\/images2\/spano.jpg","twitter_creator":"@gossinews_it","twitter_site":"@gossinews_it","twitter_misc":{"Scritto da":"Michele Span\u00f2","Tempo di lettura stimato":"2 minuti"},"schema":{"@context":"https:\/\/schema.org","@graph":[{"@type":"Article","@id":"https:\/\/www.gossip.it\/news\/il-festival-del-look-come-si-presenteranno-big-e-vallette\/#article","isPartOf":{"@id":"https:\/\/www.gossip.it\/news\/il-festival-del-look-come-si-presenteranno-big-e-vallette\/"},"author":{"name":"La Redazione","@id":"https:\/\/www.gossip.it\/#\/schema\/person\/488896f75158bff1cc83c6c39d141110"},"headline":"[Il Festival del Look]: Come si presenteranno big e vallette?","datePublished":"2003-03-03T23:00:00+00:00","dateModified":"2003-03-03T23:00:00+00:00","mainEntityOfPage":{"@id":"https:\/\/www.gossip.it\/news\/il-festival-del-look-come-si-presenteranno-big-e-vallette\/"},"wordCount":498,"publisher":{"@id":"https:\/\/www.gossip.it\/#organization"},"image":{"@id":"https:\/\/www.gossip.it\/news\/il-festival-del-look-come-si-presenteranno-big-e-vallette\/#primaryimage"},"thumbnailUrl":"\/images2\/spano.jpg","keywords":["festival di sanremo","miche span\u00f2","sanremo","sanremomichele"],"articleSection":["News"],"inLanguage":"it-IT"},{"@type":"WebPage","@id":"https:\/\/www.gossip.it\/news\/il-festival-del-look-come-si-presenteranno-big-e-vallette\/","url":"https:\/\/www.gossip.it\/news\/il-festival-del-look-come-si-presenteranno-big-e-vallette\/","name":"[Il Festival del Look]: Come si presenteranno big e vallette? - Gossip.it | News sul Gossip e VIP","isPartOf":{"@id":"https:\/\/www.gossip.it\/#website"},"primaryImageOfPage":{"@id":"https:\/\/www.gossip.it\/news\/il-festival-del-look-come-si-presenteranno-big-e-vallette\/#primaryimage"},"image":{"@id":"https:\/\/www.gossip.it\/news\/il-festival-del-look-come-si-presenteranno-big-e-vallette\/#primaryimage"},"thumbnailUrl":"\/images2\/spano.jpg","datePublished":"2003-03-03T23:00:00+00:00","dateModified":"2003-03-03T23:00:00+00:00","description":"Finalmente \u00e8 arrivato il Festival! Tutti incuriositi, incollati alla tv (chi pi\u00f9 chi meno) per commentare, spettegolare, e magari copiare qualche nuova","breadcrumb":{"@id":"https:\/\/www.gossip.it\/news\/il-festival-del-look-come-si-presenteranno-big-e-vallette\/#breadcrumb"},"inLanguage":"it-IT","potentialAction":[{"@type":"ReadAction","target":["https:\/\/www.gossip.it\/news\/il-festival-del-look-come-si-presenteranno-big-e-vallette\/"]}]},{"@type":"ImageObject","inLanguage":"it-IT","@id":"https:\/\/www.gossip.it\/news\/il-festival-del-look-come-si-presenteranno-big-e-vallette\/#primaryimage","url":"\/images2\/spano.jpg","contentUrl":"\/images2\/spano.jpg"},{"@type":"BreadcrumbList","@id":"https:\/\/www.gossip.it\/news\/il-festival-del-look-come-si-presenteranno-big-e-vallette\/#breadcrumb","itemListElement":[{"@type":"ListItem","position":1,"name":"Home","item":"https:\/\/www.gossip.it\/"},{"@type":"ListItem","position":2,"name":"[Il Festival del Look]: Come si presenteranno big e vallette?"}]},{"@type":"WebSite","@id":"https:\/\/www.gossip.it\/#website","url":"https:\/\/www.gossip.it\/","name":"Gossip and VIP News","description":"Quotidiano di cronaca rosa, costume e societ\u00e0","publisher":{"@id":"https:\/\/www.gossip.it\/#organization"},"alternateName":"Gossip and VIP News","potentialAction":[{"@type":"SearchAction","target":{"@type":"EntryPoint","urlTemplate":"https:\/\/www.gossip.it\/?s={search_term_string}"},"query-input":{"@type":"PropertyValueSpecification","valueRequired":true,"valueName":"search_term_string"}}],"inLanguage":"it-IT"},{"@type":"Organization","@id":"https:\/\/www.gossip.it\/#organization","name":"Gossip and VIP News","alternateName":"Gossip News","url":"https:\/\/www.gossip.it\/","logo":{"@type":"ImageObject","inLanguage":"it-IT","@id":"https:\/\/www.gossip.it\/#\/schema\/logo\/image\/","url":"https:\/\/www.gossip.it\/wp-content\/uploads\/2022\/04\/cropped-corna-alta-tiny.png","contentUrl":"https:\/\/www.gossip.it\/wp-content\/uploads\/2022\/04\/cropped-corna-alta-tiny.png","width":512,"height":512,"caption":"Gossip and VIP News"},"image":{"@id":"https:\/\/www.gossip.it\/#\/schema\/logo\/image\/"},"sameAs":["https:\/\/www.facebook.com\/GossipIT","https:\/\/x.com\/gossinews_it","https:\/\/instagram.com\/gossip_it"]},{"@type":"Person","@id":"https:\/\/www.gossip.it\/#\/schema\/person\/488896f75158bff1cc83c6c39d141110","name":"La Redazione","image":{"@type":"ImageObject","inLanguage":"it-IT","@id":"https:\/\/www.gossip.it\/#\/schema\/person\/image\/","url":"https:\/\/secure.gravatar.com\/avatar\/5a5f5c6fa3e6700e4249abdad0263a1e94e927d9e0499b1cb09c1cd29c044d80?s=96&d=mm&r=g","contentUrl":"https:\/\/secure.gravatar.com\/avatar\/5a5f5c6fa3e6700e4249abdad0263a1e94e927d9e0499b1cb09c1cd29c044d80?s=96&d=mm&r=g","caption":"La Redazione"},"sameAs":["https:\/\/www.gossip.it"]}]}},"amp_enabled":true,"_links":{"self":[{"href":"https:\/\/www.gossip.it\/api\/wp\/v2\/posts\/17073","targetHints":{"allow":["GET"]}}],"collection":[{"href":"https:\/\/www.gossip.it\/api\/wp\/v2\/posts"}],"about":[{"href":"https:\/\/www.gossip.it\/api\/wp\/v2\/types\/post"}],"author":[{"embeddable":true,"href":"https:\/\/www.gossip.it\/api\/wp\/v2\/users\/1"}],"replies":[{"embeddable":true,"href":"https:\/\/www.gossip.it\/api\/wp\/v2\/comments?post=17073"}],"version-history":[{"count":0,"href":"https:\/\/www.gossip.it\/api\/wp\/v2\/posts\/17073\/revisions"}],"wp:featuredmedia":[{"embeddable":true,"href":"https:\/\/www.gossip.it\/api\/wp\/v2\/media\/73122"}],"wp:attachment":[{"href":"https:\/\/www.gossip.it\/api\/wp\/v2\/media?parent=17073"}],"wp:term":[{"taxonomy":"category","embeddable":true,"href":"https:\/\/www.gossip.it\/api\/wp\/v2\/categories?post=17073"},{"taxonomy":"post_tag","embeddable":true,"href":"https:\/\/www.gossip.it\/api\/wp\/v2\/tags?post=17073"},{"taxonomy":"vip","embeddable":true,"href":"https:\/\/www.gossip.it\/api\/wp\/v2\/vip?post=17073"}],"curies":[{"name":"wp","href":"https:\/\/api.w.org\/{rel}","templated":true}]}}