{"id":17090,"date":"2003-03-08T00:00:00","date_gmt":"2003-03-07T23:00:00","guid":{"rendered":"https:\/\/www.gossip.it\/senza-categoria\/il-festival-del-look-tutti-pronti-per-il-gran-finale\/"},"modified":"2003-03-08T00:00:00","modified_gmt":"2003-03-07T23:00:00","slug":"il-festival-del-look-tutti-pronti-per-il-gran-finale","status":"publish","type":"post","link":"https:\/\/www.gossip.it\/news\/il-festival-del-look-tutti-pronti-per-il-gran-finale\/","title":{"rendered":"[Il Festival del Look]: Tutti pronti per il gran finale"},"content":{"rendered":"<p>Commentare il look dei protagonisti del festival, non \u00e8 affatto una cosa facile.  Forse perch\u00e9 quest'anno gli abiti, il trucco, i capelli, sono passati in secondo piano e tutta l'attenzione \u00e8 stata catturata dalle vallette \u2013 conduttrici e dai testi delle canzoni presentate che sono veramente molto belli. La stessa Oxa, sicuramente la pi\u00f9 istrionica in fatto di immagine ed indubbiamente la pi\u00f9 attesa da tutti noi che ogni giorno abbiamo a che fare con la bellezza, anche ieri ha adottato un total look bianco, continuando a volerci stupire solo per il suo \"look interiore\".<br \/>\nL'idea del musical poi mi \u00e8 piacita molto. Ha evidenziato ancora di pi\u00f9 la bravura e la professionalit\u00e0 della Gerini e della Autieri. Vi confesso per\u00f2 che ieri ho trovato bellissima la Autieri durante il Dopofestival. Era molto naturale e fashion. Claudia invece mi ha stupito per il bellissimo fisico che sta \"tirando fuori\" con svariati abiti super-griffati. La vincitrice delle nuove proposte Dolcenera, non ha deluso le aspettative, nonostante la mia preferita per le emozioni che mi ha trasmesso fosse Verdiana. Mi ha colpito per\u00f2 Alina. E' divertente immaginare una ragazzina cos\u00ec giovane, che nella vita usa magari solo un po' di lip-gloss sulle labbra, sottoposta al rito del trucco e dei capelli per salire sul palco dell'Ariston. Sicuramente si sar\u00e0 divertita da morire.<br \/>\nLa pi\u00f9 affascinante, bella e magnetica rimane per\u00f2 sempre Sharon Stone, che l'altra sera da super ospite internazionale ci ha emozionato. Ho avuto modo di incrociarla in albergo scortata da body-guard che la proteggevano dall'assalto delle telecamere e dei tanti fans, e devo dire che sembra una ragazzina. Non dimostra affatto i suoi 45 anni. Questo continua a farmi credere che la mia \" filosofia\" in fatto di bellezza \u00e8 quella giusta. Per avere l'armonia del corpo ci vuole bellezza e serenit\u00e0 interiore. Sharon ha dimostrato di essere una donna appagata sia dal punto di vista sentimentale (il marito la segue con affetto ovunque) che professionale, ma credo soprattutto da mamma.<br \/>\nLa sua malattia, da cui \u00e8, come lei stessa ha detto, miracolosamente guarita, le ha fatto indubbiamente capire tante cose e magari l'ha aiutata a dare delle nuove e pi\u00f9 importanti priorit\u00e0 nella vita.<br \/>\nL'appuntamento \u00e8 a questa sera, dove finalmente scopriremo il vincitore e magari avremo delle nuove sorprese in fatto di look. La serata finale \u00e8 quella pi\u00f9 importante, aspettiamoci abiti e look da gran sera per la Autieri e la Gerini, che fino ad ora ci hanno stupito con la loro simpatia e la loro eleganza mai portata all'eccesso o esagerata.<\/p>\n","protected":false},"excerpt":{"rendered":"<p>Commentare il look dei protagonisti del festival, non \u00e8 affatto una cosa facile. Forse perch\u00e9 quest'anno gli abiti, il trucco, i capelli, sono passati in secondo piano e tutta l'attenzione \u00e8 stata catturata dalle vallette \u2013 conduttrici e dai testi delle canzoni presentate che sono veramente molto belli. La stessa Oxa, sicuramente la pi\u00f9 istrionica [&hellip;]<\/p>\n","protected":false},"author":1,"featured_media":73139,"comment_status":"closed","ping_status":"closed","sticky":false,"template":"","format":"standard","meta":{"footnotes":""},"categories":[54],"tags":[2637,1970,16939,2408,2582,16938],"vip":[],"class_list":["post-17090","post","type-post","status-publish","format-standard","has-post-thumbnail","hentry","category-news","tag-festival-di-sanremo","tag-look","tag-miche-spano","tag-musica","tag-sanremo","tag-sanremomichele"],"yoast_head":"<title>[Il Festival del Look]: Tutti pronti per il gran finale - Gossip.it | News sul Gossip e VIP<\/title>\n<meta name=\"description\" content=\"Commentare il look dei protagonisti del festival, non \u00e8 affatto una cosa facile. Forse perch\u00e9 quest&#039;anno gli abiti, il trucco, i capelli, sono passati in\" \/>\n<meta name=\"robots\" content=\"index, follow, max-snippet:-1, max-image-preview:large, max-video-preview:-1\" \/>\n<link rel=\"canonical\" href=\"https:\/\/www.gossip.it\/news\/il-festival-del-look-tutti-pronti-per-il-gran-finale\/\" \/>\n<meta property=\"og:locale\" content=\"it_IT\" \/>\n<meta property=\"og:type\" content=\"article\" \/>\n<meta property=\"og:title\" content=\"[Il Festival del Look]: Tutti pronti per il gran finale - Gossip.it | News sul Gossip e VIP\" \/>\n<meta property=\"og:description\" content=\"Commentare il look dei protagonisti del festival, non \u00e8 affatto una cosa facile. Forse perch\u00e9 quest&#039;anno gli abiti, il trucco, i capelli, sono passati in\" \/>\n<meta property=\"og:url\" content=\"https:\/\/www.gossip.it\/news\/il-festival-del-look-tutti-pronti-per-il-gran-finale\/\" \/>\n<meta property=\"og:site_name\" content=\"Gossip.it | News sul Gossip e VIP\" \/>\n<meta property=\"article:publisher\" content=\"https:\/\/www.facebook.com\/GossipIT\" \/>\n<meta property=\"article:published_time\" content=\"2003-03-07T23:00:00+00:00\" \/>\n<meta property=\"og:image\" content=\"\/images2\/claudiagerini.jpg\" \/>\n<meta name=\"author\" content=\"La Redazione\" \/>\n<meta name=\"twitter:card\" content=\"summary_large_image\" \/>\n<meta name=\"twitter:image\" content=\"\/images2\/claudiagerini.jpg\" \/>\n<meta name=\"twitter:creator\" content=\"@gossinews_it\" \/>\n<meta name=\"twitter:site\" content=\"@gossinews_it\" \/>\n<meta name=\"twitter:label1\" content=\"Scritto da\" \/>\n\t<meta name=\"twitter:data1\" content=\"Michele Span\u00f2\" \/>\n\t<meta name=\"twitter:label2\" content=\"Tempo di lettura stimato\" \/>\n\t<meta name=\"twitter:data2\" content=\"2 minuti\" \/>","yoast_head_json":{"title":"[Il Festival del Look]: Tutti pronti per il gran finale - Gossip.it | News sul Gossip e VIP","description":"Commentare il look dei protagonisti del festival, non \u00e8 affatto una cosa facile. Forse perch\u00e9 quest'anno gli abiti, il trucco, i capelli, sono passati in","robots":{"index":"index","follow":"follow","max-snippet":"max-snippet:-1","max-image-preview":"max-image-preview:large","max-video-preview":"max-video-preview:-1"},"canonical":"https:\/\/www.gossip.it\/news\/il-festival-del-look-tutti-pronti-per-il-gran-finale\/","og_locale":"it_IT","og_type":"article","og_title":"[Il Festival del Look]: Tutti pronti per il gran finale - Gossip.it | News sul Gossip e VIP","og_description":"Commentare il look dei protagonisti del festival, non \u00e8 affatto una cosa facile. Forse perch\u00e9 quest'anno gli abiti, il trucco, i capelli, sono passati in","og_url":"https:\/\/www.gossip.it\/news\/il-festival-del-look-tutti-pronti-per-il-gran-finale\/","og_site_name":"Gossip.it | News sul Gossip e VIP","article_publisher":"https:\/\/www.facebook.com\/GossipIT","article_published_time":"2003-03-07T23:00:00+00:00","og_image":[{"url":"\/images2\/claudiagerini.jpg"}],"author":"La Redazione","twitter_card":"summary_large_image","twitter_image":"\/images2\/claudiagerini.jpg","twitter_creator":"@gossinews_it","twitter_site":"@gossinews_it","twitter_misc":{"Scritto da":"Michele Span\u00f2","Tempo di lettura stimato":"2 minuti"},"schema":{"@context":"https:\/\/schema.org","@graph":[{"@type":"Article","@id":"https:\/\/www.gossip.it\/news\/il-festival-del-look-tutti-pronti-per-il-gran-finale\/#article","isPartOf":{"@id":"https:\/\/www.gossip.it\/news\/il-festival-del-look-tutti-pronti-per-il-gran-finale\/"},"author":{"name":"La Redazione","@id":"https:\/\/www.gossip.it\/#\/schema\/person\/488896f75158bff1cc83c6c39d141110"},"headline":"[Il Festival del Look]: Tutti pronti per il gran finale","datePublished":"2003-03-07T23:00:00+00:00","dateModified":"2003-03-07T23:00:00+00:00","mainEntityOfPage":{"@id":"https:\/\/www.gossip.it\/news\/il-festival-del-look-tutti-pronti-per-il-gran-finale\/"},"wordCount":435,"publisher":{"@id":"https:\/\/www.gossip.it\/#organization"},"image":{"@id":"https:\/\/www.gossip.it\/news\/il-festival-del-look-tutti-pronti-per-il-gran-finale\/#primaryimage"},"thumbnailUrl":"\/images2\/claudiagerini.jpg","keywords":["festival di sanremo","look","miche span\u00f2","musica","sanremo","sanremomichele"],"articleSection":["News"],"inLanguage":"it-IT"},{"@type":"WebPage","@id":"https:\/\/www.gossip.it\/news\/il-festival-del-look-tutti-pronti-per-il-gran-finale\/","url":"https:\/\/www.gossip.it\/news\/il-festival-del-look-tutti-pronti-per-il-gran-finale\/","name":"[Il Festival del Look]: Tutti pronti per il gran finale - Gossip.it | News sul Gossip e VIP","isPartOf":{"@id":"https:\/\/www.gossip.it\/#website"},"primaryImageOfPage":{"@id":"https:\/\/www.gossip.it\/news\/il-festival-del-look-tutti-pronti-per-il-gran-finale\/#primaryimage"},"image":{"@id":"https:\/\/www.gossip.it\/news\/il-festival-del-look-tutti-pronti-per-il-gran-finale\/#primaryimage"},"thumbnailUrl":"\/images2\/claudiagerini.jpg","datePublished":"2003-03-07T23:00:00+00:00","dateModified":"2003-03-07T23:00:00+00:00","description":"Commentare il look dei protagonisti del festival, non \u00e8 affatto una cosa facile. Forse perch\u00e9 quest'anno gli abiti, il trucco, i capelli, sono passati in","breadcrumb":{"@id":"https:\/\/www.gossip.it\/news\/il-festival-del-look-tutti-pronti-per-il-gran-finale\/#breadcrumb"},"inLanguage":"it-IT","potentialAction":[{"@type":"ReadAction","target":["https:\/\/www.gossip.it\/news\/il-festival-del-look-tutti-pronti-per-il-gran-finale\/"]}]},{"@type":"ImageObject","inLanguage":"it-IT","@id":"https:\/\/www.gossip.it\/news\/il-festival-del-look-tutti-pronti-per-il-gran-finale\/#primaryimage","url":"\/images2\/claudiagerini.jpg","contentUrl":"\/images2\/claudiagerini.jpg"},{"@type":"BreadcrumbList","@id":"https:\/\/www.gossip.it\/news\/il-festival-del-look-tutti-pronti-per-il-gran-finale\/#breadcrumb","itemListElement":[{"@type":"ListItem","position":1,"name":"Home","item":"https:\/\/www.gossip.it\/"},{"@type":"ListItem","position":2,"name":"[Il Festival del Look]: Tutti pronti per il gran finale"}]},{"@type":"WebSite","@id":"https:\/\/www.gossip.it\/#website","url":"https:\/\/www.gossip.it\/","name":"Gossip and VIP News","description":"Quotidiano di cronaca rosa, costume e societ\u00e0","publisher":{"@id":"https:\/\/www.gossip.it\/#organization"},"alternateName":"Gossip and VIP News","potentialAction":[{"@type":"SearchAction","target":{"@type":"EntryPoint","urlTemplate":"https:\/\/www.gossip.it\/?s={search_term_string}"},"query-input":{"@type":"PropertyValueSpecification","valueRequired":true,"valueName":"search_term_string"}}],"inLanguage":"it-IT"},{"@type":"Organization","@id":"https:\/\/www.gossip.it\/#organization","name":"Gossip and VIP News","alternateName":"Gossip News","url":"https:\/\/www.gossip.it\/","logo":{"@type":"ImageObject","inLanguage":"it-IT","@id":"https:\/\/www.gossip.it\/#\/schema\/logo\/image\/","url":"https:\/\/www.gossip.it\/wp-content\/uploads\/2022\/04\/cropped-corna-alta-tiny.png","contentUrl":"https:\/\/www.gossip.it\/wp-content\/uploads\/2022\/04\/cropped-corna-alta-tiny.png","width":512,"height":512,"caption":"Gossip and VIP News"},"image":{"@id":"https:\/\/www.gossip.it\/#\/schema\/logo\/image\/"},"sameAs":["https:\/\/www.facebook.com\/GossipIT","https:\/\/x.com\/gossinews_it","https:\/\/instagram.com\/gossip_it"]},{"@type":"Person","@id":"https:\/\/www.gossip.it\/#\/schema\/person\/488896f75158bff1cc83c6c39d141110","name":"La Redazione","image":{"@type":"ImageObject","inLanguage":"it-IT","@id":"https:\/\/www.gossip.it\/#\/schema\/person\/image\/","url":"https:\/\/secure.gravatar.com\/avatar\/5a5f5c6fa3e6700e4249abdad0263a1e94e927d9e0499b1cb09c1cd29c044d80?s=96&d=mm&r=g","contentUrl":"https:\/\/secure.gravatar.com\/avatar\/5a5f5c6fa3e6700e4249abdad0263a1e94e927d9e0499b1cb09c1cd29c044d80?s=96&d=mm&r=g","caption":"La Redazione"},"sameAs":["https:\/\/www.gossip.it"]}]}},"amp_enabled":true,"_links":{"self":[{"href":"https:\/\/www.gossip.it\/api\/wp\/v2\/posts\/17090","targetHints":{"allow":["GET"]}}],"collection":[{"href":"https:\/\/www.gossip.it\/api\/wp\/v2\/posts"}],"about":[{"href":"https:\/\/www.gossip.it\/api\/wp\/v2\/types\/post"}],"author":[{"embeddable":true,"href":"https:\/\/www.gossip.it\/api\/wp\/v2\/users\/1"}],"replies":[{"embeddable":true,"href":"https:\/\/www.gossip.it\/api\/wp\/v2\/comments?post=17090"}],"version-history":[{"count":0,"href":"https:\/\/www.gossip.it\/api\/wp\/v2\/posts\/17090\/revisions"}],"wp:featuredmedia":[{"embeddable":true,"href":"https:\/\/www.gossip.it\/api\/wp\/v2\/media\/73139"}],"wp:attachment":[{"href":"https:\/\/www.gossip.it\/api\/wp\/v2\/media?parent=17090"}],"wp:term":[{"taxonomy":"category","embeddable":true,"href":"https:\/\/www.gossip.it\/api\/wp\/v2\/categories?post=17090"},{"taxonomy":"post_tag","embeddable":true,"href":"https:\/\/www.gossip.it\/api\/wp\/v2\/tags?post=17090"},{"taxonomy":"vip","embeddable":true,"href":"https:\/\/www.gossip.it\/api\/wp\/v2\/vip?post=17090"}],"curies":[{"name":"wp","href":"https:\/\/api.w.org\/{rel}","templated":true}]}}