{"id":171295,"date":"2024-04-30T15:37:39","date_gmt":"2024-04-30T13:37:39","guid":{"rendered":"https:\/\/www.gossip.it\/?p=171295"},"modified":"2024-04-30T15:38:50","modified_gmt":"2024-04-30T13:38:50","slug":"belen-matrimonio-sorella-damigella-d-onore","status":"publish","type":"post","link":"https:\/\/www.gossip.it\/news\/belen-matrimonio-sorella-damigella-d-onore\/","title":{"rendered":"''Siamo una famiglia emotiva, piangeremo tutti'': Belen parla del matrimonio della sorella e del suo ruolo di damigella d\u2019onore"},"content":{"rendered":"\n<ul class=\"wp-block-list\">\n<li>La 39enne torna in tv con Cecilia in <em>Celebrity Hunted<\/em>: la 34enne il 30 giugno sposer\u00e0 Ignazio Moser<\/li>\n\n\n\n<li>La showgirl nuovamente sorridente: <em>\"C\u2019\u00e8 stato il crollo, ma mi sono rialzata nuovamente\u201d<\/em><\/li>\n<\/ul>\n\n\n\n<p><a href=\"http:\/\/www.gossip.it\/vip\/belen-rodriguez\">Belen Rodriguez<\/a> non sta nella pelle. <strong>Parla del matrimonio della sorella e del suo ruolo di damigella d\u2019onore<\/strong>. <a href=\"http:\/\/www.gossip.it\/vip\/cecilia-rodriguez\">Cecilia Rodriguez<\/a>, 34 anni, <strong>il prossimo 30 giugno sposer\u00e0 <a href=\"http:\/\/www.gossip.it\/vip\/ignazio-moser\">Ignazio Moser<\/a><\/strong>, 31 anni. I due sono una coppia dal 2017, quando \u00e8 scoccato il colpo di fulmine al <em>GF Vip<\/em>. <em>\u201c<strong>Siamo una famiglia emotiva, piangeremo tutti<\/strong>\u201d<\/em>, dice la showgirl argentina 39enne a <em>Today<\/em>.<\/p>\n\n\n\n<figure class=\"wp-block-image size-large\"><img decoding=\"async\" width=\"1024\" height=\"760\" src=\"https:\/\/www.gossip.it\/wp-content\/uploads\/2024\/04\/belen_cecilia_1-1024x760.jpg\" alt=\"\" class=\"wp-image-171296\" srcset=\"https:\/\/www.gossip.it\/wp-content\/uploads\/2024\/04\/belen_cecilia_1-1024x760.jpg 1024w, https:\/\/www.gossip.it\/wp-content\/uploads\/2024\/04\/belen_cecilia_1-300x223.jpg 300w, https:\/\/www.gossip.it\/wp-content\/uploads\/2024\/04\/belen_cecilia_1-768x570.jpg 768w, https:\/\/www.gossip.it\/wp-content\/uploads\/2024\/04\/belen_cecilia_1-750x557.jpg 750w, https:\/\/www.gossip.it\/wp-content\/uploads\/2024\/04\/belen_cecilia_1.jpg 1134w\" sizes=\"(max-width: 1024px) 100vw, 1024px\" \/><figcaption class=\"wp-element-caption\"><em>''Siamo una famiglia emotiva, piangeremo tutti''<\/em>: Belen parla del matrimonio della sorella e del suo ruolo di damigella d\u2019onore<\/figcaption><\/figure>\n\n\n\n<p><em>\u201cTanti auguri Cecilia, tieni duro<\/em> - ironizza Belen - <em>Lei \u00e8 super emozionata e ti svelo che l'altro giorno siamo stati a fare la prova del suo abito e <strong>io ho pianto tantissimo nel vederla<\/strong>, non so come riuscir\u00f2 a fare la damigella d'onore. <strong>Piangeremo tutti al matrimonio, noi siamo una famiglia emotiva<\/strong>\u201d.<\/em><\/p>\n\n\n\n<p>La Rodriguez torna in tv, su Prime, con <em>Celebrity Hunted - Caccia all\u2019uomo<\/em>. Per reality \u00e8 stata costretta a scappare, nella vita \u00e8 andata diversamente. <em>\u201cT<strong>ante volte\u00a0avrei dovuto scappare ma non sono mai scappata<\/strong>, perch\u00e9 comunque a livello fisico mi piace esserci per le persone che amo. Tante volte mi \u00e8 capitato\u00a0in amicizia e\u00a0in amore, ma\u00a0non con la mia famiglia, perch\u00e9 sono veramente tanto fortunata e ho una famiglia dalla quale non sarei mai scappata, per fortuna. Sono sempre rimasta, sono una che rimane, sono una leale. Nella buona e nella cattiva sorte io rimango. Mi trovi sempre l\u00ec\u201d<\/em>, commenta.<\/p>\n\n\n\n<figure class=\"wp-block-image size-large\"><img decoding=\"async\" width=\"1024\" height=\"922\" src=\"https:\/\/www.gossip.it\/wp-content\/uploads\/2024\/04\/belen_cecilia_2-1024x922.jpg\" alt=\"\" class=\"wp-image-171297\" srcset=\"https:\/\/www.gossip.it\/wp-content\/uploads\/2024\/04\/belen_cecilia_2-1024x922.jpg 1024w, https:\/\/www.gossip.it\/wp-content\/uploads\/2024\/04\/belen_cecilia_2-300x270.jpg 300w, https:\/\/www.gossip.it\/wp-content\/uploads\/2024\/04\/belen_cecilia_2-768x691.jpg 768w, https:\/\/www.gossip.it\/wp-content\/uploads\/2024\/04\/belen_cecilia_2-750x675.jpg 750w, https:\/\/www.gossip.it\/wp-content\/uploads\/2024\/04\/belen_cecilia_2.jpg 1134w\" sizes=\"(max-width: 1024px) 100vw, 1024px\" \/><figcaption class=\"wp-element-caption\">La 39enne torna in tv con Cecilia in <em>Celebrity Hunted<\/em>: la 34enne il 30 giugno sposer\u00e0 Ignazio Moser<\/figcaption><\/figure>\n\n\n\n<p>Belen aggiunge: \u201c<em>Ho girato questo programma nel momento pi\u00f9 complesso\u00a0della mia vita.\u00a0Non stavo bene, per niente. <strong>Era un momento doloroso per me<\/strong> e quindi avevo bisogno di giocare. E menomale che mi dici che si \u00e8 visto che ero molto giocosa, perch\u00e9 ci ho messo dell'impegno. Ho dovuto resettare tutto, lasciarlo l\u00e0 e promettermi di portare\u00a0a giocare un po' la bambina che \u00e8 in me, perch\u00e9 ne avevo bisogno. Da questo punto di vista, questo programma mi ha fatto bene\".\u00a0<\/em><\/p>\n\n\n\n<p>Il programma le ha fatto da terapia: <em>\u201dE\u2019 stata un po' una terapia s\u00ec, ma dopo c'\u00e8 stato il crollo. Perch\u00e9 quando sono tornata a casa ho trovato le cose come stavano quindi c'\u00e8 stato il crollo totale e <strong>poi mi sono rialzata, nuovamente<\/strong>\"<\/em>.\u00a0Belen adesso sorride.<\/p>\n","protected":false},"excerpt":{"rendered":"<p>Belen Rodriguez non sta nella pelle. Parla delle nozze...<\/p>\n","protected":false},"author":24,"featured_media":171298,"comment_status":"open","ping_status":"closed","sticky":false,"template":"","format":"standard","meta":{"footnotes":""},"categories":[54],"tags":[2299,63589,76495,76492,63777,65363,2793,65594,67046],"vip":[396],"class_list":["post-171295","post","type-post","status-publish","format-standard","has-post-thumbnail","hentry","category-news","tag-belen","tag-belenrodriguez","tag-belenrodriguezdamigelladonore","tag-belenrodriguezsorella","tag-ceciliarodriguez","tag-celebrityhunted","tag-gossip","tag-primevideo","tag-sifb","vip-belen_rodriguez"],"yoast_head":"<title>&#039;&#039;Siamo una famiglia emotiva, piangeremo tutti&#039;&#039;: Belen parla del matrimonio della sorella e del suo ruolo di damigella d\u2019onore - Gossip.it | News sul Gossip e VIP<\/title>\n<meta name=\"description\" content=\"&#039;&#039;Siamo una famiglia emotiva, piangeremo tutti&#039;&#039;: Belen parla del matrimonio della sorella e del suo ruolo di damigella d\u2019onore\" \/>\n<meta name=\"robots\" content=\"index, follow, max-snippet:-1, max-image-preview:large, max-video-preview:-1\" \/>\n<link rel=\"canonical\" href=\"https:\/\/www.gossip.it\/news\/belen-matrimonio-sorella-damigella-d-onore\/\" \/>\n<meta property=\"og:locale\" content=\"it_IT\" \/>\n<meta property=\"og:type\" content=\"article\" \/>\n<meta property=\"og:title\" content=\"&#039;&#039;Siamo una famiglia emotiva, piangeremo tutti&#039;&#039;: Belen parla del matrimonio della sorella e del suo ruolo di damigella d\u2019onore - Gossip.it | News sul Gossip e VIP\" \/>\n<meta property=\"og:description\" content=\"&#039;&#039;Siamo una famiglia emotiva, piangeremo tutti&#039;&#039;: Belen parla del matrimonio della sorella e del suo ruolo di damigella d\u2019onore\" \/>\n<meta property=\"og:url\" content=\"https:\/\/www.gossip.it\/news\/belen-matrimonio-sorella-damigella-d-onore\/\" \/>\n<meta property=\"og:site_name\" content=\"Gossip.it | News sul Gossip e VIP\" \/>\n<meta property=\"article:publisher\" content=\"https:\/\/www.facebook.com\/GossipIT\" \/>\n<meta property=\"article:published_time\" content=\"2024-04-30T13:37:39+00:00\" \/>\n<meta property=\"article:modified_time\" content=\"2024-04-30T13:38:50+00:00\" \/>\n<meta property=\"og:image\" content=\"https:\/\/www.gossip.it\/wp-content\/uploads\/2024\/04\/lancio-BELEN-FB-2.jpg\" \/>\n\t<meta property=\"og:image:width\" content=\"1134\" \/>\n\t<meta property=\"og:image:height\" content=\"656\" \/>\n\t<meta property=\"og:image:type\" content=\"image\/jpeg\" \/>\n<meta name=\"author\" content=\"Carla Giuni\" \/>\n<meta name=\"twitter:card\" content=\"summary_large_image\" \/>\n<meta name=\"twitter:creator\" content=\"@gossinews_it\" \/>\n<meta name=\"twitter:site\" content=\"@gossinews_it\" \/>\n<meta name=\"twitter:label1\" content=\"Scritto da\" \/>\n\t<meta name=\"twitter:data1\" content=\"Carla Giuni\" \/>\n\t<meta name=\"twitter:label2\" content=\"Tempo di lettura stimato\" \/>\n\t<meta name=\"twitter:data2\" content=\"3 minuti\" \/>","yoast_head_json":{"title":"''Siamo una famiglia emotiva, piangeremo tutti'': Belen parla del matrimonio della sorella e del suo ruolo di damigella d\u2019onore - Gossip.it | News sul Gossip e VIP","description":"''Siamo una famiglia emotiva, piangeremo tutti'': Belen parla del matrimonio della sorella e del suo ruolo di damigella d\u2019onore","robots":{"index":"index","follow":"follow","max-snippet":"max-snippet:-1","max-image-preview":"max-image-preview:large","max-video-preview":"max-video-preview:-1"},"canonical":"https:\/\/www.gossip.it\/news\/belen-matrimonio-sorella-damigella-d-onore\/","og_locale":"it_IT","og_type":"article","og_title":"''Siamo una famiglia emotiva, piangeremo tutti'': Belen parla del matrimonio della sorella e del suo ruolo di damigella d\u2019onore - Gossip.it | News sul Gossip e VIP","og_description":"''Siamo una famiglia emotiva, piangeremo tutti'': Belen parla del matrimonio della sorella e del suo ruolo di damigella d\u2019onore","og_url":"https:\/\/www.gossip.it\/news\/belen-matrimonio-sorella-damigella-d-onore\/","og_site_name":"Gossip.it | News sul Gossip e VIP","article_publisher":"https:\/\/www.facebook.com\/GossipIT","article_published_time":"2024-04-30T13:37:39+00:00","article_modified_time":"2024-04-30T13:38:50+00:00","og_image":[{"width":1134,"height":656,"url":"https:\/\/www.gossip.it\/wp-content\/uploads\/2024\/04\/lancio-BELEN-FB-2.jpg","type":"image\/jpeg"}],"author":"Carla Giuni","twitter_card":"summary_large_image","twitter_creator":"@gossinews_it","twitter_site":"@gossinews_it","twitter_misc":{"Scritto da":"Carla Giuni","Tempo di lettura stimato":"3 minuti"},"schema":{"@context":"https:\/\/schema.org","@graph":[{"@type":"Article","@id":"https:\/\/www.gossip.it\/news\/belen-matrimonio-sorella-damigella-d-onore\/#article","isPartOf":{"@id":"https:\/\/www.gossip.it\/news\/belen-matrimonio-sorella-damigella-d-onore\/"},"author":{"name":"Carla Giuni","@id":"https:\/\/www.gossip.it\/#\/schema\/person\/df4a88c190f338e21427b6f342595faa"},"headline":"''Siamo una famiglia emotiva, piangeremo tutti'': Belen parla del matrimonio della sorella e del suo ruolo di damigella d\u2019onore","datePublished":"2024-04-30T13:37:39+00:00","dateModified":"2024-04-30T13:38:50+00:00","mainEntityOfPage":{"@id":"https:\/\/www.gossip.it\/news\/belen-matrimonio-sorella-damigella-d-onore\/"},"wordCount":429,"commentCount":0,"publisher":{"@id":"https:\/\/www.gossip.it\/#organization"},"image":{"@id":"https:\/\/www.gossip.it\/news\/belen-matrimonio-sorella-damigella-d-onore\/#primaryimage"},"thumbnailUrl":"https:\/\/www.gossip.it\/wp-content\/uploads\/2024\/04\/lancio-BELEN-4.jpg","keywords":["belen","belenrodriguez","belenrodriguezdamigelladonore","belenrodriguezsorella","ceciliarodriguez","celebrityhunted","gossip","primevideo","sifb"],"articleSection":["News"],"inLanguage":"it-IT","potentialAction":[{"@type":"CommentAction","name":"Comment","target":["https:\/\/www.gossip.it\/news\/belen-matrimonio-sorella-damigella-d-onore\/#respond"]}]},{"@type":"WebPage","@id":"https:\/\/www.gossip.it\/news\/belen-matrimonio-sorella-damigella-d-onore\/","url":"https:\/\/www.gossip.it\/news\/belen-matrimonio-sorella-damigella-d-onore\/","name":"''Siamo una famiglia emotiva, piangeremo tutti'': Belen parla del matrimonio della sorella e del suo ruolo di damigella d\u2019onore - Gossip.it | News sul Gossip e VIP","isPartOf":{"@id":"https:\/\/www.gossip.it\/#website"},"primaryImageOfPage":{"@id":"https:\/\/www.gossip.it\/news\/belen-matrimonio-sorella-damigella-d-onore\/#primaryimage"},"image":{"@id":"https:\/\/www.gossip.it\/news\/belen-matrimonio-sorella-damigella-d-onore\/#primaryimage"},"thumbnailUrl":"https:\/\/www.gossip.it\/wp-content\/uploads\/2024\/04\/lancio-BELEN-4.jpg","datePublished":"2024-04-30T13:37:39+00:00","dateModified":"2024-04-30T13:38:50+00:00","description":"''Siamo una famiglia emotiva, piangeremo tutti'': Belen parla del matrimonio della sorella e del suo ruolo di damigella d\u2019onore","breadcrumb":{"@id":"https:\/\/www.gossip.it\/news\/belen-matrimonio-sorella-damigella-d-onore\/#breadcrumb"},"inLanguage":"it-IT","potentialAction":[{"@type":"ReadAction","target":["https:\/\/www.gossip.it\/news\/belen-matrimonio-sorella-damigella-d-onore\/"]}]},{"@type":"ImageObject","inLanguage":"it-IT","@id":"https:\/\/www.gossip.it\/news\/belen-matrimonio-sorella-damigella-d-onore\/#primaryimage","url":"https:\/\/www.gossip.it\/wp-content\/uploads\/2024\/04\/lancio-BELEN-4.jpg","contentUrl":"https:\/\/www.gossip.it\/wp-content\/uploads\/2024\/04\/lancio-BELEN-4.jpg","width":1134,"height":799},{"@type":"BreadcrumbList","@id":"https:\/\/www.gossip.it\/news\/belen-matrimonio-sorella-damigella-d-onore\/#breadcrumb","itemListElement":[{"@type":"ListItem","position":1,"name":"Home","item":"https:\/\/www.gossip.it\/"},{"@type":"ListItem","position":2,"name":"''Siamo una famiglia emotiva, piangeremo tutti'': Belen parla del matrimonio della sorella e del suo ruolo di damigella d\u2019onore"}]},{"@type":"WebSite","@id":"https:\/\/www.gossip.it\/#website","url":"https:\/\/www.gossip.it\/","name":"Gossip and VIP News","description":"Quotidiano di cronaca rosa, costume e societ\u00e0","publisher":{"@id":"https:\/\/www.gossip.it\/#organization"},"alternateName":"Gossip and VIP News","potentialAction":[{"@type":"SearchAction","target":{"@type":"EntryPoint","urlTemplate":"https:\/\/www.gossip.it\/?s={search_term_string}"},"query-input":{"@type":"PropertyValueSpecification","valueRequired":true,"valueName":"search_term_string"}}],"inLanguage":"it-IT"},{"@type":"Organization","@id":"https:\/\/www.gossip.it\/#organization","name":"Gossip and VIP News","alternateName":"Gossip News","url":"https:\/\/www.gossip.it\/","logo":{"@type":"ImageObject","inLanguage":"it-IT","@id":"https:\/\/www.gossip.it\/#\/schema\/logo\/image\/","url":"https:\/\/www.gossip.it\/wp-content\/uploads\/2022\/04\/cropped-corna-alta-tiny.png","contentUrl":"https:\/\/www.gossip.it\/wp-content\/uploads\/2022\/04\/cropped-corna-alta-tiny.png","width":512,"height":512,"caption":"Gossip and VIP News"},"image":{"@id":"https:\/\/www.gossip.it\/#\/schema\/logo\/image\/"},"sameAs":["https:\/\/www.facebook.com\/GossipIT","https:\/\/x.com\/gossinews_it","https:\/\/instagram.com\/gossip_it"]},{"@type":"Person","@id":"https:\/\/www.gossip.it\/#\/schema\/person\/df4a88c190f338e21427b6f342595faa","name":"Carla Giuni","image":{"@type":"ImageObject","inLanguage":"it-IT","@id":"https:\/\/www.gossip.it\/#\/schema\/person\/image\/","url":"https:\/\/secure.gravatar.com\/avatar\/9caf92f895c8e9a7cca263cd6e3860da8edad54c0a92046a7e363cbd3fa35c36?s=96&d=mm&r=g","contentUrl":"https:\/\/secure.gravatar.com\/avatar\/9caf92f895c8e9a7cca263cd6e3860da8edad54c0a92046a7e363cbd3fa35c36?s=96&d=mm&r=g","caption":"Carla Giuni"}}]}},"amp_enabled":true,"_links":{"self":[{"href":"https:\/\/www.gossip.it\/api\/wp\/v2\/posts\/171295","targetHints":{"allow":["GET"]}}],"collection":[{"href":"https:\/\/www.gossip.it\/api\/wp\/v2\/posts"}],"about":[{"href":"https:\/\/www.gossip.it\/api\/wp\/v2\/types\/post"}],"author":[{"embeddable":true,"href":"https:\/\/www.gossip.it\/api\/wp\/v2\/users\/24"}],"replies":[{"embeddable":true,"href":"https:\/\/www.gossip.it\/api\/wp\/v2\/comments?post=171295"}],"version-history":[{"count":1,"href":"https:\/\/www.gossip.it\/api\/wp\/v2\/posts\/171295\/revisions"}],"predecessor-version":[{"id":171301,"href":"https:\/\/www.gossip.it\/api\/wp\/v2\/posts\/171295\/revisions\/171301"}],"wp:featuredmedia":[{"embeddable":true,"href":"https:\/\/www.gossip.it\/api\/wp\/v2\/media\/171298"}],"wp:attachment":[{"href":"https:\/\/www.gossip.it\/api\/wp\/v2\/media?parent=171295"}],"wp:term":[{"taxonomy":"category","embeddable":true,"href":"https:\/\/www.gossip.it\/api\/wp\/v2\/categories?post=171295"},{"taxonomy":"post_tag","embeddable":true,"href":"https:\/\/www.gossip.it\/api\/wp\/v2\/tags?post=171295"},{"taxonomy":"vip","embeddable":true,"href":"https:\/\/www.gossip.it\/api\/wp\/v2\/vip?post=171295"}],"curies":[{"name":"wp","href":"https:\/\/api.w.org\/{rel}","templated":true}]}}