{"id":171498,"date":"2024-05-03T14:10:46","date_gmt":"2024-05-03T12:10:46","guid":{"rendered":"https:\/\/www.gossip.it\/?p=171498"},"modified":"2024-05-06T11:35:30","modified_gmt":"2024-05-06T09:35:30","slug":"eva-henger-tv-entrambe-figlie","status":"publish","type":"post","link":"https:\/\/www.gossip.it\/news\/eva-henger-tv-entrambe-figlie\/","title":{"rendered":"Eva Henger per la prima volta in tv insieme a entrambe le sue figlie, che si lamentano di un suo tratto caratteriale: immagini"},"content":{"rendered":"\n<ul class=\"wp-block-list\">\n<li>La 51enne a <em>La Volta Buona<\/em> insieme a Mercedesz, 32 anni, e Jennifer Caroletti, 15<\/li>\n\n\n\n<li>La conduttrice mette alla prova l\u2019attrice famosa per la sua severit\u00e0 da genitore<\/li>\n<\/ul>\n\n\n\n<p><a href=\"http:\/\/www.gossip.it\/eva-henger\">Eva Henger<\/a> rispetta la promessa fatta a <a href=\"http:\/\/www.gossip.it\/vip\/caterina-balivo\">Caterina Balivo<\/a>. <strong>Per la prima volta va in tv insieme a entrambe le sue figlie<\/strong>. L\u2019attrice si \u00e8 sempre dichiarata un genitore attento e presente. <a href=\"http:\/\/www.gossip.it\/vip\/mercedesz-henger\">Mercedesz<\/a>, 32 anni, e <a href=\"http:\/\/www.gossip.it\/vip\/jennifer-caroletti\">Jennifer Caroletti<\/a>, 15 con la conduttrice si lamentano di un suo tratto caratteriale: <strong>la mamma \u00e8 troppo severa<\/strong>.<\/p>\n\n\n\n<figure class=\"wp-block-image size-large\"><img decoding=\"async\" width=\"1024\" height=\"576\" src=\"https:\/\/www.gossip.it\/wp-content\/uploads\/2024\/05\/henger_1-1024x576.jpg\" alt=\"\" class=\"wp-image-171503\" srcset=\"https:\/\/www.gossip.it\/wp-content\/uploads\/2024\/05\/henger_1-1024x576.jpg 1024w, https:\/\/www.gossip.it\/wp-content\/uploads\/2024\/05\/henger_1-300x169.jpg 300w, https:\/\/www.gossip.it\/wp-content\/uploads\/2024\/05\/henger_1-768x432.jpg 768w, https:\/\/www.gossip.it\/wp-content\/uploads\/2024\/05\/henger_1-750x422.jpg 750w, https:\/\/www.gossip.it\/wp-content\/uploads\/2024\/05\/henger_1-730x410.jpg 730w, https:\/\/www.gossip.it\/wp-content\/uploads\/2024\/05\/henger_1.jpg 1134w\" sizes=\"(max-width: 1024px) 100vw, 1024px\" \/><figcaption class=\"wp-element-caption\">Eva Henger per la prima volta in tv insieme a entrambe le sue figlie, che si lamentano di un suo tratto caratteriale<\/figcaption><\/figure>\n\n\n\n<p>La Balivo domanda alla pi\u00f9 piccola se a lei sia permesso andare ad esempio a un pigiama party con le amiche. <em>\u201cS\u00ec, ma solo perch\u00e9 viviamo in Ungheria. E\u2019 l\u2019unico motivo. In discoteca il pomeriggio? No\u2026 In estate s\u00ec\u201d<\/em>, svela Jennifer. <em>\u201cNoi in estate viviamo anche un po\u2019 a Sharm el-Sheikh, l\u00ec stiamo in un villaggio chiuso, quindi con gli altri genitori siamo tranquilli, possiamo controllare. Serve il passaporto per uscire e quelli li tengo io\u201d<\/em>, sottolinea la 51enne. Interviene la maggiore: <em>\u201cMia madre ha allentato molto la presa con lei. Questa cosa della sua severit\u00e0 la vedo pi\u00f9 io che Cicci. Rimane comunque severa, ma nella maniera giusta\u201d.<\/em><\/p>\n\n\n\n<p>Caterina non si accontenta. Domanda a Jennifer chi le dia una mano a trovare escamotage per essere un po\u2019 pi\u00f9 libera. <em>\u201cChi mia aiuta a fare le cose in pi\u00f9? Mercedesz aveva lo zio, ora lei \u00e8 il mio \u2018zio\u2019\u2026\u201d<\/em>, ribatte l\u2019adolescente imbarazzata e sorridente.<\/p>\n\n\n\n<p>La presentatrice sottopone le tre a una specie di test. Eva Henger \u00e8 una <em>\u2018mamma per amica\u2019<\/em> o no? Per prima cosa chiede chi sia la pi\u00f9 permalosa.<em> \u201cMercedesz\u201d<\/em>, dice Eva. <em>\u201cBeh io pensavo lei, ma se dice cos\u00ec lo accetto\u201d<\/em>, replica la 32enne. La Balivo per\u00f2 vuole una risposta, cos\u00ec la maggiore, ridendo e guardando la sorella, risponde: <em>\u201cForse tutte e due\u2026\u201d<\/em>.<\/p>\n\n\n\n<figure class=\"wp-block-image size-large\"><img decoding=\"async\" width=\"1024\" height=\"576\" src=\"https:\/\/www.gossip.it\/wp-content\/uploads\/2024\/05\/henger_2-1024x576.jpg\" alt=\"\" class=\"wp-image-171504\" srcset=\"https:\/\/www.gossip.it\/wp-content\/uploads\/2024\/05\/henger_2-1024x576.jpg 1024w, https:\/\/www.gossip.it\/wp-content\/uploads\/2024\/05\/henger_2-300x169.jpg 300w, https:\/\/www.gossip.it\/wp-content\/uploads\/2024\/05\/henger_2-768x432.jpg 768w, https:\/\/www.gossip.it\/wp-content\/uploads\/2024\/05\/henger_2-750x422.jpg 750w, https:\/\/www.gossip.it\/wp-content\/uploads\/2024\/05\/henger_2-730x410.jpg 730w, https:\/\/www.gossip.it\/wp-content\/uploads\/2024\/05\/henger_2.jpg 1134w\" sizes=\"(max-width: 1024px) 100vw, 1024px\" \/><figcaption class=\"wp-element-caption\">La 51enne a <em>La Volta Buona<\/em> insieme a Mercedesz, 32 anni, e Jennifer Caroletti, 15. La conduttrice mette alla prova l\u2019attrice famosa per la sua severit\u00e0 da genitore<\/figcaption><\/figure>\n\n\n\n<p>Quando si domanda quale sia il difetto pi\u00f9 grande, \u00e8 Jennifer a rispondere e non ha dubbi: <em>\u201c<strong>Non \u00e8 permissiva. E\u2019 troppo severa<\/strong>\u201d<\/em>. \u201cMa non \u00e8 vero!\u201d, ribatte mamma Eva sorniona. Nessuna per\u00f2 confessa chi sia la pi\u00f9 bugiarda in famiglia. <em>\u201cIn realt\u00e0 io sono abbastanza sincera\u201d<\/em>, spiega la Henger. Poi aggiunge: <em>\u201c<strong>Ma tutte e due le mie figlie sono state beccate con una bugia<\/strong>. Lo zio ha permesso a Mercedesz a mia insaputa di andare a dormire da un\u2019amica, aveva 16 anni credo. L\u2019ho saputo molto dopo perch\u00e9 me lo ha raccontato lei. Jennifer mi aveva invece detto che sarebbe rientrata a un certo orario, io e Massimiliano siamo tornati a casa per controllare e non c\u2019era\u2026\u201d.<\/em><\/p>\n\n\n\n<p>Arriva pure un video messaggio del famoso zio Bertold, che tante volte ha aiutato Mercedesz quando era piccola. <strong>L\u2019uomo chiama Eva <em>\u2018comandante\u2019<\/em><\/strong>, Caterina ride. Domanda anche un errore non perdonato alla madre dalle ragazze. Mercedesz dice la sua, concordando con la sorella. E\u2019 ironica: <em>\u201cDi averci umiliate oggi qui\u201d<\/em>. L\u2019argomento si fa scottante. In un altro quesito la Balivo chiede se Eva abbia mai controllato diari, cellulare, social. Entrambe le figli dicono di s\u00ec. <em>\u201c<strong>La privacy non esiste<\/strong>\u201d<\/em>, rincara la dose Jennifer. <em>\u201cPure il mio diario si \u00e8 letta\u201d<\/em>, aggiunge Mercedesz. La Henger \u00e8 anche quella che critica pi\u00f9 spesso il look delle altre. Alla fne il punteggio \u00e8 impietoso: <strong>Eva non \u00e8 <em>\u2018una mamma per amica\u2019<\/em><\/strong>. Si ride moltissimo. Perch\u00e9 \u00e8 s\u00ec severissima, ma si fa volere molto bene dalle sue ragazze, che adora.<\/p>\n","protected":false},"excerpt":{"rendered":"<p>Eva Henger rispetta la promessa fatta a Caterina Balivo. Per...<\/p>\n","protected":false},"author":24,"featured_media":171505,"comment_status":"open","ping_status":"closed","sticky":false,"template":"","format":"standard","meta":{"footnotes":""},"categories":[54],"tags":[63490,63495,77207,2793,71109,71680,63497,3123,67046,2097],"vip":[699],"class_list":["post-171498","post","type-post","status-publish","format-standard","has-post-thumbnail","hentry","category-news","tag-caterinabalivo","tag-evahenger","tag-evahengerfiglie","tag-gossip","tag-jennifercaroletti","tag-lavoltabuona","tag-mercedeszhenger","tag-rai1","tag-sifb","tag-tv","vip-eva_henger"],"yoast_head":"<title>Eva Henger per la prima volta in tv insieme a entrambe le sue figlie, che si lamentano di un suo tratto caratteriale: immagini - Gossip.it | News sul Gossip e VIP<\/title>\n<meta name=\"description\" content=\"Eva Henger per la prima volta in tv insieme a entrambe le sue figlie, che si lamentano di un suo tratto caratteriale: immagini\" \/>\n<meta name=\"robots\" content=\"index, follow, max-snippet:-1, max-image-preview:large, max-video-preview:-1\" \/>\n<link rel=\"canonical\" href=\"https:\/\/www.gossip.it\/news\/eva-henger-tv-entrambe-figlie\/\" \/>\n<meta property=\"og:locale\" content=\"it_IT\" \/>\n<meta property=\"og:type\" content=\"article\" \/>\n<meta property=\"og:title\" content=\"Eva Henger per la prima volta in tv insieme a entrambe le sue figlie, che si lamentano di un suo tratto caratteriale: immagini - Gossip.it | News sul Gossip e VIP\" \/>\n<meta property=\"og:description\" content=\"Eva Henger per la prima volta in tv insieme a entrambe le sue figlie, che si lamentano di un suo tratto caratteriale: immagini\" \/>\n<meta property=\"og:url\" content=\"https:\/\/www.gossip.it\/news\/eva-henger-tv-entrambe-figlie\/\" \/>\n<meta property=\"og:site_name\" content=\"Gossip.it | News sul Gossip e VIP\" \/>\n<meta property=\"article:publisher\" content=\"https:\/\/www.facebook.com\/GossipIT\" \/>\n<meta property=\"article:published_time\" content=\"2024-05-03T12:10:46+00:00\" \/>\n<meta property=\"article:modified_time\" content=\"2024-05-06T09:35:30+00:00\" \/>\n<meta property=\"og:image\" content=\"https:\/\/www.gossip.it\/wp-content\/uploads\/2024\/05\/lancio-HENGER-FB.jpg\" \/>\n\t<meta property=\"og:image:width\" content=\"1134\" \/>\n\t<meta property=\"og:image:height\" content=\"664\" \/>\n\t<meta property=\"og:image:type\" content=\"image\/jpeg\" \/>\n<meta name=\"author\" content=\"Carla Giuni\" \/>\n<meta name=\"twitter:card\" content=\"summary_large_image\" \/>\n<meta name=\"twitter:creator\" content=\"@gossinews_it\" \/>\n<meta name=\"twitter:site\" content=\"@gossinews_it\" \/>\n<meta name=\"twitter:label1\" content=\"Scritto da\" \/>\n\t<meta name=\"twitter:data1\" content=\"Carla Giuni\" \/>\n\t<meta name=\"twitter:label2\" content=\"Tempo di lettura stimato\" \/>\n\t<meta name=\"twitter:data2\" content=\"4 minuti\" \/>","yoast_head_json":{"title":"Eva Henger per la prima volta in tv insieme a entrambe le sue figlie, che si lamentano di un suo tratto caratteriale: immagini - Gossip.it | News sul Gossip e VIP","description":"Eva Henger per la prima volta in tv insieme a entrambe le sue figlie, che si lamentano di un suo tratto caratteriale: immagini","robots":{"index":"index","follow":"follow","max-snippet":"max-snippet:-1","max-image-preview":"max-image-preview:large","max-video-preview":"max-video-preview:-1"},"canonical":"https:\/\/www.gossip.it\/news\/eva-henger-tv-entrambe-figlie\/","og_locale":"it_IT","og_type":"article","og_title":"Eva Henger per la prima volta in tv insieme a entrambe le sue figlie, che si lamentano di un suo tratto caratteriale: immagini - Gossip.it | News sul Gossip e VIP","og_description":"Eva Henger per la prima volta in tv insieme a entrambe le sue figlie, che si lamentano di un suo tratto caratteriale: immagini","og_url":"https:\/\/www.gossip.it\/news\/eva-henger-tv-entrambe-figlie\/","og_site_name":"Gossip.it | News sul Gossip e VIP","article_publisher":"https:\/\/www.facebook.com\/GossipIT","article_published_time":"2024-05-03T12:10:46+00:00","article_modified_time":"2024-05-06T09:35:30+00:00","og_image":[{"width":1134,"height":664,"url":"https:\/\/www.gossip.it\/wp-content\/uploads\/2024\/05\/lancio-HENGER-FB.jpg","type":"image\/jpeg"}],"author":"Carla Giuni","twitter_card":"summary_large_image","twitter_creator":"@gossinews_it","twitter_site":"@gossinews_it","twitter_misc":{"Scritto da":"Carla Giuni","Tempo di lettura stimato":"4 minuti"},"schema":{"@context":"https:\/\/schema.org","@graph":[{"@type":"Article","@id":"https:\/\/www.gossip.it\/news\/eva-henger-tv-entrambe-figlie\/#article","isPartOf":{"@id":"https:\/\/www.gossip.it\/news\/eva-henger-tv-entrambe-figlie\/"},"author":{"name":"Carla Giuni","@id":"https:\/\/www.gossip.it\/#\/schema\/person\/df4a88c190f338e21427b6f342595faa"},"headline":"Eva Henger per la prima volta in tv insieme a entrambe le sue figlie, che si lamentano di un suo tratto caratteriale: immagini","datePublished":"2024-05-03T12:10:46+00:00","dateModified":"2024-05-06T09:35:30+00:00","mainEntityOfPage":{"@id":"https:\/\/www.gossip.it\/news\/eva-henger-tv-entrambe-figlie\/"},"wordCount":616,"commentCount":0,"publisher":{"@id":"https:\/\/www.gossip.it\/#organization"},"image":{"@id":"https:\/\/www.gossip.it\/news\/eva-henger-tv-entrambe-figlie\/#primaryimage"},"thumbnailUrl":"https:\/\/www.gossip.it\/wp-content\/uploads\/2024\/05\/lancio-HENGER.jpg","keywords":["caterinabalivo","evahenger","evahengerfiglie","gossip","jennifercaroletti","lavoltabuona","mercedeszhenger","rai1","sifb","tv"],"articleSection":["News"],"inLanguage":"it-IT","potentialAction":[{"@type":"CommentAction","name":"Comment","target":["https:\/\/www.gossip.it\/news\/eva-henger-tv-entrambe-figlie\/#respond"]}]},{"@type":"WebPage","@id":"https:\/\/www.gossip.it\/news\/eva-henger-tv-entrambe-figlie\/","url":"https:\/\/www.gossip.it\/news\/eva-henger-tv-entrambe-figlie\/","name":"Eva Henger per la prima volta in tv insieme a entrambe le sue figlie, che si lamentano di un suo tratto caratteriale: immagini - Gossip.it | News sul Gossip e VIP","isPartOf":{"@id":"https:\/\/www.gossip.it\/#website"},"primaryImageOfPage":{"@id":"https:\/\/www.gossip.it\/news\/eva-henger-tv-entrambe-figlie\/#primaryimage"},"image":{"@id":"https:\/\/www.gossip.it\/news\/eva-henger-tv-entrambe-figlie\/#primaryimage"},"thumbnailUrl":"https:\/\/www.gossip.it\/wp-content\/uploads\/2024\/05\/lancio-HENGER.jpg","datePublished":"2024-05-03T12:10:46+00:00","dateModified":"2024-05-06T09:35:30+00:00","description":"Eva Henger per la prima volta in tv insieme a entrambe le sue figlie, che si lamentano di un suo tratto caratteriale: immagini","breadcrumb":{"@id":"https:\/\/www.gossip.it\/news\/eva-henger-tv-entrambe-figlie\/#breadcrumb"},"inLanguage":"it-IT","potentialAction":[{"@type":"ReadAction","target":["https:\/\/www.gossip.it\/news\/eva-henger-tv-entrambe-figlie\/"]}]},{"@type":"ImageObject","inLanguage":"it-IT","@id":"https:\/\/www.gossip.it\/news\/eva-henger-tv-entrambe-figlie\/#primaryimage","url":"https:\/\/www.gossip.it\/wp-content\/uploads\/2024\/05\/lancio-HENGER.jpg","contentUrl":"https:\/\/www.gossip.it\/wp-content\/uploads\/2024\/05\/lancio-HENGER.jpg","width":1134,"height":808},{"@type":"BreadcrumbList","@id":"https:\/\/www.gossip.it\/news\/eva-henger-tv-entrambe-figlie\/#breadcrumb","itemListElement":[{"@type":"ListItem","position":1,"name":"Home","item":"https:\/\/www.gossip.it\/"},{"@type":"ListItem","position":2,"name":"Eva Henger per la prima volta in tv insieme a entrambe le sue figlie, che si lamentano di un suo tratto caratteriale: immagini"}]},{"@type":"WebSite","@id":"https:\/\/www.gossip.it\/#website","url":"https:\/\/www.gossip.it\/","name":"Gossip and VIP News","description":"Quotidiano di cronaca rosa, costume e societ\u00e0","publisher":{"@id":"https:\/\/www.gossip.it\/#organization"},"alternateName":"Gossip and VIP News","potentialAction":[{"@type":"SearchAction","target":{"@type":"EntryPoint","urlTemplate":"https:\/\/www.gossip.it\/?s={search_term_string}"},"query-input":{"@type":"PropertyValueSpecification","valueRequired":true,"valueName":"search_term_string"}}],"inLanguage":"it-IT"},{"@type":"Organization","@id":"https:\/\/www.gossip.it\/#organization","name":"Gossip and VIP News","alternateName":"Gossip News","url":"https:\/\/www.gossip.it\/","logo":{"@type":"ImageObject","inLanguage":"it-IT","@id":"https:\/\/www.gossip.it\/#\/schema\/logo\/image\/","url":"https:\/\/www.gossip.it\/wp-content\/uploads\/2022\/04\/cropped-corna-alta-tiny.png","contentUrl":"https:\/\/www.gossip.it\/wp-content\/uploads\/2022\/04\/cropped-corna-alta-tiny.png","width":512,"height":512,"caption":"Gossip and VIP News"},"image":{"@id":"https:\/\/www.gossip.it\/#\/schema\/logo\/image\/"},"sameAs":["https:\/\/www.facebook.com\/GossipIT","https:\/\/x.com\/gossinews_it","https:\/\/instagram.com\/gossip_it"]},{"@type":"Person","@id":"https:\/\/www.gossip.it\/#\/schema\/person\/df4a88c190f338e21427b6f342595faa","name":"Carla Giuni","image":{"@type":"ImageObject","inLanguage":"it-IT","@id":"https:\/\/www.gossip.it\/#\/schema\/person\/image\/","url":"https:\/\/secure.gravatar.com\/avatar\/9caf92f895c8e9a7cca263cd6e3860da8edad54c0a92046a7e363cbd3fa35c36?s=96&d=mm&r=g","contentUrl":"https:\/\/secure.gravatar.com\/avatar\/9caf92f895c8e9a7cca263cd6e3860da8edad54c0a92046a7e363cbd3fa35c36?s=96&d=mm&r=g","caption":"Carla Giuni"}}]}},"amp_enabled":true,"_links":{"self":[{"href":"https:\/\/www.gossip.it\/api\/wp\/v2\/posts\/171498","targetHints":{"allow":["GET"]}}],"collection":[{"href":"https:\/\/www.gossip.it\/api\/wp\/v2\/posts"}],"about":[{"href":"https:\/\/www.gossip.it\/api\/wp\/v2\/types\/post"}],"author":[{"embeddable":true,"href":"https:\/\/www.gossip.it\/api\/wp\/v2\/users\/24"}],"replies":[{"embeddable":true,"href":"https:\/\/www.gossip.it\/api\/wp\/v2\/comments?post=171498"}],"version-history":[{"count":1,"href":"https:\/\/www.gossip.it\/api\/wp\/v2\/posts\/171498\/revisions"}],"predecessor-version":[{"id":171508,"href":"https:\/\/www.gossip.it\/api\/wp\/v2\/posts\/171498\/revisions\/171508"}],"wp:featuredmedia":[{"embeddable":true,"href":"https:\/\/www.gossip.it\/api\/wp\/v2\/media\/171505"}],"wp:attachment":[{"href":"https:\/\/www.gossip.it\/api\/wp\/v2\/media?parent=171498"}],"wp:term":[{"taxonomy":"category","embeddable":true,"href":"https:\/\/www.gossip.it\/api\/wp\/v2\/categories?post=171498"},{"taxonomy":"post_tag","embeddable":true,"href":"https:\/\/www.gossip.it\/api\/wp\/v2\/tags?post=171498"},{"taxonomy":"vip","embeddable":true,"href":"https:\/\/www.gossip.it\/api\/wp\/v2\/vip?post=171498"}],"curies":[{"name":"wp","href":"https:\/\/api.w.org\/{rel}","templated":true}]}}