{"id":172121,"date":"2024-05-13T13:47:46","date_gmt":"2024-05-13T11:47:46","guid":{"rendered":"https:\/\/www.gossip.it\/?p=172121"},"modified":"2024-05-13T17:13:10","modified_gmt":"2024-05-13T15:13:10","slug":"enock-barwuah-prima-foto-papa","status":"publish","type":"post","link":"https:\/\/www.gossip.it\/news\/enock-barwuah-prima-foto-papa\/","title":{"rendered":"''Un'emozione indescrivibile'': Enock Barwuah, fratello di Balotelli, pubblica la prima foto da pap\u00e0 con gli occhi sognanti davanti a Noah"},"content":{"rendered":"\n<ul class=\"wp-block-list\">\n<li>La moglie Giorgia Migliorati ha dato alla luce il piccolo l\u201911 maggio<\/li>\n\n\n\n<li>Il 31enne \u00e8 innamorato pazzo del bambino, desiderato insieme all\u2019imprenditrice sposata il 16 giugno 2023<\/li>\n<\/ul>\n\n\n\n<p><a href=\"http:\/\/www.gossip.it\/vip\/enock-barwuah\">Enock Barwuah<\/a> \u00e8 pazzo del suo beb\u00e8. Il fratello di <a href=\"http:\/\/www.gossip.it\/vip\/mario-balotelli\">Mario Balotelli<\/a> <strong>pubblica la prima foto da pap\u00e0 con gli occhi sognanti davanti al piccolo Noah<\/strong>. La moglie <a href=\"http:\/\/www.gossip.it\/vip\/giorgia-migliorati\">Giorgia Migliorati<\/a> ha dato alla luce il piccolo l\u2019<em>11 maggio<\/em>: i due hanno annunciato l\u2019arrivo della cicogna con un post condiviso da entrambi sul social. A distanza di pochissimo arrivano anche le immagini del calciatore 31enne insieme al piccolo. <em>\u201c<strong>Un\u2019emozione indescrivibile: innamorato di te Noah. \u00a0Grazie mamma<\/strong>\u201d<\/em>, scrive, taggando la donna che ha sposato meno di un anno fa, il 16 giugno 2023.<\/p>\n\n\n\n<figure class=\"wp-block-image size-large\"><img decoding=\"async\" width=\"819\" height=\"1024\" src=\"https:\/\/www.gossip.it\/wp-content\/uploads\/2024\/05\/enock-interna-819x1024.jpg\" alt=\"\" class=\"wp-image-172122\" srcset=\"https:\/\/www.gossip.it\/wp-content\/uploads\/2024\/05\/enock-interna-819x1024.jpg 819w, https:\/\/www.gossip.it\/wp-content\/uploads\/2024\/05\/enock-interna-240x300.jpg 240w, https:\/\/www.gossip.it\/wp-content\/uploads\/2024\/05\/enock-interna-768x960.jpg 768w, https:\/\/www.gossip.it\/wp-content\/uploads\/2024\/05\/enock-interna-1229x1536.jpg 1229w, https:\/\/www.gossip.it\/wp-content\/uploads\/2024\/05\/enock-interna-750x938.jpg 750w, https:\/\/www.gossip.it\/wp-content\/uploads\/2024\/05\/enock-interna-1140x1425.jpg 1140w, https:\/\/www.gossip.it\/wp-content\/uploads\/2024\/05\/enock-interna.jpg 1440w\" sizes=\"(max-width: 819px) 100vw, 819px\" \/><figcaption class=\"wp-element-caption\"><em>''Un'emozione indescrivibile''<\/em>: Enock Barwuah, fratello di Balotelli, pubblica la prima foto da pap\u00e0 con gli occhi sognanti davanti a Noah<\/figcaption><\/figure>\n\n\n\n<p>Sono giorni di festa. SuperMario \u00e8 entusiasta per Enock, a cui \u00e8 legatissimo. Nei commenti ironizza sul bimbo e scrive: <em>\u201c<strong>E\u2019 tutto lo zio<\/strong>\u201d<\/em>. La Migliorati all\u2019uomo che ha accanto sottolinea un semplice: <em>\u201cTi amo\u201d<\/em>.<\/p>\n\n\n\n<figure class=\"wp-block-image size-large\"><img decoding=\"async\" width=\"819\" height=\"1024\" src=\"https:\/\/www.gossip.it\/wp-content\/uploads\/2024\/05\/giomigliorati_1715425037_3365551607398128262_202799601-819x1024.jpg\" alt=\"\" class=\"wp-image-172123\" srcset=\"https:\/\/www.gossip.it\/wp-content\/uploads\/2024\/05\/giomigliorati_1715425037_3365551607398128262_202799601-819x1024.jpg 819w, https:\/\/www.gossip.it\/wp-content\/uploads\/2024\/05\/giomigliorati_1715425037_3365551607398128262_202799601-240x300.jpg 240w, https:\/\/www.gossip.it\/wp-content\/uploads\/2024\/05\/giomigliorati_1715425037_3365551607398128262_202799601-768x960.jpg 768w, https:\/\/www.gossip.it\/wp-content\/uploads\/2024\/05\/giomigliorati_1715425037_3365551607398128262_202799601-1229x1536.jpg 1229w, https:\/\/www.gossip.it\/wp-content\/uploads\/2024\/05\/giomigliorati_1715425037_3365551607398128262_202799601-750x938.jpg 750w, https:\/\/www.gossip.it\/wp-content\/uploads\/2024\/05\/giomigliorati_1715425037_3365551607398128262_202799601-1140x1425.jpg 1140w, https:\/\/www.gossip.it\/wp-content\/uploads\/2024\/05\/giomigliorati_1715425037_3365551607398128262_202799601.jpg 1440w\" sizes=\"(max-width: 819px) 100vw, 819px\" \/><\/figure>\n\n\n\n<p>Il parto \u00e8 andato nel migliore dei modi,<strong> gi\u00e0 oggi, 13 maggio, Giorgia e Noah tornano a casa<\/strong>. Ieri Enock, attaccante di Eccellenza nella provincia bresciana, \u00e8 stato persino impegnato con il Rovato nella semifinale play off contro la Vertovese, una partita decisiva, purtroppo persa di misura. Ma non c\u2019\u00e8 niente che possa togliergli quel sorriso dal volto. Noah \u00e8 arrivato e quasi pi\u00f9 nulla conta, se non la sua famiglia. Il bambino ha la sua stanzetta pronta ad accoglierlo. Lui e la Migliorati sono letteralmente al settimo cielo.<\/p>\n","protected":false},"excerpt":{"rendered":"<p>Enock Barwuah \u00e8 pazzo del suo beb\u00e8. Il fratello di...<\/p>\n","protected":false},"author":24,"featured_media":172124,"comment_status":"open","ping_status":"closed","sticky":false,"template":"","format":"standard","meta":{"footnotes":""},"categories":[54],"tags":[73557,77411,73631,2793,77410,8419,67046],"vip":[70236],"class_list":["post-172121","post","type-post","status-publish","format-standard","has-post-thumbnail","hentry","category-news","tag-enockbarwuah","tag-enockbarwuahpapa","tag-giorgiamigliorati","tag-gossip","tag-mariobalitellifratello","tag-noah","tag-sifb","vip-enock-barwuah"],"yoast_head":"<title>&#039;&#039;Un&#039;emozione indescrivibile&#039;&#039;: Enock Barwuah, fratello di Balotelli, pubblica la prima foto da pap\u00e0 con gli occhi sognanti davanti a Noah - Gossip.it | News sul Gossip e VIP<\/title>\n<meta name=\"description\" content=\"&#039;&#039;Un&#039;emozione indescrivibile&#039;&#039;: Enock Barwuah, fratello di Balotelli, pubblica la prima foto da pap\u00e0 con gli occhi sognanti davanti a Noah\" \/>\n<meta name=\"robots\" content=\"index, follow, max-snippet:-1, max-image-preview:large, max-video-preview:-1\" \/>\n<link rel=\"canonical\" href=\"https:\/\/www.gossip.it\/news\/enock-barwuah-prima-foto-papa\/\" \/>\n<meta property=\"og:locale\" content=\"it_IT\" \/>\n<meta property=\"og:type\" content=\"article\" \/>\n<meta property=\"og:title\" content=\"&#039;&#039;Un&#039;emozione indescrivibile&#039;&#039;: Enock Barwuah, fratello di Balotelli, pubblica la prima foto da pap\u00e0 con gli occhi sognanti davanti a Noah - Gossip.it | News sul Gossip e VIP\" \/>\n<meta property=\"og:description\" content=\"&#039;&#039;Un&#039;emozione indescrivibile&#039;&#039;: Enock Barwuah, fratello di Balotelli, pubblica la prima foto da pap\u00e0 con gli occhi sognanti davanti a Noah\" \/>\n<meta property=\"og:url\" content=\"https:\/\/www.gossip.it\/news\/enock-barwuah-prima-foto-papa\/\" \/>\n<meta property=\"og:site_name\" content=\"Gossip.it | News sul Gossip e VIP\" \/>\n<meta property=\"article:publisher\" content=\"https:\/\/www.facebook.com\/GossipIT\" \/>\n<meta property=\"article:published_time\" content=\"2024-05-13T11:47:46+00:00\" \/>\n<meta property=\"article:modified_time\" content=\"2024-05-13T15:13:10+00:00\" \/>\n<meta property=\"og:image\" content=\"https:\/\/www.gossip.it\/wp-content\/uploads\/2024\/05\/fb-enock.jpg\" \/>\n\t<meta property=\"og:image:width\" content=\"2000\" \/>\n\t<meta property=\"og:image:height\" content=\"1000\" \/>\n\t<meta property=\"og:image:type\" content=\"image\/jpeg\" \/>\n<meta name=\"author\" content=\"Carla Giuni\" \/>\n<meta name=\"twitter:card\" content=\"summary_large_image\" \/>\n<meta name=\"twitter:creator\" content=\"@gossinews_it\" \/>\n<meta name=\"twitter:site\" content=\"@gossinews_it\" \/>\n<meta name=\"twitter:label1\" content=\"Scritto da\" \/>\n\t<meta name=\"twitter:data1\" content=\"Carla Giuni\" \/>\n\t<meta name=\"twitter:label2\" content=\"Tempo di lettura stimato\" \/>\n\t<meta name=\"twitter:data2\" content=\"2 minuti\" \/>","yoast_head_json":{"title":"''Un'emozione indescrivibile'': Enock Barwuah, fratello di Balotelli, pubblica la prima foto da pap\u00e0 con gli occhi sognanti davanti a Noah - Gossip.it | News sul Gossip e VIP","description":"''Un'emozione indescrivibile'': Enock Barwuah, fratello di Balotelli, pubblica la prima foto da pap\u00e0 con gli occhi sognanti davanti a Noah","robots":{"index":"index","follow":"follow","max-snippet":"max-snippet:-1","max-image-preview":"max-image-preview:large","max-video-preview":"max-video-preview:-1"},"canonical":"https:\/\/www.gossip.it\/news\/enock-barwuah-prima-foto-papa\/","og_locale":"it_IT","og_type":"article","og_title":"''Un'emozione indescrivibile'': Enock Barwuah, fratello di Balotelli, pubblica la prima foto da pap\u00e0 con gli occhi sognanti davanti a Noah - Gossip.it | News sul Gossip e VIP","og_description":"''Un'emozione indescrivibile'': Enock Barwuah, fratello di Balotelli, pubblica la prima foto da pap\u00e0 con gli occhi sognanti davanti a Noah","og_url":"https:\/\/www.gossip.it\/news\/enock-barwuah-prima-foto-papa\/","og_site_name":"Gossip.it | News sul Gossip e VIP","article_publisher":"https:\/\/www.facebook.com\/GossipIT","article_published_time":"2024-05-13T11:47:46+00:00","article_modified_time":"2024-05-13T15:13:10+00:00","og_image":[{"width":2000,"height":1000,"url":"https:\/\/www.gossip.it\/wp-content\/uploads\/2024\/05\/fb-enock.jpg","type":"image\/jpeg"}],"author":"Carla Giuni","twitter_card":"summary_large_image","twitter_creator":"@gossinews_it","twitter_site":"@gossinews_it","twitter_misc":{"Scritto da":"Carla Giuni","Tempo di lettura stimato":"2 minuti"},"schema":{"@context":"https:\/\/schema.org","@graph":[{"@type":"Article","@id":"https:\/\/www.gossip.it\/news\/enock-barwuah-prima-foto-papa\/#article","isPartOf":{"@id":"https:\/\/www.gossip.it\/news\/enock-barwuah-prima-foto-papa\/"},"author":{"name":"Carla Giuni","@id":"https:\/\/www.gossip.it\/#\/schema\/person\/df4a88c190f338e21427b6f342595faa"},"headline":"''Un'emozione indescrivibile'': Enock Barwuah, fratello di Balotelli, pubblica la prima foto da pap\u00e0 con gli occhi sognanti davanti a Noah","datePublished":"2024-05-13T11:47:46+00:00","dateModified":"2024-05-13T15:13:10+00:00","mainEntityOfPage":{"@id":"https:\/\/www.gossip.it\/news\/enock-barwuah-prima-foto-papa\/"},"wordCount":276,"commentCount":0,"publisher":{"@id":"https:\/\/www.gossip.it\/#organization"},"image":{"@id":"https:\/\/www.gossip.it\/news\/enock-barwuah-prima-foto-papa\/#primaryimage"},"thumbnailUrl":"https:\/\/www.gossip.it\/wp-content\/uploads\/2024\/05\/lancio-enock.jpg","keywords":["enockbarwuah","enockbarwuahpapa","giorgiamigliorati","gossip","mariobalitellifratello","noah","sifb"],"articleSection":["News"],"inLanguage":"it-IT","potentialAction":[{"@type":"CommentAction","name":"Comment","target":["https:\/\/www.gossip.it\/news\/enock-barwuah-prima-foto-papa\/#respond"]}]},{"@type":"WebPage","@id":"https:\/\/www.gossip.it\/news\/enock-barwuah-prima-foto-papa\/","url":"https:\/\/www.gossip.it\/news\/enock-barwuah-prima-foto-papa\/","name":"''Un'emozione indescrivibile'': Enock Barwuah, fratello di Balotelli, pubblica la prima foto da pap\u00e0 con gli occhi sognanti davanti a Noah - Gossip.it | News sul Gossip e VIP","isPartOf":{"@id":"https:\/\/www.gossip.it\/#website"},"primaryImageOfPage":{"@id":"https:\/\/www.gossip.it\/news\/enock-barwuah-prima-foto-papa\/#primaryimage"},"image":{"@id":"https:\/\/www.gossip.it\/news\/enock-barwuah-prima-foto-papa\/#primaryimage"},"thumbnailUrl":"https:\/\/www.gossip.it\/wp-content\/uploads\/2024\/05\/lancio-enock.jpg","datePublished":"2024-05-13T11:47:46+00:00","dateModified":"2024-05-13T15:13:10+00:00","description":"''Un'emozione indescrivibile'': Enock Barwuah, fratello di Balotelli, pubblica la prima foto da pap\u00e0 con gli occhi sognanti davanti a Noah","breadcrumb":{"@id":"https:\/\/www.gossip.it\/news\/enock-barwuah-prima-foto-papa\/#breadcrumb"},"inLanguage":"it-IT","potentialAction":[{"@type":"ReadAction","target":["https:\/\/www.gossip.it\/news\/enock-barwuah-prima-foto-papa\/"]}]},{"@type":"ImageObject","inLanguage":"it-IT","@id":"https:\/\/www.gossip.it\/news\/enock-barwuah-prima-foto-papa\/#primaryimage","url":"https:\/\/www.gossip.it\/wp-content\/uploads\/2024\/05\/lancio-enock.jpg","contentUrl":"https:\/\/www.gossip.it\/wp-content\/uploads\/2024\/05\/lancio-enock.jpg","width":2000,"height":1500},{"@type":"BreadcrumbList","@id":"https:\/\/www.gossip.it\/news\/enock-barwuah-prima-foto-papa\/#breadcrumb","itemListElement":[{"@type":"ListItem","position":1,"name":"Home","item":"https:\/\/www.gossip.it\/"},{"@type":"ListItem","position":2,"name":"''Un'emozione indescrivibile'': Enock Barwuah, fratello di Balotelli, pubblica la prima foto da pap\u00e0 con gli occhi sognanti davanti a Noah"}]},{"@type":"WebSite","@id":"https:\/\/www.gossip.it\/#website","url":"https:\/\/www.gossip.it\/","name":"Gossip and VIP News","description":"Quotidiano di cronaca rosa, costume e societ\u00e0","publisher":{"@id":"https:\/\/www.gossip.it\/#organization"},"alternateName":"Gossip and VIP News","potentialAction":[{"@type":"SearchAction","target":{"@type":"EntryPoint","urlTemplate":"https:\/\/www.gossip.it\/?s={search_term_string}"},"query-input":{"@type":"PropertyValueSpecification","valueRequired":true,"valueName":"search_term_string"}}],"inLanguage":"it-IT"},{"@type":"Organization","@id":"https:\/\/www.gossip.it\/#organization","name":"Gossip and VIP News","alternateName":"Gossip News","url":"https:\/\/www.gossip.it\/","logo":{"@type":"ImageObject","inLanguage":"it-IT","@id":"https:\/\/www.gossip.it\/#\/schema\/logo\/image\/","url":"https:\/\/www.gossip.it\/wp-content\/uploads\/2022\/04\/cropped-corna-alta-tiny.png","contentUrl":"https:\/\/www.gossip.it\/wp-content\/uploads\/2022\/04\/cropped-corna-alta-tiny.png","width":512,"height":512,"caption":"Gossip and VIP News"},"image":{"@id":"https:\/\/www.gossip.it\/#\/schema\/logo\/image\/"},"sameAs":["https:\/\/www.facebook.com\/GossipIT","https:\/\/x.com\/gossinews_it","https:\/\/instagram.com\/gossip_it"]},{"@type":"Person","@id":"https:\/\/www.gossip.it\/#\/schema\/person\/df4a88c190f338e21427b6f342595faa","name":"Carla Giuni","image":{"@type":"ImageObject","inLanguage":"it-IT","@id":"https:\/\/www.gossip.it\/#\/schema\/person\/image\/","url":"https:\/\/secure.gravatar.com\/avatar\/9caf92f895c8e9a7cca263cd6e3860da8edad54c0a92046a7e363cbd3fa35c36?s=96&d=mm&r=g","contentUrl":"https:\/\/secure.gravatar.com\/avatar\/9caf92f895c8e9a7cca263cd6e3860da8edad54c0a92046a7e363cbd3fa35c36?s=96&d=mm&r=g","caption":"Carla Giuni"}}]}},"amp_enabled":true,"_links":{"self":[{"href":"https:\/\/www.gossip.it\/api\/wp\/v2\/posts\/172121","targetHints":{"allow":["GET"]}}],"collection":[{"href":"https:\/\/www.gossip.it\/api\/wp\/v2\/posts"}],"about":[{"href":"https:\/\/www.gossip.it\/api\/wp\/v2\/types\/post"}],"author":[{"embeddable":true,"href":"https:\/\/www.gossip.it\/api\/wp\/v2\/users\/24"}],"replies":[{"embeddable":true,"href":"https:\/\/www.gossip.it\/api\/wp\/v2\/comments?post=172121"}],"version-history":[{"count":1,"href":"https:\/\/www.gossip.it\/api\/wp\/v2\/posts\/172121\/revisions"}],"predecessor-version":[{"id":172127,"href":"https:\/\/www.gossip.it\/api\/wp\/v2\/posts\/172121\/revisions\/172127"}],"wp:featuredmedia":[{"embeddable":true,"href":"https:\/\/www.gossip.it\/api\/wp\/v2\/media\/172124"}],"wp:attachment":[{"href":"https:\/\/www.gossip.it\/api\/wp\/v2\/media?parent=172121"}],"wp:term":[{"taxonomy":"category","embeddable":true,"href":"https:\/\/www.gossip.it\/api\/wp\/v2\/categories?post=172121"},{"taxonomy":"post_tag","embeddable":true,"href":"https:\/\/www.gossip.it\/api\/wp\/v2\/tags?post=172121"},{"taxonomy":"vip","embeddable":true,"href":"https:\/\/www.gossip.it\/api\/wp\/v2\/vip?post=172121"}],"curies":[{"name":"wp","href":"https:\/\/api.w.org\/{rel}","templated":true}]}}