{"id":172373,"date":"2024-05-15T15:44:58","date_gmt":"2024-05-15T13:44:58","guid":{"rendered":"https:\/\/www.gossip.it\/?p=172373"},"modified":"2024-05-15T15:45:36","modified_gmt":"2024-05-15T13:45:36","slug":"enrico-mentana-parla-compagna-fagnani-tv","status":"publish","type":"post","link":"https:\/\/www.gossip.it\/news\/enrico-mentana-parla-compagna-fagnani-tv\/","title":{"rendered":"''Francesca \u00e8 arrivata alla popolarit\u00e0 con mezzi suoi, il programma se l'\u00e8 inventato lei'': Enrico Mentana parla della compagna Fagnani in tv"},"content":{"rendered":"\n<ul class=\"wp-block-list\">\n<li>Il direttore di TgLa7 ospite alla prima di Piero Chiabretti su Rai3<\/li>\n\n\n\n<li>Il giornalista 69enne commenta il successo di Francesca, 47 anni, con cui sta insieme da 12 anni<\/li>\n<\/ul>\n\n\n\n<p><a href=\"http:\/\/www.gossip.it\/vip\/enrico-mentana\">Enrico Mentana<\/a> si siede da ospite al prima di <a href=\"http:\/\/www.gossip.it\/vip\/piero-chiambretti\">Piero Chiambretti<\/a> su Rai3. A <em>Donne sull\u2019orlo di una crisi di nervi <\/em><strong>parla per la prima volta molto apertamente della compagna <a href=\"http:\/\/www.gossip.it\/vip\/francesca-fagnani\">Francesca Fagnani<\/a>. In tv sottolinea: <em>\u201cE\u2019 arrivata alla popolarit\u00e0 con mezzi suoi, il programma se l\u2019\u00e8 inventato lei\u201d<\/em><\/strong>. Fa riferimento a <em>Belve<\/em>, trasmissione di grande successo di Rai2.<\/p>\n\n\n\n<figure class=\"wp-block-image size-large\"><img decoding=\"async\" width=\"1024\" height=\"576\" src=\"https:\/\/www.gossip.it\/wp-content\/uploads\/2024\/05\/mentana_1-1-1024x576.jpg\" alt=\"\" class=\"wp-image-172375\" srcset=\"https:\/\/www.gossip.it\/wp-content\/uploads\/2024\/05\/mentana_1-1-1024x576.jpg 1024w, https:\/\/www.gossip.it\/wp-content\/uploads\/2024\/05\/mentana_1-1-300x169.jpg 300w, https:\/\/www.gossip.it\/wp-content\/uploads\/2024\/05\/mentana_1-1-768x432.jpg 768w, https:\/\/www.gossip.it\/wp-content\/uploads\/2024\/05\/mentana_1-1-750x422.jpg 750w, https:\/\/www.gossip.it\/wp-content\/uploads\/2024\/05\/mentana_1-1-730x410.jpg 730w, https:\/\/www.gossip.it\/wp-content\/uploads\/2024\/05\/mentana_1-1.jpg 1134w\" sizes=\"(max-width: 1024px) 100vw, 1024px\" \/><figcaption class=\"wp-element-caption\"><em>''Francesca \u00e8 arrivata alla popolarit\u00e0 con mezzi suoi, il programma se l'\u00e8 inventato lei''<\/em>: Enrico Mentana parla della compagna Fagnani in tv<\/figcaption><\/figure>\n\n\n\n<p>Mentana non ha paura delle domande di Piero, che gli chiede chiarimenti sulla sua fama di \u2018cattivo\u2019. <em>\u201cPotevo essere cattivo? No. <strong>Sono esigente<\/strong>. Il telegiornale \u00e8 un prodotto incomprensibile per la maggior parte delle persone, \u00e8 un programma che pu\u00f2 modificarsi e deve essere buona la prima, sempre. <strong>Bisogna fare in modo di fare le cose per come si sono dette<\/strong>. Non \u00e8 l'opera di un conduttore, ma un'opera di insieme. Se uno dice una cosa e l'altro non lo fa, fa sballare il lavoro di tutti gli altri. E\u2019 come in ogni opera collettiva, bisogna che tutti facciano lo stesso lavoro perch\u00e9 se uno va al contrario, \u00e8 la fine per tutti\u201d<\/em>, precisa il giornalista 69enne, direttore di TgLa7.<\/p>\n\n\n\n<p>Si spazia dall\u2019argomento <a href=\"http:\/\/www.gossip.it\/vip\/lilli-gruber\">Lilli Gruber<\/a>, con cui la frattura si \u00e8 ricomposta, e quello di un eventuale suo passaggio a <em>Nove<\/em>. Poi ecco arrivare il tema Fagnani. <em>\u201cAdesso che \u00e8 di successo, viene attaccata\u201d<\/em>, gli fa notare Chiambretti. Enrico non si scompone a sentir nominare la 47enne, al suo fianco da ben 12 anni, e dice la sua a riguardo.\u00a0<\/p>\n\n\n\n<figure class=\"wp-block-image size-large\"><img decoding=\"async\" width=\"1024\" height=\"576\" src=\"https:\/\/www.gossip.it\/wp-content\/uploads\/2024\/05\/mentana_2-1-1024x576.jpg\" alt=\"\" class=\"wp-image-172376\" srcset=\"https:\/\/www.gossip.it\/wp-content\/uploads\/2024\/05\/mentana_2-1-1024x576.jpg 1024w, https:\/\/www.gossip.it\/wp-content\/uploads\/2024\/05\/mentana_2-1-300x169.jpg 300w, https:\/\/www.gossip.it\/wp-content\/uploads\/2024\/05\/mentana_2-1-768x432.jpg 768w, https:\/\/www.gossip.it\/wp-content\/uploads\/2024\/05\/mentana_2-1-750x422.jpg 750w, https:\/\/www.gossip.it\/wp-content\/uploads\/2024\/05\/mentana_2-1-730x410.jpg 730w, https:\/\/www.gossip.it\/wp-content\/uploads\/2024\/05\/mentana_2-1.jpg 1134w\" sizes=\"(max-width: 1024px) 100vw, 1024px\" \/><figcaption class=\"wp-element-caption\">Il direttore di TgLa7 ospite alla prima di Piero Chiabretti su Rai3<\/figcaption><\/figure>\n\n\n\n<p><em>\u201cNoi siamo stati pi\u00f9 fortunati perch\u00e9 abbiamo conosciuto il successo da giovane. Quando sei ventenne, trentenne, credi che tutti ti vogliano bene e in realt\u00e0 non \u00e8 cos\u00ec. Questa cosa \u00e8 tipica della popolarit\u00e0, si porta dietro il suo contrario. Le persone note ti piacciono o non ti piacciono. <strong>Francesca \u00e8 arrivata alla popolarit\u00e0 con mezzi suoi, con un programma che s'\u00e8 inventato lei <\/strong>ed \u00e8 passato da una rete che allora era piccola, \u00e8 finita sulla Rai in seconda serata e poi promossa in prima. Tutto questo cosa porta? Grande popolarit\u00e0 ma anche il fatto che <strong>qualcuno, per invidia, per il gioco del massacro e della torre, ti critica<\/strong>. Questa \u00e8 una vaccinazione\u201d<\/em>, commenta serafico Mentana.<\/p>\n","protected":false},"excerpt":{"rendered":"<p>Enrico Mentana si siede da ospite al prima di Piero...<\/p>\n","protected":false},"author":24,"featured_media":172377,"comment_status":"open","ping_status":"closed","sticky":false,"template":"","format":"standard","meta":{"footnotes":""},"categories":[54],"tags":[57520,77509,65805,69424,65261,2793,23002,77510,63492,7459,67046,2097],"vip":[65806],"class_list":["post-172373","post","type-post","status-publish","format-standard","has-post-thumbnail","hentry","category-news","tag-belve","tag-donnesullorlodiunacrisidinervi","tag-enricomentana","tag-fagnani","tag-francescafagnani","tag-gossip","tag-mentana","tag-mentanacompagna","tag-pierochiambretti","tag-rai3","tag-sifb","tag-tv","vip-enrico-mentana"],"yoast_head":"<title>&#039;&#039;Francesca \u00e8 arrivata alla popolarit\u00e0 con mezzi suoi, il programma se l&#039;\u00e8 inventato lei&#039;&#039;: Enrico Mentana parla della compagna Fagnani in tv - Gossip.it | News sul Gossip e VIP<\/title>\n<meta name=\"description\" content=\"&#039;Francesca \u00e8 arrivata alla popolarit\u00e0 con mezzi suoi, il programma se l&#039;\u00e8 inventato lei&#039;: Enrico Mentana parla della compagna Fagnani in tv\" \/>\n<meta name=\"robots\" content=\"index, follow, max-snippet:-1, max-image-preview:large, max-video-preview:-1\" \/>\n<link rel=\"canonical\" href=\"https:\/\/www.gossip.it\/news\/enrico-mentana-parla-compagna-fagnani-tv\/\" \/>\n<meta property=\"og:locale\" content=\"it_IT\" \/>\n<meta property=\"og:type\" content=\"article\" \/>\n<meta property=\"og:title\" content=\"&#039;&#039;Francesca \u00e8 arrivata alla popolarit\u00e0 con mezzi suoi, il programma se l&#039;\u00e8 inventato lei&#039;&#039;: Enrico Mentana parla della compagna Fagnani in tv - Gossip.it | News sul Gossip e VIP\" \/>\n<meta property=\"og:description\" content=\"&#039;Francesca \u00e8 arrivata alla popolarit\u00e0 con mezzi suoi, il programma se l&#039;\u00e8 inventato lei&#039;: Enrico Mentana parla della compagna Fagnani in tv\" \/>\n<meta property=\"og:url\" content=\"https:\/\/www.gossip.it\/news\/enrico-mentana-parla-compagna-fagnani-tv\/\" \/>\n<meta property=\"og:site_name\" content=\"Gossip.it | News sul Gossip e VIP\" \/>\n<meta property=\"article:publisher\" content=\"https:\/\/www.facebook.com\/GossipIT\" \/>\n<meta property=\"article:published_time\" content=\"2024-05-15T13:44:58+00:00\" \/>\n<meta property=\"article:modified_time\" content=\"2024-05-15T13:45:36+00:00\" \/>\n<meta property=\"og:image\" content=\"https:\/\/www.gossip.it\/wp-content\/uploads\/2024\/05\/lancio-MENTANA-FB.jpg\" \/>\n\t<meta property=\"og:image:width\" content=\"1134\" \/>\n\t<meta property=\"og:image:height\" content=\"678\" \/>\n\t<meta property=\"og:image:type\" content=\"image\/jpeg\" \/>\n<meta name=\"author\" content=\"Carla Giuni\" \/>\n<meta name=\"twitter:card\" content=\"summary_large_image\" \/>\n<meta name=\"twitter:creator\" content=\"@gossinews_it\" \/>\n<meta name=\"twitter:site\" content=\"@gossinews_it\" \/>\n<meta name=\"twitter:label1\" content=\"Scritto da\" \/>\n\t<meta name=\"twitter:data1\" content=\"Carla Giuni\" \/>\n\t<meta name=\"twitter:label2\" content=\"Tempo di lettura stimato\" \/>\n\t<meta name=\"twitter:data2\" content=\"3 minuti\" \/>","yoast_head_json":{"title":"''Francesca \u00e8 arrivata alla popolarit\u00e0 con mezzi suoi, il programma se l'\u00e8 inventato lei'': Enrico Mentana parla della compagna Fagnani in tv - Gossip.it | News sul Gossip e VIP","description":"'Francesca \u00e8 arrivata alla popolarit\u00e0 con mezzi suoi, il programma se l'\u00e8 inventato lei': Enrico Mentana parla della compagna Fagnani in tv","robots":{"index":"index","follow":"follow","max-snippet":"max-snippet:-1","max-image-preview":"max-image-preview:large","max-video-preview":"max-video-preview:-1"},"canonical":"https:\/\/www.gossip.it\/news\/enrico-mentana-parla-compagna-fagnani-tv\/","og_locale":"it_IT","og_type":"article","og_title":"''Francesca \u00e8 arrivata alla popolarit\u00e0 con mezzi suoi, il programma se l'\u00e8 inventato lei'': Enrico Mentana parla della compagna Fagnani in tv - Gossip.it | News sul Gossip e VIP","og_description":"'Francesca \u00e8 arrivata alla popolarit\u00e0 con mezzi suoi, il programma se l'\u00e8 inventato lei': Enrico Mentana parla della compagna Fagnani in tv","og_url":"https:\/\/www.gossip.it\/news\/enrico-mentana-parla-compagna-fagnani-tv\/","og_site_name":"Gossip.it | News sul Gossip e VIP","article_publisher":"https:\/\/www.facebook.com\/GossipIT","article_published_time":"2024-05-15T13:44:58+00:00","article_modified_time":"2024-05-15T13:45:36+00:00","og_image":[{"width":1134,"height":678,"url":"https:\/\/www.gossip.it\/wp-content\/uploads\/2024\/05\/lancio-MENTANA-FB.jpg","type":"image\/jpeg"}],"author":"Carla Giuni","twitter_card":"summary_large_image","twitter_creator":"@gossinews_it","twitter_site":"@gossinews_it","twitter_misc":{"Scritto da":"Carla Giuni","Tempo di lettura stimato":"3 minuti"},"schema":{"@context":"https:\/\/schema.org","@graph":[{"@type":"Article","@id":"https:\/\/www.gossip.it\/news\/enrico-mentana-parla-compagna-fagnani-tv\/#article","isPartOf":{"@id":"https:\/\/www.gossip.it\/news\/enrico-mentana-parla-compagna-fagnani-tv\/"},"author":{"name":"Carla Giuni","@id":"https:\/\/www.gossip.it\/#\/schema\/person\/df4a88c190f338e21427b6f342595faa"},"headline":"''Francesca \u00e8 arrivata alla popolarit\u00e0 con mezzi suoi, il programma se l'\u00e8 inventato lei'': Enrico Mentana parla della compagna Fagnani in tv","datePublished":"2024-05-15T13:44:58+00:00","dateModified":"2024-05-15T13:45:36+00:00","mainEntityOfPage":{"@id":"https:\/\/www.gossip.it\/news\/enrico-mentana-parla-compagna-fagnani-tv\/"},"wordCount":428,"commentCount":0,"publisher":{"@id":"https:\/\/www.gossip.it\/#organization"},"image":{"@id":"https:\/\/www.gossip.it\/news\/enrico-mentana-parla-compagna-fagnani-tv\/#primaryimage"},"thumbnailUrl":"https:\/\/www.gossip.it\/wp-content\/uploads\/2024\/05\/lancio-MENTANA-1.jpg","keywords":["belve","donnesullorlodiunacrisidinervi","enricomentana","fagnani","francescafagnani","gossip","mentana","mentanacompagna","pierochiambretti","rai3","sifb","tv"],"articleSection":["News"],"inLanguage":"it-IT","potentialAction":[{"@type":"CommentAction","name":"Comment","target":["https:\/\/www.gossip.it\/news\/enrico-mentana-parla-compagna-fagnani-tv\/#respond"]}]},{"@type":"WebPage","@id":"https:\/\/www.gossip.it\/news\/enrico-mentana-parla-compagna-fagnani-tv\/","url":"https:\/\/www.gossip.it\/news\/enrico-mentana-parla-compagna-fagnani-tv\/","name":"''Francesca \u00e8 arrivata alla popolarit\u00e0 con mezzi suoi, il programma se l'\u00e8 inventato lei'': Enrico Mentana parla della compagna Fagnani in tv - Gossip.it | News sul Gossip e VIP","isPartOf":{"@id":"https:\/\/www.gossip.it\/#website"},"primaryImageOfPage":{"@id":"https:\/\/www.gossip.it\/news\/enrico-mentana-parla-compagna-fagnani-tv\/#primaryimage"},"image":{"@id":"https:\/\/www.gossip.it\/news\/enrico-mentana-parla-compagna-fagnani-tv\/#primaryimage"},"thumbnailUrl":"https:\/\/www.gossip.it\/wp-content\/uploads\/2024\/05\/lancio-MENTANA-1.jpg","datePublished":"2024-05-15T13:44:58+00:00","dateModified":"2024-05-15T13:45:36+00:00","description":"'Francesca \u00e8 arrivata alla popolarit\u00e0 con mezzi suoi, il programma se l'\u00e8 inventato lei': Enrico Mentana parla della compagna Fagnani in tv","breadcrumb":{"@id":"https:\/\/www.gossip.it\/news\/enrico-mentana-parla-compagna-fagnani-tv\/#breadcrumb"},"inLanguage":"it-IT","potentialAction":[{"@type":"ReadAction","target":["https:\/\/www.gossip.it\/news\/enrico-mentana-parla-compagna-fagnani-tv\/"]}]},{"@type":"ImageObject","inLanguage":"it-IT","@id":"https:\/\/www.gossip.it\/news\/enrico-mentana-parla-compagna-fagnani-tv\/#primaryimage","url":"https:\/\/www.gossip.it\/wp-content\/uploads\/2024\/05\/lancio-MENTANA-1.jpg","contentUrl":"https:\/\/www.gossip.it\/wp-content\/uploads\/2024\/05\/lancio-MENTANA-1.jpg","width":1134,"height":808},{"@type":"BreadcrumbList","@id":"https:\/\/www.gossip.it\/news\/enrico-mentana-parla-compagna-fagnani-tv\/#breadcrumb","itemListElement":[{"@type":"ListItem","position":1,"name":"Home","item":"https:\/\/www.gossip.it\/"},{"@type":"ListItem","position":2,"name":"''Francesca \u00e8 arrivata alla popolarit\u00e0 con mezzi suoi, il programma se l'\u00e8 inventato lei'': Enrico Mentana parla della compagna Fagnani in tv"}]},{"@type":"WebSite","@id":"https:\/\/www.gossip.it\/#website","url":"https:\/\/www.gossip.it\/","name":"Gossip and VIP News","description":"Quotidiano di cronaca rosa, costume e societ\u00e0","publisher":{"@id":"https:\/\/www.gossip.it\/#organization"},"alternateName":"Gossip and VIP News","potentialAction":[{"@type":"SearchAction","target":{"@type":"EntryPoint","urlTemplate":"https:\/\/www.gossip.it\/?s={search_term_string}"},"query-input":{"@type":"PropertyValueSpecification","valueRequired":true,"valueName":"search_term_string"}}],"inLanguage":"it-IT"},{"@type":"Organization","@id":"https:\/\/www.gossip.it\/#organization","name":"Gossip and VIP News","alternateName":"Gossip News","url":"https:\/\/www.gossip.it\/","logo":{"@type":"ImageObject","inLanguage":"it-IT","@id":"https:\/\/www.gossip.it\/#\/schema\/logo\/image\/","url":"https:\/\/www.gossip.it\/wp-content\/uploads\/2022\/04\/cropped-corna-alta-tiny.png","contentUrl":"https:\/\/www.gossip.it\/wp-content\/uploads\/2022\/04\/cropped-corna-alta-tiny.png","width":512,"height":512,"caption":"Gossip and VIP News"},"image":{"@id":"https:\/\/www.gossip.it\/#\/schema\/logo\/image\/"},"sameAs":["https:\/\/www.facebook.com\/GossipIT","https:\/\/x.com\/gossinews_it","https:\/\/instagram.com\/gossip_it"]},{"@type":"Person","@id":"https:\/\/www.gossip.it\/#\/schema\/person\/df4a88c190f338e21427b6f342595faa","name":"Carla Giuni","image":{"@type":"ImageObject","inLanguage":"it-IT","@id":"https:\/\/www.gossip.it\/#\/schema\/person\/image\/","url":"https:\/\/secure.gravatar.com\/avatar\/9caf92f895c8e9a7cca263cd6e3860da8edad54c0a92046a7e363cbd3fa35c36?s=96&d=mm&r=g","contentUrl":"https:\/\/secure.gravatar.com\/avatar\/9caf92f895c8e9a7cca263cd6e3860da8edad54c0a92046a7e363cbd3fa35c36?s=96&d=mm&r=g","caption":"Carla Giuni"}}]}},"amp_enabled":true,"_links":{"self":[{"href":"https:\/\/www.gossip.it\/api\/wp\/v2\/posts\/172373","targetHints":{"allow":["GET"]}}],"collection":[{"href":"https:\/\/www.gossip.it\/api\/wp\/v2\/posts"}],"about":[{"href":"https:\/\/www.gossip.it\/api\/wp\/v2\/types\/post"}],"author":[{"embeddable":true,"href":"https:\/\/www.gossip.it\/api\/wp\/v2\/users\/24"}],"replies":[{"embeddable":true,"href":"https:\/\/www.gossip.it\/api\/wp\/v2\/comments?post=172373"}],"version-history":[{"count":1,"href":"https:\/\/www.gossip.it\/api\/wp\/v2\/posts\/172373\/revisions"}],"predecessor-version":[{"id":172389,"href":"https:\/\/www.gossip.it\/api\/wp\/v2\/posts\/172373\/revisions\/172389"}],"wp:featuredmedia":[{"embeddable":true,"href":"https:\/\/www.gossip.it\/api\/wp\/v2\/media\/172377"}],"wp:attachment":[{"href":"https:\/\/www.gossip.it\/api\/wp\/v2\/media?parent=172373"}],"wp:term":[{"taxonomy":"category","embeddable":true,"href":"https:\/\/www.gossip.it\/api\/wp\/v2\/categories?post=172373"},{"taxonomy":"post_tag","embeddable":true,"href":"https:\/\/www.gossip.it\/api\/wp\/v2\/tags?post=172373"},{"taxonomy":"vip","embeddable":true,"href":"https:\/\/www.gossip.it\/api\/wp\/v2\/vip?post=172373"}],"curies":[{"name":"wp","href":"https:\/\/api.w.org\/{rel}","templated":true}]}}