{"id":17295,"date":"2003-05-23T00:00:00","date_gmt":"2003-05-22T22:00:00","guid":{"rendered":"https:\/\/www.gossip.it\/senza-categoria\/esce-la-nuova-alfa-147-inter-si-scatena-la-milano-mondana\/"},"modified":"2003-05-23T00:00:00","modified_gmt":"2003-05-22T22:00:00","slug":"esce-la-nuova-alfa-147-inter-si-scatena-la-milano-mondana","status":"publish","type":"post","link":"https:\/\/www.gossip.it\/news\/esce-la-nuova-alfa-147-inter-si-scatena-la-milano-mondana\/","title":{"rendered":"Esce la nuova Alfa 147 Inter: si scatena la Milano mondana"},"content":{"rendered":"<p>22 Maggio 2003: presso la discoteca ''Dieci57'' di Milano si \u00e8 tenuta la<br \/>\npresentazione in anteprima della nuova Alfa 147 Inter. Tanti gli invitati,<br \/>\ntante le telecamere, pochi vips, ma in compenso molte autorit\u00e0 della Milano<br \/>\nche conta. Uomini incravattati per bene, donne in tenuta super elegante e,<br \/>\nstranamente, nessuna traccia di ''imbucati''. La festa ha avuto inizio alle 23.00 con una ricca cena a base di varie specialit\u00e0: per antipasto, prosciutto crudo con perle di melone e spada salmone con tonno marinati; come primo, risotto con Butto e pere, mezzepenne con fiori di zucca e pistilli di zafferano; il secondo, invece, a base di trancio di salmone al verde con verdure e carpaccio di manzo scottato con patate al timo. Per concludere, bourgiuinne di frutta al cioccolato e torta di ricorrenza. Non potevano mancare ottimi vini, sia rossi sia bianchi. Il tutto \u00e8 stato servito in un ambiente davvero elegante, ornato da palloncini nero azzurri ovunque, anche se ogni tanto qualcosa di strano si \u00e8 potuto notare: cosa ci faceva una maglietta del Milan appesa dietro la postazione della cassa? E perch\u00e8 una ragazza, dando un pugno ad un palloncino, ha urlato ''Forza Juve''? Il mondo \u00e8 bello proprio perch\u00e8 \u00e8 vario!<\/p>\n<p>L'ospite pi\u00f9 atteso della serata, Christian Vieri, ha fatto la sua comparsa<br \/>\nsolo verso mezzanotte in compagnia di alcuni amici, ma senza traccia di<br \/>\nElisabetta Canalis, nonostante sia quasi certo un ritorno di fiamma tra il<br \/>\ncalciatore e l'ex velina. Vieri ha preso posto al tavolo delle autorit\u00e0<br \/>\ndella serata a fianco della signora Bedy Moratti, sorella del presidente<br \/>\ndella societ\u00e0 milanese. La cosa pi\u00f9 in vista all'interno della sala: una bellissima costruzione interamente di palloncini con la scritta I love Inter, dove il cuore che doveva significare amore, aveva una sospetta somiglianza con il logo della nuova marca di abbigliamento ''Sweet Years'' di cui \u00e8 proprietario proprio Bobo Vieri.<\/p>\n<p>La presentazione ufficiale della nuova auto \u00e8 avvenuta verso mezzanotte e<br \/>\nmezza, quando i testimonial della serata, Christian Vieri e Bedy Moratti<br \/>\naffiancati da due venditrici Alfa Romeo,sono stati invitati ha togliere<br \/>\nl'ammasso di palloncini nero azzurri che ricoprivano la vettura. La nuova<br \/>\n''147 Anima Inter'', questo \u00e8 il nome della nuova creazione, \u00e8 disponibile in<br \/>\nserie limitata di cento pezzi ed \u00e8 stata presentata come una macchina per<br \/>\nintenditori, la prima auto interamente nero azzurra con tanto di interni che<br \/>\nrichiamano i colori della squadra. I primi  a salire nella nuova auto sono stati proprio i due testimonial della serata, circondati da telecamere, fotografi e un ammasso di gente. Dopo questo momento di allegria e festa in pompa magna, la situazione \u00e8 tornata alla normalit\u00e0: tutti sono tornati alla propria cena tranquillamente. Vieri si \u00e8 seduto al suo tavolo, sempre in compagnia della signora Moratti, ma verso l'una e mezzo hanno fatto la loro comparsa due dei suoi compagni di squadra per un veloce saluto: Cristiano Zanetti e Daniele Adani, quest'ultimo, nemmeno a farlo apposta, con la maglietta della marca di propriet\u00e0 di Bobo... ma, anche questa, probabilmente come il malinteso della somiglianza della forma del cuore nella scritta, non puo' essere nient'altro che una coincidenza!<\/p>\n<p>Verso le due la serata ha iniziato a perdere tono ed anche i testimonial<br \/>\nd'eccezione hanno lasciato la sala. Bellissima l'iniziativa di regalare una<br \/>\nrosa blu ad ogni invitato: visto che la nuova Alfa Anima Inter sar\u00e0 in<br \/>\nedizione limitata, che questo piccolo omaggio sia stato un ricordino per<br \/>\ntutti coloro che non faranno in tempo a comprarla?<\/p>\n<p>Foto: dalla Rete<\/p>\n","protected":false},"excerpt":{"rendered":"<p>22 Maggio 2003: presso la discoteca ''Dieci57'' di Milano si \u00e8 tenuta la presentazione in anteprima della nuova Alfa 147 Inter. Tanti gli invitati, tante le telecamere, pochi vips, ma in compenso molte autorit\u00e0 della Milano che conta. Uomini incravattati per bene, donne in tenuta super elegante e, stranamente, nessuna traccia di ''imbucati''. La festa [&hellip;]<\/p>\n","protected":false},"author":1,"featured_media":73344,"comment_status":"closed","ping_status":"closed","sticky":false,"template":"","format":"standard","meta":{"footnotes":""},"categories":[54],"tags":[17328,17329,17330,17331,6560,11946,2725,5544,1979,2654,14488,2682,10153,214],"vip":[649],"class_list":["post-17295","post","type-post","status-publish","format-standard","has-post-thumbnail","hentry","category-news","tag-alfa","tag-alfa-147","tag-alfa-147-inter","tag-bedi-moratti","tag-christian-vieri","tag-cristian-vieri","tag-eventi","tag-inter","tag-milano","tag-mondanita","tag-moratti","tag-sport","tag-sweet-years","tag-vip","vip-elisabetta_canalis"],"yoast_head":"<title>Esce la nuova Alfa 147 Inter: si scatena la Milano mondana - Gossip.it | News sul Gossip e VIP<\/title>\n<meta name=\"description\" content=\"22 Maggio 2003: presso la discoteca &#039;&#039;Dieci57&#039;&#039; di Milano si \u00e8 tenuta la presentazione in anteprima della nuova Alfa 147 Inter. Tanti gli invitati, tante\" \/>\n<meta name=\"robots\" content=\"index, follow, max-snippet:-1, max-image-preview:large, max-video-preview:-1\" \/>\n<link rel=\"canonical\" href=\"https:\/\/www.gossip.it\/news\/esce-la-nuova-alfa-147-inter-si-scatena-la-milano-mondana\/\" \/>\n<meta property=\"og:locale\" content=\"it_IT\" \/>\n<meta property=\"og:type\" content=\"article\" \/>\n<meta property=\"og:title\" content=\"Esce la nuova Alfa 147 Inter: si scatena la Milano mondana - Gossip.it | News sul Gossip e VIP\" \/>\n<meta property=\"og:description\" content=\"22 Maggio 2003: presso la discoteca &#039;&#039;Dieci57&#039;&#039; di Milano si \u00e8 tenuta la presentazione in anteprima della nuova Alfa 147 Inter. Tanti gli invitati, tante\" \/>\n<meta property=\"og:url\" content=\"https:\/\/www.gossip.it\/news\/esce-la-nuova-alfa-147-inter-si-scatena-la-milano-mondana\/\" \/>\n<meta property=\"og:site_name\" content=\"Gossip.it | News sul Gossip e VIP\" \/>\n<meta property=\"article:publisher\" content=\"https:\/\/www.facebook.com\/GossipIT\" \/>\n<meta property=\"article:published_time\" content=\"2003-05-22T22:00:00+00:00\" \/>\n<meta property=\"og:image\" content=\"https:\/\/www.gossip.it\/images2\/bobo.jpg\" \/>\n<meta name=\"author\" content=\"La Redazione\" \/>\n<meta name=\"twitter:card\" content=\"summary_large_image\" \/>\n<meta name=\"twitter:image\" content=\"https:\/\/www.gossip.it\/images2\/bobo.jpg\" \/>\n<meta name=\"twitter:creator\" content=\"@gossinews_it\" \/>\n<meta name=\"twitter:site\" content=\"@gossinews_it\" \/>\n<meta name=\"twitter:label1\" content=\"Scritto da\" \/>\n\t<meta name=\"twitter:data1\" content=\"Cristina Zuech\" \/>\n\t<meta name=\"twitter:label2\" content=\"Tempo di lettura stimato\" \/>\n\t<meta name=\"twitter:data2\" content=\"3 minuti\" \/>","yoast_head_json":{"title":"Esce la nuova Alfa 147 Inter: si scatena la Milano mondana - Gossip.it | News sul Gossip e VIP","description":"22 Maggio 2003: presso la discoteca ''Dieci57'' di Milano si \u00e8 tenuta la presentazione in anteprima della nuova Alfa 147 Inter. Tanti gli invitati, tante","robots":{"index":"index","follow":"follow","max-snippet":"max-snippet:-1","max-image-preview":"max-image-preview:large","max-video-preview":"max-video-preview:-1"},"canonical":"https:\/\/www.gossip.it\/news\/esce-la-nuova-alfa-147-inter-si-scatena-la-milano-mondana\/","og_locale":"it_IT","og_type":"article","og_title":"Esce la nuova Alfa 147 Inter: si scatena la Milano mondana - Gossip.it | News sul Gossip e VIP","og_description":"22 Maggio 2003: presso la discoteca ''Dieci57'' di Milano si \u00e8 tenuta la presentazione in anteprima della nuova Alfa 147 Inter. Tanti gli invitati, tante","og_url":"https:\/\/www.gossip.it\/news\/esce-la-nuova-alfa-147-inter-si-scatena-la-milano-mondana\/","og_site_name":"Gossip.it | News sul Gossip e VIP","article_publisher":"https:\/\/www.facebook.com\/GossipIT","article_published_time":"2003-05-22T22:00:00+00:00","og_image":[{"url":"https:\/\/www.gossip.it\/images2\/bobo.jpg"}],"author":"La Redazione","twitter_card":"summary_large_image","twitter_image":"https:\/\/www.gossip.it\/images2\/bobo.jpg","twitter_creator":"@gossinews_it","twitter_site":"@gossinews_it","twitter_misc":{"Scritto da":"Cristina Zuech","Tempo di lettura stimato":"3 minuti"},"schema":{"@context":"https:\/\/schema.org","@graph":[{"@type":"Article","@id":"https:\/\/www.gossip.it\/news\/esce-la-nuova-alfa-147-inter-si-scatena-la-milano-mondana\/#article","isPartOf":{"@id":"https:\/\/www.gossip.it\/news\/esce-la-nuova-alfa-147-inter-si-scatena-la-milano-mondana\/"},"author":{"name":"La Redazione","@id":"https:\/\/www.gossip.it\/#\/schema\/person\/488896f75158bff1cc83c6c39d141110"},"headline":"Esce la nuova Alfa 147 Inter: si scatena la Milano mondana","datePublished":"2003-05-22T22:00:00+00:00","dateModified":"2003-05-22T22:00:00+00:00","mainEntityOfPage":{"@id":"https:\/\/www.gossip.it\/news\/esce-la-nuova-alfa-147-inter-si-scatena-la-milano-mondana\/"},"wordCount":584,"publisher":{"@id":"https:\/\/www.gossip.it\/#organization"},"image":{"@id":"https:\/\/www.gossip.it\/news\/esce-la-nuova-alfa-147-inter-si-scatena-la-milano-mondana\/#primaryimage"},"thumbnailUrl":"https:\/\/www.gossip.it\/images2\/bobo.jpg","keywords":["alfa","alfa 147","alfa 147 inter","bedi moratti","christian vieri","cristian vieri","eventi","inter","milano","mondanita","moratti","sport","sweet years","Vip"],"articleSection":["News"],"inLanguage":"it-IT"},{"@type":"WebPage","@id":"https:\/\/www.gossip.it\/news\/esce-la-nuova-alfa-147-inter-si-scatena-la-milano-mondana\/","url":"https:\/\/www.gossip.it\/news\/esce-la-nuova-alfa-147-inter-si-scatena-la-milano-mondana\/","name":"Esce la nuova Alfa 147 Inter: si scatena la Milano mondana - Gossip.it | News sul Gossip e VIP","isPartOf":{"@id":"https:\/\/www.gossip.it\/#website"},"primaryImageOfPage":{"@id":"https:\/\/www.gossip.it\/news\/esce-la-nuova-alfa-147-inter-si-scatena-la-milano-mondana\/#primaryimage"},"image":{"@id":"https:\/\/www.gossip.it\/news\/esce-la-nuova-alfa-147-inter-si-scatena-la-milano-mondana\/#primaryimage"},"thumbnailUrl":"https:\/\/www.gossip.it\/images2\/bobo.jpg","datePublished":"2003-05-22T22:00:00+00:00","dateModified":"2003-05-22T22:00:00+00:00","description":"22 Maggio 2003: presso la discoteca ''Dieci57'' di Milano si \u00e8 tenuta la presentazione in anteprima della nuova Alfa 147 Inter. Tanti gli invitati, tante","breadcrumb":{"@id":"https:\/\/www.gossip.it\/news\/esce-la-nuova-alfa-147-inter-si-scatena-la-milano-mondana\/#breadcrumb"},"inLanguage":"it-IT","potentialAction":[{"@type":"ReadAction","target":["https:\/\/www.gossip.it\/news\/esce-la-nuova-alfa-147-inter-si-scatena-la-milano-mondana\/"]}]},{"@type":"ImageObject","inLanguage":"it-IT","@id":"https:\/\/www.gossip.it\/news\/esce-la-nuova-alfa-147-inter-si-scatena-la-milano-mondana\/#primaryimage","url":"https:\/\/www.gossip.it\/images2\/bobo.jpg","contentUrl":"https:\/\/www.gossip.it\/images2\/bobo.jpg"},{"@type":"BreadcrumbList","@id":"https:\/\/www.gossip.it\/news\/esce-la-nuova-alfa-147-inter-si-scatena-la-milano-mondana\/#breadcrumb","itemListElement":[{"@type":"ListItem","position":1,"name":"Home","item":"https:\/\/www.gossip.it\/"},{"@type":"ListItem","position":2,"name":"Esce la nuova Alfa 147 Inter: si scatena la Milano mondana"}]},{"@type":"WebSite","@id":"https:\/\/www.gossip.it\/#website","url":"https:\/\/www.gossip.it\/","name":"Gossip and VIP News","description":"Quotidiano di cronaca rosa, costume e societ\u00e0","publisher":{"@id":"https:\/\/www.gossip.it\/#organization"},"alternateName":"Gossip and VIP News","potentialAction":[{"@type":"SearchAction","target":{"@type":"EntryPoint","urlTemplate":"https:\/\/www.gossip.it\/?s={search_term_string}"},"query-input":{"@type":"PropertyValueSpecification","valueRequired":true,"valueName":"search_term_string"}}],"inLanguage":"it-IT"},{"@type":"Organization","@id":"https:\/\/www.gossip.it\/#organization","name":"Gossip and VIP News","alternateName":"Gossip News","url":"https:\/\/www.gossip.it\/","logo":{"@type":"ImageObject","inLanguage":"it-IT","@id":"https:\/\/www.gossip.it\/#\/schema\/logo\/image\/","url":"https:\/\/www.gossip.it\/wp-content\/uploads\/2022\/04\/cropped-corna-alta-tiny.png","contentUrl":"https:\/\/www.gossip.it\/wp-content\/uploads\/2022\/04\/cropped-corna-alta-tiny.png","width":512,"height":512,"caption":"Gossip and VIP News"},"image":{"@id":"https:\/\/www.gossip.it\/#\/schema\/logo\/image\/"},"sameAs":["https:\/\/www.facebook.com\/GossipIT","https:\/\/x.com\/gossinews_it","https:\/\/instagram.com\/gossip_it"]},{"@type":"Person","@id":"https:\/\/www.gossip.it\/#\/schema\/person\/488896f75158bff1cc83c6c39d141110","name":"La Redazione","image":{"@type":"ImageObject","inLanguage":"it-IT","@id":"https:\/\/www.gossip.it\/#\/schema\/person\/image\/","url":"https:\/\/secure.gravatar.com\/avatar\/5a5f5c6fa3e6700e4249abdad0263a1e94e927d9e0499b1cb09c1cd29c044d80?s=96&d=mm&r=g","contentUrl":"https:\/\/secure.gravatar.com\/avatar\/5a5f5c6fa3e6700e4249abdad0263a1e94e927d9e0499b1cb09c1cd29c044d80?s=96&d=mm&r=g","caption":"La Redazione"},"sameAs":["https:\/\/www.gossip.it"]}]}},"amp_enabled":true,"_links":{"self":[{"href":"https:\/\/www.gossip.it\/api\/wp\/v2\/posts\/17295","targetHints":{"allow":["GET"]}}],"collection":[{"href":"https:\/\/www.gossip.it\/api\/wp\/v2\/posts"}],"about":[{"href":"https:\/\/www.gossip.it\/api\/wp\/v2\/types\/post"}],"author":[{"embeddable":true,"href":"https:\/\/www.gossip.it\/api\/wp\/v2\/users\/1"}],"replies":[{"embeddable":true,"href":"https:\/\/www.gossip.it\/api\/wp\/v2\/comments?post=17295"}],"version-history":[{"count":0,"href":"https:\/\/www.gossip.it\/api\/wp\/v2\/posts\/17295\/revisions"}],"wp:featuredmedia":[{"embeddable":true,"href":"https:\/\/www.gossip.it\/api\/wp\/v2\/media\/73344"}],"wp:attachment":[{"href":"https:\/\/www.gossip.it\/api\/wp\/v2\/media?parent=17295"}],"wp:term":[{"taxonomy":"category","embeddable":true,"href":"https:\/\/www.gossip.it\/api\/wp\/v2\/categories?post=17295"},{"taxonomy":"post_tag","embeddable":true,"href":"https:\/\/www.gossip.it\/api\/wp\/v2\/tags?post=17295"},{"taxonomy":"vip","embeddable":true,"href":"https:\/\/www.gossip.it\/api\/wp\/v2\/vip?post=17295"}],"curies":[{"name":"wp","href":"https:\/\/api.w.org\/{rel}","templated":true}]}}