{"id":173019,"date":"2024-05-23T11:56:35","date_gmt":"2024-05-23T09:56:35","guid":{"rendered":"https:\/\/www.gossip.it\/?p=173019"},"modified":"2024-05-23T11:56:42","modified_gmt":"2024-05-23T09:56:42","slug":"foto-addio-nublato-cecilia-rodriguez-marbella-amiche-belen","status":"publish","type":"post","link":"https:\/\/www.gossip.it\/foto\/foto-addio-nublato-cecilia-rodriguez-marbella-amiche-belen\/","title":{"rendered":"Le foto dell'addio al nubilato di Cecilia Rodriguez a Marbella insieme alle amiche, Belen e alla mamma Veronica"},"content":{"rendered":"\n<p>Le foto dell'addio al nubilato di Cecilia Rodriguez a Marbella insieme alle amiche, Belen e alla mamma Veronica...<\/p>\n\n\n<div class=\"lazyblock-gossip-gallery-Z115Yzk align  wp-block-lazyblock-gossip-gallery\"><div class=\"carousel slide newCarouselGossip\" data-ride=\"carousel\" id=\"photoGalleryCarousel\"><div class=\"carousel-inner owl-carousel\"><div class=\"gallery_image active center \" ><div class=\"gallery_box\"> \n                        <div class=\"gallery_image_inside\"><img decoding=\"async\" width=\"576\" height=\"1024\" src=\"https:\/\/www.gossip.it\/wp-content\/uploads\/2024\/05\/chechu_1-2-576x1024.jpg\" class=\"attachment-large size-large\" alt=\"\" srcset=\"https:\/\/www.gossip.it\/wp-content\/uploads\/2024\/05\/chechu_1-2-576x1024.jpg 576w, https:\/\/www.gossip.it\/wp-content\/uploads\/2024\/05\/chechu_1-2-169x300.jpg 169w, https:\/\/www.gossip.it\/wp-content\/uploads\/2024\/05\/chechu_1-2-768x1365.jpg 768w, https:\/\/www.gossip.it\/wp-content\/uploads\/2024\/05\/chechu_1-2-864x1536.jpg 864w, https:\/\/www.gossip.it\/wp-content\/uploads\/2024\/05\/chechu_1-2-750x1333.jpg 750w, https:\/\/www.gossip.it\/wp-content\/uploads\/2024\/05\/chechu_1-2.jpg 1134w\" sizes=\"(max-width: 576px) 100vw, 576px\" \/><div class=\"gallery_caption\"> <b>1. La partenza<\/b><br> Cecilia Rodriguez \u00e8 partita per il suo addio al nubilato. L'influencer, che convoler\u00e0 a nozze con il fidanzato Ignazio Moser a fine giugno, ha organizzato una fuga con le amiche, la sorella Bel\u00e9n Rodriguez e la madre Veronica Cozzani. Eccola in aeroporto in direzione Spagna.<\/div>\n                        <\/div>\n                     <\/div><\/div><div class=\"gallery_image active center \" ><div class=\"gallery_box\"> \n                        <div class=\"gallery_image_inside\"><img decoding=\"async\" width=\"786\" height=\"1024\" src=\"https:\/\/www.gossip.it\/wp-content\/uploads\/2024\/05\/chechu_9-786x1024.jpg\" class=\"attachment-large size-large\" alt=\"\" srcset=\"https:\/\/www.gossip.it\/wp-content\/uploads\/2024\/05\/chechu_9-786x1024.jpg 786w, https:\/\/www.gossip.it\/wp-content\/uploads\/2024\/05\/chechu_9-230x300.jpg 230w, https:\/\/www.gossip.it\/wp-content\/uploads\/2024\/05\/chechu_9-768x1000.jpg 768w, https:\/\/www.gossip.it\/wp-content\/uploads\/2024\/05\/chechu_9-750x977.jpg 750w, https:\/\/www.gossip.it\/wp-content\/uploads\/2024\/05\/chechu_9.jpg 1134w\" sizes=\"(max-width: 786px) 100vw, 786px\" \/><div class=\"gallery_caption\"> <b>2. Le tute personalizzate<\/b><br>Gi\u00e0 in aeroporto, prima di volare via da Milano, iniziano le follie scatenate. La modella indossa il velo e ha una maglietta dedicata, cos\u00ec come gli altri ospiti:\u00a0\u201cChechu se va a casar\u201d, si legge. Ceci corre verso il volo che la porta prima nella famosissima localit\u00e0 balneare spagnola che si trova sulla Costa del Sol, in Andalusia. Con lei ci sono\u00a0Antonia Achille,\u00a0Patrizia Griffini,\u00a0Cristina Isac,\u00a0Lorenzo Cherubini, detto Lollo, e altre care intime a cui \u00e8 legatissima.<\/div>\n                        <\/div>\n                     <\/div><\/div><div class=\"gallery_image active center \" ><div class=\"gallery_box\"> \n                        <div class=\"gallery_image_inside\"><img decoding=\"async\" width=\"653\" height=\"1024\" src=\"https:\/\/www.gossip.it\/wp-content\/uploads\/2024\/05\/chechu_3-2-653x1024.jpg\" class=\"attachment-large size-large\" alt=\"\" srcset=\"https:\/\/www.gossip.it\/wp-content\/uploads\/2024\/05\/chechu_3-2-653x1024.jpg 653w, https:\/\/www.gossip.it\/wp-content\/uploads\/2024\/05\/chechu_3-2-191x300.jpg 191w, https:\/\/www.gossip.it\/wp-content\/uploads\/2024\/05\/chechu_3-2-768x1203.jpg 768w, https:\/\/www.gossip.it\/wp-content\/uploads\/2024\/05\/chechu_3-2-980x1536.jpg 980w, https:\/\/www.gossip.it\/wp-content\/uploads\/2024\/05\/chechu_3-2-750x1175.jpg 750w, https:\/\/www.gossip.it\/wp-content\/uploads\/2024\/05\/chechu_3-2.jpg 1134w\" sizes=\"(max-width: 653px) 100vw, 653px\" \/><div class=\"gallery_caption\"><b>3. Le parrucche<\/b><br>L\u2019organizzazione \u00e8 perfetta. Un van, appena l\u2019allegra comitiva atterra, porta tutti nell\u2019immensa villa affittata per l\u2019occasione. Gi\u00e0 sul mezzo di trasporto si respira aria scanzonata di festa: ognuno indossa parrucche colorate e occhiali da sole fluo con lenti a forma di cuore. Chechu ne mette una bionda platino e ancora una volta non rinuncia al suo velo.<\/div>\n                        <\/div>\n                     <\/div><\/div><div class=\"gallery_image\"><div class=\"banner\"><!-- Banner #369 - START --><div class=\"gmp-repeat_pl banner\" style=\"display:block;min-height: 250px;\"><\/div><!-- Banner #369 - END --><\/div><\/div><div class=\"gallery_image active center \" ><div class=\"gallery_box\"> \n                        <div class=\"gallery_image_inside\"><img decoding=\"async\" width=\"576\" height=\"1024\" src=\"https:\/\/www.gossip.it\/wp-content\/uploads\/2024\/05\/chechu_8-576x1024.jpg\" class=\"attachment-large size-large\" alt=\"\" srcset=\"https:\/\/www.gossip.it\/wp-content\/uploads\/2024\/05\/chechu_8-576x1024.jpg 576w, https:\/\/www.gossip.it\/wp-content\/uploads\/2024\/05\/chechu_8-169x300.jpg 169w, https:\/\/www.gossip.it\/wp-content\/uploads\/2024\/05\/chechu_8-768x1365.jpg 768w, https:\/\/www.gossip.it\/wp-content\/uploads\/2024\/05\/chechu_8-864x1536.jpg 864w, https:\/\/www.gossip.it\/wp-content\/uploads\/2024\/05\/chechu_8-750x1333.jpg 750w, https:\/\/www.gossip.it\/wp-content\/uploads\/2024\/05\/chechu_8.jpg 1134w\" sizes=\"(max-width: 576px) 100vw, 576px\" \/><div class=\"gallery_caption\"><b>4. La camera della sposa<\/b><br>All\u2019interno della magione Cecilia trova la sua camera da letto decorata con palloncini rossi e petali di rosa.<\/div>\n                        <\/div>\n                     <\/div><\/div><div class=\"gallery_image active center \" ><div class=\"gallery_box\"> \n                        <div class=\"gallery_image_inside\"><img decoding=\"async\" width=\"576\" height=\"1024\" src=\"https:\/\/www.gossip.it\/wp-content\/uploads\/2024\/05\/chechu_10-576x1024.jpg\" class=\"attachment-large size-large\" alt=\"\" srcset=\"https:\/\/www.gossip.it\/wp-content\/uploads\/2024\/05\/chechu_10-576x1024.jpg 576w, https:\/\/www.gossip.it\/wp-content\/uploads\/2024\/05\/chechu_10-169x300.jpg 169w, https:\/\/www.gossip.it\/wp-content\/uploads\/2024\/05\/chechu_10-768x1365.jpg 768w, https:\/\/www.gossip.it\/wp-content\/uploads\/2024\/05\/chechu_10-864x1536.jpg 864w, https:\/\/www.gossip.it\/wp-content\/uploads\/2024\/05\/chechu_10-750x1333.jpg 750w, https:\/\/www.gossip.it\/wp-content\/uploads\/2024\/05\/chechu_10.jpg 1134w\" sizes=\"(max-width: 576px) 100vw, 576px\" \/><div class=\"gallery_caption\"><b>5. La villa a Marbella<\/b><br>\u00a0La villa presa in affitto \u00e8 meravigliosa e la festa entra subito nel vivo. Si brinda,\u00a0tra allusioni piccanti e scritte abbastanza sopra le righe, per ridere un po\u2019.<\/div>\n                        <\/div>\n                     <\/div><\/div><div class=\"gallery_image active center \" ><div class=\"gallery_box\"> \n                        <div class=\"gallery_image_inside\"><img decoding=\"async\" width=\"690\" height=\"1024\" src=\"https:\/\/www.gossip.it\/wp-content\/uploads\/2024\/05\/chechu_2-2-690x1024.jpg\" class=\"attachment-large size-large\" alt=\"\" srcset=\"https:\/\/www.gossip.it\/wp-content\/uploads\/2024\/05\/chechu_2-2-690x1024.jpg 690w, https:\/\/www.gossip.it\/wp-content\/uploads\/2024\/05\/chechu_2-2-202x300.jpg 202w, https:\/\/www.gossip.it\/wp-content\/uploads\/2024\/05\/chechu_2-2-768x1139.jpg 768w, https:\/\/www.gossip.it\/wp-content\/uploads\/2024\/05\/chechu_2-2-1036x1536.jpg 1036w, https:\/\/www.gossip.it\/wp-content\/uploads\/2024\/05\/chechu_2-2-750x1112.jpg 750w, https:\/\/www.gossip.it\/wp-content\/uploads\/2024\/05\/chechu_2-2.jpg 1134w\" sizes=\"(max-width: 690px) 100vw, 690px\" \/><div class=\"gallery_caption\"><b>6. La festa in piscina<\/b><br> In piscina la futura sposa prova l\u2019entrata trionfale che andr\u00e0 in scena il giorno del matrimonio, ma lo fa con un bikini bianco, che mette in mostra il suo fisico perfetto. Belen, invece, ne porta uno verde. Tutti gli outfit dell\u2019addio al nubilato sono firmati dai brand delle sorelle Rodriguez:\u00a0Me Fui\u00a0e\u00a0Hinnominate.<\/div>\n                        <\/div>\n                     <\/div><\/div><div class=\"gallery_image\"><div class=\"banner\"><!-- Banner #369 - START --><div class=\"gmp-repeat_pl banner\" style=\"display:block;min-height: 250px;\"><\/div><!-- Banner #369 - END --><\/div><\/div><div class=\"gallery_image active center \" ><div class=\"gallery_box\"> \n                        <div class=\"gallery_image_inside\"><img decoding=\"async\" width=\"635\" height=\"1024\" src=\"https:\/\/www.gossip.it\/wp-content\/uploads\/2024\/05\/chechu_5-1.jpg-1-635x1024.jpg\" class=\"attachment-large size-large\" alt=\"\" srcset=\"https:\/\/www.gossip.it\/wp-content\/uploads\/2024\/05\/chechu_5-1.jpg-1-635x1024.jpg 635w, https:\/\/www.gossip.it\/wp-content\/uploads\/2024\/05\/chechu_5-1.jpg-1-186x300.jpg 186w, https:\/\/www.gossip.it\/wp-content\/uploads\/2024\/05\/chechu_5-1.jpg-1-768x1239.jpg 768w, https:\/\/www.gossip.it\/wp-content\/uploads\/2024\/05\/chechu_5-1.jpg-1-952x1536.jpg 952w, https:\/\/www.gossip.it\/wp-content\/uploads\/2024\/05\/chechu_5-1.jpg-1-750x1210.jpg 750w, https:\/\/www.gossip.it\/wp-content\/uploads\/2024\/05\/chechu_5-1.jpg-1.jpg 1134w\" sizes=\"(max-width: 635px) 100vw, 635px\" \/><div class=\"gallery_caption\"><b>7. Bride to be<\/b><br> La sera si va a cenare fuori e la festa continua. E ancora non \u00e8 finita qui. Il weekend lungo, probabilmente, ne riserver\u00e0 delle belle.<\/div>\n                        <\/div>\n                     <\/div><\/div><div class=\"gallery_image active center \" ><div class=\"gallery_box\"> \n                        <div class=\"gallery_image_inside\"><img decoding=\"async\" width=\"576\" height=\"1024\" src=\"https:\/\/www.gossip.it\/wp-content\/uploads\/2024\/05\/chechu_7-576x1024.jpg\" class=\"attachment-large size-large\" alt=\"\" srcset=\"https:\/\/www.gossip.it\/wp-content\/uploads\/2024\/05\/chechu_7-576x1024.jpg 576w, https:\/\/www.gossip.it\/wp-content\/uploads\/2024\/05\/chechu_7-169x300.jpg 169w, https:\/\/www.gossip.it\/wp-content\/uploads\/2024\/05\/chechu_7-768x1365.jpg 768w, https:\/\/www.gossip.it\/wp-content\/uploads\/2024\/05\/chechu_7-864x1536.jpg 864w, https:\/\/www.gossip.it\/wp-content\/uploads\/2024\/05\/chechu_7-750x1333.jpg 750w, https:\/\/www.gossip.it\/wp-content\/uploads\/2024\/05\/chechu_7.jpg 1134w\" sizes=\"(max-width: 576px) 100vw, 576px\" \/><div class=\"gallery_caption\"><b>8. I brindisi in bikini<\/b><br>Cecilia non vede l\u2019ora di sposarsi, prima per\u00f2 si scatena tra brindisi e bikini.<\/div>\n                        <\/div>\n                     <\/div><\/div><div class=\"gallery_image active center \" ><div class=\"gallery_box\"> \n                        <div class=\"gallery_image_inside\"><img decoding=\"async\" width=\"644\" height=\"1024\" src=\"https:\/\/www.gossip.it\/wp-content\/uploads\/2024\/05\/chechu_4-1-644x1024.jpg\" class=\"attachment-large size-large\" alt=\"\" srcset=\"https:\/\/www.gossip.it\/wp-content\/uploads\/2024\/05\/chechu_4-1-644x1024.jpg 644w, https:\/\/www.gossip.it\/wp-content\/uploads\/2024\/05\/chechu_4-1-189x300.jpg 189w, https:\/\/www.gossip.it\/wp-content\/uploads\/2024\/05\/chechu_4-1-768x1220.jpg 768w, https:\/\/www.gossip.it\/wp-content\/uploads\/2024\/05\/chechu_4-1-967x1536.jpg 967w, https:\/\/www.gossip.it\/wp-content\/uploads\/2024\/05\/chechu_4-1-750x1192.jpg 750w, https:\/\/www.gossip.it\/wp-content\/uploads\/2024\/05\/chechu_4-1.jpg 1134w\" sizes=\"(max-width: 644px) 100vw, 644px\" \/><div class=\"gallery_caption\"><b>9. La sorella Belen<\/b><br>Non poteva mancare in questa avventura l\u2019amata sorella Belen Rodriguez.<\/div>\n                        <\/div>\n                     <\/div><\/div><div class=\"gallery_image\"><div class=\"banner\"><!-- Banner #369 - START --><div class=\"gmp-repeat_pl banner\" style=\"display:block;min-height: 250px;\"><\/div><!-- Banner #369 - END --><\/div><\/div><div class=\"gallery_image active center \" ><div class=\"gallery_box\"> \n                        <div class=\"gallery_image_inside\"><img decoding=\"async\" width=\"648\" height=\"1024\" src=\"https:\/\/www.gossip.it\/wp-content\/uploads\/2024\/05\/chechu_6-1-648x1024.jpg\" class=\"attachment-large size-large\" alt=\"\" srcset=\"https:\/\/www.gossip.it\/wp-content\/uploads\/2024\/05\/chechu_6-1-648x1024.jpg 648w, https:\/\/www.gossip.it\/wp-content\/uploads\/2024\/05\/chechu_6-1-190x300.jpg 190w, https:\/\/www.gossip.it\/wp-content\/uploads\/2024\/05\/chechu_6-1-768x1214.jpg 768w, https:\/\/www.gossip.it\/wp-content\/uploads\/2024\/05\/chechu_6-1-972x1536.jpg 972w, https:\/\/www.gossip.it\/wp-content\/uploads\/2024\/05\/chechu_6-1-750x1185.jpg 750w, https:\/\/www.gossip.it\/wp-content\/uploads\/2024\/05\/chechu_6-1.jpg 1134w\" sizes=\"(max-width: 648px) 100vw, 648px\" \/><div class=\"gallery_caption\"><b>10. L\u2019addio al nubilato<\/b><br>Solo divertimento per il clan Rodrigues pronto a scatenarsi in Spagna.<\/div>\n                        <\/div>\n                     <\/div><\/div><\/div><div class=\"controls\"> <\/div><\/div><\/div>","protected":false},"excerpt":{"rendered":"<p>Le foto dell'addio al nubilato di Cecilia Rodriguez a Marbella insieme alle amiche, Belen e alla mamma Veronica...<\/p>\n","protected":false},"author":14,"featured_media":173021,"comment_status":"open","ping_status":"closed","sticky":false,"template":"","format":"gallery","meta":{"footnotes":""},"categories":[63169],"tags":[77707,3311,56736,63589,63777,64441,2487,63773],"vip":[396,474],"class_list":["post-173019","post","type-post","status-publish","format-gallery","has-post-thumbnail","hentry","category-foto","tag-addionubilatoceciliarodriguez","tag-amiche","tag-andalusia","tag-belenrodriguez","tag-ceciliarodriguez","tag-ignaziomoser","tag-spagna","tag-veronicacozzani","post_format-post-format-gallery","vip-belen_rodriguez","vip-cecilia_rodriguez"],"yoast_head":"<title>Le foto dell&#039;addio al nubilato di Cecilia Rodriguez a Marbella insieme alle amiche, Belen e alla mamma Veronica - Gossip.it | News sul Gossip e VIP<\/title>\n<meta name=\"description\" content=\"Le foto dell&#039;addio al nubilato di Cecilia Rodriguez a Marbella insieme alle amiche, Belen e alla mamma Veronica...\" \/>\n<meta name=\"robots\" content=\"index, follow, max-snippet:-1, max-image-preview:large, max-video-preview:-1\" \/>\n<link rel=\"canonical\" href=\"https:\/\/www.gossip.it\/foto\/foto-addio-nublato-cecilia-rodriguez-marbella-amiche-belen\/\" \/>\n<meta property=\"og:locale\" content=\"it_IT\" \/>\n<meta property=\"og:type\" content=\"article\" \/>\n<meta property=\"og:title\" content=\"Le foto dell&#039;addio al nubilato di Cecilia Rodriguez a Marbella insieme alle amiche, Belen e alla mamma Veronica - Gossip.it | News sul Gossip e VIP\" \/>\n<meta property=\"og:description\" content=\"Le foto dell&#039;addio al nubilato di Cecilia Rodriguez a Marbella insieme alle amiche, Belen e alla mamma Veronica...\" \/>\n<meta property=\"og:url\" content=\"https:\/\/www.gossip.it\/foto\/foto-addio-nublato-cecilia-rodriguez-marbella-amiche-belen\/\" \/>\n<meta property=\"og:site_name\" content=\"Gossip.it | News sul Gossip e VIP\" \/>\n<meta property=\"article:publisher\" content=\"https:\/\/www.facebook.com\/GossipIT\" \/>\n<meta property=\"article:published_time\" content=\"2024-05-23T09:56:35+00:00\" \/>\n<meta property=\"article:modified_time\" content=\"2024-05-23T09:56:42+00:00\" \/>\n<meta property=\"og:image\" content=\"https:\/\/www.gossip.it\/wp-content\/uploads\/2024\/05\/lancio-GALLERY-CHECHU-FB-1.jpg\" \/>\n\t<meta property=\"og:image:width\" content=\"1134\" \/>\n\t<meta property=\"og:image:height\" content=\"654\" \/>\n\t<meta property=\"og:image:type\" content=\"image\/jpeg\" \/>\n<meta name=\"author\" content=\"Veronica Langella\" \/>\n<meta name=\"twitter:card\" content=\"summary_large_image\" \/>\n<meta name=\"twitter:creator\" content=\"@gossinews_it\" \/>\n<meta name=\"twitter:site\" content=\"@gossinews_it\" \/>\n<meta name=\"twitter:label1\" content=\"Scritto da\" \/>\n\t<meta name=\"twitter:data1\" content=\"Veronica Langella\" \/>\n\t<meta name=\"twitter:label2\" content=\"Tempo di lettura stimato\" \/>\n\t<meta name=\"twitter:data2\" content=\"1 minuto\" \/>","yoast_head_json":{"title":"Le foto dell'addio al nubilato di Cecilia Rodriguez a Marbella insieme alle amiche, Belen e alla mamma Veronica - Gossip.it | News sul Gossip e VIP","description":"Le foto dell'addio al nubilato di Cecilia Rodriguez a Marbella insieme alle amiche, Belen e alla mamma Veronica...","robots":{"index":"index","follow":"follow","max-snippet":"max-snippet:-1","max-image-preview":"max-image-preview:large","max-video-preview":"max-video-preview:-1"},"canonical":"https:\/\/www.gossip.it\/foto\/foto-addio-nublato-cecilia-rodriguez-marbella-amiche-belen\/","og_locale":"it_IT","og_type":"article","og_title":"Le foto dell'addio al nubilato di Cecilia Rodriguez a Marbella insieme alle amiche, Belen e alla mamma Veronica - Gossip.it | News sul Gossip e VIP","og_description":"Le foto dell'addio al nubilato di Cecilia Rodriguez a Marbella insieme alle amiche, Belen e alla mamma Veronica...","og_url":"https:\/\/www.gossip.it\/foto\/foto-addio-nublato-cecilia-rodriguez-marbella-amiche-belen\/","og_site_name":"Gossip.it | News sul Gossip e VIP","article_publisher":"https:\/\/www.facebook.com\/GossipIT","article_published_time":"2024-05-23T09:56:35+00:00","article_modified_time":"2024-05-23T09:56:42+00:00","og_image":[{"width":1134,"height":654,"url":"https:\/\/www.gossip.it\/wp-content\/uploads\/2024\/05\/lancio-GALLERY-CHECHU-FB-1.jpg","type":"image\/jpeg"}],"author":"Veronica Langella","twitter_card":"summary_large_image","twitter_creator":"@gossinews_it","twitter_site":"@gossinews_it","twitter_misc":{"Scritto da":"Veronica Langella","Tempo di lettura stimato":"1 minuto"},"schema":{"@context":"https:\/\/schema.org","@graph":[{"@type":"Article","@id":"https:\/\/www.gossip.it\/foto\/foto-addio-nublato-cecilia-rodriguez-marbella-amiche-belen\/#article","isPartOf":{"@id":"https:\/\/www.gossip.it\/foto\/foto-addio-nublato-cecilia-rodriguez-marbella-amiche-belen\/"},"author":{"name":"Veronica Langella","@id":"https:\/\/www.gossip.it\/#\/schema\/person\/19e94c9df6df0cf45ae8d7881fbf4a73"},"headline":"Le foto dell'addio al nubilato di Cecilia Rodriguez a Marbella insieme alle amiche, Belen e alla mamma Veronica","datePublished":"2024-05-23T09:56:35+00:00","dateModified":"2024-05-23T09:56:42+00:00","mainEntityOfPage":{"@id":"https:\/\/www.gossip.it\/foto\/foto-addio-nublato-cecilia-rodriguez-marbella-amiche-belen\/"},"wordCount":38,"commentCount":0,"publisher":{"@id":"https:\/\/www.gossip.it\/#organization"},"image":{"@id":"https:\/\/www.gossip.it\/foto\/foto-addio-nublato-cecilia-rodriguez-marbella-amiche-belen\/#primaryimage"},"thumbnailUrl":"https:\/\/www.gossip.it\/wp-content\/uploads\/2024\/05\/lancio-GALLERY-CHECHU-1.jpg","keywords":["addionubilatoceciliarodriguez","amiche","andalusia","belenrodriguez","ceciliarodriguez","ignaziomoser","spagna","veronicacozzani"],"articleSection":["Foto"],"inLanguage":"it-IT","potentialAction":[{"@type":"CommentAction","name":"Comment","target":["https:\/\/www.gossip.it\/foto\/foto-addio-nublato-cecilia-rodriguez-marbella-amiche-belen\/#respond"]}]},{"@type":"WebPage","@id":"https:\/\/www.gossip.it\/foto\/foto-addio-nublato-cecilia-rodriguez-marbella-amiche-belen\/","url":"https:\/\/www.gossip.it\/foto\/foto-addio-nublato-cecilia-rodriguez-marbella-amiche-belen\/","name":"Le foto dell'addio al nubilato di Cecilia Rodriguez a Marbella insieme alle amiche, Belen e alla mamma Veronica - Gossip.it | News sul Gossip e VIP","isPartOf":{"@id":"https:\/\/www.gossip.it\/#website"},"primaryImageOfPage":{"@id":"https:\/\/www.gossip.it\/foto\/foto-addio-nublato-cecilia-rodriguez-marbella-amiche-belen\/#primaryimage"},"image":{"@id":"https:\/\/www.gossip.it\/foto\/foto-addio-nublato-cecilia-rodriguez-marbella-amiche-belen\/#primaryimage"},"thumbnailUrl":"https:\/\/www.gossip.it\/wp-content\/uploads\/2024\/05\/lancio-GALLERY-CHECHU-1.jpg","datePublished":"2024-05-23T09:56:35+00:00","dateModified":"2024-05-23T09:56:42+00:00","description":"Le foto dell'addio al nubilato di Cecilia Rodriguez a Marbella insieme alle amiche, Belen e alla mamma Veronica...","breadcrumb":{"@id":"https:\/\/www.gossip.it\/foto\/foto-addio-nublato-cecilia-rodriguez-marbella-amiche-belen\/#breadcrumb"},"inLanguage":"it-IT","potentialAction":[{"@type":"ReadAction","target":["https:\/\/www.gossip.it\/foto\/foto-addio-nublato-cecilia-rodriguez-marbella-amiche-belen\/"]}]},{"@type":"ImageObject","inLanguage":"it-IT","@id":"https:\/\/www.gossip.it\/foto\/foto-addio-nublato-cecilia-rodriguez-marbella-amiche-belen\/#primaryimage","url":"https:\/\/www.gossip.it\/wp-content\/uploads\/2024\/05\/lancio-GALLERY-CHECHU-1.jpg","contentUrl":"https:\/\/www.gossip.it\/wp-content\/uploads\/2024\/05\/lancio-GALLERY-CHECHU-1.jpg","width":1134,"height":808},{"@type":"BreadcrumbList","@id":"https:\/\/www.gossip.it\/foto\/foto-addio-nublato-cecilia-rodriguez-marbella-amiche-belen\/#breadcrumb","itemListElement":[{"@type":"ListItem","position":1,"name":"Home","item":"https:\/\/www.gossip.it\/"},{"@type":"ListItem","position":2,"name":"Le foto dell'addio al nubilato di Cecilia Rodriguez a Marbella insieme alle amiche, Belen e alla mamma Veronica"}]},{"@type":"WebSite","@id":"https:\/\/www.gossip.it\/#website","url":"https:\/\/www.gossip.it\/","name":"Gossip and VIP News","description":"Quotidiano di cronaca rosa, costume e societ\u00e0","publisher":{"@id":"https:\/\/www.gossip.it\/#organization"},"alternateName":"Gossip and VIP News","potentialAction":[{"@type":"SearchAction","target":{"@type":"EntryPoint","urlTemplate":"https:\/\/www.gossip.it\/?s={search_term_string}"},"query-input":{"@type":"PropertyValueSpecification","valueRequired":true,"valueName":"search_term_string"}}],"inLanguage":"it-IT"},{"@type":"Organization","@id":"https:\/\/www.gossip.it\/#organization","name":"Gossip and VIP News","alternateName":"Gossip News","url":"https:\/\/www.gossip.it\/","logo":{"@type":"ImageObject","inLanguage":"it-IT","@id":"https:\/\/www.gossip.it\/#\/schema\/logo\/image\/","url":"https:\/\/www.gossip.it\/wp-content\/uploads\/2022\/04\/cropped-corna-alta-tiny.png","contentUrl":"https:\/\/www.gossip.it\/wp-content\/uploads\/2022\/04\/cropped-corna-alta-tiny.png","width":512,"height":512,"caption":"Gossip and VIP News"},"image":{"@id":"https:\/\/www.gossip.it\/#\/schema\/logo\/image\/"},"sameAs":["https:\/\/www.facebook.com\/GossipIT","https:\/\/x.com\/gossinews_it","https:\/\/instagram.com\/gossip_it"]},{"@type":"Person","@id":"https:\/\/www.gossip.it\/#\/schema\/person\/19e94c9df6df0cf45ae8d7881fbf4a73","name":"Veronica Langella","image":{"@type":"ImageObject","inLanguage":"it-IT","@id":"https:\/\/www.gossip.it\/#\/schema\/person\/image\/","url":"https:\/\/secure.gravatar.com\/avatar\/81bb1822732cf2c4d48c8984dfd9a028436d12e0918afe1ff6d842f13193b173?s=96&d=mm&r=g","contentUrl":"https:\/\/secure.gravatar.com\/avatar\/81bb1822732cf2c4d48c8984dfd9a028436d12e0918afe1ff6d842f13193b173?s=96&d=mm&r=g","caption":"Veronica Langella"}}]}},"amp_enabled":false,"_links":{"self":[{"href":"https:\/\/www.gossip.it\/api\/wp\/v2\/posts\/173019","targetHints":{"allow":["GET"]}}],"collection":[{"href":"https:\/\/www.gossip.it\/api\/wp\/v2\/posts"}],"about":[{"href":"https:\/\/www.gossip.it\/api\/wp\/v2\/types\/post"}],"author":[{"embeddable":true,"href":"https:\/\/www.gossip.it\/api\/wp\/v2\/users\/14"}],"replies":[{"embeddable":true,"href":"https:\/\/www.gossip.it\/api\/wp\/v2\/comments?post=173019"}],"version-history":[{"count":1,"href":"https:\/\/www.gossip.it\/api\/wp\/v2\/posts\/173019\/revisions"}],"predecessor-version":[{"id":173040,"href":"https:\/\/www.gossip.it\/api\/wp\/v2\/posts\/173019\/revisions\/173040"}],"wp:featuredmedia":[{"embeddable":true,"href":"https:\/\/www.gossip.it\/api\/wp\/v2\/media\/173021"}],"wp:attachment":[{"href":"https:\/\/www.gossip.it\/api\/wp\/v2\/media?parent=173019"}],"wp:term":[{"taxonomy":"category","embeddable":true,"href":"https:\/\/www.gossip.it\/api\/wp\/v2\/categories?post=173019"},{"taxonomy":"post_tag","embeddable":true,"href":"https:\/\/www.gossip.it\/api\/wp\/v2\/tags?post=173019"},{"taxonomy":"vip","embeddable":true,"href":"https:\/\/www.gossip.it\/api\/wp\/v2\/vip?post=173019"}],"curies":[{"name":"wp","href":"https:\/\/api.w.org\/{rel}","templated":true}]}}