{"id":17308,"date":"2003-05-27T00:00:00","date_gmt":"2003-05-26T22:00:00","guid":{"rendered":"https:\/\/www.gossip.it\/senza-categoria\/da-velina-a-conduttrice-fanny-cadeo-ci-racconta-i-suoi-sogni\/"},"modified":"2003-05-27T00:00:00","modified_gmt":"2003-05-26T22:00:00","slug":"da-velina-a-conduttrice-fanny-cadeo-ci-racconta-i-suoi-sogni","status":"publish","type":"post","link":"https:\/\/www.gossip.it\/news\/da-velina-a-conduttrice-fanny-cadeo-ci-racconta-i-suoi-sogni\/","title":{"rendered":"Da Velina a conduttrice: Fanny Cadeo ci racconta i suoi sogni"},"content":{"rendered":"<p>Durante la serata di gala per il ''Premio Provincia di Roma'' GossipNews ha intervistato Fanny Cadeo, ex velina di<br \/>\n''Striscia la notizia'' nella stagione 1992 - 1994.\u00a0<br \/>\nLa Cadeo ha recitato nei film ''Trinit\u00e0 e Bambino, adesso tocca a noi'', ''Croce e<br \/>\nDelizia'', ''Gli inaffidabili'', ''Un fantasma per caso'' e ''Tutti gli uomini sono<br \/>\nuguali''. In Tv ha partecipato ad ''Un posto al sole'' e alla soap opera ''Sora<br \/>\nLella'', ha condotto inoltre il programma sul ''Primatist Trophy'' su Odeon TV. Attualmente Fanny conduce<br \/>\n''Quei Favolosi Anni 60'', in onda luned\u00ec, mercoled\u00ec e venerd\u00ec dalle 19 alle 19.30  su Isoradio e collabora alla trasmissione<br \/>\n''Uno Mattina''.<\/p>\n<p><b>Quando e come \u00e8 nata in te l'idea di entrare nel mondo dello spettacolo?<\/b><br \/>\nPer caso. Solo dopo l\u2019esperienza di Striscia ho seriamente deciso di fare questo mestiere.<\/p>\n<p><b>Le tue misure sono 94-62-90. Cosa fai  per mantenerti in forma?<br \/>\n<\/b>Ho fatto molti sport: nuoto, danza, pallavolo. Adesso vado soprattutto a cavallo. Ho comprato una cavallina circa un mese fa dopo aver<br \/>\n'scoperto' l\u2019equitazione. Comunque preferisco gli sport all\u2019aperto.<\/p>\n<p><b>Quale \u00e8 stato l\u2019episodio pi\u00f9 bizzarro che ti \u00e8 mai accaduto su di un set?<br \/>\n<\/b>E\u2019 successo durante il primo film che ho girato  \u2013 ''Trinit\u00e0 e Bambino, adesso tocca a<br \/>\nnoi'' \u2013 una coproduzione italo-spagnola. C\u2019era a quell\u2019epoca una trasmissione spagnola, un mix tra<br \/>\n''Stranamore'' e ''Chi l\u2019ha visto'', in cui si cercavano le persone e si mandavano messaggi d\u2019amore. Una delle comparse mi ha mandato un messaggio d\u2019amore. Il produttore spagnolo pensava fosse una trovata pubblicitaria nata dall\u2019estro della produzione italiana, ma era tutto vero.<\/p>\n<p><b>Quale \u00e8 la pi\u00f9 grande pazzia cha hai fatto per un uomo e quale la pi\u00f9 grande pazzia che  un uomo ha fatto per te?<br \/>\n<\/b>Non ne ho ancora fatte n\u00e9 ricevute.<\/p>\n<p><b>E\u2019 vero che rispondi personalmente alle mail che ti arrivano sul tuo sito<br \/>\nwww.fannycadeo.it?<br \/>\n<\/b>S\u00ec. Non tutti i giorni perch\u00e9 ricevo molte lettere, ma una volta alla settimana, al massimo ogni dieci giorni  rispondo.<\/p>\n<p><b>Che rapporto hai con i tuoi fan?<\/b><br \/>\nBellissimo. Sono molto educati e mi seguono da molto tempo. Mando foto e risposte con dedica. Molti cercano in me un'amica con cui parlare.<\/p>\n<p><b>Sei nata a Lavagna, e per lavoro ti dividi tra Roma e Milano. A quale citt\u00e0 sei pi\u00f9 legata?<br \/>\n<\/b>A Roma. La prima volta che ho messo piede in questa citt\u00e0 avevo diciassette anni, ero in gita scolastica, e mi sono detta voglio venire a vivere qui e cos\u00ec ho fatto.<\/p>\n<p><b>Credi di essere pi\u00f9 brava nel canto o nel ballo?<\/b><br \/>\nSicuramente nel canto perch\u00e9 mi piace di pi\u00f9. Canto in macchina specie durante i viaggi. Mi piacciono le cantanti italiane: Irene Grandi, Giorgia, Elisa.<\/p>\n<p><b>Meglio fare cinema o televisione?<br \/>\n<\/b>Preferisco la televisione anche se non disdegno il cinema. 'Da grande' mi piacerebbe fare la conduttrice.<\/p>\n<p><b>Sappiamo che sei una divoratrice di vhs e dvd. Quale \u00e8 l\u2019ultimo film che ti \u00e8 piaciuto?<br \/>\n<\/b>Mi \u00e8 piaciuto moltissimo ''La regola del sospetto'' con Al Pacino.<\/p>\n<p><b>Dopo il  singolo dance ''I want your love'' uscir\u00e0 il singolo ''Living in the<br \/>\nnight'' credi di continuare come cantante ed incidere un intero cd o la musica \u00e8 solo una passione secondaria rispetto alla tv ed al cinema?<br \/>\n<\/b>No. Indubbiamente \u00e8 una passione secondaria, ma nella vita non si sa mai.<\/p>\n<p><b>Nel tuo sito dichiari che tra le tue aspirazioni c\u2019\u00e8 quella di ''Mettere pi\u00f9 a 'nudo' la tua espressivit\u00e0 in un programma<br \/>\ntelevisivo''. Cosa intendi?<\/b><br \/>\nChi si ricorda di me, mi ricorda principalmente per la mia esperienza di velina mi piacerebbe che il pubblico imparasse a conoscermi pi\u00f9 in profondit\u00e0.<\/p>\n<p><b>Navighi in Internet?<\/b><br \/>\nS\u00ec. Mi piace molto navigare. Vado a curiosare nei siti delle mie colleghe e delle cantanti americane Adoro il sito ufficiale di Jennifer Lopez.<\/p>\n<p><b>Come \u00e8 il tuo rapporto con il Gossip?<br \/>\n<\/b>Buono. Non sono molto sui giornali rosa. Non sono molto mondana e non cambio frequentemente fidanzati.<\/p>\n<p><b>Ha paura dei paparazzi e\/o delle invasioni di privacy?<br \/>\n<\/b>No. Ll\u2019uscita continua sui giornali pu\u00f2 rovinare i rapporti con il proprio partner, ma fa parte del gioco.<\/p>\n<p><b>In questo momento sei innamorata?<\/b><br \/>\nSono un p\u00f2 innamorata ma non sono fidanzata.<\/p>\n<p><b>Progetti per il futuro?<br \/>\n<\/b>Sono della Vergine. Quindi sono molto razionale e mi piace godere la vita momento per momento. Comunque spero di continuare l\u2019esperienza di Uno<br \/>\nMattina.<\/p>\n<p><b>Foto: E. Rossi \u00a9 Gossip.it<\/b><\/p>\n","protected":false},"excerpt":{"rendered":"<p>Durante la serata di gala per il ''Premio Provincia di Roma'' GossipNews ha intervistato Fanny Cadeo, ex velina di ''Striscia la notizia'' nella stagione 1992 - 1994.\u00a0 La Cadeo ha recitato nei film ''Trinit\u00e0 e Bambino, adesso tocca a noi'', ''Croce e Delizia'', ''Gli inaffidabili'', ''Un fantasma per caso'' e ''Tutti gli uomini sono uguali''. [&hellip;]<\/p>\n","protected":false},"author":1,"featured_media":73357,"comment_status":"closed","ping_status":"closed","sticky":false,"template":"","format":"standard","meta":{"footnotes":""},"categories":[54],"tags":[17367,14378,14855,2097,17368,4902],"vip":[724],"class_list":["post-17308","post","type-post","status-publish","format-standard","has-post-thumbnail","hentry","category-news","tag-fanni-cadeo","tag-gossiptv","tag-interview","tag-tv","tag-uno-mattina-velina","tag-veline","vip-fanny_cadeo"],"yoast_head":"<title>Da Velina a conduttrice: Fanny Cadeo ci racconta i suoi sogni - Gossip.it | News sul Gossip e VIP<\/title>\n<meta name=\"description\" content=\"Durante la serata di gala per il &#039;&#039;Premio Provincia di Roma&#039;&#039; GossipNews ha intervistato Fanny Cadeo, ex velina di &#039;&#039;Striscia la notizia&#039;&#039; nella stagione\" \/>\n<meta name=\"robots\" content=\"index, follow, max-snippet:-1, max-image-preview:large, max-video-preview:-1\" \/>\n<link rel=\"canonical\" href=\"https:\/\/www.gossip.it\/news\/da-velina-a-conduttrice-fanny-cadeo-ci-racconta-i-suoi-sogni\/\" \/>\n<meta property=\"og:locale\" content=\"it_IT\" \/>\n<meta property=\"og:type\" content=\"article\" \/>\n<meta property=\"og:title\" content=\"Da Velina a conduttrice: Fanny Cadeo ci racconta i suoi sogni - Gossip.it | News sul Gossip e VIP\" \/>\n<meta property=\"og:description\" content=\"Durante la serata di gala per il &#039;&#039;Premio Provincia di Roma&#039;&#039; GossipNews ha intervistato Fanny Cadeo, ex velina di &#039;&#039;Striscia la notizia&#039;&#039; nella stagione\" \/>\n<meta property=\"og:url\" content=\"https:\/\/www.gossip.it\/news\/da-velina-a-conduttrice-fanny-cadeo-ci-racconta-i-suoi-sogni\/\" \/>\n<meta property=\"og:site_name\" content=\"Gossip.it | News sul Gossip e VIP\" \/>\n<meta property=\"article:publisher\" content=\"https:\/\/www.facebook.com\/GossipIT\" \/>\n<meta property=\"article:published_time\" content=\"2003-05-26T22:00:00+00:00\" \/>\n<meta property=\"og:image\" content=\"https:\/\/www.gossip.it\/images2\/Fanny_Cadeo.JPG\" \/>\n<meta name=\"author\" content=\"La Redazione\" \/>\n<meta name=\"twitter:card\" content=\"summary_large_image\" \/>\n<meta name=\"twitter:image\" content=\"https:\/\/www.gossip.it\/images2\/Fanny_Cadeo.JPG\" \/>\n<meta name=\"twitter:creator\" content=\"@gossinews_it\" \/>\n<meta name=\"twitter:site\" content=\"@gossinews_it\" \/>\n<meta name=\"twitter:label1\" content=\"Scritto da\" \/>\n\t<meta name=\"twitter:data1\" content=\"Vito Vivanti\" \/>\n\t<meta name=\"twitter:label2\" content=\"Tempo di lettura stimato\" \/>\n\t<meta name=\"twitter:data2\" content=\"4 minuti\" \/>","yoast_head_json":{"title":"Da Velina a conduttrice: Fanny Cadeo ci racconta i suoi sogni - Gossip.it | News sul Gossip e VIP","description":"Durante la serata di gala per il ''Premio Provincia di Roma'' GossipNews ha intervistato Fanny Cadeo, ex velina di ''Striscia la notizia'' nella stagione","robots":{"index":"index","follow":"follow","max-snippet":"max-snippet:-1","max-image-preview":"max-image-preview:large","max-video-preview":"max-video-preview:-1"},"canonical":"https:\/\/www.gossip.it\/news\/da-velina-a-conduttrice-fanny-cadeo-ci-racconta-i-suoi-sogni\/","og_locale":"it_IT","og_type":"article","og_title":"Da Velina a conduttrice: Fanny Cadeo ci racconta i suoi sogni - Gossip.it | News sul Gossip e VIP","og_description":"Durante la serata di gala per il ''Premio Provincia di Roma'' GossipNews ha intervistato Fanny Cadeo, ex velina di ''Striscia la notizia'' nella stagione","og_url":"https:\/\/www.gossip.it\/news\/da-velina-a-conduttrice-fanny-cadeo-ci-racconta-i-suoi-sogni\/","og_site_name":"Gossip.it | News sul Gossip e VIP","article_publisher":"https:\/\/www.facebook.com\/GossipIT","article_published_time":"2003-05-26T22:00:00+00:00","og_image":[{"url":"https:\/\/www.gossip.it\/images2\/Fanny_Cadeo.JPG"}],"author":"La Redazione","twitter_card":"summary_large_image","twitter_image":"https:\/\/www.gossip.it\/images2\/Fanny_Cadeo.JPG","twitter_creator":"@gossinews_it","twitter_site":"@gossinews_it","twitter_misc":{"Scritto da":"Vito Vivanti","Tempo di lettura stimato":"4 minuti"},"schema":{"@context":"https:\/\/schema.org","@graph":[{"@type":"Article","@id":"https:\/\/www.gossip.it\/news\/da-velina-a-conduttrice-fanny-cadeo-ci-racconta-i-suoi-sogni\/#article","isPartOf":{"@id":"https:\/\/www.gossip.it\/news\/da-velina-a-conduttrice-fanny-cadeo-ci-racconta-i-suoi-sogni\/"},"author":{"name":"La Redazione","@id":"https:\/\/www.gossip.it\/#\/schema\/person\/488896f75158bff1cc83c6c39d141110"},"headline":"Da Velina a conduttrice: Fanny Cadeo ci racconta i suoi sogni","datePublished":"2003-05-26T22:00:00+00:00","dateModified":"2003-05-26T22:00:00+00:00","mainEntityOfPage":{"@id":"https:\/\/www.gossip.it\/news\/da-velina-a-conduttrice-fanny-cadeo-ci-racconta-i-suoi-sogni\/"},"wordCount":731,"publisher":{"@id":"https:\/\/www.gossip.it\/#organization"},"image":{"@id":"https:\/\/www.gossip.it\/news\/da-velina-a-conduttrice-fanny-cadeo-ci-racconta-i-suoi-sogni\/#primaryimage"},"thumbnailUrl":"https:\/\/www.gossip.it\/images2\/Fanny_Cadeo.JPG","keywords":["fanni cadeo","gossiptv","interview","tv","uno mattina velina","veline"],"articleSection":["News"],"inLanguage":"it-IT"},{"@type":"WebPage","@id":"https:\/\/www.gossip.it\/news\/da-velina-a-conduttrice-fanny-cadeo-ci-racconta-i-suoi-sogni\/","url":"https:\/\/www.gossip.it\/news\/da-velina-a-conduttrice-fanny-cadeo-ci-racconta-i-suoi-sogni\/","name":"Da Velina a conduttrice: Fanny Cadeo ci racconta i suoi sogni - Gossip.it | News sul Gossip e VIP","isPartOf":{"@id":"https:\/\/www.gossip.it\/#website"},"primaryImageOfPage":{"@id":"https:\/\/www.gossip.it\/news\/da-velina-a-conduttrice-fanny-cadeo-ci-racconta-i-suoi-sogni\/#primaryimage"},"image":{"@id":"https:\/\/www.gossip.it\/news\/da-velina-a-conduttrice-fanny-cadeo-ci-racconta-i-suoi-sogni\/#primaryimage"},"thumbnailUrl":"https:\/\/www.gossip.it\/images2\/Fanny_Cadeo.JPG","datePublished":"2003-05-26T22:00:00+00:00","dateModified":"2003-05-26T22:00:00+00:00","description":"Durante la serata di gala per il ''Premio Provincia di Roma'' GossipNews ha intervistato Fanny Cadeo, ex velina di ''Striscia la notizia'' nella stagione","breadcrumb":{"@id":"https:\/\/www.gossip.it\/news\/da-velina-a-conduttrice-fanny-cadeo-ci-racconta-i-suoi-sogni\/#breadcrumb"},"inLanguage":"it-IT","potentialAction":[{"@type":"ReadAction","target":["https:\/\/www.gossip.it\/news\/da-velina-a-conduttrice-fanny-cadeo-ci-racconta-i-suoi-sogni\/"]}]},{"@type":"ImageObject","inLanguage":"it-IT","@id":"https:\/\/www.gossip.it\/news\/da-velina-a-conduttrice-fanny-cadeo-ci-racconta-i-suoi-sogni\/#primaryimage","url":"https:\/\/www.gossip.it\/images2\/Fanny_Cadeo.JPG","contentUrl":"https:\/\/www.gossip.it\/images2\/Fanny_Cadeo.JPG"},{"@type":"BreadcrumbList","@id":"https:\/\/www.gossip.it\/news\/da-velina-a-conduttrice-fanny-cadeo-ci-racconta-i-suoi-sogni\/#breadcrumb","itemListElement":[{"@type":"ListItem","position":1,"name":"Home","item":"https:\/\/www.gossip.it\/"},{"@type":"ListItem","position":2,"name":"Da Velina a conduttrice: Fanny Cadeo ci racconta i suoi sogni"}]},{"@type":"WebSite","@id":"https:\/\/www.gossip.it\/#website","url":"https:\/\/www.gossip.it\/","name":"Gossip and VIP News","description":"Quotidiano di cronaca rosa, costume e societ\u00e0","publisher":{"@id":"https:\/\/www.gossip.it\/#organization"},"alternateName":"Gossip and VIP News","potentialAction":[{"@type":"SearchAction","target":{"@type":"EntryPoint","urlTemplate":"https:\/\/www.gossip.it\/?s={search_term_string}"},"query-input":{"@type":"PropertyValueSpecification","valueRequired":true,"valueName":"search_term_string"}}],"inLanguage":"it-IT"},{"@type":"Organization","@id":"https:\/\/www.gossip.it\/#organization","name":"Gossip and VIP News","alternateName":"Gossip News","url":"https:\/\/www.gossip.it\/","logo":{"@type":"ImageObject","inLanguage":"it-IT","@id":"https:\/\/www.gossip.it\/#\/schema\/logo\/image\/","url":"https:\/\/www.gossip.it\/wp-content\/uploads\/2022\/04\/cropped-corna-alta-tiny.png","contentUrl":"https:\/\/www.gossip.it\/wp-content\/uploads\/2022\/04\/cropped-corna-alta-tiny.png","width":512,"height":512,"caption":"Gossip and VIP News"},"image":{"@id":"https:\/\/www.gossip.it\/#\/schema\/logo\/image\/"},"sameAs":["https:\/\/www.facebook.com\/GossipIT","https:\/\/x.com\/gossinews_it","https:\/\/instagram.com\/gossip_it"]},{"@type":"Person","@id":"https:\/\/www.gossip.it\/#\/schema\/person\/488896f75158bff1cc83c6c39d141110","name":"La Redazione","image":{"@type":"ImageObject","inLanguage":"it-IT","@id":"https:\/\/www.gossip.it\/#\/schema\/person\/image\/","url":"https:\/\/secure.gravatar.com\/avatar\/5a5f5c6fa3e6700e4249abdad0263a1e94e927d9e0499b1cb09c1cd29c044d80?s=96&d=mm&r=g","contentUrl":"https:\/\/secure.gravatar.com\/avatar\/5a5f5c6fa3e6700e4249abdad0263a1e94e927d9e0499b1cb09c1cd29c044d80?s=96&d=mm&r=g","caption":"La Redazione"},"sameAs":["https:\/\/www.gossip.it"]}]}},"amp_enabled":true,"_links":{"self":[{"href":"https:\/\/www.gossip.it\/api\/wp\/v2\/posts\/17308","targetHints":{"allow":["GET"]}}],"collection":[{"href":"https:\/\/www.gossip.it\/api\/wp\/v2\/posts"}],"about":[{"href":"https:\/\/www.gossip.it\/api\/wp\/v2\/types\/post"}],"author":[{"embeddable":true,"href":"https:\/\/www.gossip.it\/api\/wp\/v2\/users\/1"}],"replies":[{"embeddable":true,"href":"https:\/\/www.gossip.it\/api\/wp\/v2\/comments?post=17308"}],"version-history":[{"count":0,"href":"https:\/\/www.gossip.it\/api\/wp\/v2\/posts\/17308\/revisions"}],"wp:featuredmedia":[{"embeddable":true,"href":"https:\/\/www.gossip.it\/api\/wp\/v2\/media\/73357"}],"wp:attachment":[{"href":"https:\/\/www.gossip.it\/api\/wp\/v2\/media?parent=17308"}],"wp:term":[{"taxonomy":"category","embeddable":true,"href":"https:\/\/www.gossip.it\/api\/wp\/v2\/categories?post=17308"},{"taxonomy":"post_tag","embeddable":true,"href":"https:\/\/www.gossip.it\/api\/wp\/v2\/tags?post=17308"},{"taxonomy":"vip","embeddable":true,"href":"https:\/\/www.gossip.it\/api\/wp\/v2\/vip?post=17308"}],"curies":[{"name":"wp","href":"https:\/\/api.w.org\/{rel}","templated":true}]}}