{"id":173306,"date":"2024-05-27T14:33:26","date_gmt":"2024-05-27T12:33:26","guid":{"rendered":"https:\/\/www.gossip.it\/?p=173306"},"modified":"2024-05-27T14:34:49","modified_gmt":"2024-05-27T12:34:49","slug":"costantino-vitagliano-evoluzione-malattia-autoimmune","status":"publish","type":"post","link":"https:\/\/www.gossip.it\/news\/costantino-vitagliano-evoluzione-malattia-autoimmune\/","title":{"rendered":"''Da questa cosa non si guarisce'': Costantino Vitagliano torna in tv per parlare dell'evoluzione della sua malattia autoimmune"},"content":{"rendered":"\n<ul class=\"wp-block-list\">\n<li>L\u2019ex tronista di <em>Uomini e Donne<\/em> aggiorna sul suo stato di salute attuale<\/li>\n\n\n\n<li>Per una rara patologia il 49enne ha rischiato la vita, adesso per\u00f2\u2026<\/li>\n<\/ul>\n\n\n\n<p><a href=\"http:\/\/www.gossip.it\/vip\/costantino-vitagliano\">Costantino Vitagliano<\/a> aggiorna sul suo stato di salute attuale. Torna in tv, a <em>Verissimo<\/em>, <strong>per parlare dell'evoluzione della sua malattia autoimmune. <em>\u201cDa questa cosa non si guarisce\u201d<\/em><\/strong>, chiarisce. Ma arriva la buona notizia: <em>\u201c<strong>La terapia sta funzionando<\/strong>\u201d.<\/em><\/p>\n\n\n\n<figure class=\"wp-block-image size-large\"><img decoding=\"async\" width=\"1024\" height=\"576\" src=\"https:\/\/www.gossip.it\/wp-content\/uploads\/2024\/05\/costantino_1-1024x576.jpg\" alt=\"\" class=\"wp-image-173307\" srcset=\"https:\/\/www.gossip.it\/wp-content\/uploads\/2024\/05\/costantino_1-1024x576.jpg 1024w, https:\/\/www.gossip.it\/wp-content\/uploads\/2024\/05\/costantino_1-300x169.jpg 300w, https:\/\/www.gossip.it\/wp-content\/uploads\/2024\/05\/costantino_1-768x432.jpg 768w, https:\/\/www.gossip.it\/wp-content\/uploads\/2024\/05\/costantino_1-750x422.jpg 750w, https:\/\/www.gossip.it\/wp-content\/uploads\/2024\/05\/costantino_1-730x410.jpg 730w, https:\/\/www.gossip.it\/wp-content\/uploads\/2024\/05\/costantino_1.jpg 1134w\" sizes=\"(max-width: 1024px) 100vw, 1024px\" \/><figcaption class=\"wp-element-caption\"><em>''Da questa cosa non si guarisce''<\/em>: Costantino Vitagliano torna in tv per parlare dell'evoluzione della sua malattia autoimmune<\/figcaption><\/figure>\n\n\n\n<p>L\u2019ex tronista di <em>Uomini e Donne<\/em> ha rischiato la vita per una rara patologia che l\u2019ha colpito. E\u2019 stato ricoverato nel reparto di oncologia in ospedale per pi\u00f9 di un mese. Ha perso peso. I medici non riuscivano a trovare il problema. Alla fine ha cominciato una terapia. E\u2019 stato un tentativo, ma la sua risposta \u00e8 stata buona.<\/p>\n\n\n\n<p><em>\u201c<strong>La terapia sta funzionando<\/strong><\/em> - svela rincuorato Costantino -<em>. L\u2019alone che era intorno alla mia parte addominale, sull\u2019aorta, \u00e8 calato alla met\u00e0. Da 36mm a meno di 15mm e l'obiettivo \u00e8 andare sotto i 5. Ho diminuito anche le dosi di cortisone e adesso sto meglio. Il cortisone mi dava molti scompensi umorali. Oggi, per\u00f2, <strong>sto meglio, la cura funziona e sono contento che al primo tentativo sia andata bene<\/strong> perch\u00e9 all'inizio neanche i medici sapevano se potesse funzionare oppure no\u201d.<\/em><\/p>\n\n\n\n<figure class=\"wp-block-image size-large\"><img decoding=\"async\" width=\"1024\" height=\"576\" src=\"https:\/\/www.gossip.it\/wp-content\/uploads\/2024\/05\/costantino_2-1024x576.jpg\" alt=\"\" class=\"wp-image-173308\" srcset=\"https:\/\/www.gossip.it\/wp-content\/uploads\/2024\/05\/costantino_2-1024x576.jpg 1024w, https:\/\/www.gossip.it\/wp-content\/uploads\/2024\/05\/costantino_2-300x169.jpg 300w, https:\/\/www.gossip.it\/wp-content\/uploads\/2024\/05\/costantino_2-768x432.jpg 768w, https:\/\/www.gossip.it\/wp-content\/uploads\/2024\/05\/costantino_2-750x422.jpg 750w, https:\/\/www.gossip.it\/wp-content\/uploads\/2024\/05\/costantino_2-730x410.jpg 730w, https:\/\/www.gossip.it\/wp-content\/uploads\/2024\/05\/costantino_2.jpg 1134w\" sizes=\"(max-width: 1024px) 100vw, 1024px\" \/><figcaption class=\"wp-element-caption\">L\u2019ex tronista di <em>Uomini e Donne<\/em> aggiorna sul suo stato di salute attuale<\/figcaption><\/figure>\n\n\n\n<p>Ha ripreso un po\u2019 di chili. Ora riesce persino a prendere in braccio la figlia Ayla, 8 anni, avuta dall\u2019ex Elisa Mariani. Kosta ha pure ripreso ad allenarsi. <em>\u201c<strong>Non si guarisce da questa malattia ma potr\u00f2 vivere una vita normale<\/strong>\u201d<\/em>, afferma. E\u2019 pi\u00f9 positivo e guarda con speranza al suo futuro adesso.<\/p>\n","protected":false},"excerpt":{"rendered":"<p>Costantino Vitagliano aggiorna sul suo stato di salute...<\/p>\n","protected":false},"author":24,"featured_media":173309,"comment_status":"open","ping_status":"closed","sticky":false,"template":"","format":"standard","meta":{"footnotes":""},"categories":[54],"tags":[2697,77781,74767,2097,63537,2208],"vip":[531],"class_list":["post-173306","post","type-post","status-publish","format-standard","has-post-thumbnail","hentry","category-news","tag-canale5","tag-costantinovitagliano-ued","tag-costantinovitaglianomalattia","tag-tv","tag-uominiedonne","tag-verissimo","vip-costantino_vitagliano"],"yoast_head":"<title>&#039;&#039;Da questa cosa non si guarisce&#039;&#039;: Costantino Vitagliano torna in tv per parlare dell&#039;evoluzione della sua malattia autoimmune - Gossip.it | News sul Gossip e VIP<\/title>\n<meta name=\"description\" content=\"&#039;&#039;Da questa cosa non si guarisce&#039;&#039;: Costantino Vitagliano torna in tv per parlare dell&#039;evoluzione della sua malattia autoimmune\" \/>\n<meta name=\"robots\" content=\"index, follow, max-snippet:-1, max-image-preview:large, max-video-preview:-1\" \/>\n<link rel=\"canonical\" href=\"https:\/\/www.gossip.it\/news\/costantino-vitagliano-evoluzione-malattia-autoimmune\/\" \/>\n<meta property=\"og:locale\" content=\"it_IT\" \/>\n<meta property=\"og:type\" content=\"article\" \/>\n<meta property=\"og:title\" content=\"&#039;&#039;Da questa cosa non si guarisce&#039;&#039;: Costantino Vitagliano torna in tv per parlare dell&#039;evoluzione della sua malattia autoimmune - Gossip.it | News sul Gossip e VIP\" \/>\n<meta property=\"og:description\" content=\"&#039;&#039;Da questa cosa non si guarisce&#039;&#039;: Costantino Vitagliano torna in tv per parlare dell&#039;evoluzione della sua malattia autoimmune\" \/>\n<meta property=\"og:url\" content=\"https:\/\/www.gossip.it\/news\/costantino-vitagliano-evoluzione-malattia-autoimmune\/\" \/>\n<meta property=\"og:site_name\" content=\"Gossip.it | News sul Gossip e VIP\" \/>\n<meta property=\"article:publisher\" content=\"https:\/\/www.facebook.com\/GossipIT\" \/>\n<meta property=\"article:published_time\" content=\"2024-05-27T12:33:26+00:00\" \/>\n<meta property=\"article:modified_time\" content=\"2024-05-27T12:34:49+00:00\" \/>\n<meta property=\"og:image\" content=\"https:\/\/www.gossip.it\/wp-content\/uploads\/2024\/05\/lancio-COSTA-FB-1.jpg\" \/>\n\t<meta property=\"og:image:width\" content=\"1134\" \/>\n\t<meta property=\"og:image:height\" content=\"663\" \/>\n\t<meta property=\"og:image:type\" content=\"image\/jpeg\" \/>\n<meta name=\"author\" content=\"Carla Giuni\" \/>\n<meta name=\"twitter:card\" content=\"summary_large_image\" \/>\n<meta name=\"twitter:creator\" content=\"@gossinews_it\" \/>\n<meta name=\"twitter:site\" content=\"@gossinews_it\" \/>\n<meta name=\"twitter:label1\" content=\"Scritto da\" \/>\n\t<meta name=\"twitter:data1\" content=\"Carla Giuni\" \/>\n\t<meta name=\"twitter:label2\" content=\"Tempo di lettura stimato\" \/>\n\t<meta name=\"twitter:data2\" content=\"2 minuti\" \/>","yoast_head_json":{"title":"''Da questa cosa non si guarisce'': Costantino Vitagliano torna in tv per parlare dell'evoluzione della sua malattia autoimmune - Gossip.it | News sul Gossip e VIP","description":"''Da questa cosa non si guarisce'': Costantino Vitagliano torna in tv per parlare dell'evoluzione della sua malattia autoimmune","robots":{"index":"index","follow":"follow","max-snippet":"max-snippet:-1","max-image-preview":"max-image-preview:large","max-video-preview":"max-video-preview:-1"},"canonical":"https:\/\/www.gossip.it\/news\/costantino-vitagliano-evoluzione-malattia-autoimmune\/","og_locale":"it_IT","og_type":"article","og_title":"''Da questa cosa non si guarisce'': Costantino Vitagliano torna in tv per parlare dell'evoluzione della sua malattia autoimmune - Gossip.it | News sul Gossip e VIP","og_description":"''Da questa cosa non si guarisce'': Costantino Vitagliano torna in tv per parlare dell'evoluzione della sua malattia autoimmune","og_url":"https:\/\/www.gossip.it\/news\/costantino-vitagliano-evoluzione-malattia-autoimmune\/","og_site_name":"Gossip.it | News sul Gossip e VIP","article_publisher":"https:\/\/www.facebook.com\/GossipIT","article_published_time":"2024-05-27T12:33:26+00:00","article_modified_time":"2024-05-27T12:34:49+00:00","og_image":[{"width":1134,"height":663,"url":"https:\/\/www.gossip.it\/wp-content\/uploads\/2024\/05\/lancio-COSTA-FB-1.jpg","type":"image\/jpeg"}],"author":"Carla Giuni","twitter_card":"summary_large_image","twitter_creator":"@gossinews_it","twitter_site":"@gossinews_it","twitter_misc":{"Scritto da":"Carla Giuni","Tempo di lettura stimato":"2 minuti"},"schema":{"@context":"https:\/\/schema.org","@graph":[{"@type":"Article","@id":"https:\/\/www.gossip.it\/news\/costantino-vitagliano-evoluzione-malattia-autoimmune\/#article","isPartOf":{"@id":"https:\/\/www.gossip.it\/news\/costantino-vitagliano-evoluzione-malattia-autoimmune\/"},"author":{"name":"Carla Giuni","@id":"https:\/\/www.gossip.it\/#\/schema\/person\/df4a88c190f338e21427b6f342595faa"},"headline":"''Da questa cosa non si guarisce'': Costantino Vitagliano torna in tv per parlare dell'evoluzione della sua malattia autoimmune","datePublished":"2024-05-27T12:33:26+00:00","dateModified":"2024-05-27T12:34:49+00:00","mainEntityOfPage":{"@id":"https:\/\/www.gossip.it\/news\/costantino-vitagliano-evoluzione-malattia-autoimmune\/"},"wordCount":310,"commentCount":0,"publisher":{"@id":"https:\/\/www.gossip.it\/#organization"},"image":{"@id":"https:\/\/www.gossip.it\/news\/costantino-vitagliano-evoluzione-malattia-autoimmune\/#primaryimage"},"thumbnailUrl":"https:\/\/www.gossip.it\/wp-content\/uploads\/2024\/05\/lancio-COSTA-FB.jpg","keywords":["canale5","costantinovitagliano-ued","costantinovitaglianomalattia","tv","uominiedonne","verissimo"],"articleSection":["News"],"inLanguage":"it-IT","potentialAction":[{"@type":"CommentAction","name":"Comment","target":["https:\/\/www.gossip.it\/news\/costantino-vitagliano-evoluzione-malattia-autoimmune\/#respond"]}]},{"@type":"WebPage","@id":"https:\/\/www.gossip.it\/news\/costantino-vitagliano-evoluzione-malattia-autoimmune\/","url":"https:\/\/www.gossip.it\/news\/costantino-vitagliano-evoluzione-malattia-autoimmune\/","name":"''Da questa cosa non si guarisce'': Costantino Vitagliano torna in tv per parlare dell'evoluzione della sua malattia autoimmune - Gossip.it | News sul Gossip e VIP","isPartOf":{"@id":"https:\/\/www.gossip.it\/#website"},"primaryImageOfPage":{"@id":"https:\/\/www.gossip.it\/news\/costantino-vitagliano-evoluzione-malattia-autoimmune\/#primaryimage"},"image":{"@id":"https:\/\/www.gossip.it\/news\/costantino-vitagliano-evoluzione-malattia-autoimmune\/#primaryimage"},"thumbnailUrl":"https:\/\/www.gossip.it\/wp-content\/uploads\/2024\/05\/lancio-COSTA-FB.jpg","datePublished":"2024-05-27T12:33:26+00:00","dateModified":"2024-05-27T12:34:49+00:00","description":"''Da questa cosa non si guarisce'': Costantino Vitagliano torna in tv per parlare dell'evoluzione della sua malattia autoimmune","breadcrumb":{"@id":"https:\/\/www.gossip.it\/news\/costantino-vitagliano-evoluzione-malattia-autoimmune\/#breadcrumb"},"inLanguage":"it-IT","potentialAction":[{"@type":"ReadAction","target":["https:\/\/www.gossip.it\/news\/costantino-vitagliano-evoluzione-malattia-autoimmune\/"]}]},{"@type":"ImageObject","inLanguage":"it-IT","@id":"https:\/\/www.gossip.it\/news\/costantino-vitagliano-evoluzione-malattia-autoimmune\/#primaryimage","url":"https:\/\/www.gossip.it\/wp-content\/uploads\/2024\/05\/lancio-COSTA-FB.jpg","contentUrl":"https:\/\/www.gossip.it\/wp-content\/uploads\/2024\/05\/lancio-COSTA-FB.jpg","width":1134,"height":663},{"@type":"BreadcrumbList","@id":"https:\/\/www.gossip.it\/news\/costantino-vitagliano-evoluzione-malattia-autoimmune\/#breadcrumb","itemListElement":[{"@type":"ListItem","position":1,"name":"Home","item":"https:\/\/www.gossip.it\/"},{"@type":"ListItem","position":2,"name":"''Da questa cosa non si guarisce'': Costantino Vitagliano torna in tv per parlare dell'evoluzione della sua malattia autoimmune"}]},{"@type":"WebSite","@id":"https:\/\/www.gossip.it\/#website","url":"https:\/\/www.gossip.it\/","name":"Gossip and VIP News","description":"Quotidiano di cronaca rosa, costume e societ\u00e0","publisher":{"@id":"https:\/\/www.gossip.it\/#organization"},"alternateName":"Gossip and VIP News","potentialAction":[{"@type":"SearchAction","target":{"@type":"EntryPoint","urlTemplate":"https:\/\/www.gossip.it\/?s={search_term_string}"},"query-input":{"@type":"PropertyValueSpecification","valueRequired":true,"valueName":"search_term_string"}}],"inLanguage":"it-IT"},{"@type":"Organization","@id":"https:\/\/www.gossip.it\/#organization","name":"Gossip and VIP News","alternateName":"Gossip News","url":"https:\/\/www.gossip.it\/","logo":{"@type":"ImageObject","inLanguage":"it-IT","@id":"https:\/\/www.gossip.it\/#\/schema\/logo\/image\/","url":"https:\/\/www.gossip.it\/wp-content\/uploads\/2022\/04\/cropped-corna-alta-tiny.png","contentUrl":"https:\/\/www.gossip.it\/wp-content\/uploads\/2022\/04\/cropped-corna-alta-tiny.png","width":512,"height":512,"caption":"Gossip and VIP News"},"image":{"@id":"https:\/\/www.gossip.it\/#\/schema\/logo\/image\/"},"sameAs":["https:\/\/www.facebook.com\/GossipIT","https:\/\/x.com\/gossinews_it","https:\/\/instagram.com\/gossip_it"]},{"@type":"Person","@id":"https:\/\/www.gossip.it\/#\/schema\/person\/df4a88c190f338e21427b6f342595faa","name":"Carla Giuni","image":{"@type":"ImageObject","inLanguage":"it-IT","@id":"https:\/\/www.gossip.it\/#\/schema\/person\/image\/","url":"https:\/\/secure.gravatar.com\/avatar\/9caf92f895c8e9a7cca263cd6e3860da8edad54c0a92046a7e363cbd3fa35c36?s=96&d=mm&r=g","contentUrl":"https:\/\/secure.gravatar.com\/avatar\/9caf92f895c8e9a7cca263cd6e3860da8edad54c0a92046a7e363cbd3fa35c36?s=96&d=mm&r=g","caption":"Carla Giuni"}}]}},"amp_enabled":true,"_links":{"self":[{"href":"https:\/\/www.gossip.it\/api\/wp\/v2\/posts\/173306","targetHints":{"allow":["GET"]}}],"collection":[{"href":"https:\/\/www.gossip.it\/api\/wp\/v2\/posts"}],"about":[{"href":"https:\/\/www.gossip.it\/api\/wp\/v2\/types\/post"}],"author":[{"embeddable":true,"href":"https:\/\/www.gossip.it\/api\/wp\/v2\/users\/24"}],"replies":[{"embeddable":true,"href":"https:\/\/www.gossip.it\/api\/wp\/v2\/comments?post=173306"}],"version-history":[{"count":1,"href":"https:\/\/www.gossip.it\/api\/wp\/v2\/posts\/173306\/revisions"}],"predecessor-version":[{"id":173312,"href":"https:\/\/www.gossip.it\/api\/wp\/v2\/posts\/173306\/revisions\/173312"}],"wp:featuredmedia":[{"embeddable":true,"href":"https:\/\/www.gossip.it\/api\/wp\/v2\/media\/173309"}],"wp:attachment":[{"href":"https:\/\/www.gossip.it\/api\/wp\/v2\/media?parent=173306"}],"wp:term":[{"taxonomy":"category","embeddable":true,"href":"https:\/\/www.gossip.it\/api\/wp\/v2\/categories?post=173306"},{"taxonomy":"post_tag","embeddable":true,"href":"https:\/\/www.gossip.it\/api\/wp\/v2\/tags?post=173306"},{"taxonomy":"vip","embeddable":true,"href":"https:\/\/www.gossip.it\/api\/wp\/v2\/vip?post=173306"}],"curies":[{"name":"wp","href":"https:\/\/api.w.org\/{rel}","templated":true}]}}