{"id":173672,"date":"2024-05-31T12:44:13","date_gmt":"2024-05-31T10:44:13","guid":{"rendered":"https:\/\/www.gossip.it\/?p=173672"},"modified":"2024-05-31T15:08:50","modified_gmt":"2024-05-31T13:08:50","slug":"francesca-chillemi-etichetta-miss-italia","status":"publish","type":"post","link":"https:\/\/www.gossip.it\/news\/francesca-chillemi-etichetta-miss-italia\/","title":{"rendered":"''Mi hanno fatto pensare di essere solo bella'': Francesca Chillemi racconta dell'etichetta di 'Miss Italia' difficile da scrollarsi di dosso"},"content":{"rendered":"\n<ul class=\"wp-block-list\">\n<li>L\u2019attrice 38enne ha conquistato il titolo nel 2003, da allora ha voluto farsi conoscere <em>\u201cper chi sono veramente\u201d<\/em><\/li>\n\n\n\n<li><em>\u201cDopo il concorso, mi volevano solo per l\u2019aspetto estetico. Ho iniziato a sentirmi stretta\u2026\u201d<\/em><\/li>\n<\/ul>\n\n\n\n<p><a href=\"http:\/\/www.gossip.it\/vip\/francesca-chillemi\">Francesca Chillemi<\/a> ora \u00e8 pienamente soddisfatta della sua vita e della sua carriera. Attrice di fiction di successo, come <em>Che Dio ci aiuti<\/em> e <em>Viola come il mare<\/em>, la siciliana 38enne a <em>Sette<\/em> <strong>racconta dell\u2019etichetta di Miss Italia difficile da scrollarsi da dosso. <em>\u201cMi hanno fatto pensare di essere solo bella\u201d<\/em>, confessa<\/strong>. Ha conquistato il titolo nel 2003, aveva 18 anni e quasi due mesi.<\/p>\n\n\n\n<figure class=\"wp-block-image size-large\"><img decoding=\"async\" width=\"819\" height=\"1024\" src=\"https:\/\/www.gossip.it\/wp-content\/uploads\/2024\/05\/chillemi_1-819x1024.jpg\" alt=\"\" class=\"wp-image-173673\" srcset=\"https:\/\/www.gossip.it\/wp-content\/uploads\/2024\/05\/chillemi_1-819x1024.jpg 819w, https:\/\/www.gossip.it\/wp-content\/uploads\/2024\/05\/chillemi_1-240x300.jpg 240w, https:\/\/www.gossip.it\/wp-content\/uploads\/2024\/05\/chillemi_1-768x960.jpg 768w, https:\/\/www.gossip.it\/wp-content\/uploads\/2024\/05\/chillemi_1-750x937.jpg 750w, https:\/\/www.gossip.it\/wp-content\/uploads\/2024\/05\/chillemi_1.jpg 1134w\" sizes=\"(max-width: 819px) 100vw, 819px\" \/><figcaption class=\"wp-element-caption\"><em>''Mi hanno fatto pensare di essere solo bella''<\/em>: Francesca Chillemi racconta dell'etichetta di 'Miss Italia' difficile da scrollarsi di dosso<\/figcaption><\/figure>\n\n\n\n<p><em>\u201cSe non ti crei da sola delle opportunit\u00e0 hai gi\u00e0 deciso la tua fine\u201d<\/em>, sottolinea Francesca. Lei ha deciso quale fosse la sua: <em>\u201c<strong>Volermi conoscere per chi sono veramente<\/strong>, non per quello che mi hanno fatto pensare di essere negli anni\u201d<\/em>. Le si domanda, quindi, cosa le abbiano fatto pensare le persone con cui veniva in contatto professionalmente. La Chillemi lo dice senza problemi: <em>\u201c<strong>Di essere solo bella<\/strong>. Quella ero. Molti hanno visto soltanto l\u2019etichetta Miss Italia. <strong>Dopo il concorso, mi volevano solo per l\u2019aspetto estetico. Ho iniziato a sentirmi stretta in quella situazione<\/strong>. Poi ho capito che la cosa pi\u00f9 giusta da fare era lavorare sulla considerazione che avevo di me. Ora i giudizi non mi feriscono pi\u00f9\u201d.<\/em><\/p>\n\n\n\n<figure class=\"wp-block-image size-large\"><img decoding=\"async\" width=\"819\" height=\"1024\" src=\"https:\/\/www.gossip.it\/wp-content\/uploads\/2024\/05\/chillemi_2-819x1024.jpg\" alt=\"\" class=\"wp-image-173674\" srcset=\"https:\/\/www.gossip.it\/wp-content\/uploads\/2024\/05\/chillemi_2-819x1024.jpg 819w, https:\/\/www.gossip.it\/wp-content\/uploads\/2024\/05\/chillemi_2-240x300.jpg 240w, https:\/\/www.gossip.it\/wp-content\/uploads\/2024\/05\/chillemi_2-768x960.jpg 768w, https:\/\/www.gossip.it\/wp-content\/uploads\/2024\/05\/chillemi_2-750x938.jpg 750w, https:\/\/www.gossip.it\/wp-content\/uploads\/2024\/05\/chillemi_2.jpg 1134w\" sizes=\"(max-width: 819px) 100vw, 819px\" \/><figcaption class=\"wp-element-caption\">L\u2019attrice 38enne ha conquistato il titolo nel 2003, da allora ha voluto farsi conoscere <em>\u201cper chi sono veramente\u201d<\/em><\/figcaption><\/figure>\n\n\n\n<p>Nonostante il fisico affusolato e perfetto, sul rapporto col corpo Francesca chiarisce: <em>\u201cPrima del 2003 non mi ero mai messa a dieta poi ne ho iniziate diverse. Le provavo tutte. <strong>Alcune erano super drastiche, mi portavano degli scompensi tremendi. Volevo essere pi\u00f9 magra<\/strong>. Per\u00f2 sono sempre stata anche una buongustaia. Oggi ho trovato il mio modo di mangiare, seguo un\u2019alimentazione corretta\u201d.<\/em><\/p>\n\n\n\n<p>Miss Italia \u00e8 stata una conquista, ma anche un fardello. Per\u00f2 \u00e8 grata di aver vinto:<em> \u201cDa quell\u2019ombra non mi voglio scollare. <strong>Per me \u00e8 stata un\u2019opportunit\u00e0 e non posso rinnegarla<\/strong>. Con Miss Italia ho ottenuto in un giorno la mia indipendenza economica. Mi ha permesso di entrare nel mondo del cinema e dello spettacolo. Senn\u00f2 come potevo lasciare la Sicilia? Volevo la mia libert\u00e0 e me la sono presa\u201d.\u00a0<\/em><\/p>\n\n\n\n<figure class=\"wp-block-image size-large\"><img decoding=\"async\" width=\"819\" height=\"1024\" src=\"https:\/\/www.gossip.it\/wp-content\/uploads\/2024\/05\/chillemi_3-819x1024.jpg\" alt=\"\" class=\"wp-image-173675\" srcset=\"https:\/\/www.gossip.it\/wp-content\/uploads\/2024\/05\/chillemi_3-819x1024.jpg 819w, https:\/\/www.gossip.it\/wp-content\/uploads\/2024\/05\/chillemi_3-240x300.jpg 240w, https:\/\/www.gossip.it\/wp-content\/uploads\/2024\/05\/chillemi_3-768x960.jpg 768w, https:\/\/www.gossip.it\/wp-content\/uploads\/2024\/05\/chillemi_3-750x938.jpg 750w, https:\/\/www.gossip.it\/wp-content\/uploads\/2024\/05\/chillemi_3.jpg 1134w\" sizes=\"(max-width: 819px) 100vw, 819px\" \/><figcaption class=\"wp-element-caption\"><em>\u201cDopo il concorso, mi volevano solo per l\u2019aspetto estetico. Ho iniziato a sentirmi stretta\u2026\u201d<\/em>, svela a <em>Sette<\/em><\/figcaption><\/figure>\n\n\n\n<p>Mamma di Rania, 8 anni, non mai la figlia sui social. La Chillemi precisa: <em>\u201c<strong>Perch\u00e9 \u00e8 sbagliato<\/strong>. Non giudico chi espone i bambini online, io voglio che sia mia figlia a decidere se un domani voglia essere riconoscibile oppure no. Non pu\u00f2 dipendere da me. Potrei anche chiedere direttamente a lei l\u2019autorizzazione per mettere sue foto o video in Rete, ma come potrebbe darmi una risposta consapevole a 8 anni?\u201d.<\/em><\/p>\n","protected":false},"excerpt":{"rendered":"<p>La 38enne ora \u00e8 pienamente soddisfatta della...<\/p>\n","protected":false},"author":24,"featured_media":173676,"comment_status":"open","ping_status":"closed","sticky":false,"template":"","format":"standard","meta":{"footnotes":""},"categories":[54],"tags":[77908,63863,64849,77909,77907,63745,6291],"vip":[771],"class_list":["post-173672","post","type-post","status-publish","format-standard","has-post-thumbnail","hentry","category-news","tag-chillemi","tag-corrieredellasera","tag-francescachillemi","tag-francescachillemifiglia","tag-francescachillemimissitalia","tag-missitalia","tag-sette","vip-francesca_chillemi"],"yoast_head":"<title>&#039;&#039;Mi hanno fatto pensare di essere solo bella&#039;&#039;: Francesca Chillemi racconta dell&#039;etichetta di &#039;Miss Italia&#039; difficile da scrollarsi di dosso - Gossip.it | News sul Gossip e VIP<\/title>\n<meta name=\"description\" content=\"&#039;&#039;Mi hanno fatto pensare di essere solo bella&#039;&#039;: Francesca Chillemi racconta dell&#039;etichetta di &#039;Miss Italia&#039; difficile da scrollarsi di dosso\" \/>\n<meta name=\"robots\" content=\"index, follow, max-snippet:-1, max-image-preview:large, max-video-preview:-1\" \/>\n<link rel=\"canonical\" href=\"https:\/\/www.gossip.it\/news\/francesca-chillemi-etichetta-miss-italia\/\" \/>\n<meta property=\"og:locale\" content=\"it_IT\" \/>\n<meta property=\"og:type\" content=\"article\" \/>\n<meta property=\"og:title\" content=\"&#039;&#039;Mi hanno fatto pensare di essere solo bella&#039;&#039;: Francesca Chillemi racconta dell&#039;etichetta di &#039;Miss Italia&#039; difficile da scrollarsi di dosso - Gossip.it | News sul Gossip e VIP\" \/>\n<meta property=\"og:description\" content=\"&#039;&#039;Mi hanno fatto pensare di essere solo bella&#039;&#039;: Francesca Chillemi racconta dell&#039;etichetta di &#039;Miss Italia&#039; difficile da scrollarsi di dosso\" \/>\n<meta property=\"og:url\" content=\"https:\/\/www.gossip.it\/news\/francesca-chillemi-etichetta-miss-italia\/\" \/>\n<meta property=\"og:site_name\" content=\"Gossip.it | News sul Gossip e VIP\" \/>\n<meta property=\"article:publisher\" content=\"https:\/\/www.facebook.com\/GossipIT\" \/>\n<meta property=\"article:published_time\" content=\"2024-05-31T10:44:13+00:00\" \/>\n<meta property=\"article:modified_time\" content=\"2024-05-31T13:08:50+00:00\" \/>\n<meta property=\"og:image\" content=\"https:\/\/www.gossip.it\/wp-content\/uploads\/2024\/05\/lancio-CHILLEMI-FB.jpg\" \/>\n\t<meta property=\"og:image:width\" content=\"1134\" \/>\n\t<meta property=\"og:image:height\" content=\"659\" \/>\n\t<meta property=\"og:image:type\" content=\"image\/jpeg\" \/>\n<meta name=\"author\" content=\"Carla Giuni\" \/>\n<meta name=\"twitter:card\" content=\"summary_large_image\" \/>\n<meta name=\"twitter:creator\" content=\"@gossinews_it\" \/>\n<meta name=\"twitter:site\" content=\"@gossinews_it\" \/>\n<meta name=\"twitter:label1\" content=\"Scritto da\" \/>\n\t<meta name=\"twitter:data1\" content=\"Carla Giuni\" \/>\n\t<meta name=\"twitter:label2\" content=\"Tempo di lettura stimato\" \/>\n\t<meta name=\"twitter:data2\" content=\"4 minuti\" \/>","yoast_head_json":{"title":"''Mi hanno fatto pensare di essere solo bella'': Francesca Chillemi racconta dell'etichetta di 'Miss Italia' difficile da scrollarsi di dosso - Gossip.it | News sul Gossip e VIP","description":"''Mi hanno fatto pensare di essere solo bella'': Francesca Chillemi racconta dell'etichetta di 'Miss Italia' difficile da scrollarsi di dosso","robots":{"index":"index","follow":"follow","max-snippet":"max-snippet:-1","max-image-preview":"max-image-preview:large","max-video-preview":"max-video-preview:-1"},"canonical":"https:\/\/www.gossip.it\/news\/francesca-chillemi-etichetta-miss-italia\/","og_locale":"it_IT","og_type":"article","og_title":"''Mi hanno fatto pensare di essere solo bella'': Francesca Chillemi racconta dell'etichetta di 'Miss Italia' difficile da scrollarsi di dosso - Gossip.it | News sul Gossip e VIP","og_description":"''Mi hanno fatto pensare di essere solo bella'': Francesca Chillemi racconta dell'etichetta di 'Miss Italia' difficile da scrollarsi di dosso","og_url":"https:\/\/www.gossip.it\/news\/francesca-chillemi-etichetta-miss-italia\/","og_site_name":"Gossip.it | News sul Gossip e VIP","article_publisher":"https:\/\/www.facebook.com\/GossipIT","article_published_time":"2024-05-31T10:44:13+00:00","article_modified_time":"2024-05-31T13:08:50+00:00","og_image":[{"width":1134,"height":659,"url":"https:\/\/www.gossip.it\/wp-content\/uploads\/2024\/05\/lancio-CHILLEMI-FB.jpg","type":"image\/jpeg"}],"author":"Carla Giuni","twitter_card":"summary_large_image","twitter_creator":"@gossinews_it","twitter_site":"@gossinews_it","twitter_misc":{"Scritto da":"Carla Giuni","Tempo di lettura stimato":"4 minuti"},"schema":{"@context":"https:\/\/schema.org","@graph":[{"@type":"Article","@id":"https:\/\/www.gossip.it\/news\/francesca-chillemi-etichetta-miss-italia\/#article","isPartOf":{"@id":"https:\/\/www.gossip.it\/news\/francesca-chillemi-etichetta-miss-italia\/"},"author":{"name":"Carla Giuni","@id":"https:\/\/www.gossip.it\/#\/schema\/person\/df4a88c190f338e21427b6f342595faa"},"headline":"''Mi hanno fatto pensare di essere solo bella'': Francesca Chillemi racconta dell'etichetta di 'Miss Italia' difficile da scrollarsi di dosso","datePublished":"2024-05-31T10:44:13+00:00","dateModified":"2024-05-31T13:08:50+00:00","mainEntityOfPage":{"@id":"https:\/\/www.gossip.it\/news\/francesca-chillemi-etichetta-miss-italia\/"},"wordCount":493,"commentCount":0,"publisher":{"@id":"https:\/\/www.gossip.it\/#organization"},"image":{"@id":"https:\/\/www.gossip.it\/news\/francesca-chillemi-etichetta-miss-italia\/#primaryimage"},"thumbnailUrl":"https:\/\/www.gossip.it\/wp-content\/uploads\/2024\/05\/lancio-CHILLEMI.jpg","keywords":["chillemi","corrieredellasera","francescachillemi","francescachillemifiglia","francescachillemimissitalia","missitalia","sette"],"articleSection":["News"],"inLanguage":"it-IT","potentialAction":[{"@type":"CommentAction","name":"Comment","target":["https:\/\/www.gossip.it\/news\/francesca-chillemi-etichetta-miss-italia\/#respond"]}]},{"@type":"WebPage","@id":"https:\/\/www.gossip.it\/news\/francesca-chillemi-etichetta-miss-italia\/","url":"https:\/\/www.gossip.it\/news\/francesca-chillemi-etichetta-miss-italia\/","name":"''Mi hanno fatto pensare di essere solo bella'': Francesca Chillemi racconta dell'etichetta di 'Miss Italia' difficile da scrollarsi di dosso - Gossip.it | News sul Gossip e VIP","isPartOf":{"@id":"https:\/\/www.gossip.it\/#website"},"primaryImageOfPage":{"@id":"https:\/\/www.gossip.it\/news\/francesca-chillemi-etichetta-miss-italia\/#primaryimage"},"image":{"@id":"https:\/\/www.gossip.it\/news\/francesca-chillemi-etichetta-miss-italia\/#primaryimage"},"thumbnailUrl":"https:\/\/www.gossip.it\/wp-content\/uploads\/2024\/05\/lancio-CHILLEMI.jpg","datePublished":"2024-05-31T10:44:13+00:00","dateModified":"2024-05-31T13:08:50+00:00","description":"''Mi hanno fatto pensare di essere solo bella'': Francesca Chillemi racconta dell'etichetta di 'Miss Italia' difficile da scrollarsi di dosso","breadcrumb":{"@id":"https:\/\/www.gossip.it\/news\/francesca-chillemi-etichetta-miss-italia\/#breadcrumb"},"inLanguage":"it-IT","potentialAction":[{"@type":"ReadAction","target":["https:\/\/www.gossip.it\/news\/francesca-chillemi-etichetta-miss-italia\/"]}]},{"@type":"ImageObject","inLanguage":"it-IT","@id":"https:\/\/www.gossip.it\/news\/francesca-chillemi-etichetta-miss-italia\/#primaryimage","url":"https:\/\/www.gossip.it\/wp-content\/uploads\/2024\/05\/lancio-CHILLEMI.jpg","contentUrl":"https:\/\/www.gossip.it\/wp-content\/uploads\/2024\/05\/lancio-CHILLEMI.jpg","width":1134,"height":808},{"@type":"BreadcrumbList","@id":"https:\/\/www.gossip.it\/news\/francesca-chillemi-etichetta-miss-italia\/#breadcrumb","itemListElement":[{"@type":"ListItem","position":1,"name":"Home","item":"https:\/\/www.gossip.it\/"},{"@type":"ListItem","position":2,"name":"''Mi hanno fatto pensare di essere solo bella'': Francesca Chillemi racconta dell'etichetta di 'Miss Italia' difficile da scrollarsi di dosso"}]},{"@type":"WebSite","@id":"https:\/\/www.gossip.it\/#website","url":"https:\/\/www.gossip.it\/","name":"Gossip and VIP News","description":"Quotidiano di cronaca rosa, costume e societ\u00e0","publisher":{"@id":"https:\/\/www.gossip.it\/#organization"},"alternateName":"Gossip and VIP News","potentialAction":[{"@type":"SearchAction","target":{"@type":"EntryPoint","urlTemplate":"https:\/\/www.gossip.it\/?s={search_term_string}"},"query-input":{"@type":"PropertyValueSpecification","valueRequired":true,"valueName":"search_term_string"}}],"inLanguage":"it-IT"},{"@type":"Organization","@id":"https:\/\/www.gossip.it\/#organization","name":"Gossip and VIP News","alternateName":"Gossip News","url":"https:\/\/www.gossip.it\/","logo":{"@type":"ImageObject","inLanguage":"it-IT","@id":"https:\/\/www.gossip.it\/#\/schema\/logo\/image\/","url":"https:\/\/www.gossip.it\/wp-content\/uploads\/2022\/04\/cropped-corna-alta-tiny.png","contentUrl":"https:\/\/www.gossip.it\/wp-content\/uploads\/2022\/04\/cropped-corna-alta-tiny.png","width":512,"height":512,"caption":"Gossip and VIP News"},"image":{"@id":"https:\/\/www.gossip.it\/#\/schema\/logo\/image\/"},"sameAs":["https:\/\/www.facebook.com\/GossipIT","https:\/\/x.com\/gossinews_it","https:\/\/instagram.com\/gossip_it"]},{"@type":"Person","@id":"https:\/\/www.gossip.it\/#\/schema\/person\/df4a88c190f338e21427b6f342595faa","name":"Carla Giuni","image":{"@type":"ImageObject","inLanguage":"it-IT","@id":"https:\/\/www.gossip.it\/#\/schema\/person\/image\/","url":"https:\/\/secure.gravatar.com\/avatar\/9caf92f895c8e9a7cca263cd6e3860da8edad54c0a92046a7e363cbd3fa35c36?s=96&d=mm&r=g","contentUrl":"https:\/\/secure.gravatar.com\/avatar\/9caf92f895c8e9a7cca263cd6e3860da8edad54c0a92046a7e363cbd3fa35c36?s=96&d=mm&r=g","caption":"Carla Giuni"}}]}},"amp_enabled":true,"_links":{"self":[{"href":"https:\/\/www.gossip.it\/api\/wp\/v2\/posts\/173672","targetHints":{"allow":["GET"]}}],"collection":[{"href":"https:\/\/www.gossip.it\/api\/wp\/v2\/posts"}],"about":[{"href":"https:\/\/www.gossip.it\/api\/wp\/v2\/types\/post"}],"author":[{"embeddable":true,"href":"https:\/\/www.gossip.it\/api\/wp\/v2\/users\/24"}],"replies":[{"embeddable":true,"href":"https:\/\/www.gossip.it\/api\/wp\/v2\/comments?post=173672"}],"version-history":[{"count":1,"href":"https:\/\/www.gossip.it\/api\/wp\/v2\/posts\/173672\/revisions"}],"predecessor-version":[{"id":173679,"href":"https:\/\/www.gossip.it\/api\/wp\/v2\/posts\/173672\/revisions\/173679"}],"wp:featuredmedia":[{"embeddable":true,"href":"https:\/\/www.gossip.it\/api\/wp\/v2\/media\/173676"}],"wp:attachment":[{"href":"https:\/\/www.gossip.it\/api\/wp\/v2\/media?parent=173672"}],"wp:term":[{"taxonomy":"category","embeddable":true,"href":"https:\/\/www.gossip.it\/api\/wp\/v2\/categories?post=173672"},{"taxonomy":"post_tag","embeddable":true,"href":"https:\/\/www.gossip.it\/api\/wp\/v2\/tags?post=173672"},{"taxonomy":"vip","embeddable":true,"href":"https:\/\/www.gossip.it\/api\/wp\/v2\/vip?post=173672"}],"curies":[{"name":"wp","href":"https:\/\/api.w.org\/{rel}","templated":true}]}}