{"id":174543,"date":"2024-06-12T14:05:26","date_gmt":"2024-06-12T12:05:26","guid":{"rendered":"https:\/\/www.gossip.it\/?p=174543"},"modified":"2024-06-12T14:06:16","modified_gmt":"2024-06-12T12:06:16","slug":"vera-gemma-fidanzato-33-anni-meno-di-lei","status":"publish","type":"post","link":"https:\/\/www.gossip.it\/news\/vera-gemma-fidanzato-33-anni-meno-di-lei\/","title":{"rendered":"''Non mi preoccupo che abbia 20 anni'': Vera Gemma parla del nuovo fidanzato che ha 33 anni meno di lei"},"content":{"rendered":"\n<ul class=\"wp-block-list\">\n<li>La 53enne e Misha Carry, 20 anni, sono inseparabili: si sono conosciuti in sala d\u2019incisione<\/li>\n\n\n\n<li><em>\u201cSiamo freschi di fidanzamento, ma il nostro legame avr\u00e0 modo di rafforzarsi durante un viaggio a LA\u201d<\/em><\/li>\n<\/ul>\n\n\n\n<p><a href=\"http:\/\/www.gossip.it\/vip\/vera-gemma\">Vera Gemma<\/a> odia le convenzioni, quelle bigotte, in cui la differenza d\u2019et\u00e0 con un compagno fa ancora notizia. A <em>Novella 2000<\/em> dice: <em>\u201cSe fossimo in America non fregherebbe a nessuno\u201d<\/em>. <strong>Parla del nuovo fidanzato che ha 33 anni meno di lei. Si \u00e8 legata al musicista Misha Carry, 20 anni<\/strong>. La 53enne l\u2019ha conosciuto in sala d\u2019incisione e si sono innamorati.<\/p>\n\n\n\n<figure class=\"wp-block-image size-large\"><img decoding=\"async\" width=\"762\" height=\"1024\" src=\"https:\/\/www.gossip.it\/wp-content\/uploads\/2024\/06\/vera_3-762x1024.jpg\" alt=\"\" class=\"wp-image-174544\" srcset=\"https:\/\/www.gossip.it\/wp-content\/uploads\/2024\/06\/vera_3-762x1024.jpg 762w, https:\/\/www.gossip.it\/wp-content\/uploads\/2024\/06\/vera_3-223x300.jpg 223w, https:\/\/www.gossip.it\/wp-content\/uploads\/2024\/06\/vera_3-768x1031.jpg 768w, https:\/\/www.gossip.it\/wp-content\/uploads\/2024\/06\/vera_3-750x1007.jpg 750w, https:\/\/www.gossip.it\/wp-content\/uploads\/2024\/06\/vera_3.jpg 1134w\" sizes=\"(max-width: 762px) 100vw, 762px\" \/><figcaption class=\"wp-element-caption\"><em>''Non mi preoccupo che abbia 20 anni''<\/em>: Vera Gemma parla del nuovo fidanzato che ha 33 anni meno di lei<\/figcaption><\/figure>\n\n\n\n<p><em>\u201cSiamo freschi di fidanzamento, ma il nostro legame avr\u00e0 modo di rafforzarsi durante un viaggio imminente a Los Angeles\u201d<\/em>, racconta Vera. Sullo stacco generazionale dice: <em>\u201cTrascorriamo ore intere a parlare e in quei momenti mi sento esattamente accanto alla persona con la quale vorrei essere, <strong>non sto a preoccuparmi che abbia 20 anni. E\u2019 pi\u00f9 un problema per gli altri che non per noi<\/strong>\u201d.<\/em> Il ragazzo concorda: <em>\"<strong>A volte la percepisco come una vera coetanea<\/strong>\u201d.<\/em><\/p>\n\n\n\n<figure class=\"wp-block-image size-large is-resized\"><img decoding=\"async\" width=\"627\" height=\"1024\" src=\"https:\/\/www.gossip.it\/wp-content\/uploads\/2024\/06\/vera_1-627x1024.jpg\" alt=\"\" class=\"wp-image-174545\" style=\"width:768px;height:auto\" srcset=\"https:\/\/www.gossip.it\/wp-content\/uploads\/2024\/06\/vera_1-627x1024.jpg 627w, https:\/\/www.gossip.it\/wp-content\/uploads\/2024\/06\/vera_1-184x300.jpg 184w, https:\/\/www.gossip.it\/wp-content\/uploads\/2024\/06\/vera_1-768x1254.jpg 768w, https:\/\/www.gossip.it\/wp-content\/uploads\/2024\/06\/vera_1-941x1536.jpg 941w, https:\/\/www.gossip.it\/wp-content\/uploads\/2024\/06\/vera_1-750x1225.jpg 750w, https:\/\/www.gossip.it\/wp-content\/uploads\/2024\/06\/vera_1.jpg 1134w\" sizes=\"(max-width: 627px) 100vw, 627px\" \/><figcaption class=\"wp-element-caption\">La 53enne e Misha Carry, 20 anni, sono inseparabili: si sono conosciuti in sala d\u2019incisione<\/figcaption><\/figure>\n\n\n\n<p>Il figlio 15enne della Gemma, Maximus Giuliano, avuto dall\u2019ex Henry Harris, 55 anni, <em>\u201c<strong>lo adora<\/strong>\u201d<\/em>. <em>\u201cSar\u00e0 l\u2019et\u00e0 a creare sintonia visto che Misha \u00e8 pi\u00f9 coetaneo suo che mio\u201d,<\/em> afferma Vera. Lui smentisce che stia con lei per farsi strada. La cantante e attrice se lo dice da sola: <em>\u201cIo so\u2019 \u2018na figa\u201d<\/em>. Accetterebbe anche un tradimento, ma non vorrebbe saperlo:<em> \u201cPotrebbe capitare\u2026 E\u2019 giovane\u201d<\/em>. E aggiunge:<em> \u201c<strong>Tra noi c\u2019\u00e8 tutto, passione compresa<\/strong>\u201d<\/em>. Ma non svela particolari intimi.<\/p>\n\n\n\n<figure class=\"wp-block-image size-large\"><img decoding=\"async\" width=\"809\" height=\"1024\" src=\"https:\/\/www.gossip.it\/wp-content\/uploads\/2024\/06\/vera_2-809x1024.jpg\" alt=\"\" class=\"wp-image-174546\" srcset=\"https:\/\/www.gossip.it\/wp-content\/uploads\/2024\/06\/vera_2-809x1024.jpg 809w, https:\/\/www.gossip.it\/wp-content\/uploads\/2024\/06\/vera_2-237x300.jpg 237w, https:\/\/www.gossip.it\/wp-content\/uploads\/2024\/06\/vera_2-768x972.jpg 768w, https:\/\/www.gossip.it\/wp-content\/uploads\/2024\/06\/vera_2-750x949.jpg 750w, https:\/\/www.gossip.it\/wp-content\/uploads\/2024\/06\/vera_2.jpg 1134w\" sizes=\"(max-width: 809px) 100vw, 809px\" \/><figcaption class=\"wp-element-caption\">Il giovane musicista l'ha conquistata<\/figcaption><\/figure>\n\n\n\n<p>Si parla poi di et\u00e0 spirituale, diversa da quella anagrafica. <em>\u201c<strong>Il tal caso di Misha, pi\u00f9 che compagna, potrei essere figlia. Sono una bambina<\/strong>. Lascia stare il mio \u2018involucro\u2019 provocante, questa corazza da valchiria \u00e8 una sovrastruttura che mi sono costruita per parare i colpi dell\u2019esistenza\u201d<\/em>, spiega l'ex naufraga dell'<em>Isola<\/em>. Carry sottolinea: <em>\u201c<strong>L\u2019et\u00e0 spirituale di Vera non supera i sei anni, tanto \u00e8 ingenua e pura<\/strong>\u201d<\/em>. <em>\u201cHa visto la bimba nella guerriera\u201d<\/em>, conclude lei.<\/p>\n","protected":false},"excerpt":{"rendered":"<p>Vera Gemma odia le convenzioni, quelle bigotte, in...<\/p>\n","protected":false},"author":24,"featured_media":174547,"comment_status":"open","ping_status":"closed","sticky":false,"template":"","format":"standard","meta":{"footnotes":""},"categories":[54],"tags":[78163,34810,65387,78162],"vip":[1818],"class_list":["post-174543","post","type-post","status-publish","format-standard","has-post-thumbnail","hentry","category-news","tag-mishacarry","tag-novella2000","tag-veragemma","tag-veragemmafidanzato","vip-vera_gemma"],"yoast_head":"<title>&#039;&#039;Non mi preoccupo che abbia 20 anni&#039;&#039;: Vera Gemma parla del nuovo fidanzato che ha 33 anni meno di lei - Gossip.it | News sul Gossip e VIP<\/title>\n<meta name=\"description\" content=\"&#039;&#039;Non mi preoccupo che abbia 20 anni&#039;&#039;: Vera Gemma parla del nuovo fidanzato che ha 33 anni meno di lei\" \/>\n<meta name=\"robots\" content=\"index, follow, max-snippet:-1, max-image-preview:large, max-video-preview:-1\" \/>\n<link rel=\"canonical\" href=\"https:\/\/www.gossip.it\/news\/vera-gemma-fidanzato-33-anni-meno-di-lei\/\" \/>\n<meta property=\"og:locale\" content=\"it_IT\" \/>\n<meta property=\"og:type\" content=\"article\" \/>\n<meta property=\"og:title\" content=\"&#039;&#039;Non mi preoccupo che abbia 20 anni&#039;&#039;: Vera Gemma parla del nuovo fidanzato che ha 33 anni meno di lei - Gossip.it | News sul Gossip e VIP\" \/>\n<meta property=\"og:description\" content=\"&#039;&#039;Non mi preoccupo che abbia 20 anni&#039;&#039;: Vera Gemma parla del nuovo fidanzato che ha 33 anni meno di lei\" \/>\n<meta property=\"og:url\" content=\"https:\/\/www.gossip.it\/news\/vera-gemma-fidanzato-33-anni-meno-di-lei\/\" \/>\n<meta property=\"og:site_name\" content=\"Gossip.it | News sul Gossip e VIP\" \/>\n<meta property=\"article:publisher\" content=\"https:\/\/www.facebook.com\/GossipIT\" \/>\n<meta property=\"article:published_time\" content=\"2024-06-12T12:05:26+00:00\" \/>\n<meta property=\"article:modified_time\" content=\"2024-06-12T12:06:16+00:00\" \/>\n<meta property=\"og:image\" content=\"https:\/\/www.gossip.it\/wp-content\/uploads\/2024\/06\/lancio-VERA-FB.jpg\" \/>\n\t<meta property=\"og:image:width\" content=\"1134\" \/>\n\t<meta property=\"og:image:height\" content=\"663\" \/>\n\t<meta property=\"og:image:type\" content=\"image\/jpeg\" \/>\n<meta name=\"author\" content=\"Carla Giuni\" \/>\n<meta name=\"twitter:card\" content=\"summary_large_image\" \/>\n<meta name=\"twitter:creator\" content=\"@gossinews_it\" \/>\n<meta name=\"twitter:site\" content=\"@gossinews_it\" \/>\n<meta name=\"twitter:label1\" content=\"Scritto da\" \/>\n\t<meta name=\"twitter:data1\" content=\"Carla Giuni\" \/>\n\t<meta name=\"twitter:label2\" content=\"Tempo di lettura stimato\" \/>\n\t<meta name=\"twitter:data2\" content=\"3 minuti\" \/>","yoast_head_json":{"title":"''Non mi preoccupo che abbia 20 anni'': Vera Gemma parla del nuovo fidanzato che ha 33 anni meno di lei - Gossip.it | News sul Gossip e VIP","description":"''Non mi preoccupo che abbia 20 anni'': Vera Gemma parla del nuovo fidanzato che ha 33 anni meno di lei","robots":{"index":"index","follow":"follow","max-snippet":"max-snippet:-1","max-image-preview":"max-image-preview:large","max-video-preview":"max-video-preview:-1"},"canonical":"https:\/\/www.gossip.it\/news\/vera-gemma-fidanzato-33-anni-meno-di-lei\/","og_locale":"it_IT","og_type":"article","og_title":"''Non mi preoccupo che abbia 20 anni'': Vera Gemma parla del nuovo fidanzato che ha 33 anni meno di lei - Gossip.it | News sul Gossip e VIP","og_description":"''Non mi preoccupo che abbia 20 anni'': Vera Gemma parla del nuovo fidanzato che ha 33 anni meno di lei","og_url":"https:\/\/www.gossip.it\/news\/vera-gemma-fidanzato-33-anni-meno-di-lei\/","og_site_name":"Gossip.it | News sul Gossip e VIP","article_publisher":"https:\/\/www.facebook.com\/GossipIT","article_published_time":"2024-06-12T12:05:26+00:00","article_modified_time":"2024-06-12T12:06:16+00:00","og_image":[{"width":1134,"height":663,"url":"https:\/\/www.gossip.it\/wp-content\/uploads\/2024\/06\/lancio-VERA-FB.jpg","type":"image\/jpeg"}],"author":"Carla Giuni","twitter_card":"summary_large_image","twitter_creator":"@gossinews_it","twitter_site":"@gossinews_it","twitter_misc":{"Scritto da":"Carla Giuni","Tempo di lettura stimato":"3 minuti"},"schema":{"@context":"https:\/\/schema.org","@graph":[{"@type":"Article","@id":"https:\/\/www.gossip.it\/news\/vera-gemma-fidanzato-33-anni-meno-di-lei\/#article","isPartOf":{"@id":"https:\/\/www.gossip.it\/news\/vera-gemma-fidanzato-33-anni-meno-di-lei\/"},"author":{"name":"Carla Giuni","@id":"https:\/\/www.gossip.it\/#\/schema\/person\/df4a88c190f338e21427b6f342595faa"},"headline":"''Non mi preoccupo che abbia 20 anni'': Vera Gemma parla del nuovo fidanzato che ha 33 anni meno di lei","datePublished":"2024-06-12T12:05:26+00:00","dateModified":"2024-06-12T12:06:16+00:00","mainEntityOfPage":{"@id":"https:\/\/www.gossip.it\/news\/vera-gemma-fidanzato-33-anni-meno-di-lei\/"},"wordCount":377,"commentCount":0,"publisher":{"@id":"https:\/\/www.gossip.it\/#organization"},"image":{"@id":"https:\/\/www.gossip.it\/news\/vera-gemma-fidanzato-33-anni-meno-di-lei\/#primaryimage"},"thumbnailUrl":"https:\/\/www.gossip.it\/wp-content\/uploads\/2024\/06\/lancio-VERA.jpg","keywords":["mishacarry","novella2000","veragemma","veragemmafidanzato"],"articleSection":["News"],"inLanguage":"it-IT","potentialAction":[{"@type":"CommentAction","name":"Comment","target":["https:\/\/www.gossip.it\/news\/vera-gemma-fidanzato-33-anni-meno-di-lei\/#respond"]}]},{"@type":"WebPage","@id":"https:\/\/www.gossip.it\/news\/vera-gemma-fidanzato-33-anni-meno-di-lei\/","url":"https:\/\/www.gossip.it\/news\/vera-gemma-fidanzato-33-anni-meno-di-lei\/","name":"''Non mi preoccupo che abbia 20 anni'': Vera Gemma parla del nuovo fidanzato che ha 33 anni meno di lei - Gossip.it | News sul Gossip e VIP","isPartOf":{"@id":"https:\/\/www.gossip.it\/#website"},"primaryImageOfPage":{"@id":"https:\/\/www.gossip.it\/news\/vera-gemma-fidanzato-33-anni-meno-di-lei\/#primaryimage"},"image":{"@id":"https:\/\/www.gossip.it\/news\/vera-gemma-fidanzato-33-anni-meno-di-lei\/#primaryimage"},"thumbnailUrl":"https:\/\/www.gossip.it\/wp-content\/uploads\/2024\/06\/lancio-VERA.jpg","datePublished":"2024-06-12T12:05:26+00:00","dateModified":"2024-06-12T12:06:16+00:00","description":"''Non mi preoccupo che abbia 20 anni'': Vera Gemma parla del nuovo fidanzato che ha 33 anni meno di lei","breadcrumb":{"@id":"https:\/\/www.gossip.it\/news\/vera-gemma-fidanzato-33-anni-meno-di-lei\/#breadcrumb"},"inLanguage":"it-IT","potentialAction":[{"@type":"ReadAction","target":["https:\/\/www.gossip.it\/news\/vera-gemma-fidanzato-33-anni-meno-di-lei\/"]}]},{"@type":"ImageObject","inLanguage":"it-IT","@id":"https:\/\/www.gossip.it\/news\/vera-gemma-fidanzato-33-anni-meno-di-lei\/#primaryimage","url":"https:\/\/www.gossip.it\/wp-content\/uploads\/2024\/06\/lancio-VERA.jpg","contentUrl":"https:\/\/www.gossip.it\/wp-content\/uploads\/2024\/06\/lancio-VERA.jpg","width":1134,"height":808},{"@type":"BreadcrumbList","@id":"https:\/\/www.gossip.it\/news\/vera-gemma-fidanzato-33-anni-meno-di-lei\/#breadcrumb","itemListElement":[{"@type":"ListItem","position":1,"name":"Home","item":"https:\/\/www.gossip.it\/"},{"@type":"ListItem","position":2,"name":"''Non mi preoccupo che abbia 20 anni'': Vera Gemma parla del nuovo fidanzato che ha 33 anni meno di lei"}]},{"@type":"WebSite","@id":"https:\/\/www.gossip.it\/#website","url":"https:\/\/www.gossip.it\/","name":"Gossip and VIP News","description":"Quotidiano di cronaca rosa, costume e societ\u00e0","publisher":{"@id":"https:\/\/www.gossip.it\/#organization"},"alternateName":"Gossip and VIP News","potentialAction":[{"@type":"SearchAction","target":{"@type":"EntryPoint","urlTemplate":"https:\/\/www.gossip.it\/?s={search_term_string}"},"query-input":{"@type":"PropertyValueSpecification","valueRequired":true,"valueName":"search_term_string"}}],"inLanguage":"it-IT"},{"@type":"Organization","@id":"https:\/\/www.gossip.it\/#organization","name":"Gossip and VIP News","alternateName":"Gossip News","url":"https:\/\/www.gossip.it\/","logo":{"@type":"ImageObject","inLanguage":"it-IT","@id":"https:\/\/www.gossip.it\/#\/schema\/logo\/image\/","url":"https:\/\/www.gossip.it\/wp-content\/uploads\/2022\/04\/cropped-corna-alta-tiny.png","contentUrl":"https:\/\/www.gossip.it\/wp-content\/uploads\/2022\/04\/cropped-corna-alta-tiny.png","width":512,"height":512,"caption":"Gossip and VIP News"},"image":{"@id":"https:\/\/www.gossip.it\/#\/schema\/logo\/image\/"},"sameAs":["https:\/\/www.facebook.com\/GossipIT","https:\/\/x.com\/gossinews_it","https:\/\/instagram.com\/gossip_it"]},{"@type":"Person","@id":"https:\/\/www.gossip.it\/#\/schema\/person\/df4a88c190f338e21427b6f342595faa","name":"Carla Giuni","image":{"@type":"ImageObject","inLanguage":"it-IT","@id":"https:\/\/www.gossip.it\/#\/schema\/person\/image\/","url":"https:\/\/secure.gravatar.com\/avatar\/9caf92f895c8e9a7cca263cd6e3860da8edad54c0a92046a7e363cbd3fa35c36?s=96&d=mm&r=g","contentUrl":"https:\/\/secure.gravatar.com\/avatar\/9caf92f895c8e9a7cca263cd6e3860da8edad54c0a92046a7e363cbd3fa35c36?s=96&d=mm&r=g","caption":"Carla Giuni"}}]}},"amp_enabled":true,"_links":{"self":[{"href":"https:\/\/www.gossip.it\/api\/wp\/v2\/posts\/174543","targetHints":{"allow":["GET"]}}],"collection":[{"href":"https:\/\/www.gossip.it\/api\/wp\/v2\/posts"}],"about":[{"href":"https:\/\/www.gossip.it\/api\/wp\/v2\/types\/post"}],"author":[{"embeddable":true,"href":"https:\/\/www.gossip.it\/api\/wp\/v2\/users\/24"}],"replies":[{"embeddable":true,"href":"https:\/\/www.gossip.it\/api\/wp\/v2\/comments?post=174543"}],"version-history":[{"count":1,"href":"https:\/\/www.gossip.it\/api\/wp\/v2\/posts\/174543\/revisions"}],"predecessor-version":[{"id":174550,"href":"https:\/\/www.gossip.it\/api\/wp\/v2\/posts\/174543\/revisions\/174550"}],"wp:featuredmedia":[{"embeddable":true,"href":"https:\/\/www.gossip.it\/api\/wp\/v2\/media\/174547"}],"wp:attachment":[{"href":"https:\/\/www.gossip.it\/api\/wp\/v2\/media?parent=174543"}],"wp:term":[{"taxonomy":"category","embeddable":true,"href":"https:\/\/www.gossip.it\/api\/wp\/v2\/categories?post=174543"},{"taxonomy":"post_tag","embeddable":true,"href":"https:\/\/www.gossip.it\/api\/wp\/v2\/tags?post=174543"},{"taxonomy":"vip","embeddable":true,"href":"https:\/\/www.gossip.it\/api\/wp\/v2\/vip?post=174543"}],"curies":[{"name":"wp","href":"https:\/\/api.w.org\/{rel}","templated":true}]}}