{"id":175949,"date":"2024-07-02T12:36:29","date_gmt":"2024-07-02T10:36:29","guid":{"rendered":"https:\/\/www.gossip.it\/?p=175949"},"modified":"2024-07-02T16:27:56","modified_gmt":"2024-07-02T14:27:56","slug":"ilary-blasi-vacanza-ideale","status":"publish","type":"post","link":"https:\/\/www.gossip.it\/news\/ilary-blasi-vacanza-ideale\/","title":{"rendered":"Ilary Blasi spiega che la sua vacanza ideale \u00e8 stare ''sdraiata tutto il giorno senza fare niente'' e rivela se andr\u00e0 al mare o in montagna"},"content":{"rendered":"\n<ul class=\"wp-block-list\">\n<li>L\u20198 luglio la 43enne torna in tv su Canale 5 con <em>Battiti Live<\/em>, ma in autunno\u2026<\/li>\n\n\n\n<li>Anche nell\u2019ultimo weekend si \u00e8 rilassata in piscina in panciolle accanto al compagno Bastian Muller<\/li>\n<\/ul>\n\n\n\n<p><a href=\"http:\/\/www.gossip.it\/vip\/ilary-blasi\">Ilary Blasi<\/a> si prende la cover di <em>Tv Sorrisi e Canzoni<\/em>: sar\u00e0 una delle protagoniste dell\u2019estate in tv con <em>Battiti Live<\/em>, che in questa stagione approda su Canale 5 in prime time dall\u20198 luglio per cinque settimane. Al suo fianco l\u2019amico di sempre, <a href=\"http:\/\/www.gossip.it\/vip\/alvin\">Alvin<\/a>. Ci sar\u00e0 pure <a href=\"http:\/\/www.gossip.it\/vip\/rebecca-staffelli\">Rebecca Staffelli<\/a>. La conduttrice 43enne nella lunga intervista rilasciata al settimanale spiega <strong>qual \u00e8 la sua vacanza ideale. <em>\u201cSdraiata tutto il giorno senza fare niente\u201d<\/em>, confida<\/strong>. Rivela anche <strong>se andr\u00e0 al mare o in montagna<\/strong>. Partir\u00e0 quando sar\u00e0 libera, <strong>ad agosto<\/strong>.<\/p>\n\n\n\n<figure class=\"wp-block-image size-large\"><img decoding=\"async\" width=\"822\" height=\"1024\" src=\"https:\/\/www.gossip.it\/wp-content\/uploads\/2024\/07\/blasi_1-822x1024.jpg\" alt=\"\" class=\"wp-image-175950\" srcset=\"https:\/\/www.gossip.it\/wp-content\/uploads\/2024\/07\/blasi_1-822x1024.jpg 822w, https:\/\/www.gossip.it\/wp-content\/uploads\/2024\/07\/blasi_1-241x300.jpg 241w, https:\/\/www.gossip.it\/wp-content\/uploads\/2024\/07\/blasi_1-768x957.jpg 768w, https:\/\/www.gossip.it\/wp-content\/uploads\/2024\/07\/blasi_1-750x935.jpg 750w, https:\/\/www.gossip.it\/wp-content\/uploads\/2024\/07\/blasi_1.jpg 1134w\" sizes=\"(max-width: 822px) 100vw, 822px\" \/><figcaption class=\"wp-element-caption\">lary Blasi spiega che la sua vacanza ideale \u00e8 stare <em>''sdraiata tutto il giorno senza fare niente''<\/em> e rivela se andr\u00e0 al mare o in montagna<\/figcaption><\/figure>\n\n\n\n<p>Si diverte a raccontare le hit del momento sul palco, in diretta anche su Radio Norba e Tele Norba. Ilary ha scoperto che la Puglia, da dove va in scena l\u2019evento, le piace moltissimo. Avrebbe adorato fare la cantante, ma ammette: <em>\"<strong>Sono una campana, non ho proprio il senso del ritmo<\/strong>\u201d.\u00a0<\/em><\/p>\n\n\n\n<p>La Blasi ama i brani pop e, come al solito, sul palco si diverte, mettendo in mostra la sua spontaneit\u00e0 romana. Quando pu\u00f2 e ha un attimo libero, si rilassa tornando a Roma, nella immensa piscina della mega villa all\u2019Eur, ex casa coniugale, in cui \u00e8 rimasta a vivere al momento. Nell\u2019ultimo weekend al suo fianco, anche lui in panciolle, il compagno <a href=\"http:\/\/www.gossip.it\/vip\/bastian-muller\">Bastian Muller<\/a>, con cui ha anche assaporato un aperitivo al tramonto con vista.<\/p>\n\n\n\n<figure class=\"wp-block-image size-large is-resized\"><img decoding=\"async\" width=\"745\" height=\"1024\" src=\"https:\/\/www.gossip.it\/wp-content\/uploads\/2024\/07\/blasi_2-745x1024.jpg\" alt=\"\" class=\"wp-image-175951\" style=\"width:772px;height:auto\" srcset=\"https:\/\/www.gossip.it\/wp-content\/uploads\/2024\/07\/blasi_2-745x1024.jpg 745w, https:\/\/www.gossip.it\/wp-content\/uploads\/2024\/07\/blasi_2-218x300.jpg 218w, https:\/\/www.gossip.it\/wp-content\/uploads\/2024\/07\/blasi_2-768x1055.jpg 768w, https:\/\/www.gossip.it\/wp-content\/uploads\/2024\/07\/blasi_2-1118x1536.jpg 1118w, https:\/\/www.gossip.it\/wp-content\/uploads\/2024\/07\/blasi_2-750x1030.jpg 750w, https:\/\/www.gossip.it\/wp-content\/uploads\/2024\/07\/blasi_2.jpg 1134w\" sizes=\"(max-width: 745px) 100vw, 745px\" \/><figcaption class=\"wp-element-caption\">Anche nell\u2019ultimo weekend si \u00e8 rilassata in piscina in panciolle accanto al compagno Bastian Muller<\/figcaption><\/figure>\n\n\n\n<p>Potr\u00e0 dedicarsi alla vacanza vera e propria ad agosto. La sua vacanza ideale? <em>\u201c<strong>Stare sdraiata tutto il giorno e non fare niente<\/strong>. E per niente intendo neanche alzare le braccia per prendere un caff\u00e8. Poi \u00e8 chiaro che uno approfitta delle vacanze per girare un po\u2019, conoscere posti nuovi. Per\u00f2 mi piace spezzare\u201d<\/em>.\u00a0 E aggiunge: <em>\u201c<strong>Mi piace fare un po\u2019 di mare e un po\u2019 di montagna<\/strong>. Io non sono una fanatica n\u00e9 dell\u2019uno n\u00e9 dell\u2019altra. Dopo che ho fatto una settimana di mare per me \u00e8 sufficiente e posso andare in montagna. E viceversa\u201d.\u00a0<\/em><\/p>\n\n\n\n<figure class=\"wp-block-image size-large\"><img decoding=\"async\" width=\"819\" height=\"1024\" src=\"https:\/\/www.gossip.it\/wp-content\/uploads\/2024\/07\/blasi_3-819x1024.jpg\" alt=\"\" class=\"wp-image-175952\" srcset=\"https:\/\/www.gossip.it\/wp-content\/uploads\/2024\/07\/blasi_3-819x1024.jpg 819w, https:\/\/www.gossip.it\/wp-content\/uploads\/2024\/07\/blasi_3-240x300.jpg 240w, https:\/\/www.gossip.it\/wp-content\/uploads\/2024\/07\/blasi_3-768x960.jpg 768w, https:\/\/www.gossip.it\/wp-content\/uploads\/2024\/07\/blasi_3-750x938.jpg 750w, https:\/\/www.gossip.it\/wp-content\/uploads\/2024\/07\/blasi_3.jpg 1134w\" sizes=\"(max-width: 819px) 100vw, 819px\" \/><figcaption class=\"wp-element-caption\">La 43enne e il 37enne si sono pure regalati un aperitivo al tramonto con vista<\/figcaption><\/figure>\n\n\n\n<p>La presentatrice si prender\u00e0 solo una breve pausa dalla televisione stavolta. A settembre gi\u00e0 ha progetti in essere. <em>\u201c<strong>Qualcosa bolle in pentola nell\u2019autunno<\/strong>, quindi... \u2018Stay tuned\u2019, come dicono i giovani\u201d<\/em>, confessa. Per tutti \u00e8 ormai chiaro: <strong>sar\u00e0 al timone de <em>La Talpa<\/em><\/strong>, che dovrebbe tornare sempre su Canale 5. Cos\u00ec almeno si dice...<\/p>\n","protected":false},"excerpt":{"rendered":"<p>Sar\u00e0 una delle protagoniste dell\u2019estate in tv con\u2026<\/p>\n","protected":false},"author":24,"featured_media":175953,"comment_status":"open","ping_status":"closed","sticky":false,"template":"","format":"standard","meta":{"footnotes":""},"categories":[54],"tags":[66011,55085,2697,63563,70654,78582,65685,2097,65828],"vip":[952],"class_list":["post-175949","post","type-post","status-publish","format-standard","has-post-thumbnail","hentry","category-news","tag-bastianmuller","tag-battitilive","tag-canale5","tag-ilaryblasi","tag-ilaryblasicompagno","tag-ilaryblasivacanzaideale","tag-latalpa","tag-tv","tag-tvsorrisiecanzoni","vip-ilary_blasi"],"yoast_head":"<title>Ilary Blasi spiega che la sua vacanza ideale \u00e8 stare &#039;&#039;sdraiata tutto il giorno senza fare niente&#039;&#039; e rivela se andr\u00e0 al mare o in montagna - Gossip.it | News sul Gossip e VIP<\/title>\n<meta name=\"description\" content=\"Ilary Blasi spiega che la sua vacanza ideale \u00e8 stare &#039;&#039;sdraiata tutto il giorno senza fare niente&#039;&#039; e rivela se andr\u00e0 al mare o in montagna\" \/>\n<meta name=\"robots\" content=\"index, follow, max-snippet:-1, max-image-preview:large, max-video-preview:-1\" \/>\n<link rel=\"canonical\" href=\"https:\/\/www.gossip.it\/news\/ilary-blasi-vacanza-ideale\/\" \/>\n<meta property=\"og:locale\" content=\"it_IT\" \/>\n<meta property=\"og:type\" content=\"article\" \/>\n<meta property=\"og:title\" content=\"Ilary Blasi spiega che la sua vacanza ideale \u00e8 stare &#039;&#039;sdraiata tutto il giorno senza fare niente&#039;&#039; e rivela se andr\u00e0 al mare o in montagna - Gossip.it | News sul Gossip e VIP\" \/>\n<meta property=\"og:description\" content=\"Ilary Blasi spiega che la sua vacanza ideale \u00e8 stare &#039;&#039;sdraiata tutto il giorno senza fare niente&#039;&#039; e rivela se andr\u00e0 al mare o in montagna\" \/>\n<meta property=\"og:url\" content=\"https:\/\/www.gossip.it\/news\/ilary-blasi-vacanza-ideale\/\" \/>\n<meta property=\"og:site_name\" content=\"Gossip.it | News sul Gossip e VIP\" \/>\n<meta property=\"article:publisher\" content=\"https:\/\/www.facebook.com\/GossipIT\" \/>\n<meta property=\"article:published_time\" content=\"2024-07-02T10:36:29+00:00\" \/>\n<meta property=\"article:modified_time\" content=\"2024-07-02T14:27:56+00:00\" \/>\n<meta property=\"og:image\" content=\"https:\/\/www.gossip.it\/wp-content\/uploads\/2024\/07\/lancio-BLASI-FB.jpg\" \/>\n\t<meta property=\"og:image:width\" content=\"1134\" \/>\n\t<meta property=\"og:image:height\" content=\"667\" \/>\n\t<meta property=\"og:image:type\" content=\"image\/jpeg\" \/>\n<meta name=\"author\" content=\"Carla Giuni\" \/>\n<meta name=\"twitter:card\" content=\"summary_large_image\" \/>\n<meta name=\"twitter:creator\" content=\"@gossinews_it\" \/>\n<meta name=\"twitter:site\" content=\"@gossinews_it\" \/>\n<meta name=\"twitter:label1\" content=\"Scritto da\" \/>\n\t<meta name=\"twitter:data1\" content=\"Carla Giuni\" \/>\n\t<meta name=\"twitter:label2\" content=\"Tempo di lettura stimato\" \/>\n\t<meta name=\"twitter:data2\" content=\"3 minuti\" \/>","yoast_head_json":{"title":"Ilary Blasi spiega che la sua vacanza ideale \u00e8 stare ''sdraiata tutto il giorno senza fare niente'' e rivela se andr\u00e0 al mare o in montagna - Gossip.it | News sul Gossip e VIP","description":"Ilary Blasi spiega che la sua vacanza ideale \u00e8 stare ''sdraiata tutto il giorno senza fare niente'' e rivela se andr\u00e0 al mare o in montagna","robots":{"index":"index","follow":"follow","max-snippet":"max-snippet:-1","max-image-preview":"max-image-preview:large","max-video-preview":"max-video-preview:-1"},"canonical":"https:\/\/www.gossip.it\/news\/ilary-blasi-vacanza-ideale\/","og_locale":"it_IT","og_type":"article","og_title":"Ilary Blasi spiega che la sua vacanza ideale \u00e8 stare ''sdraiata tutto il giorno senza fare niente'' e rivela se andr\u00e0 al mare o in montagna - Gossip.it | News sul Gossip e VIP","og_description":"Ilary Blasi spiega che la sua vacanza ideale \u00e8 stare ''sdraiata tutto il giorno senza fare niente'' e rivela se andr\u00e0 al mare o in montagna","og_url":"https:\/\/www.gossip.it\/news\/ilary-blasi-vacanza-ideale\/","og_site_name":"Gossip.it | News sul Gossip e VIP","article_publisher":"https:\/\/www.facebook.com\/GossipIT","article_published_time":"2024-07-02T10:36:29+00:00","article_modified_time":"2024-07-02T14:27:56+00:00","og_image":[{"width":1134,"height":667,"url":"https:\/\/www.gossip.it\/wp-content\/uploads\/2024\/07\/lancio-BLASI-FB.jpg","type":"image\/jpeg"}],"author":"Carla Giuni","twitter_card":"summary_large_image","twitter_creator":"@gossinews_it","twitter_site":"@gossinews_it","twitter_misc":{"Scritto da":"Carla Giuni","Tempo di lettura stimato":"3 minuti"},"schema":{"@context":"https:\/\/schema.org","@graph":[{"@type":"Article","@id":"https:\/\/www.gossip.it\/news\/ilary-blasi-vacanza-ideale\/#article","isPartOf":{"@id":"https:\/\/www.gossip.it\/news\/ilary-blasi-vacanza-ideale\/"},"author":{"name":"Carla Giuni","@id":"https:\/\/www.gossip.it\/#\/schema\/person\/df4a88c190f338e21427b6f342595faa"},"headline":"Ilary Blasi spiega che la sua vacanza ideale \u00e8 stare ''sdraiata tutto il giorno senza fare niente'' e rivela se andr\u00e0 al mare o in montagna","datePublished":"2024-07-02T10:36:29+00:00","dateModified":"2024-07-02T14:27:56+00:00","mainEntityOfPage":{"@id":"https:\/\/www.gossip.it\/news\/ilary-blasi-vacanza-ideale\/"},"wordCount":473,"commentCount":0,"publisher":{"@id":"https:\/\/www.gossip.it\/#organization"},"image":{"@id":"https:\/\/www.gossip.it\/news\/ilary-blasi-vacanza-ideale\/#primaryimage"},"thumbnailUrl":"https:\/\/www.gossip.it\/wp-content\/uploads\/2024\/07\/lancio-BLASI.jpg","keywords":["bastianmuller","battitilive","canale5","ilaryblasi","ilaryblasicompagno","ilaryblasivacanzaideale","latalpa","tv","tvsorrisiecanzoni"],"articleSection":["News"],"inLanguage":"it-IT","potentialAction":[{"@type":"CommentAction","name":"Comment","target":["https:\/\/www.gossip.it\/news\/ilary-blasi-vacanza-ideale\/#respond"]}]},{"@type":"WebPage","@id":"https:\/\/www.gossip.it\/news\/ilary-blasi-vacanza-ideale\/","url":"https:\/\/www.gossip.it\/news\/ilary-blasi-vacanza-ideale\/","name":"Ilary Blasi spiega che la sua vacanza ideale \u00e8 stare ''sdraiata tutto il giorno senza fare niente'' e rivela se andr\u00e0 al mare o in montagna - Gossip.it | News sul Gossip e VIP","isPartOf":{"@id":"https:\/\/www.gossip.it\/#website"},"primaryImageOfPage":{"@id":"https:\/\/www.gossip.it\/news\/ilary-blasi-vacanza-ideale\/#primaryimage"},"image":{"@id":"https:\/\/www.gossip.it\/news\/ilary-blasi-vacanza-ideale\/#primaryimage"},"thumbnailUrl":"https:\/\/www.gossip.it\/wp-content\/uploads\/2024\/07\/lancio-BLASI.jpg","datePublished":"2024-07-02T10:36:29+00:00","dateModified":"2024-07-02T14:27:56+00:00","description":"Ilary Blasi spiega che la sua vacanza ideale \u00e8 stare ''sdraiata tutto il giorno senza fare niente'' e rivela se andr\u00e0 al mare o in montagna","breadcrumb":{"@id":"https:\/\/www.gossip.it\/news\/ilary-blasi-vacanza-ideale\/#breadcrumb"},"inLanguage":"it-IT","potentialAction":[{"@type":"ReadAction","target":["https:\/\/www.gossip.it\/news\/ilary-blasi-vacanza-ideale\/"]}]},{"@type":"ImageObject","inLanguage":"it-IT","@id":"https:\/\/www.gossip.it\/news\/ilary-blasi-vacanza-ideale\/#primaryimage","url":"https:\/\/www.gossip.it\/wp-content\/uploads\/2024\/07\/lancio-BLASI.jpg","contentUrl":"https:\/\/www.gossip.it\/wp-content\/uploads\/2024\/07\/lancio-BLASI.jpg","width":1134,"height":808},{"@type":"BreadcrumbList","@id":"https:\/\/www.gossip.it\/news\/ilary-blasi-vacanza-ideale\/#breadcrumb","itemListElement":[{"@type":"ListItem","position":1,"name":"Home","item":"https:\/\/www.gossip.it\/"},{"@type":"ListItem","position":2,"name":"Ilary Blasi spiega che la sua vacanza ideale \u00e8 stare ''sdraiata tutto il giorno senza fare niente'' e rivela se andr\u00e0 al mare o in montagna"}]},{"@type":"WebSite","@id":"https:\/\/www.gossip.it\/#website","url":"https:\/\/www.gossip.it\/","name":"Gossip and VIP News","description":"Quotidiano di cronaca rosa, costume e societ\u00e0","publisher":{"@id":"https:\/\/www.gossip.it\/#organization"},"alternateName":"Gossip and VIP News","potentialAction":[{"@type":"SearchAction","target":{"@type":"EntryPoint","urlTemplate":"https:\/\/www.gossip.it\/?s={search_term_string}"},"query-input":{"@type":"PropertyValueSpecification","valueRequired":true,"valueName":"search_term_string"}}],"inLanguage":"it-IT"},{"@type":"Organization","@id":"https:\/\/www.gossip.it\/#organization","name":"Gossip and VIP News","alternateName":"Gossip News","url":"https:\/\/www.gossip.it\/","logo":{"@type":"ImageObject","inLanguage":"it-IT","@id":"https:\/\/www.gossip.it\/#\/schema\/logo\/image\/","url":"https:\/\/www.gossip.it\/wp-content\/uploads\/2022\/04\/cropped-corna-alta-tiny.png","contentUrl":"https:\/\/www.gossip.it\/wp-content\/uploads\/2022\/04\/cropped-corna-alta-tiny.png","width":512,"height":512,"caption":"Gossip and VIP News"},"image":{"@id":"https:\/\/www.gossip.it\/#\/schema\/logo\/image\/"},"sameAs":["https:\/\/www.facebook.com\/GossipIT","https:\/\/x.com\/gossinews_it","https:\/\/instagram.com\/gossip_it"]},{"@type":"Person","@id":"https:\/\/www.gossip.it\/#\/schema\/person\/df4a88c190f338e21427b6f342595faa","name":"Carla Giuni","image":{"@type":"ImageObject","inLanguage":"it-IT","@id":"https:\/\/www.gossip.it\/#\/schema\/person\/image\/","url":"https:\/\/secure.gravatar.com\/avatar\/9caf92f895c8e9a7cca263cd6e3860da8edad54c0a92046a7e363cbd3fa35c36?s=96&d=mm&r=g","contentUrl":"https:\/\/secure.gravatar.com\/avatar\/9caf92f895c8e9a7cca263cd6e3860da8edad54c0a92046a7e363cbd3fa35c36?s=96&d=mm&r=g","caption":"Carla Giuni"}}]}},"amp_enabled":true,"_links":{"self":[{"href":"https:\/\/www.gossip.it\/api\/wp\/v2\/posts\/175949","targetHints":{"allow":["GET"]}}],"collection":[{"href":"https:\/\/www.gossip.it\/api\/wp\/v2\/posts"}],"about":[{"href":"https:\/\/www.gossip.it\/api\/wp\/v2\/types\/post"}],"author":[{"embeddable":true,"href":"https:\/\/www.gossip.it\/api\/wp\/v2\/users\/24"}],"replies":[{"embeddable":true,"href":"https:\/\/www.gossip.it\/api\/wp\/v2\/comments?post=175949"}],"version-history":[{"count":1,"href":"https:\/\/www.gossip.it\/api\/wp\/v2\/posts\/175949\/revisions"}],"predecessor-version":[{"id":175956,"href":"https:\/\/www.gossip.it\/api\/wp\/v2\/posts\/175949\/revisions\/175956"}],"wp:featuredmedia":[{"embeddable":true,"href":"https:\/\/www.gossip.it\/api\/wp\/v2\/media\/175953"}],"wp:attachment":[{"href":"https:\/\/www.gossip.it\/api\/wp\/v2\/media?parent=175949"}],"wp:term":[{"taxonomy":"category","embeddable":true,"href":"https:\/\/www.gossip.it\/api\/wp\/v2\/categories?post=175949"},{"taxonomy":"post_tag","embeddable":true,"href":"https:\/\/www.gossip.it\/api\/wp\/v2\/tags?post=175949"},{"taxonomy":"vip","embeddable":true,"href":"https:\/\/www.gossip.it\/api\/wp\/v2\/vip?post=175949"}],"curies":[{"name":"wp","href":"https:\/\/api.w.org\/{rel}","templated":true}]}}