{"id":175958,"date":"2024-07-02T13:19:10","date_gmt":"2024-07-02T11:19:10","guid":{"rendered":"https:\/\/www.gossip.it\/?p=175958"},"modified":"2024-07-03T11:22:55","modified_gmt":"2024-07-03T09:22:55","slug":"aurora-ramazzotti-privacy-figlio","status":"publish","type":"post","link":"https:\/\/www.gossip.it\/news\/aurora-ramazzotti-privacy-figlio\/","title":{"rendered":"''Meglio che il paparazzo prenda le mie chiappe anche con la luce di mezzogiorno'': Aurora Ramazzotti pronta a tutto per difendere la privacy del figlio"},"content":{"rendered":"\n<ul class=\"wp-block-list\">\n<li>La 27enne in una lunga riflessione ripercorre alcune tappe della sua esistenza, dal 2011 al 2024<\/li>\n\n\n\n<li>Ora che \u00e8 madre da poco pi\u00f9 di un anno la percezione che aveva di s\u00e9 \u00e8 totalmente cambiata<\/li>\n<\/ul>\n\n\n\n<p><a href=\"http:\/\/www.gossip.it\/vip\/aurora-ramazzotti\">Aurora Ramazzotti<\/a> affida a un post sul social una lunga riflessione. Ripercorre con foto e parole alcune tappe della sua esistenza, dal 2011 a oggi. Il 2024 la vede madre da poco pi\u00f9 di un anno di\u00a0 Cesare, avuto dal compagno <a href=\"http:\/\/www.gossip.it\/vip\/goffredo-cerza\">Goffredo Cerza<\/a>. La 27enne, con l\u2019arrivo del bambino, ha cambiato radicalmente la percezione che aveva di s\u00e9. Ora <strong>\u00e8 pronta a tutto per difendere la privacy del figlio<\/strong>, anche a mostrare il suo corpo per schermarlo. <em>\u201c<strong>Meglio che il paparazzo prenda le mie chiappe anche con la luce di mezzogiorno<\/strong>\u201d<\/em>, scrive.<\/p>\n\n\n\n<figure class=\"wp-block-image size-large\"><img decoding=\"async\" width=\"819\" height=\"1024\" src=\"https:\/\/www.gossip.it\/wp-content\/uploads\/2024\/07\/aurora_2-1-819x1024.jpg\" alt=\"\" class=\"wp-image-175960\" srcset=\"https:\/\/www.gossip.it\/wp-content\/uploads\/2024\/07\/aurora_2-1-819x1024.jpg 819w, https:\/\/www.gossip.it\/wp-content\/uploads\/2024\/07\/aurora_2-1-240x300.jpg 240w, https:\/\/www.gossip.it\/wp-content\/uploads\/2024\/07\/aurora_2-1-768x960.jpg 768w, https:\/\/www.gossip.it\/wp-content\/uploads\/2024\/07\/aurora_2-1-750x938.jpg 750w, https:\/\/www.gossip.it\/wp-content\/uploads\/2024\/07\/aurora_2-1.jpg 1134w\" sizes=\"(max-width: 819px) 100vw, 819px\" \/><figcaption class=\"wp-element-caption\"><em>''Meglio che il paparazzo prenda le mie chiappe anche con la luce di mezzogiorno''<\/em>: Aurora Ramazzotti pronta a tutto per difendere la privacy del figlio<\/figcaption><\/figure>\n\n\n\n<p>Aury \u00e8 tornata tante volte sul suo fisico, spesso giudicato dagli altri non all\u2019altezza, paragonato a quello perfetto della famosa madre, <a href=\"http:\/\/www.gossip.it\/vip\/michelle-hunziker\">Michelle Hunziker<\/a>. In passato tutto questo le ha fatto molto male. Adesso invece scrive: <em>\u201c<strong>Amarsi \u00e8 un percorso che dura tutta una vita. Stiamo tutti imparando a respirare. Siate gentili<\/strong>\u201d.<\/em><\/p>\n\n\n\n<p>Allega una foto a ogni tappa dell\u2019et\u00e0 che prende in esame. La prima \u00e8 del <em>2011<\/em>, aveva <strong>15 anni<\/strong>. <em>\u201cUn respiro profondo. Speriamo non mi abbia vista nessuno. <strong>Ora tiro dentro la pancia<\/strong>. Dicono che se lo fai \u00e8 come se facessi gli addominali. Almeno serve a qualcosa. Dai adesso mi tolgo i pantaloncini, coprimi per favore. MI giro per vedere se qualcuno guarda. Salva, per ora. <strong>Un altro respiro, questa volta a met\u00e0, che in costume ho la pancia<\/strong>. E poi dentro di nuovo\u201d<\/em>, racconta.<\/p>\n\n\n\n<p>Nel <strong>2016<\/strong> la Ramazzotti ne aveva <strong>20<\/strong>. Il suo rapporto col fisico era ancora complicatissimo: <em>\u201cHo comprato due paia di pantaloni comodi con cui mi vedo bene, che di questi tempi \u00e8 raro. Qualcuno se n'\u00e8 accorto che metto solo quelli? Spero di no. Ahhh, l'estate. Il mare, le vacanze, la libert\u00e0. Per\u00f2 <strong>di respirare bene ancora non se ne parla, forse se mi copro \u00e8 meglio<\/strong>. Magari <strong>mi siedo nella sabbia cos\u00ec non si vede la cellulite nelle foto<\/strong>. Oppure mi rimetto il copricostume\u201d.<\/em><\/p>\n\n\n\n<figure class=\"wp-block-image size-large\"><img decoding=\"async\" width=\"1024\" height=\"806\" src=\"https:\/\/www.gossip.it\/wp-content\/uploads\/2024\/07\/aurora_1-1024x806.jpg\" alt=\"\" class=\"wp-image-175961\" srcset=\"https:\/\/www.gossip.it\/wp-content\/uploads\/2024\/07\/aurora_1-1024x806.jpg 1024w, https:\/\/www.gossip.it\/wp-content\/uploads\/2024\/07\/aurora_1-300x236.jpg 300w, https:\/\/www.gossip.it\/wp-content\/uploads\/2024\/07\/aurora_1-768x605.jpg 768w, https:\/\/www.gossip.it\/wp-content\/uploads\/2024\/07\/aurora_1-750x591.jpg 750w, https:\/\/www.gossip.it\/wp-content\/uploads\/2024\/07\/aurora_1.jpg 1134w\" sizes=\"(max-width: 1024px) 100vw, 1024px\" \/><figcaption class=\"wp-element-caption\">La 27enne in una lunga riflessione ripercorre alcune tappe della sua esistenza, dal 2011 al 2024. Parla del difficile rapporto avuto col suo fisico<\/figcaption><\/figure>\n\n\n\n<p>A <strong>22 anni<\/strong>, nel <strong>2018<\/strong>, Aurora comincia ad allenarsi a pi\u00f9 non posso: <em>\u201cHo iniziato a fare sport. Sto imparando a respirare, ma \u00e8 difficile. Si sa che non ho vie di mezzo. Tipo adesso penso solo a quello e <strong>se salto un giorno il senso di colpa mi divora<\/strong>. Poi non capisco perch\u00e9 <strong>quando mi guardo allo specchio mi faccio ancora schifo<\/strong>. Chi \u00e8 che mi aveva detto che con lo sport tutto questo sarebbe cambiato? Non \u00e8 giusto. Le mie amiche non hanno questo problema. Forse se faccio tutto perfetto funzioner\u00e0. Intanto<strong> trattengo il respiro ancora<\/strong>\u201d<\/em>.<\/p>\n\n\n\n<p>Poi arriva il <strong>2022<\/strong> e rimane incinta. <em>\u201cE\u2019 da un po' che non mi danno pi\u00f9. Anzi, ho mollato proprio il colpo. <strong>Mantenere il controllo era diventato troppo<\/strong>. Sono un impostore? Mi sento cos\u00ec. \u2018Come va l\u2019allenamento?\u2019. Sorrido e annuisco, fingo, in effetti per quattro anni \u00e8 stata la mia vita. Sembrava una vita sana, haha, l'illusione dell'apparenza.\u00a0L'avevo detto che non avevo vie di mezzo. <strong>Anzich\u00e9\u00a0imparare a respirare ho imparato a irrigidire la parete addominale e ora \u00e8 un automatismo<\/strong>. Forse non so pi\u00f9 veramente come si respira. Va bene cos\u00ec. Un passo alla volta\u201d<\/em>, svela.<\/p>\n\n\n\n<figure class=\"wp-block-image size-large\"><img decoding=\"async\" width=\"819\" height=\"1024\" src=\"https:\/\/www.gossip.it\/wp-content\/uploads\/2024\/07\/aurora_3-819x1024.jpg\" alt=\"\" class=\"wp-image-175962\" srcset=\"https:\/\/www.gossip.it\/wp-content\/uploads\/2024\/07\/aurora_3-819x1024.jpg 819w, https:\/\/www.gossip.it\/wp-content\/uploads\/2024\/07\/aurora_3-240x300.jpg 240w, https:\/\/www.gossip.it\/wp-content\/uploads\/2024\/07\/aurora_3-768x960.jpg 768w, https:\/\/www.gossip.it\/wp-content\/uploads\/2024\/07\/aurora_3-750x938.jpg 750w, https:\/\/www.gossip.it\/wp-content\/uploads\/2024\/07\/aurora_3.jpg 1134w\" sizes=\"(max-width: 819px) 100vw, 819px\" \/><figcaption class=\"wp-element-caption\">Ora che \u00e8 madre da poco pi\u00f9 di un anno la percezione che aveva di s\u00e9 \u00e8 totalmente cambiata<\/figcaption><\/figure>\n\n\n\n<p>Nel <strong>2024<\/strong> si sente rinata, I problemi con fisico non sono pi\u00f9 cos\u00ec primari. <em>\u201cGuarda che bello il mio bambino che gioca nella sabbia. Si alza e corre verso l'acqua. <strong>Ah, c'\u00e8 un paparazzo col cannone puntato. Non ci penso un secondo. Mi metto tra lui e l'obiettivo. Meglio che prenda le mie chiappe anche se la luce di mezzogiorno non sar\u00e0 mia amica<\/strong>. Me ne frega? <strong>Non me ne frega. Da adesso in poi voglio respirare. Sono finalmente libera<\/strong>\u201d<\/em>, dice.<\/p>\n","protected":false},"excerpt":{"rendered":"<p>Affida a un post sul social una lunga riflessione...<\/p>\n","protected":false},"author":24,"featured_media":175963,"comment_status":"open","ping_status":"closed","sticky":false,"template":"","format":"standard","meta":{"footnotes":""},"categories":[54],"tags":[63521,78584,78585,78583,78586],"vip":[63423],"class_list":["post-175958","post","type-post","status-publish","format-standard","has-post-thumbnail","hentry","category-news","tag-auroraramazzotti","tag-auroraramazzotticorpo","tag-auroraramazzottifiglioauroraramazzottimadre","tag-auroraramazzottifisico","tag-auroraramazzottimaternita","vip-aurora-ramazzotti"],"yoast_head":"<title>&#039;&#039;Meglio che il paparazzo prenda le mie chiappe anche con la luce di mezzogiorno&#039;&#039;: Aurora Ramazzotti pronta a tutto per difendere la privacy del figlio - Gossip.it | News sul Gossip e VIP<\/title>\n<meta name=\"description\" content=\"&#039;&#039;Meglio che il paparazzo prenda le mie chiappe...&#039;&#039;: Aurora Ramazzotti pronta a tutto per difendere la privacy del figlio\" \/>\n<meta name=\"robots\" content=\"index, follow, max-snippet:-1, max-image-preview:large, max-video-preview:-1\" \/>\n<link rel=\"canonical\" href=\"https:\/\/www.gossip.it\/news\/aurora-ramazzotti-privacy-figlio\/\" \/>\n<meta property=\"og:locale\" content=\"it_IT\" \/>\n<meta property=\"og:type\" content=\"article\" \/>\n<meta property=\"og:title\" content=\"&#039;&#039;Meglio che il paparazzo prenda le mie chiappe anche con la luce di mezzogiorno&#039;&#039;: Aurora Ramazzotti pronta a tutto per difendere la privacy del figlio - Gossip.it | News sul Gossip e VIP\" \/>\n<meta property=\"og:description\" content=\"&#039;&#039;Meglio che il paparazzo prenda le mie chiappe...&#039;&#039;: Aurora Ramazzotti pronta a tutto per difendere la privacy del figlio\" \/>\n<meta property=\"og:url\" content=\"https:\/\/www.gossip.it\/news\/aurora-ramazzotti-privacy-figlio\/\" \/>\n<meta property=\"og:site_name\" content=\"Gossip.it | News sul Gossip e VIP\" \/>\n<meta property=\"article:publisher\" content=\"https:\/\/www.facebook.com\/GossipIT\" \/>\n<meta property=\"article:published_time\" content=\"2024-07-02T11:19:10+00:00\" \/>\n<meta property=\"article:modified_time\" content=\"2024-07-03T09:22:55+00:00\" \/>\n<meta property=\"og:image\" content=\"https:\/\/www.gossip.it\/wp-content\/uploads\/2024\/07\/lancio-AURORA-FB.jpg\" \/>\n\t<meta property=\"og:image:width\" content=\"1134\" \/>\n\t<meta property=\"og:image:height\" content=\"661\" \/>\n\t<meta property=\"og:image:type\" content=\"image\/jpeg\" \/>\n<meta name=\"author\" content=\"Carla Giuni\" \/>\n<meta name=\"twitter:card\" content=\"summary_large_image\" \/>\n<meta name=\"twitter:creator\" content=\"@gossinews_it\" \/>\n<meta name=\"twitter:site\" content=\"@gossinews_it\" \/>\n<meta name=\"twitter:label1\" content=\"Scritto da\" \/>\n\t<meta name=\"twitter:data1\" content=\"Carla Giuni\" \/>\n\t<meta name=\"twitter:label2\" content=\"Tempo di lettura stimato\" \/>\n\t<meta name=\"twitter:data2\" content=\"5 minuti\" \/>","yoast_head_json":{"title":"''Meglio che il paparazzo prenda le mie chiappe anche con la luce di mezzogiorno'': Aurora Ramazzotti pronta a tutto per difendere la privacy del figlio - Gossip.it | News sul Gossip e VIP","description":"''Meglio che il paparazzo prenda le mie chiappe...'': Aurora Ramazzotti pronta a tutto per difendere la privacy del figlio","robots":{"index":"index","follow":"follow","max-snippet":"max-snippet:-1","max-image-preview":"max-image-preview:large","max-video-preview":"max-video-preview:-1"},"canonical":"https:\/\/www.gossip.it\/news\/aurora-ramazzotti-privacy-figlio\/","og_locale":"it_IT","og_type":"article","og_title":"''Meglio che il paparazzo prenda le mie chiappe anche con la luce di mezzogiorno'': Aurora Ramazzotti pronta a tutto per difendere la privacy del figlio - Gossip.it | News sul Gossip e VIP","og_description":"''Meglio che il paparazzo prenda le mie chiappe...'': Aurora Ramazzotti pronta a tutto per difendere la privacy del figlio","og_url":"https:\/\/www.gossip.it\/news\/aurora-ramazzotti-privacy-figlio\/","og_site_name":"Gossip.it | News sul Gossip e VIP","article_publisher":"https:\/\/www.facebook.com\/GossipIT","article_published_time":"2024-07-02T11:19:10+00:00","article_modified_time":"2024-07-03T09:22:55+00:00","og_image":[{"width":1134,"height":661,"url":"https:\/\/www.gossip.it\/wp-content\/uploads\/2024\/07\/lancio-AURORA-FB.jpg","type":"image\/jpeg"}],"author":"Carla Giuni","twitter_card":"summary_large_image","twitter_creator":"@gossinews_it","twitter_site":"@gossinews_it","twitter_misc":{"Scritto da":"Carla Giuni","Tempo di lettura stimato":"5 minuti"},"schema":{"@context":"https:\/\/schema.org","@graph":[{"@type":"Article","@id":"https:\/\/www.gossip.it\/news\/aurora-ramazzotti-privacy-figlio\/#article","isPartOf":{"@id":"https:\/\/www.gossip.it\/news\/aurora-ramazzotti-privacy-figlio\/"},"author":{"name":"Carla Giuni","@id":"https:\/\/www.gossip.it\/#\/schema\/person\/df4a88c190f338e21427b6f342595faa"},"headline":"''Meglio che il paparazzo prenda le mie chiappe anche con la luce di mezzogiorno'': Aurora Ramazzotti pronta a tutto per difendere la privacy del figlio","datePublished":"2024-07-02T11:19:10+00:00","dateModified":"2024-07-03T09:22:55+00:00","mainEntityOfPage":{"@id":"https:\/\/www.gossip.it\/news\/aurora-ramazzotti-privacy-figlio\/"},"wordCount":699,"commentCount":0,"publisher":{"@id":"https:\/\/www.gossip.it\/#organization"},"image":{"@id":"https:\/\/www.gossip.it\/news\/aurora-ramazzotti-privacy-figlio\/#primaryimage"},"thumbnailUrl":"https:\/\/www.gossip.it\/wp-content\/uploads\/2024\/07\/lancio-AURORA.jpg","keywords":["auroraramazzotti","auroraramazzotticorpo","auroraramazzottifiglioauroraramazzottimadre","auroraramazzottifisico","auroraramazzottimaternita"],"articleSection":["News"],"inLanguage":"it-IT","potentialAction":[{"@type":"CommentAction","name":"Comment","target":["https:\/\/www.gossip.it\/news\/aurora-ramazzotti-privacy-figlio\/#respond"]}]},{"@type":"WebPage","@id":"https:\/\/www.gossip.it\/news\/aurora-ramazzotti-privacy-figlio\/","url":"https:\/\/www.gossip.it\/news\/aurora-ramazzotti-privacy-figlio\/","name":"''Meglio che il paparazzo prenda le mie chiappe anche con la luce di mezzogiorno'': Aurora Ramazzotti pronta a tutto per difendere la privacy del figlio - Gossip.it | News sul Gossip e VIP","isPartOf":{"@id":"https:\/\/www.gossip.it\/#website"},"primaryImageOfPage":{"@id":"https:\/\/www.gossip.it\/news\/aurora-ramazzotti-privacy-figlio\/#primaryimage"},"image":{"@id":"https:\/\/www.gossip.it\/news\/aurora-ramazzotti-privacy-figlio\/#primaryimage"},"thumbnailUrl":"https:\/\/www.gossip.it\/wp-content\/uploads\/2024\/07\/lancio-AURORA.jpg","datePublished":"2024-07-02T11:19:10+00:00","dateModified":"2024-07-03T09:22:55+00:00","description":"''Meglio che il paparazzo prenda le mie chiappe...'': Aurora Ramazzotti pronta a tutto per difendere la privacy del figlio","breadcrumb":{"@id":"https:\/\/www.gossip.it\/news\/aurora-ramazzotti-privacy-figlio\/#breadcrumb"},"inLanguage":"it-IT","potentialAction":[{"@type":"ReadAction","target":["https:\/\/www.gossip.it\/news\/aurora-ramazzotti-privacy-figlio\/"]}]},{"@type":"ImageObject","inLanguage":"it-IT","@id":"https:\/\/www.gossip.it\/news\/aurora-ramazzotti-privacy-figlio\/#primaryimage","url":"https:\/\/www.gossip.it\/wp-content\/uploads\/2024\/07\/lancio-AURORA.jpg","contentUrl":"https:\/\/www.gossip.it\/wp-content\/uploads\/2024\/07\/lancio-AURORA.jpg","width":1134,"height":808},{"@type":"BreadcrumbList","@id":"https:\/\/www.gossip.it\/news\/aurora-ramazzotti-privacy-figlio\/#breadcrumb","itemListElement":[{"@type":"ListItem","position":1,"name":"Home","item":"https:\/\/www.gossip.it\/"},{"@type":"ListItem","position":2,"name":"''Meglio che il paparazzo prenda le mie chiappe anche con la luce di mezzogiorno'': Aurora Ramazzotti pronta a tutto per difendere la privacy del figlio"}]},{"@type":"WebSite","@id":"https:\/\/www.gossip.it\/#website","url":"https:\/\/www.gossip.it\/","name":"Gossip and VIP News","description":"Quotidiano di cronaca rosa, costume e societ\u00e0","publisher":{"@id":"https:\/\/www.gossip.it\/#organization"},"alternateName":"Gossip and VIP News","potentialAction":[{"@type":"SearchAction","target":{"@type":"EntryPoint","urlTemplate":"https:\/\/www.gossip.it\/?s={search_term_string}"},"query-input":{"@type":"PropertyValueSpecification","valueRequired":true,"valueName":"search_term_string"}}],"inLanguage":"it-IT"},{"@type":"Organization","@id":"https:\/\/www.gossip.it\/#organization","name":"Gossip and VIP News","alternateName":"Gossip News","url":"https:\/\/www.gossip.it\/","logo":{"@type":"ImageObject","inLanguage":"it-IT","@id":"https:\/\/www.gossip.it\/#\/schema\/logo\/image\/","url":"https:\/\/www.gossip.it\/wp-content\/uploads\/2022\/04\/cropped-corna-alta-tiny.png","contentUrl":"https:\/\/www.gossip.it\/wp-content\/uploads\/2022\/04\/cropped-corna-alta-tiny.png","width":512,"height":512,"caption":"Gossip and VIP News"},"image":{"@id":"https:\/\/www.gossip.it\/#\/schema\/logo\/image\/"},"sameAs":["https:\/\/www.facebook.com\/GossipIT","https:\/\/x.com\/gossinews_it","https:\/\/instagram.com\/gossip_it"]},{"@type":"Person","@id":"https:\/\/www.gossip.it\/#\/schema\/person\/df4a88c190f338e21427b6f342595faa","name":"Carla Giuni","image":{"@type":"ImageObject","inLanguage":"it-IT","@id":"https:\/\/www.gossip.it\/#\/schema\/person\/image\/","url":"https:\/\/secure.gravatar.com\/avatar\/9caf92f895c8e9a7cca263cd6e3860da8edad54c0a92046a7e363cbd3fa35c36?s=96&d=mm&r=g","contentUrl":"https:\/\/secure.gravatar.com\/avatar\/9caf92f895c8e9a7cca263cd6e3860da8edad54c0a92046a7e363cbd3fa35c36?s=96&d=mm&r=g","caption":"Carla Giuni"}}]}},"amp_enabled":true,"_links":{"self":[{"href":"https:\/\/www.gossip.it\/api\/wp\/v2\/posts\/175958","targetHints":{"allow":["GET"]}}],"collection":[{"href":"https:\/\/www.gossip.it\/api\/wp\/v2\/posts"}],"about":[{"href":"https:\/\/www.gossip.it\/api\/wp\/v2\/types\/post"}],"author":[{"embeddable":true,"href":"https:\/\/www.gossip.it\/api\/wp\/v2\/users\/24"}],"replies":[{"embeddable":true,"href":"https:\/\/www.gossip.it\/api\/wp\/v2\/comments?post=175958"}],"version-history":[{"count":1,"href":"https:\/\/www.gossip.it\/api\/wp\/v2\/posts\/175958\/revisions"}],"predecessor-version":[{"id":175966,"href":"https:\/\/www.gossip.it\/api\/wp\/v2\/posts\/175958\/revisions\/175966"}],"wp:featuredmedia":[{"embeddable":true,"href":"https:\/\/www.gossip.it\/api\/wp\/v2\/media\/175963"}],"wp:attachment":[{"href":"https:\/\/www.gossip.it\/api\/wp\/v2\/media?parent=175958"}],"wp:term":[{"taxonomy":"category","embeddable":true,"href":"https:\/\/www.gossip.it\/api\/wp\/v2\/categories?post=175958"},{"taxonomy":"post_tag","embeddable":true,"href":"https:\/\/www.gossip.it\/api\/wp\/v2\/tags?post=175958"},{"taxonomy":"vip","embeddable":true,"href":"https:\/\/www.gossip.it\/api\/wp\/v2\/vip?post=175958"}],"curies":[{"name":"wp","href":"https:\/\/api.w.org\/{rel}","templated":true}]}}