{"id":177454,"date":"2024-07-30T11:19:07","date_gmt":"2024-07-30T09:19:07","guid":{"rendered":"https:\/\/www.gossip.it\/?p=177454"},"modified":"2024-07-31T11:20:39","modified_gmt":"2024-07-31T09:20:39","slug":"karina-cascella-non-fara-grande-fratello","status":"publish","type":"post","link":"https:\/\/www.gossip.it\/news\/karina-cascella-non-fara-grande-fratello\/","title":{"rendered":"''Dopo la mia risposta la trattativa si \u00e8 interrotta'': Karina Cascella spiega perch\u00e9 non far\u00e0 il Grande Fratello dopo l'incontro con Signorini"},"content":{"rendered":"\n<ul class=\"wp-block-list\">\n<li>Una fuga di notizie sul web spinge la 44enne a dire la sua sui social: ecco com\u2019\u00e8 andata<\/li>\n\n\n\n<li>Non far\u00e0 parte del cast, ma si candida come opinionista del reality show<\/li>\n<\/ul>\n\n\n\n<p><em>\u201cRagazzi vi dico solo che mi sta squillando il telefono di continuo...\u201d<\/em>, esordisce nelle sue storie su Instagram. <a href=\"http:\/\/www.gossip.it\/vip\/karina-cascella\">Karina Cascella<\/a> non sar\u00e0 nella Casa. Ai follower <strong>spiega perch\u00e9 non far\u00e0 il <em>Grande Fratello <\/em>dopo l\u2019incontro con <a href=\"http:\/\/www.gossip.it\/vip\/alfonso-signorini\">Signorini<\/a><\/strong>. E\u2019 stata contattata, ma alla fine ha declinato l\u2019invito. <em>\u201c<strong>Dopo la mia risposta la trattativa si \u00e8 interrotta<\/strong>\u201d<\/em>, svela.<\/p>\n\n\n\n<figure class=\"wp-block-image size-large is-resized\"><img decoding=\"async\" width=\"658\" height=\"1024\" src=\"https:\/\/www.gossip.it\/wp-content\/uploads\/2024\/07\/cascella_1-658x1024.jpg\" alt=\"\" class=\"wp-image-177456\" style=\"width:768px;height:auto\" srcset=\"https:\/\/www.gossip.it\/wp-content\/uploads\/2024\/07\/cascella_1-658x1024.jpg 658w, https:\/\/www.gossip.it\/wp-content\/uploads\/2024\/07\/cascella_1-193x300.jpg 193w, https:\/\/www.gossip.it\/wp-content\/uploads\/2024\/07\/cascella_1-768x1195.jpg 768w, https:\/\/www.gossip.it\/wp-content\/uploads\/2024\/07\/cascella_1-987x1536.jpg 987w, https:\/\/www.gossip.it\/wp-content\/uploads\/2024\/07\/cascella_1-750x1167.jpg 750w, https:\/\/www.gossip.it\/wp-content\/uploads\/2024\/07\/cascella_1.jpg 1134w\" sizes=\"(max-width: 658px) 100vw, 658px\" \/><figcaption class=\"wp-element-caption\"><em>''Dopo la mia risposta la trattativa si \u00e8 interrotta''<\/em>: Karina Cascella spiega perch\u00e9 non far\u00e0 il Grande Fratello dopo l'incontro con Signorini<\/figcaption><\/figure>\n\n\n\n<p>Una fuga di notizie sul web fa correre ai ripari la 44enne. <em>Dagospia<\/em> pubblica i nomi di chi dovrebbe entrare dalla porta rossa a settembre: Alessia Pascarella&nbsp;e&nbsp;Lino Giuliano&nbsp;di <em>Temptation Island <\/em>e&nbsp;<a href=\"http:\/\/www.gossip.it\/vip\/shaila-gatta\">Shaila Gatta<\/a>&nbsp;di <em>Striscia la Notizia<\/em>. Aggiunge pure i&nbsp;nomi di&nbsp;<a href=\"http:\/\/www.gossip.it\/vip\/enzo-paolo-turchi\">Enzo Paolo Turchi<\/a>&nbsp;e&nbsp;Karina Cascella e si scatena un putiferio.<\/p>\n\n\n\n<p>Karina, ex vincitrice de <em>La Talpa<\/em>, volto tv dei programmi di <a href=\"http:\/\/www.gossip.it\/vip\/barbara-d-urso\">Barbara d\u2019Urso<\/a>, ex opinionista di <em>Uomini e Donne<\/em>, viene subissata dai messaggi. <em>\u201cDiciamo che i veri amanti del trash mi acclamano, sto morendo dal ridere\u201d<\/em>, commenta. Tutto perch\u00e9 \u00e8 uscita la notizia che \u00e8 nel cast del reality show. Ritiene che sia opportuno fare chiarezza: <em>\u201c<strong>Adesso vi racconto tutto<\/strong>\u201d.<\/em><\/p>\n\n\n\n<p><em>\u201c<strong>Mi hanno contattata gli autori del GF<\/strong>, anche nel caso de L\u2019Isola dei Famosi mi avevano contattata davvero tante volte. Sono andata sempre a fare due chiacchiere con gli autori, il cosiddetto provino che non \u00e8 altro che una chiacchierata con gli autori e con colui che conduce il programma, <strong>in questo caso Alfonso Signorini<\/strong>. Al provino erano presenti ovviamente autori che conoscevo gi\u00e0, altri non li conoscevo e sono stati tutti veramente carini\u201d<\/em>, rivela Karina.&nbsp;<\/p>\n\n\n\n<figure class=\"wp-block-image size-large is-resized\"><img decoding=\"async\" width=\"646\" height=\"1024\" src=\"https:\/\/www.gossip.it\/wp-content\/uploads\/2024\/07\/cascella_2-646x1024.jpg\" alt=\"\" class=\"wp-image-177457\" style=\"width:768px;height:auto\" srcset=\"https:\/\/www.gossip.it\/wp-content\/uploads\/2024\/07\/cascella_2-646x1024.jpg 646w, https:\/\/www.gossip.it\/wp-content\/uploads\/2024\/07\/cascella_2-189x300.jpg 189w, https:\/\/www.gossip.it\/wp-content\/uploads\/2024\/07\/cascella_2-768x1217.jpg 768w, https:\/\/www.gossip.it\/wp-content\/uploads\/2024\/07\/cascella_2-969x1536.jpg 969w, https:\/\/www.gossip.it\/wp-content\/uploads\/2024\/07\/cascella_2-750x1188.jpg 750w, https:\/\/www.gossip.it\/wp-content\/uploads\/2024\/07\/cascella_2.jpg 1134w\" sizes=\"(max-width: 646px) 100vw, 646px\" \/><figcaption class=\"wp-element-caption\"><br>Una fuga di notizie sul web spinge la 44enne a dire la sua sui social: ecco com\u2019\u00e8 andata. Non far\u00e0 parte del cast, ma si candida come opinionista del reality show<\/figcaption><\/figure>\n\n\n\n<p><em>\u201c<strong>Poi una piacevolissima scoperta che \u00e8 stato Alfonso Signorini <\/strong><\/em>- aggiunge la Cascella - <em>Non avevamo mai avuto il piacere di incontrarci e sono stata veramente piacevolmente c<strong>olpita dal fatto che fosse cos\u00ec disponibile e carino, soprattutto genuino<\/strong>. Abbiamo fatto una chiacchierata, veramente bella e lo ringrazio tantissimo, sono rimasta davvero colpita della persona che avevo di fronte \u00e8 stato veramente positivo\u201d.<\/em><\/p>\n\n\n<div class=\"lazyblock-gossipvideo-11HNYf align wp-block-lazyblock-gossipvideo\"><script>window.azrnVideoPlaylist=\"https:\/\/www.gossip.it\/api\/gossip\/video\/playlist_v2\/latest\/177489\/gossip.it\"<\/script><div id=\"gmp-intext-video\"><\/div><\/div>\n\n\n<p>Karina ringrazia chi ha appoggiato la sua candidatura, ma confida perch\u00e9 alla fine ha detto di no: <em>\u201c<strong>Dopo questa chiacchierata c\u2019\u00e8 stata la proposta e dopo la mia risposta la trattativa si \u00e8 interrotta<\/strong>. Lo so ovviamente sembrer\u00e0 strano, ci sono persone che farebbero qualsiasi cosa per partecipare ad un programma cos\u00ec popolare in Italia che ti da tante opportunit\u00e0, non solo a livello economico ma anche per tutto quello che ne deriva dopo dai social, dal lavoro sui social. <strong>Io ho dovuto dare una risposta per quanto riguarda le mie priorit\u00e0<\/strong>\u201d.<\/em><\/p>\n\n\n\n<p>La Cascella precisa cosa per lei viene prima di tutto: <em>\u201c<strong>La mia famiglia la mia attivit\u00e0, la mia bambina, la scuola ovvero il liceo che frequenter\u00e0 da settembre<\/strong>. Non entro nel merito della mia risposta ma <strong>ho dovuto interrompere il tutto affinch\u00e9 non andasse avanti<\/strong>. Io sono una che poi non lascia una cosa a met\u00e0. Se inizio qualcosa non vado poi una settimana in trasmissione e poi dopo 7 o 8 giorni ci ripenso e torno a casa. Sono una che se fa una cosa o la fa bene o per niente\u201d.<\/em> E' madre di Ginevra, 14 anni, avuta da <a href=\"http:\/\/www.gossip.it\/vip\/salvatore-angelucci\">Salvatore Angelucci<\/a>.<\/p>\n\n\n\n<figure class=\"wp-block-image size-large is-resized\"><img decoding=\"async\" width=\"694\" height=\"1024\" src=\"https:\/\/www.gossip.it\/wp-content\/uploads\/2024\/07\/cascella_3-694x1024.jpg\" alt=\"\" class=\"wp-image-177458\" style=\"width:768px;height:auto\" srcset=\"https:\/\/www.gossip.it\/wp-content\/uploads\/2024\/07\/cascella_3-694x1024.jpg 694w, https:\/\/www.gossip.it\/wp-content\/uploads\/2024\/07\/cascella_3-203x300.jpg 203w, https:\/\/www.gossip.it\/wp-content\/uploads\/2024\/07\/cascella_3-768x1133.jpg 768w, https:\/\/www.gossip.it\/wp-content\/uploads\/2024\/07\/cascella_3-1041x1536.jpg 1041w, https:\/\/www.gossip.it\/wp-content\/uploads\/2024\/07\/cascella_3-750x1106.jpg 750w, https:\/\/www.gossip.it\/wp-content\/uploads\/2024\/07\/cascella_3.jpg 1134w\" sizes=\"(max-width: 694px) 100vw, 694px\" \/><figcaption class=\"wp-element-caption\">Karina \u00e8 rimasta molto colpita da Alfonso, che \u00e8 stato molto carino con lei<\/figcaption><\/figure>\n\n\n\n<p>Parla della fuga di notizie, si dichiara<em> \u2018innocente\u2019<\/em> e precisa: <em>\u201cMi \u00e8 sembrato giusto fare delle storie anche per avvisare i siti che hanno dato la notizia. <strong>Non sono concorrente del GF<\/strong>, in questo momento non \u00e8 cos\u00ec\u201d.<\/em><\/p>\n\n\n\n<p><em>\u201c<strong>Mi sono sentita una irriconoscente quando ho dato le mie motivazioni<\/strong> perch\u00e9 mi rendo conto che \u00e8 una grande opportunit\u00e0 da molti punti di vista, ma non posso allontanarmi da casa per cos\u00ec tanto tempo. Ci sono delle priorit\u00e0\u201d<\/em>, dice ancora Karina. Nella Casa fa sapere che ne avrebbe dette di tutti i colori a Lino di <em>Temptation<\/em>. Poi chiosa: <em>\u201cRibadisco agli autori che i<strong>nvece come opinionista potrei tornare a casa la sera e sono sempre disponibile!<\/strong>\u201d.<\/em><\/p>\n","protected":false},"excerpt":{"rendered":"<p>Una fuga di notizie sul web spinge la 44enne a...<\/p>\n","protected":false},"author":24,"featured_media":177487,"comment_status":"open","ping_status":"closed","sticky":false,"template":"","format":"standard","meta":{"footnotes":""},"categories":[54],"tags":[2697,2106,2107,65684,78952,2291,2097],"vip":[1038],"class_list":["post-177454","post","type-post","status-publish","format-standard","has-post-thumbnail","hentry","category-news","tag-canale5","tag-gf","tag-grande-fratello","tag-karinacascella","tag-karinacascellagf","tag-mediaset","tag-tv","vip-karina_cascella"],"yoast_head":"<title>&#039;&#039;Dopo la mia risposta la trattativa si \u00e8 interrotta&#039;&#039;: Karina Cascella spiega perch\u00e9 non far\u00e0 il Grande Fratello dopo l&#039;incontro con Signorini - Gossip.it | News sul Gossip e VIP<\/title>\n<meta name=\"description\" content=\"&#039;&#039;Dopo la mia risposta la trattativa si \u00e8 interrotta&#039;&#039;: Karina Cascella spiega perch\u00e9 non far\u00e0 il Grande Fratello dopo l&#039;incontro con Signorini\" \/>\n<meta name=\"robots\" content=\"index, follow, max-snippet:-1, max-image-preview:large, max-video-preview:-1\" \/>\n<link rel=\"canonical\" href=\"https:\/\/www.gossip.it\/news\/karina-cascella-non-fara-grande-fratello\/\" \/>\n<meta property=\"og:locale\" content=\"it_IT\" \/>\n<meta property=\"og:type\" content=\"article\" \/>\n<meta property=\"og:title\" content=\"&#039;&#039;Dopo la mia risposta la trattativa si \u00e8 interrotta&#039;&#039;: Karina Cascella spiega perch\u00e9 non far\u00e0 il Grande Fratello dopo l&#039;incontro con Signorini - Gossip.it | News sul Gossip e VIP\" \/>\n<meta property=\"og:description\" content=\"&#039;&#039;Dopo la mia risposta la trattativa si \u00e8 interrotta&#039;&#039;: Karina Cascella spiega perch\u00e9 non far\u00e0 il Grande Fratello dopo l&#039;incontro con Signorini\" \/>\n<meta property=\"og:url\" content=\"https:\/\/www.gossip.it\/news\/karina-cascella-non-fara-grande-fratello\/\" \/>\n<meta property=\"og:site_name\" content=\"Gossip.it | News sul Gossip e VIP\" \/>\n<meta property=\"article:publisher\" content=\"https:\/\/www.facebook.com\/GossipIT\" \/>\n<meta property=\"article:published_time\" content=\"2024-07-30T09:19:07+00:00\" \/>\n<meta property=\"article:modified_time\" content=\"2024-07-31T09:20:39+00:00\" \/>\n<meta property=\"og:image\" content=\"https:\/\/www.gossip.it\/wp-content\/uploads\/2024\/07\/PP-CASCELLA.jpg\" \/>\n\t<meta property=\"og:image:width\" content=\"1134\" \/>\n\t<meta property=\"og:image:height\" content=\"564\" \/>\n\t<meta property=\"og:image:type\" content=\"image\/jpeg\" \/>\n<meta name=\"author\" content=\"Carla Giuni\" \/>\n<meta name=\"twitter:card\" content=\"summary_large_image\" \/>\n<meta name=\"twitter:creator\" content=\"@gossinews_it\" \/>\n<meta name=\"twitter:site\" content=\"@gossinews_it\" \/>\n<meta name=\"twitter:label1\" content=\"Scritto da\" \/>\n\t<meta name=\"twitter:data1\" content=\"Carla Giuni\" \/>\n\t<meta name=\"twitter:label2\" content=\"Tempo di lettura stimato\" \/>\n\t<meta name=\"twitter:data2\" content=\"5 minuti\" \/>","yoast_head_json":{"title":"''Dopo la mia risposta la trattativa si \u00e8 interrotta'': Karina Cascella spiega perch\u00e9 non far\u00e0 il Grande Fratello dopo l'incontro con Signorini - Gossip.it | News sul Gossip e VIP","description":"''Dopo la mia risposta la trattativa si \u00e8 interrotta'': Karina Cascella spiega perch\u00e9 non far\u00e0 il Grande Fratello dopo l'incontro con Signorini","robots":{"index":"index","follow":"follow","max-snippet":"max-snippet:-1","max-image-preview":"max-image-preview:large","max-video-preview":"max-video-preview:-1"},"canonical":"https:\/\/www.gossip.it\/news\/karina-cascella-non-fara-grande-fratello\/","og_locale":"it_IT","og_type":"article","og_title":"''Dopo la mia risposta la trattativa si \u00e8 interrotta'': Karina Cascella spiega perch\u00e9 non far\u00e0 il Grande Fratello dopo l'incontro con Signorini - Gossip.it | News sul Gossip e VIP","og_description":"''Dopo la mia risposta la trattativa si \u00e8 interrotta'': Karina Cascella spiega perch\u00e9 non far\u00e0 il Grande Fratello dopo l'incontro con Signorini","og_url":"https:\/\/www.gossip.it\/news\/karina-cascella-non-fara-grande-fratello\/","og_site_name":"Gossip.it | News sul Gossip e VIP","article_publisher":"https:\/\/www.facebook.com\/GossipIT","article_published_time":"2024-07-30T09:19:07+00:00","article_modified_time":"2024-07-31T09:20:39+00:00","og_image":[{"width":1134,"height":564,"url":"https:\/\/www.gossip.it\/wp-content\/uploads\/2024\/07\/PP-CASCELLA.jpg","type":"image\/jpeg"}],"author":"Carla Giuni","twitter_card":"summary_large_image","twitter_creator":"@gossinews_it","twitter_site":"@gossinews_it","twitter_misc":{"Scritto da":"Carla Giuni","Tempo di lettura stimato":"5 minuti"},"schema":{"@context":"https:\/\/schema.org","@graph":[{"@type":"Article","@id":"https:\/\/www.gossip.it\/news\/karina-cascella-non-fara-grande-fratello\/#article","isPartOf":{"@id":"https:\/\/www.gossip.it\/news\/karina-cascella-non-fara-grande-fratello\/"},"author":{"name":"Carla Giuni","@id":"https:\/\/www.gossip.it\/#\/schema\/person\/df4a88c190f338e21427b6f342595faa"},"headline":"''Dopo la mia risposta la trattativa si \u00e8 interrotta'': Karina Cascella spiega perch\u00e9 non far\u00e0 il Grande Fratello dopo l'incontro con Signorini","datePublished":"2024-07-30T09:19:07+00:00","dateModified":"2024-07-31T09:20:39+00:00","mainEntityOfPage":{"@id":"https:\/\/www.gossip.it\/news\/karina-cascella-non-fara-grande-fratello\/"},"wordCount":739,"commentCount":0,"publisher":{"@id":"https:\/\/www.gossip.it\/#organization"},"image":{"@id":"https:\/\/www.gossip.it\/news\/karina-cascella-non-fara-grande-fratello\/#primaryimage"},"thumbnailUrl":"https:\/\/www.gossip.it\/wp-content\/uploads\/2024\/07\/lancio-CASCELLA.jpg","keywords":["canale5","gf","grande fratello","karinacascella","karinacascellagf","mediaset","tv"],"articleSection":["News"],"inLanguage":"it-IT","potentialAction":[{"@type":"CommentAction","name":"Comment","target":["https:\/\/www.gossip.it\/news\/karina-cascella-non-fara-grande-fratello\/#respond"]}]},{"@type":"WebPage","@id":"https:\/\/www.gossip.it\/news\/karina-cascella-non-fara-grande-fratello\/","url":"https:\/\/www.gossip.it\/news\/karina-cascella-non-fara-grande-fratello\/","name":"''Dopo la mia risposta la trattativa si \u00e8 interrotta'': Karina Cascella spiega perch\u00e9 non far\u00e0 il Grande Fratello dopo l'incontro con Signorini - Gossip.it | News sul Gossip e VIP","isPartOf":{"@id":"https:\/\/www.gossip.it\/#website"},"primaryImageOfPage":{"@id":"https:\/\/www.gossip.it\/news\/karina-cascella-non-fara-grande-fratello\/#primaryimage"},"image":{"@id":"https:\/\/www.gossip.it\/news\/karina-cascella-non-fara-grande-fratello\/#primaryimage"},"thumbnailUrl":"https:\/\/www.gossip.it\/wp-content\/uploads\/2024\/07\/lancio-CASCELLA.jpg","datePublished":"2024-07-30T09:19:07+00:00","dateModified":"2024-07-31T09:20:39+00:00","description":"''Dopo la mia risposta la trattativa si \u00e8 interrotta'': Karina Cascella spiega perch\u00e9 non far\u00e0 il Grande Fratello dopo l'incontro con Signorini","breadcrumb":{"@id":"https:\/\/www.gossip.it\/news\/karina-cascella-non-fara-grande-fratello\/#breadcrumb"},"inLanguage":"it-IT","potentialAction":[{"@type":"ReadAction","target":["https:\/\/www.gossip.it\/news\/karina-cascella-non-fara-grande-fratello\/"]}]},{"@type":"ImageObject","inLanguage":"it-IT","@id":"https:\/\/www.gossip.it\/news\/karina-cascella-non-fara-grande-fratello\/#primaryimage","url":"https:\/\/www.gossip.it\/wp-content\/uploads\/2024\/07\/lancio-CASCELLA.jpg","contentUrl":"https:\/\/www.gossip.it\/wp-content\/uploads\/2024\/07\/lancio-CASCELLA.jpg","width":1134,"height":808},{"@type":"BreadcrumbList","@id":"https:\/\/www.gossip.it\/news\/karina-cascella-non-fara-grande-fratello\/#breadcrumb","itemListElement":[{"@type":"ListItem","position":1,"name":"Home","item":"https:\/\/www.gossip.it\/"},{"@type":"ListItem","position":2,"name":"''Dopo la mia risposta la trattativa si \u00e8 interrotta'': Karina Cascella spiega perch\u00e9 non far\u00e0 il Grande Fratello dopo l'incontro con Signorini"}]},{"@type":"WebSite","@id":"https:\/\/www.gossip.it\/#website","url":"https:\/\/www.gossip.it\/","name":"Gossip and VIP News","description":"Quotidiano di cronaca rosa, costume e societ\u00e0","publisher":{"@id":"https:\/\/www.gossip.it\/#organization"},"alternateName":"Gossip and VIP News","potentialAction":[{"@type":"SearchAction","target":{"@type":"EntryPoint","urlTemplate":"https:\/\/www.gossip.it\/?s={search_term_string}"},"query-input":{"@type":"PropertyValueSpecification","valueRequired":true,"valueName":"search_term_string"}}],"inLanguage":"it-IT"},{"@type":"Organization","@id":"https:\/\/www.gossip.it\/#organization","name":"Gossip and VIP News","alternateName":"Gossip News","url":"https:\/\/www.gossip.it\/","logo":{"@type":"ImageObject","inLanguage":"it-IT","@id":"https:\/\/www.gossip.it\/#\/schema\/logo\/image\/","url":"https:\/\/www.gossip.it\/wp-content\/uploads\/2022\/04\/cropped-corna-alta-tiny.png","contentUrl":"https:\/\/www.gossip.it\/wp-content\/uploads\/2022\/04\/cropped-corna-alta-tiny.png","width":512,"height":512,"caption":"Gossip and VIP News"},"image":{"@id":"https:\/\/www.gossip.it\/#\/schema\/logo\/image\/"},"sameAs":["https:\/\/www.facebook.com\/GossipIT","https:\/\/x.com\/gossinews_it","https:\/\/instagram.com\/gossip_it"]},{"@type":"Person","@id":"https:\/\/www.gossip.it\/#\/schema\/person\/df4a88c190f338e21427b6f342595faa","name":"Carla Giuni","image":{"@type":"ImageObject","inLanguage":"it-IT","@id":"https:\/\/www.gossip.it\/#\/schema\/person\/image\/","url":"https:\/\/secure.gravatar.com\/avatar\/9caf92f895c8e9a7cca263cd6e3860da8edad54c0a92046a7e363cbd3fa35c36?s=96&d=mm&r=g","contentUrl":"https:\/\/secure.gravatar.com\/avatar\/9caf92f895c8e9a7cca263cd6e3860da8edad54c0a92046a7e363cbd3fa35c36?s=96&d=mm&r=g","caption":"Carla Giuni"}}]}},"amp_enabled":true,"_links":{"self":[{"href":"https:\/\/www.gossip.it\/api\/wp\/v2\/posts\/177454","targetHints":{"allow":["GET"]}}],"collection":[{"href":"https:\/\/www.gossip.it\/api\/wp\/v2\/posts"}],"about":[{"href":"https:\/\/www.gossip.it\/api\/wp\/v2\/types\/post"}],"author":[{"embeddable":true,"href":"https:\/\/www.gossip.it\/api\/wp\/v2\/users\/24"}],"replies":[{"embeddable":true,"href":"https:\/\/www.gossip.it\/api\/wp\/v2\/comments?post=177454"}],"version-history":[{"count":1,"href":"https:\/\/www.gossip.it\/api\/wp\/v2\/posts\/177454\/revisions"}],"predecessor-version":[{"id":177504,"href":"https:\/\/www.gossip.it\/api\/wp\/v2\/posts\/177454\/revisions\/177504"}],"wp:featuredmedia":[{"embeddable":true,"href":"https:\/\/www.gossip.it\/api\/wp\/v2\/media\/177487"}],"wp:attachment":[{"href":"https:\/\/www.gossip.it\/api\/wp\/v2\/media?parent=177454"}],"wp:term":[{"taxonomy":"category","embeddable":true,"href":"https:\/\/www.gossip.it\/api\/wp\/v2\/categories?post=177454"},{"taxonomy":"post_tag","embeddable":true,"href":"https:\/\/www.gossip.it\/api\/wp\/v2\/tags?post=177454"},{"taxonomy":"vip","embeddable":true,"href":"https:\/\/www.gossip.it\/api\/wp\/v2\/vip?post=177454"}],"curies":[{"name":"wp","href":"https:\/\/api.w.org\/{rel}","templated":true}]}}