{"id":177875,"date":"2024-08-06T13:21:51","date_gmt":"2024-08-06T11:21:51","guid":{"rendered":"https:\/\/www.gossip.it\/?p=177875"},"modified":"2024-08-07T12:57:17","modified_gmt":"2024-08-07T10:57:17","slug":"aurora-ramazzotti-vacanza-compagno-figlio-insolita-localita","status":"publish","type":"post","link":"https:\/\/www.gossip.it\/news\/aurora-ramazzotti-vacanza-compagno-figlio-insolita-localita\/","title":{"rendered":"''Seconda estate con questo bign\u00e9'': Aurora Ramazzotti in vacanza con compagno e figlio in una insolita localit\u00e0, foto"},"content":{"rendered":"\n<ul class=\"wp-block-list\">\n<li>La 27enne sta trascorrendo le vacanze in un bellissimo resort sul mare<\/li>\n\n\n\n<li>Sul social arrivano gli scatti insieme a Goffredo Cerza e il loro adorato Cesare, un anno il 30 marzo 2023<\/li>\n<\/ul>\n\n\n\n<p><a href=\"http:\/\/www.gossip.it\/vip\/aurora-ramazzotti\">Aurora Ramazzotti<\/a> si gode il tempo del relax accanto a<a href=\"http:\/\/www.gossip.it\/vip\/goffredo-cerza\"> Goffredo Cerza<\/a> e Cesare. <em>\u201c<strong>Seconda estate con questo bign\u00e9<\/strong>\u201d<\/em>, scrive sul social postando <strong>alcune foto che la ritraggono in vacanza con compagno e figlio in un\u2019insolita localit\u00e0 balneare<\/strong>, molto di moda negli ultimi anni. I tre si trovano in <strong>Montenegro<\/strong>.<\/p>\n\n\n\n<figure class=\"wp-block-image size-large\"><img decoding=\"async\" width=\"819\" height=\"1024\" src=\"https:\/\/www.gossip.it\/wp-content\/uploads\/2024\/08\/therealauroragram_1722777712_3427230316805238813_44703254-819x1024.jpg\" alt=\"\" class=\"wp-image-177876\" srcset=\"https:\/\/www.gossip.it\/wp-content\/uploads\/2024\/08\/therealauroragram_1722777712_3427230316805238813_44703254-819x1024.jpg 819w, https:\/\/www.gossip.it\/wp-content\/uploads\/2024\/08\/therealauroragram_1722777712_3427230316805238813_44703254-240x300.jpg 240w, https:\/\/www.gossip.it\/wp-content\/uploads\/2024\/08\/therealauroragram_1722777712_3427230316805238813_44703254-768x960.jpg 768w, https:\/\/www.gossip.it\/wp-content\/uploads\/2024\/08\/therealauroragram_1722777712_3427230316805238813_44703254-1229x1536.jpg 1229w, https:\/\/www.gossip.it\/wp-content\/uploads\/2024\/08\/therealauroragram_1722777712_3427230316805238813_44703254-750x938.jpg 750w, https:\/\/www.gossip.it\/wp-content\/uploads\/2024\/08\/therealauroragram_1722777712_3427230316805238813_44703254-1140x1425.jpg 1140w, https:\/\/www.gossip.it\/wp-content\/uploads\/2024\/08\/therealauroragram_1722777712_3427230316805238813_44703254.jpg 1440w\" sizes=\"(max-width: 819px) 100vw, 819px\" \/><figcaption class=\"wp-element-caption\"><em>''Seconda estate con questo bign\u00e9''<\/em>: Aurora Ramazzotti in vacanza con compagno e figlio in una insolita localit\u00e0<\/figcaption><\/figure>\n\n\n\n<p>Niente Costa Smeralda, con le feste super vip e la vita sfrenata. La 27enne ha preferito rilassarsi lontano dalla <em>\u2018movida\u2019<\/em>, trascorrendo le giornate con una routine semplice. Per lei, Goffredo e il bambino, che lo scorso 30 marzo ha compiuto appena un anno, vita da spiaggia, con tanti bagnetti e riposini sotto l\u2019ombrellone. <strong>Lontana dai paparazzi, che spesso la seguono ovunque, \u00e8 tutto meraviglioso<\/strong>.<\/p>\n\n\n\n<figure class=\"wp-block-image size-large\"><img decoding=\"async\" width=\"819\" height=\"1024\" src=\"https:\/\/www.gossip.it\/wp-content\/uploads\/2024\/08\/therealauroragram_1722777712_3427230316813651841_44703254-819x1024.jpg\" alt=\"\" class=\"wp-image-177877\" srcset=\"https:\/\/www.gossip.it\/wp-content\/uploads\/2024\/08\/therealauroragram_1722777712_3427230316813651841_44703254-819x1024.jpg 819w, https:\/\/www.gossip.it\/wp-content\/uploads\/2024\/08\/therealauroragram_1722777712_3427230316813651841_44703254-240x300.jpg 240w, https:\/\/www.gossip.it\/wp-content\/uploads\/2024\/08\/therealauroragram_1722777712_3427230316813651841_44703254-768x960.jpg 768w, https:\/\/www.gossip.it\/wp-content\/uploads\/2024\/08\/therealauroragram_1722777712_3427230316813651841_44703254-1229x1536.jpg 1229w, https:\/\/www.gossip.it\/wp-content\/uploads\/2024\/08\/therealauroragram_1722777712_3427230316813651841_44703254-750x938.jpg 750w, https:\/\/www.gossip.it\/wp-content\/uploads\/2024\/08\/therealauroragram_1722777712_3427230316813651841_44703254-1140x1425.jpg 1140w, https:\/\/www.gossip.it\/wp-content\/uploads\/2024\/08\/therealauroragram_1722777712_3427230316813651841_44703254.jpg 1440w\" sizes=\"(max-width: 819px) 100vw, 819px\" \/><figcaption class=\"wp-element-caption\">Sul social arrivano gli scatti insieme a Goffredo Cerza e il loro adorato Cesare, un anno il 30 marzo 2023: i tre sono in Montenegro<\/figcaption><\/figure>\n\n\n\n<figure class=\"wp-block-image size-large\"><img decoding=\"async\" width=\"819\" height=\"1024\" src=\"https:\/\/www.gossip.it\/wp-content\/uploads\/2024\/08\/therealauroragram_1722777712_3427230316813810559_44703254-819x1024.jpg\" alt=\"\" class=\"wp-image-177878\" srcset=\"https:\/\/www.gossip.it\/wp-content\/uploads\/2024\/08\/therealauroragram_1722777712_3427230316813810559_44703254-819x1024.jpg 819w, https:\/\/www.gossip.it\/wp-content\/uploads\/2024\/08\/therealauroragram_1722777712_3427230316813810559_44703254-240x300.jpg 240w, https:\/\/www.gossip.it\/wp-content\/uploads\/2024\/08\/therealauroragram_1722777712_3427230316813810559_44703254-768x960.jpg 768w, https:\/\/www.gossip.it\/wp-content\/uploads\/2024\/08\/therealauroragram_1722777712_3427230316813810559_44703254-1229x1536.jpg 1229w, https:\/\/www.gossip.it\/wp-content\/uploads\/2024\/08\/therealauroragram_1722777712_3427230316813810559_44703254-750x938.jpg 750w, https:\/\/www.gossip.it\/wp-content\/uploads\/2024\/08\/therealauroragram_1722777712_3427230316813810559_44703254-1140x1425.jpg 1140w, https:\/\/www.gossip.it\/wp-content\/uploads\/2024\/08\/therealauroragram_1722777712_3427230316813810559_44703254.jpg 1440w\" sizes=\"(max-width: 819px) 100vw, 819px\" \/><figcaption class=\"wp-element-caption\">La 27enne sta trascorrendo le vacanze in un bellissimo resort sul mare<\/figcaption><\/figure>\n\n\n\n<p>Aurora nelle sue storie si racconta e svela di essere riuscita a dormire <strong>per ben 3 ore e mezza nel pomeriggio<\/strong>. Il tutto con il piccolo. Una follower le confida che lei, invece, con la sua bimba dorme poco. La Ramazzotti replica:<em> \u201cHo capito solo una cosa: ogni bambino \u00e8 diverso. Sicuramente ci sono delle accortezze che aiutano ad educare al sonno, per carit\u00e0, ma non c'\u00e8 un ricettario magico. Cesare ha sempre schiacciato grandi pisolini (anche troppo grandi che magari toglievano sonno alla notte)\u201d.\u00a0<\/em><\/p>\n\n\n\n<figure class=\"wp-block-image size-large\"><img decoding=\"async\" width=\"819\" height=\"1024\" src=\"https:\/\/www.gossip.it\/wp-content\/uploads\/2024\/08\/therealauroragram_1722777712_3427230316813829836_44703254-819x1024.jpg\" alt=\"\" class=\"wp-image-177879\" srcset=\"https:\/\/www.gossip.it\/wp-content\/uploads\/2024\/08\/therealauroragram_1722777712_3427230316813829836_44703254-819x1024.jpg 819w, https:\/\/www.gossip.it\/wp-content\/uploads\/2024\/08\/therealauroragram_1722777712_3427230316813829836_44703254-240x300.jpg 240w, https:\/\/www.gossip.it\/wp-content\/uploads\/2024\/08\/therealauroragram_1722777712_3427230316813829836_44703254-768x960.jpg 768w, https:\/\/www.gossip.it\/wp-content\/uploads\/2024\/08\/therealauroragram_1722777712_3427230316813829836_44703254-1229x1536.jpg 1229w, https:\/\/www.gossip.it\/wp-content\/uploads\/2024\/08\/therealauroragram_1722777712_3427230316813829836_44703254-750x938.jpg 750w, https:\/\/www.gossip.it\/wp-content\/uploads\/2024\/08\/therealauroragram_1722777712_3427230316813829836_44703254-1140x1425.jpg 1140w, https:\/\/www.gossip.it\/wp-content\/uploads\/2024\/08\/therealauroragram_1722777712_3427230316813829836_44703254.jpg 1440w\" sizes=\"(max-width: 819px) 100vw, 819px\" \/><figcaption class=\"wp-element-caption\">I tre vivono con. grande allegria la vita da spiaggia, senza <em>'movida'<\/em><\/figcaption><\/figure>\n\n\n\n<figure class=\"wp-block-image size-large\"><img decoding=\"async\" width=\"819\" height=\"1024\" src=\"https:\/\/www.gossip.it\/wp-content\/uploads\/2024\/08\/therealauroragram_1722777712_3427230317149384417_44703254-819x1024.jpg\" alt=\"\" class=\"wp-image-177880\" srcset=\"https:\/\/www.gossip.it\/wp-content\/uploads\/2024\/08\/therealauroragram_1722777712_3427230317149384417_44703254-819x1024.jpg 819w, https:\/\/www.gossip.it\/wp-content\/uploads\/2024\/08\/therealauroragram_1722777712_3427230317149384417_44703254-240x300.jpg 240w, https:\/\/www.gossip.it\/wp-content\/uploads\/2024\/08\/therealauroragram_1722777712_3427230317149384417_44703254-768x960.jpg 768w, https:\/\/www.gossip.it\/wp-content\/uploads\/2024\/08\/therealauroragram_1722777712_3427230317149384417_44703254-1229x1536.jpg 1229w, https:\/\/www.gossip.it\/wp-content\/uploads\/2024\/08\/therealauroragram_1722777712_3427230317149384417_44703254-750x938.jpg 750w, https:\/\/www.gossip.it\/wp-content\/uploads\/2024\/08\/therealauroragram_1722777712_3427230317149384417_44703254-1140x1425.jpg 1140w, https:\/\/www.gossip.it\/wp-content\/uploads\/2024\/08\/therealauroragram_1722777712_3427230317149384417_44703254.jpg 1440w\" sizes=\"(max-width: 819px) 100vw, 819px\" \/><figcaption class=\"wp-element-caption\">Aury insieme al suo bimbo e al suo uomo \u00e8 felicissima<\/figcaption><\/figure>\n\n\n\n<p><em>\u201cMa se avete un po' seguito il mio percorso sapete che \u00e8 sempre stato mattiniero (alle 6 massimo mi sveglio tutti i giorni, spesso anche prima) e <strong>le sue notti sono sempre state caratterizzate da tanti risvegli<\/strong>. Ci sono stati periodi in cui addirittura si svegliava e rimaneva attivo per ore prima di crollare di nuovo. <strong>Piano piano ci stiamo regolando ma \u00e8 un percorso da fare insieme<\/strong>\u201d<\/em>, aggiunge Aurora. E, parlando dei bambini in generale, chiarisce il suo pensiero: <em>\u201cDevono capire che dormire \u00e8 bello e che possono sentirsi al sicuro anche di notte, che pu\u00f2 essere un momento spaventoso. A me ha aiutato tanto seguire tate del sonno che danno consigli pratici e conforto, ma ancora non siamo fuori dal tunnel se vi conforta\".<\/em><\/p>\n","protected":false},"excerpt":{"rendered":"<p>La 27enne sta trascorrendo le vacanze in un bellissimo...<\/p>\n","protected":false},"author":24,"featured_media":177881,"comment_status":"open","ping_status":"closed","sticky":false,"template":"","format":"standard","meta":{"footnotes":""},"categories":[54],"tags":[63521,68312,71185,67371,79089,12587,2793,59609],"vip":[63423],"class_list":["post-177875","post","type-post","status-publish","format-standard","has-post-thumbnail","hentry","category-news","tag-auroraramazzotti","tag-auroraramazzotticesare","tag-auroraramazzotticompagno","tag-auroraramazzottifiglio","tag-auroraramazzottivacanze","tag-goffredocerza","tag-gossip","tag-montenegro","vip-aurora-ramazzotti"],"yoast_head":"<title>&#039;&#039;Seconda estate con questo bign\u00e9&#039;&#039;: Aurora Ramazzotti in vacanza con compagno e figlio in una insolita localit\u00e0, foto - Gossip.it | News sul Gossip e VIP<\/title>\n<meta name=\"description\" content=\"&#039;&#039;Seconda estate con questo bign\u00e9&#039;&#039;: Aurora Ramazzotti in vacanza con compagno e figlio in una insolita localit\u00e0, foto\" \/>\n<meta name=\"robots\" content=\"index, follow, max-snippet:-1, max-image-preview:large, max-video-preview:-1\" \/>\n<link rel=\"canonical\" href=\"https:\/\/www.gossip.it\/news\/aurora-ramazzotti-vacanza-compagno-figlio-insolita-localita\/\" \/>\n<meta property=\"og:locale\" content=\"it_IT\" \/>\n<meta property=\"og:type\" content=\"article\" \/>\n<meta property=\"og:title\" content=\"&#039;&#039;Seconda estate con questo bign\u00e9&#039;&#039;: Aurora Ramazzotti in vacanza con compagno e figlio in una insolita localit\u00e0, foto - Gossip.it | News sul Gossip e VIP\" \/>\n<meta property=\"og:description\" content=\"&#039;&#039;Seconda estate con questo bign\u00e9&#039;&#039;: Aurora Ramazzotti in vacanza con compagno e figlio in una insolita localit\u00e0, foto\" \/>\n<meta property=\"og:url\" content=\"https:\/\/www.gossip.it\/news\/aurora-ramazzotti-vacanza-compagno-figlio-insolita-localita\/\" \/>\n<meta property=\"og:site_name\" content=\"Gossip.it | News sul Gossip e VIP\" \/>\n<meta property=\"article:publisher\" content=\"https:\/\/www.facebook.com\/GossipIT\" \/>\n<meta property=\"article:published_time\" content=\"2024-08-06T11:21:51+00:00\" \/>\n<meta property=\"article:modified_time\" content=\"2024-08-07T10:57:17+00:00\" \/>\n<meta property=\"og:image\" content=\"https:\/\/www.gossip.it\/wp-content\/uploads\/2024\/08\/lancio-auri-6.8.jpg\" \/>\n\t<meta property=\"og:image:width\" content=\"2000\" \/>\n\t<meta property=\"og:image:height\" content=\"1300\" \/>\n\t<meta property=\"og:image:type\" content=\"image\/jpeg\" \/>\n<meta name=\"author\" content=\"Carla Giuni\" \/>\n<meta name=\"twitter:card\" content=\"summary_large_image\" \/>\n<meta name=\"twitter:creator\" content=\"@gossinews_it\" \/>\n<meta name=\"twitter:site\" content=\"@gossinews_it\" \/>\n<meta name=\"twitter:label1\" content=\"Scritto da\" \/>\n\t<meta name=\"twitter:data1\" content=\"Carla Giuni\" \/>\n\t<meta name=\"twitter:label2\" content=\"Tempo di lettura stimato\" \/>\n\t<meta name=\"twitter:data2\" content=\"4 minuti\" \/>","yoast_head_json":{"title":"''Seconda estate con questo bign\u00e9'': Aurora Ramazzotti in vacanza con compagno e figlio in una insolita localit\u00e0, foto - Gossip.it | News sul Gossip e VIP","description":"''Seconda estate con questo bign\u00e9'': Aurora Ramazzotti in vacanza con compagno e figlio in una insolita localit\u00e0, foto","robots":{"index":"index","follow":"follow","max-snippet":"max-snippet:-1","max-image-preview":"max-image-preview:large","max-video-preview":"max-video-preview:-1"},"canonical":"https:\/\/www.gossip.it\/news\/aurora-ramazzotti-vacanza-compagno-figlio-insolita-localita\/","og_locale":"it_IT","og_type":"article","og_title":"''Seconda estate con questo bign\u00e9'': Aurora Ramazzotti in vacanza con compagno e figlio in una insolita localit\u00e0, foto - Gossip.it | News sul Gossip e VIP","og_description":"''Seconda estate con questo bign\u00e9'': Aurora Ramazzotti in vacanza con compagno e figlio in una insolita localit\u00e0, foto","og_url":"https:\/\/www.gossip.it\/news\/aurora-ramazzotti-vacanza-compagno-figlio-insolita-localita\/","og_site_name":"Gossip.it | News sul Gossip e VIP","article_publisher":"https:\/\/www.facebook.com\/GossipIT","article_published_time":"2024-08-06T11:21:51+00:00","article_modified_time":"2024-08-07T10:57:17+00:00","og_image":[{"width":2000,"height":1300,"url":"https:\/\/www.gossip.it\/wp-content\/uploads\/2024\/08\/lancio-auri-6.8.jpg","type":"image\/jpeg"}],"author":"Carla Giuni","twitter_card":"summary_large_image","twitter_creator":"@gossinews_it","twitter_site":"@gossinews_it","twitter_misc":{"Scritto da":"Carla Giuni","Tempo di lettura stimato":"4 minuti"},"schema":{"@context":"https:\/\/schema.org","@graph":[{"@type":"Article","@id":"https:\/\/www.gossip.it\/news\/aurora-ramazzotti-vacanza-compagno-figlio-insolita-localita\/#article","isPartOf":{"@id":"https:\/\/www.gossip.it\/news\/aurora-ramazzotti-vacanza-compagno-figlio-insolita-localita\/"},"author":{"name":"Carla Giuni","@id":"https:\/\/www.gossip.it\/#\/schema\/person\/df4a88c190f338e21427b6f342595faa"},"headline":"''Seconda estate con questo bign\u00e9'': Aurora Ramazzotti in vacanza con compagno e figlio in una insolita localit\u00e0, foto","datePublished":"2024-08-06T11:21:51+00:00","dateModified":"2024-08-07T10:57:17+00:00","mainEntityOfPage":{"@id":"https:\/\/www.gossip.it\/news\/aurora-ramazzotti-vacanza-compagno-figlio-insolita-localita\/"},"wordCount":441,"commentCount":0,"publisher":{"@id":"https:\/\/www.gossip.it\/#organization"},"image":{"@id":"https:\/\/www.gossip.it\/news\/aurora-ramazzotti-vacanza-compagno-figlio-insolita-localita\/#primaryimage"},"thumbnailUrl":"https:\/\/www.gossip.it\/wp-content\/uploads\/2024\/08\/lancio-auri-6.8.jpg","keywords":["auroraramazzotti","auroraramazzotticesare","auroraramazzotticompagno","auroraramazzottifiglio","auroraramazzottivacanze","goffredocerza","gossip","montenegro"],"articleSection":["News"],"inLanguage":"it-IT","potentialAction":[{"@type":"CommentAction","name":"Comment","target":["https:\/\/www.gossip.it\/news\/aurora-ramazzotti-vacanza-compagno-figlio-insolita-localita\/#respond"]}]},{"@type":"WebPage","@id":"https:\/\/www.gossip.it\/news\/aurora-ramazzotti-vacanza-compagno-figlio-insolita-localita\/","url":"https:\/\/www.gossip.it\/news\/aurora-ramazzotti-vacanza-compagno-figlio-insolita-localita\/","name":"''Seconda estate con questo bign\u00e9'': Aurora Ramazzotti in vacanza con compagno e figlio in una insolita localit\u00e0, foto - Gossip.it | News sul Gossip e VIP","isPartOf":{"@id":"https:\/\/www.gossip.it\/#website"},"primaryImageOfPage":{"@id":"https:\/\/www.gossip.it\/news\/aurora-ramazzotti-vacanza-compagno-figlio-insolita-localita\/#primaryimage"},"image":{"@id":"https:\/\/www.gossip.it\/news\/aurora-ramazzotti-vacanza-compagno-figlio-insolita-localita\/#primaryimage"},"thumbnailUrl":"https:\/\/www.gossip.it\/wp-content\/uploads\/2024\/08\/lancio-auri-6.8.jpg","datePublished":"2024-08-06T11:21:51+00:00","dateModified":"2024-08-07T10:57:17+00:00","description":"''Seconda estate con questo bign\u00e9'': Aurora Ramazzotti in vacanza con compagno e figlio in una insolita localit\u00e0, foto","breadcrumb":{"@id":"https:\/\/www.gossip.it\/news\/aurora-ramazzotti-vacanza-compagno-figlio-insolita-localita\/#breadcrumb"},"inLanguage":"it-IT","potentialAction":[{"@type":"ReadAction","target":["https:\/\/www.gossip.it\/news\/aurora-ramazzotti-vacanza-compagno-figlio-insolita-localita\/"]}]},{"@type":"ImageObject","inLanguage":"it-IT","@id":"https:\/\/www.gossip.it\/news\/aurora-ramazzotti-vacanza-compagno-figlio-insolita-localita\/#primaryimage","url":"https:\/\/www.gossip.it\/wp-content\/uploads\/2024\/08\/lancio-auri-6.8.jpg","contentUrl":"https:\/\/www.gossip.it\/wp-content\/uploads\/2024\/08\/lancio-auri-6.8.jpg","width":2000,"height":1300},{"@type":"BreadcrumbList","@id":"https:\/\/www.gossip.it\/news\/aurora-ramazzotti-vacanza-compagno-figlio-insolita-localita\/#breadcrumb","itemListElement":[{"@type":"ListItem","position":1,"name":"Home","item":"https:\/\/www.gossip.it\/"},{"@type":"ListItem","position":2,"name":"''Seconda estate con questo bign\u00e9'': Aurora Ramazzotti in vacanza con compagno e figlio in una insolita localit\u00e0, foto"}]},{"@type":"WebSite","@id":"https:\/\/www.gossip.it\/#website","url":"https:\/\/www.gossip.it\/","name":"Gossip and VIP News","description":"Quotidiano di cronaca rosa, costume e societ\u00e0","publisher":{"@id":"https:\/\/www.gossip.it\/#organization"},"alternateName":"Gossip and VIP News","potentialAction":[{"@type":"SearchAction","target":{"@type":"EntryPoint","urlTemplate":"https:\/\/www.gossip.it\/?s={search_term_string}"},"query-input":{"@type":"PropertyValueSpecification","valueRequired":true,"valueName":"search_term_string"}}],"inLanguage":"it-IT"},{"@type":"Organization","@id":"https:\/\/www.gossip.it\/#organization","name":"Gossip and VIP News","alternateName":"Gossip News","url":"https:\/\/www.gossip.it\/","logo":{"@type":"ImageObject","inLanguage":"it-IT","@id":"https:\/\/www.gossip.it\/#\/schema\/logo\/image\/","url":"https:\/\/www.gossip.it\/wp-content\/uploads\/2022\/04\/cropped-corna-alta-tiny.png","contentUrl":"https:\/\/www.gossip.it\/wp-content\/uploads\/2022\/04\/cropped-corna-alta-tiny.png","width":512,"height":512,"caption":"Gossip and VIP News"},"image":{"@id":"https:\/\/www.gossip.it\/#\/schema\/logo\/image\/"},"sameAs":["https:\/\/www.facebook.com\/GossipIT","https:\/\/x.com\/gossinews_it","https:\/\/instagram.com\/gossip_it"]},{"@type":"Person","@id":"https:\/\/www.gossip.it\/#\/schema\/person\/df4a88c190f338e21427b6f342595faa","name":"Carla Giuni","image":{"@type":"ImageObject","inLanguage":"it-IT","@id":"https:\/\/www.gossip.it\/#\/schema\/person\/image\/","url":"https:\/\/secure.gravatar.com\/avatar\/9caf92f895c8e9a7cca263cd6e3860da8edad54c0a92046a7e363cbd3fa35c36?s=96&d=mm&r=g","contentUrl":"https:\/\/secure.gravatar.com\/avatar\/9caf92f895c8e9a7cca263cd6e3860da8edad54c0a92046a7e363cbd3fa35c36?s=96&d=mm&r=g","caption":"Carla Giuni"}}]}},"amp_enabled":true,"_links":{"self":[{"href":"https:\/\/www.gossip.it\/api\/wp\/v2\/posts\/177875","targetHints":{"allow":["GET"]}}],"collection":[{"href":"https:\/\/www.gossip.it\/api\/wp\/v2\/posts"}],"about":[{"href":"https:\/\/www.gossip.it\/api\/wp\/v2\/types\/post"}],"author":[{"embeddable":true,"href":"https:\/\/www.gossip.it\/api\/wp\/v2\/users\/24"}],"replies":[{"embeddable":true,"href":"https:\/\/www.gossip.it\/api\/wp\/v2\/comments?post=177875"}],"version-history":[{"count":1,"href":"https:\/\/www.gossip.it\/api\/wp\/v2\/posts\/177875\/revisions"}],"predecessor-version":[{"id":177882,"href":"https:\/\/www.gossip.it\/api\/wp\/v2\/posts\/177875\/revisions\/177882"}],"wp:featuredmedia":[{"embeddable":true,"href":"https:\/\/www.gossip.it\/api\/wp\/v2\/media\/177881"}],"wp:attachment":[{"href":"https:\/\/www.gossip.it\/api\/wp\/v2\/media?parent=177875"}],"wp:term":[{"taxonomy":"category","embeddable":true,"href":"https:\/\/www.gossip.it\/api\/wp\/v2\/categories?post=177875"},{"taxonomy":"post_tag","embeddable":true,"href":"https:\/\/www.gossip.it\/api\/wp\/v2\/tags?post=177875"},{"taxonomy":"vip","embeddable":true,"href":"https:\/\/www.gossip.it\/api\/wp\/v2\/vip?post=177875"}],"curies":[{"name":"wp","href":"https:\/\/api.w.org\/{rel}","templated":true}]}}