{"id":178528,"date":"2024-08-26T12:53:06","date_gmt":"2024-08-26T10:53:06","guid":{"rendered":"https:\/\/www.gossip.it\/?p=178528"},"modified":"2024-08-26T16:11:14","modified_gmt":"2024-08-26T14:11:14","slug":"persona-malata-asia-argento-morgan","status":"publish","type":"post","link":"https:\/\/www.gossip.it\/news\/persona-malata-asia-argento-morgan\/","title":{"rendered":"''E\u2019 una persona malata'': Asia Argento parla dell\u2019ex Morgan e definisce \u2018terrificanti\u2019 gli ultimi fatti legati a lui"},"content":{"rendered":"\n<ul class=\"wp-block-list\">\n<li>L\u2019attrice 48enne \u00e8 stata legata al cantante in passato, con lui ha una figlia<\/li>\n\n\n\n<li>Al Corriere della Sera ha detto che \u00e8 \u2018malato\u2019 e non ha ancora iniziato un cambiamento<\/li>\n<\/ul>\n\n\n\n<p><strong><a href=\"https:\/\/www.gossip.it\/?s=asia+argento\">Asia Argento<\/a><\/strong> pensa che <strong>Morgan<\/strong>, al secolo Marco Castoldi, sia <em>\u201cmalato\u201d<\/em>.<\/p>\n\n\n\n<p>L\u2019attrice lo ha detto durante un\u2019intervista rilasciata a <em>\u2018Il Corriere della Sera\u2019<\/em>, spiegando di pensare che l\u2019ex, padre di sua figlia 23enne Anna Lou, non abbia ancora iniziato un percorso che lo porti a un <em>\u201ccambiamento\u201d<\/em>.<\/p>\n\n\n\n<p>Ad Asia, che negli ultimi anni si \u00e8 liberata dalle dipendenze, \u00e8 stato chiesto se verso gli eccessi di un uomo ci sia pi\u00f9 \u201cindulgenza\u201d. Ha risposto: <em>\u201cNon credo sia questione di genere: <strong>Marco \u00e8 una persona malata<\/strong> che ancora non ha iniziato un cambiamento. Pasolini, dipendente dal sesso, l'ha detto meglio di tutti: non sei tu, \u00e8 come se ci fosse una persona accanto a te che ti dice di fare queste cose\u201d<\/em>.<\/p>\n\n\n\n<figure class=\"wp-block-image size-large\"><img decoding=\"async\" width=\"819\" height=\"1024\" src=\"https:\/\/www.gossip.it\/wp-content\/uploads\/2024\/08\/asia_argento-819x1024.jpg\" alt=\"\" class=\"wp-image-178529\" srcset=\"https:\/\/www.gossip.it\/wp-content\/uploads\/2024\/08\/asia_argento-819x1024.jpg 819w, https:\/\/www.gossip.it\/wp-content\/uploads\/2024\/08\/asia_argento-240x300.jpg 240w, https:\/\/www.gossip.it\/wp-content\/uploads\/2024\/08\/asia_argento-768x960.jpg 768w, https:\/\/www.gossip.it\/wp-content\/uploads\/2024\/08\/asia_argento-750x938.jpg 750w, https:\/\/www.gossip.it\/wp-content\/uploads\/2024\/08\/asia_argento.jpg 1134w\" sizes=\"(max-width: 819px) 100vw, 819px\" \/><figcaption class=\"wp-element-caption\">Asia Argento, 48 anni, ha definito l'ex Morgan una 'persona malata'<\/figcaption><\/figure>\n\n\n\n<p><em>\u201cQuando vedo quello che dicevo o facevo prima mi vergogno. Ogni sei mesi c'era una shitstorm: ma non ero io. <strong>Gli ultimi fatti legati a Marco sono terrificanti<\/strong>, ma se lui avesse avuto la grazia di desiderare di rimanere pulito non si sarebbe comportato in quel modo\u201d<\/em>, ha aggiunto.<\/p>\n\n\n\n<p><em>\u201cNon lo sto giustificando: anzi forse pagare pu\u00f2 essere l'unica cosa in grado di fermare il suo autolesionismo\u201d<\/em>, ha continuato.<\/p>\n\n\n\n<p>Parlando proprio del traguardo dei suoi tre anni di \u201csobriet\u00e0\u201d, la 48enne ha quindi raccontato: <em>\u201cHo molta <strong>paura di tornare dov'ero<\/strong>. Ma mi impegno molto attraverso pratiche quotidiane, come la meditazione, per non ricaderci. Quarantacinque minuti, un'ora: ogni mattina. Perch\u00e9 la mia naturale condizione sarebbe di andare verso il buio. Le voci, i pensieri parassiti: una sorta di vergogna che ho sin da piccola, un senso di spavento quando devo stare in mezzo agli altri\u201d<\/em>.<\/p>\n\n\n\n<p>La vita di Asia, figlia del re dell\u2019horror Dario Argento, non \u00e8 stata facile. Da bambina sua madre era violenta con lei. Non ne ha parlato fino a quando <strong>Daria Nicolodi <\/strong>non \u00e8 morta nel 2020.<\/p>\n\n\n\n<p><em>\u201cFinch\u00e9 mia madre era viva non potevo raccontare che fosse stata violenta fisicamente. A cinque anni mi mandava a comprare le <strong>bottiglie di vodka<\/strong>. Le vedevo svuotarsi in fretta nel freezer. Dicevo a mia sorella: \u2018Guarda che mamma beve tanto\u2019, ma non mi dava retta. Non l'ho raccontato perch\u00e9 mi dispiaceva, o avevo ancora paura di lei\u201d<\/em>, ha fatto sapere.<\/p>\n","protected":false},"excerpt":{"rendered":"<p>L'attrice 48enne a 'Il Corriere della Sera' ha...<\/p>\n","protected":false},"author":1,"featured_media":178531,"comment_status":"open","ping_status":"closed","sticky":false,"template":"","format":"standard","meta":{"footnotes":""},"categories":[54],"tags":[79292,79293],"vip":[373,1381],"class_list":["post-178528","post","type-post","status-publish","format-standard","has-post-thumbnail","hentry","category-news","tag-asia-argento-morgan","tag-morgan-e-asia-argento","vip-asia_argento","vip-morgan"],"yoast_head":"<title>&#039;&#039;E\u2019 una persona malata&#039;&#039;: Asia Argento parla dell\u2019ex Morgan e definisce \u2018terrificanti\u2019 gli ultimi fatti legati a lui - Gossip.it | News sul Gossip e VIP<\/title>\n<meta name=\"description\" content=\"L\u2019attrice 48enne \u00e8 stata legata al cantante in passato, con lui ha una figlia. Al Corriere della Sera ha detto che \u00e8 \u2018malato\u2019 e non...\" \/>\n<meta name=\"robots\" content=\"index, follow, max-snippet:-1, max-image-preview:large, max-video-preview:-1\" \/>\n<link rel=\"canonical\" href=\"https:\/\/www.gossip.it\/news\/persona-malata-asia-argento-morgan\/\" \/>\n<meta property=\"og:locale\" content=\"it_IT\" \/>\n<meta property=\"og:type\" content=\"article\" \/>\n<meta property=\"og:title\" content=\"&#039;&#039;E\u2019 una persona malata&#039;&#039;: Asia Argento parla dell\u2019ex Morgan e definisce \u2018terrificanti\u2019 gli ultimi fatti legati a lui - Gossip.it | News sul Gossip e VIP\" \/>\n<meta property=\"og:description\" content=\"L\u2019attrice 48enne \u00e8 stata legata al cantante in passato, con lui ha una figlia. Al Corriere della Sera ha detto che \u00e8 \u2018malato\u2019 e non...\" \/>\n<meta property=\"og:url\" content=\"https:\/\/www.gossip.it\/news\/persona-malata-asia-argento-morgan\/\" \/>\n<meta property=\"og:site_name\" content=\"Gossip.it | News sul Gossip e VIP\" \/>\n<meta property=\"article:publisher\" content=\"https:\/\/www.facebook.com\/GossipIT\" \/>\n<meta property=\"article:published_time\" content=\"2024-08-26T10:53:06+00:00\" \/>\n<meta property=\"article:modified_time\" content=\"2024-08-26T14:11:14+00:00\" \/>\n<meta property=\"og:image\" content=\"https:\/\/www.gossip.it\/wp-content\/uploads\/2024\/08\/lancio-ASIA-FB.jpg\" \/>\n\t<meta property=\"og:image:width\" content=\"1134\" \/>\n\t<meta property=\"og:image:height\" content=\"657\" \/>\n\t<meta property=\"og:image:type\" content=\"image\/jpeg\" \/>\n<meta name=\"author\" content=\"La Redazione\" \/>\n<meta name=\"twitter:card\" content=\"summary_large_image\" \/>\n<meta name=\"twitter:creator\" content=\"@gossinews_it\" \/>\n<meta name=\"twitter:site\" content=\"@gossinews_it\" \/>\n<meta name=\"twitter:label1\" content=\"Scritto da\" \/>\n\t<meta name=\"twitter:data1\" content=\"La Redazione\" \/>\n\t<meta name=\"twitter:label2\" content=\"Tempo di lettura stimato\" \/>\n\t<meta name=\"twitter:data2\" content=\"3 minuti\" \/>","yoast_head_json":{"title":"''E\u2019 una persona malata'': Asia Argento parla dell\u2019ex Morgan e definisce \u2018terrificanti\u2019 gli ultimi fatti legati a lui - Gossip.it | News sul Gossip e VIP","description":"L\u2019attrice 48enne \u00e8 stata legata al cantante in passato, con lui ha una figlia. Al Corriere della Sera ha detto che \u00e8 \u2018malato\u2019 e non...","robots":{"index":"index","follow":"follow","max-snippet":"max-snippet:-1","max-image-preview":"max-image-preview:large","max-video-preview":"max-video-preview:-1"},"canonical":"https:\/\/www.gossip.it\/news\/persona-malata-asia-argento-morgan\/","og_locale":"it_IT","og_type":"article","og_title":"''E\u2019 una persona malata'': Asia Argento parla dell\u2019ex Morgan e definisce \u2018terrificanti\u2019 gli ultimi fatti legati a lui - Gossip.it | News sul Gossip e VIP","og_description":"L\u2019attrice 48enne \u00e8 stata legata al cantante in passato, con lui ha una figlia. Al Corriere della Sera ha detto che \u00e8 \u2018malato\u2019 e non...","og_url":"https:\/\/www.gossip.it\/news\/persona-malata-asia-argento-morgan\/","og_site_name":"Gossip.it | News sul Gossip e VIP","article_publisher":"https:\/\/www.facebook.com\/GossipIT","article_published_time":"2024-08-26T10:53:06+00:00","article_modified_time":"2024-08-26T14:11:14+00:00","og_image":[{"width":1134,"height":657,"url":"https:\/\/www.gossip.it\/wp-content\/uploads\/2024\/08\/lancio-ASIA-FB.jpg","type":"image\/jpeg"}],"author":"La Redazione","twitter_card":"summary_large_image","twitter_creator":"@gossinews_it","twitter_site":"@gossinews_it","twitter_misc":{"Scritto da":"La Redazione","Tempo di lettura stimato":"3 minuti"},"schema":{"@context":"https:\/\/schema.org","@graph":[{"@type":"Article","@id":"https:\/\/www.gossip.it\/news\/persona-malata-asia-argento-morgan\/#article","isPartOf":{"@id":"https:\/\/www.gossip.it\/news\/persona-malata-asia-argento-morgan\/"},"author":{"name":"La Redazione","@id":"https:\/\/www.gossip.it\/#\/schema\/person\/488896f75158bff1cc83c6c39d141110"},"headline":"''E\u2019 una persona malata'': Asia Argento parla dell\u2019ex Morgan e definisce \u2018terrificanti\u2019 gli ultimi fatti legati a lui","datePublished":"2024-08-26T10:53:06+00:00","dateModified":"2024-08-26T14:11:14+00:00","mainEntityOfPage":{"@id":"https:\/\/www.gossip.it\/news\/persona-malata-asia-argento-morgan\/"},"wordCount":423,"commentCount":0,"publisher":{"@id":"https:\/\/www.gossip.it\/#organization"},"image":{"@id":"https:\/\/www.gossip.it\/news\/persona-malata-asia-argento-morgan\/#primaryimage"},"thumbnailUrl":"https:\/\/www.gossip.it\/wp-content\/uploads\/2024\/08\/lanci-ASIA.jpg","keywords":["asia argento morgan","morgan e asia argento"],"articleSection":["News"],"inLanguage":"it-IT","potentialAction":[{"@type":"CommentAction","name":"Comment","target":["https:\/\/www.gossip.it\/news\/persona-malata-asia-argento-morgan\/#respond"]}]},{"@type":"WebPage","@id":"https:\/\/www.gossip.it\/news\/persona-malata-asia-argento-morgan\/","url":"https:\/\/www.gossip.it\/news\/persona-malata-asia-argento-morgan\/","name":"''E\u2019 una persona malata'': Asia Argento parla dell\u2019ex Morgan e definisce \u2018terrificanti\u2019 gli ultimi fatti legati a lui - Gossip.it | News sul Gossip e VIP","isPartOf":{"@id":"https:\/\/www.gossip.it\/#website"},"primaryImageOfPage":{"@id":"https:\/\/www.gossip.it\/news\/persona-malata-asia-argento-morgan\/#primaryimage"},"image":{"@id":"https:\/\/www.gossip.it\/news\/persona-malata-asia-argento-morgan\/#primaryimage"},"thumbnailUrl":"https:\/\/www.gossip.it\/wp-content\/uploads\/2024\/08\/lanci-ASIA.jpg","datePublished":"2024-08-26T10:53:06+00:00","dateModified":"2024-08-26T14:11:14+00:00","description":"L\u2019attrice 48enne \u00e8 stata legata al cantante in passato, con lui ha una figlia. Al Corriere della Sera ha detto che \u00e8 \u2018malato\u2019 e non...","breadcrumb":{"@id":"https:\/\/www.gossip.it\/news\/persona-malata-asia-argento-morgan\/#breadcrumb"},"inLanguage":"it-IT","potentialAction":[{"@type":"ReadAction","target":["https:\/\/www.gossip.it\/news\/persona-malata-asia-argento-morgan\/"]}]},{"@type":"ImageObject","inLanguage":"it-IT","@id":"https:\/\/www.gossip.it\/news\/persona-malata-asia-argento-morgan\/#primaryimage","url":"https:\/\/www.gossip.it\/wp-content\/uploads\/2024\/08\/lanci-ASIA.jpg","contentUrl":"https:\/\/www.gossip.it\/wp-content\/uploads\/2024\/08\/lanci-ASIA.jpg","width":1134,"height":808},{"@type":"BreadcrumbList","@id":"https:\/\/www.gossip.it\/news\/persona-malata-asia-argento-morgan\/#breadcrumb","itemListElement":[{"@type":"ListItem","position":1,"name":"Home","item":"https:\/\/www.gossip.it\/"},{"@type":"ListItem","position":2,"name":"''E\u2019 una persona malata'': Asia Argento parla dell\u2019ex Morgan e definisce \u2018terrificanti\u2019 gli ultimi fatti legati a lui"}]},{"@type":"WebSite","@id":"https:\/\/www.gossip.it\/#website","url":"https:\/\/www.gossip.it\/","name":"Gossip and VIP News","description":"Quotidiano di cronaca rosa, costume e societ\u00e0","publisher":{"@id":"https:\/\/www.gossip.it\/#organization"},"alternateName":"Gossip and VIP News","potentialAction":[{"@type":"SearchAction","target":{"@type":"EntryPoint","urlTemplate":"https:\/\/www.gossip.it\/?s={search_term_string}"},"query-input":{"@type":"PropertyValueSpecification","valueRequired":true,"valueName":"search_term_string"}}],"inLanguage":"it-IT"},{"@type":"Organization","@id":"https:\/\/www.gossip.it\/#organization","name":"Gossip and VIP News","alternateName":"Gossip News","url":"https:\/\/www.gossip.it\/","logo":{"@type":"ImageObject","inLanguage":"it-IT","@id":"https:\/\/www.gossip.it\/#\/schema\/logo\/image\/","url":"https:\/\/www.gossip.it\/wp-content\/uploads\/2022\/04\/cropped-corna-alta-tiny.png","contentUrl":"https:\/\/www.gossip.it\/wp-content\/uploads\/2022\/04\/cropped-corna-alta-tiny.png","width":512,"height":512,"caption":"Gossip and VIP News"},"image":{"@id":"https:\/\/www.gossip.it\/#\/schema\/logo\/image\/"},"sameAs":["https:\/\/www.facebook.com\/GossipIT","https:\/\/x.com\/gossinews_it","https:\/\/instagram.com\/gossip_it"]},{"@type":"Person","@id":"https:\/\/www.gossip.it\/#\/schema\/person\/488896f75158bff1cc83c6c39d141110","name":"La Redazione","image":{"@type":"ImageObject","inLanguage":"it-IT","@id":"https:\/\/www.gossip.it\/#\/schema\/person\/image\/","url":"https:\/\/secure.gravatar.com\/avatar\/5a5f5c6fa3e6700e4249abdad0263a1e94e927d9e0499b1cb09c1cd29c044d80?s=96&d=mm&r=g","contentUrl":"https:\/\/secure.gravatar.com\/avatar\/5a5f5c6fa3e6700e4249abdad0263a1e94e927d9e0499b1cb09c1cd29c044d80?s=96&d=mm&r=g","caption":"La Redazione"},"sameAs":["https:\/\/www.gossip.it"]}]}},"amp_enabled":true,"_links":{"self":[{"href":"https:\/\/www.gossip.it\/api\/wp\/v2\/posts\/178528","targetHints":{"allow":["GET"]}}],"collection":[{"href":"https:\/\/www.gossip.it\/api\/wp\/v2\/posts"}],"about":[{"href":"https:\/\/www.gossip.it\/api\/wp\/v2\/types\/post"}],"author":[{"embeddable":true,"href":"https:\/\/www.gossip.it\/api\/wp\/v2\/users\/1"}],"replies":[{"embeddable":true,"href":"https:\/\/www.gossip.it\/api\/wp\/v2\/comments?post=178528"}],"version-history":[{"count":1,"href":"https:\/\/www.gossip.it\/api\/wp\/v2\/posts\/178528\/revisions"}],"predecessor-version":[{"id":178532,"href":"https:\/\/www.gossip.it\/api\/wp\/v2\/posts\/178528\/revisions\/178532"}],"wp:featuredmedia":[{"embeddable":true,"href":"https:\/\/www.gossip.it\/api\/wp\/v2\/media\/178531"}],"wp:attachment":[{"href":"https:\/\/www.gossip.it\/api\/wp\/v2\/media?parent=178528"}],"wp:term":[{"taxonomy":"category","embeddable":true,"href":"https:\/\/www.gossip.it\/api\/wp\/v2\/categories?post=178528"},{"taxonomy":"post_tag","embeddable":true,"href":"https:\/\/www.gossip.it\/api\/wp\/v2\/tags?post=178528"},{"taxonomy":"vip","embeddable":true,"href":"https:\/\/www.gossip.it\/api\/wp\/v2\/vip?post=178528"}],"curies":[{"name":"wp","href":"https:\/\/api.w.org\/{rel}","templated":true}]}}