{"id":179137,"date":"2024-09-05T12:49:25","date_gmt":"2024-09-05T10:49:25","guid":{"rendered":"https:\/\/www.gossip.it\/?p=179137"},"modified":"2024-09-06T12:59:20","modified_gmt":"2024-09-06T10:59:20","slug":"grande-fratello-luca-calvani","status":"publish","type":"post","link":"https:\/\/www.gossip.it\/news\/grande-fratello-luca-calvani\/","title":{"rendered":"Annunciato il primo concorrente ufficiale del Grande Fratello: \u00e8 Luca Calvani, da 'Sex and The City' al coming out, ecco chi \u00e8"},"content":{"rendered":"\n<ul class=\"wp-block-list\">\n<li>Il reality prender\u00e0 il via il 16 settembre su Canale 5: al timone ancora una volta Alfonso Signorini<\/li>\n\n\n\n<li>L\u2019attore 50enne entra nella Casa pi\u00f9 spiata d\u2019Italia, nel 2006 ha vinto l\u2019<em>Isola dei Famosi<\/em><\/li>\n<\/ul>\n\n\n\n<p><em>\u201cE\u2019 tra i protagonisti che vivranno nella Casa pi\u00f9 spiata d'Italia e interagir\u00e0 con tutti gli altri concorrenti, tra cui <strong><a href=\"http:\/\/www.gossip.it\/vip\/jessica-morlacchi\">Jessica Morlacchi<\/a><\/strong> e le tre ragazze di Non \u00e8 la Rai <strong><a href=\"http:\/\/www.gossip.it\/vip\/pamela-petrarolo\">Pamela Petrarolo<\/a>, <a href=\"http:\/\/www.gossip.it\/vip\/ilaria-galassi\">Ilaria Galassi<\/a> ed <a href=\"http:\/\/www.gossip.it\/vip\/eleonora-cecere\">Eleonora Cecere<\/a><\/strong>\u201d<\/em>, si legge sul sito Mediaset. <strong>E\u2019 stato annunciato il primo concorrente ufficiale del <em>Grande Fratello<\/em>: \u00e8 <a href=\"http:\/\/www.gossip.it\/vip\/luca-calvani\">Luca Calvani<\/a><\/strong>. E\u2019 l\u2019attore 50enne a essere ufficializzato sull\u2019account del reality show, che prender\u00e0 il via il prossimo 16 settembre su Canae 5. <em>\u201cGrande fascino e personalit\u00e0: Luca Calvani \u00e8 pronto a varcare la Porta Rossa\u201d<\/em>, scrivono nel post che accompagna una breve clip.<\/p>\n\n\n\n<figure class=\"wp-block-image size-large is-resized\"><img decoding=\"async\" width=\"659\" height=\"1024\" src=\"https:\/\/www.gossip.it\/wp-content\/uploads\/2024\/09\/calvani_gf_1-659x1024.jpg\" alt=\"\" class=\"wp-image-179138\" style=\"width:768px;height:auto\" srcset=\"https:\/\/www.gossip.it\/wp-content\/uploads\/2024\/09\/calvani_gf_1-659x1024.jpg 659w, https:\/\/www.gossip.it\/wp-content\/uploads\/2024\/09\/calvani_gf_1-193x300.jpg 193w, https:\/\/www.gossip.it\/wp-content\/uploads\/2024\/09\/calvani_gf_1-768x1193.jpg 768w, https:\/\/www.gossip.it\/wp-content\/uploads\/2024\/09\/calvani_gf_1-989x1536.jpg 989w, https:\/\/www.gossip.it\/wp-content\/uploads\/2024\/09\/calvani_gf_1-750x1165.jpg 750w, https:\/\/www.gossip.it\/wp-content\/uploads\/2024\/09\/calvani_gf_1.jpg 1134w\" sizes=\"(max-width: 659px) 100vw, 659px\" \/><figcaption class=\"wp-element-caption\">Annunciato il primo concorrente ufficiale del <em>Grande Fratello<\/em>: \u00e8 Luca Calvani, da <em>'Sex and The City'<\/em> al coming out, ecco chi \u00e8<\/figcaption><\/figure>\n\n\n\n<p>Luca Calvani, nato a Prato il 7 agosto 1974, ha studiato recitazione all\u2019<strong>Actor\u2019s Studio a New York<\/strong>. Ha proseguito il suo percorso all\u2019<strong>Accademia di Recitazione Silvio d\u2019Amico.<\/strong> Da giovanissimo ha lavorato anche come modello. Sono innumerevoli le fiction e i film a cui ha preso parte.<strong> <\/strong>Ha recitato anche in <strong>famosissime serie televisive americane come <em>Sex and the City<\/em> e <em>Beautiful<\/em><\/strong>. Nel 2004 ha preso parte a <em>Uomini e Donne<\/em>, nel 2006 ha deciso di <em>\u2018naufragare' <\/em>all\u2019<em>Isola dei Famosi<\/em>, dove ha avuto una vicinanza <em>\u2018speciale\u2019<\/em> con <a href=\"http:\/\/www.gossip.it\/vip\/sara-tommasi\">Sara Tommasi<\/a>. Ne \u00e8 uscito vincitore, conquistando la medaglia d\u2019oro della quarta edizione del reality.<\/p>\n\n\n\n<p>Calvani ha continuato ad alternare cinema e televisione. Ma \u00e8 la sua vita privata ad attirare i riflettori. Sposato dal 2000 al 2016 con Francesca Arena, da cui nel 2009 ha avuto una figlia, Bianca, <em>nel 2022 decide di fare coming out<\/em>, presentando il compagno, con cui viveva una relazione gi\u00e0 da tempo, sei anni, sui social. <strong>Lui \u00e8 l\u2019imprenditore Alessandro Franchini<\/strong>, suo socio in affari con il quale vive a Camaiore, in provincia di Lucca, nel resort che i due hanno messo su insieme. Insieme a loro pure gli amatissimi bassotti.<\/p>\n\n\n\n<figure class=\"wp-block-image size-large\"><img decoding=\"async\" width=\"819\" height=\"1024\" src=\"https:\/\/www.gossip.it\/wp-content\/uploads\/2024\/09\/calvani_gf_2-819x1024.jpg\" alt=\"\" class=\"wp-image-179139\" srcset=\"https:\/\/www.gossip.it\/wp-content\/uploads\/2024\/09\/calvani_gf_2-819x1024.jpg 819w, https:\/\/www.gossip.it\/wp-content\/uploads\/2024\/09\/calvani_gf_2-240x300.jpg 240w, https:\/\/www.gossip.it\/wp-content\/uploads\/2024\/09\/calvani_gf_2-768x960.jpg 768w, https:\/\/www.gossip.it\/wp-content\/uploads\/2024\/09\/calvani_gf_2-750x938.jpg 750w, https:\/\/www.gossip.it\/wp-content\/uploads\/2024\/09\/calvani_gf_2.jpg 1134w\" sizes=\"(max-width: 819px) 100vw, 819px\" \/><figcaption class=\"wp-element-caption\">L'attore 50enne con uno dei suoi adorabili bassotti<\/figcaption><\/figure>\n\n\n\n<p>Luca \u00e8 uno dei personaggi di spicco del nuovo <em>GF<\/em>: <a href=\"http:\/\/www.gossip.it\/vip\/alfonso-signorini\">Alfonso Signorini<\/a>, sempre al timone del reality, potr\u00e0 mettere a nudo molti aspetti dell\u2019esistenza dell\u2019artista, finora sempre molto riservato.<\/p>\n","protected":false},"excerpt":{"rendered":"<p>Il reality prender\u00e0 il via il 16 settembre su Canale 5...<\/p>\n","protected":false},"author":24,"featured_media":179140,"comment_status":"open","ping_status":"closed","sticky":false,"template":"","format":"standard","meta":{"footnotes":""},"categories":[54],"tags":[63538,2697,2106,2793,19682,79438,2291,2097],"vip":[1142],"class_list":["post-179137","post","type-post","status-publish","format-standard","has-post-thumbnail","hentry","category-news","tag-alfonsosignorini","tag-canale5","tag-gf","tag-gossip","tag-grandefratello","tag-lucacalvanigf","tag-mediaset","tag-tv","vip-luca_calvani"],"yoast_head":"<title>Annunciato il primo concorrente ufficiale del Grande Fratello: \u00e8 Luca Calvani, da &#039;Sex and The City&#039; al coming out, ecco chi \u00e8 - Gossip.it | News sul Gossip e VIP<\/title>\n<meta name=\"description\" content=\"Annunciato il primo concorrente ufficiale del Grande Fratello: \u00e8 Luca Calvani, da &#039;Sex and The City&#039; al coming out, ecco chi \u00e8\" \/>\n<meta name=\"robots\" content=\"index, follow, max-snippet:-1, max-image-preview:large, max-video-preview:-1\" \/>\n<link rel=\"canonical\" href=\"https:\/\/www.gossip.it\/news\/grande-fratello-luca-calvani\/\" \/>\n<meta property=\"og:locale\" content=\"it_IT\" \/>\n<meta property=\"og:type\" content=\"article\" \/>\n<meta property=\"og:title\" content=\"Annunciato il primo concorrente ufficiale del Grande Fratello: \u00e8 Luca Calvani, da &#039;Sex and The City&#039; al coming out, ecco chi \u00e8 - Gossip.it | News sul Gossip e VIP\" \/>\n<meta property=\"og:description\" content=\"Annunciato il primo concorrente ufficiale del Grande Fratello: \u00e8 Luca Calvani, da &#039;Sex and The City&#039; al coming out, ecco chi \u00e8\" \/>\n<meta property=\"og:url\" content=\"https:\/\/www.gossip.it\/news\/grande-fratello-luca-calvani\/\" \/>\n<meta property=\"og:site_name\" content=\"Gossip.it | News sul Gossip e VIP\" \/>\n<meta property=\"article:publisher\" content=\"https:\/\/www.facebook.com\/GossipIT\" \/>\n<meta property=\"article:published_time\" content=\"2024-09-05T10:49:25+00:00\" \/>\n<meta property=\"article:modified_time\" content=\"2024-09-06T10:59:20+00:00\" \/>\n<meta property=\"og:image\" content=\"https:\/\/www.gossip.it\/wp-content\/uploads\/2024\/09\/lancio-CALVANI-FB.jpg\" \/>\n\t<meta property=\"og:image:width\" content=\"1134\" \/>\n\t<meta property=\"og:image:height\" content=\"664\" \/>\n\t<meta property=\"og:image:type\" content=\"image\/jpeg\" \/>\n<meta name=\"author\" content=\"Carla Giuni\" \/>\n<meta name=\"twitter:card\" content=\"summary_large_image\" \/>\n<meta name=\"twitter:creator\" content=\"@gossinews_it\" \/>\n<meta name=\"twitter:site\" content=\"@gossinews_it\" \/>\n<meta name=\"twitter:label1\" content=\"Scritto da\" \/>\n\t<meta name=\"twitter:data1\" content=\"Carla Giuni\" \/>\n\t<meta name=\"twitter:label2\" content=\"Tempo di lettura stimato\" \/>\n\t<meta name=\"twitter:data2\" content=\"3 minuti\" \/>","yoast_head_json":{"title":"Annunciato il primo concorrente ufficiale del Grande Fratello: \u00e8 Luca Calvani, da 'Sex and The City' al coming out, ecco chi \u00e8 - Gossip.it | News sul Gossip e VIP","description":"Annunciato il primo concorrente ufficiale del Grande Fratello: \u00e8 Luca Calvani, da 'Sex and The City' al coming out, ecco chi \u00e8","robots":{"index":"index","follow":"follow","max-snippet":"max-snippet:-1","max-image-preview":"max-image-preview:large","max-video-preview":"max-video-preview:-1"},"canonical":"https:\/\/www.gossip.it\/news\/grande-fratello-luca-calvani\/","og_locale":"it_IT","og_type":"article","og_title":"Annunciato il primo concorrente ufficiale del Grande Fratello: \u00e8 Luca Calvani, da 'Sex and The City' al coming out, ecco chi \u00e8 - Gossip.it | News sul Gossip e VIP","og_description":"Annunciato il primo concorrente ufficiale del Grande Fratello: \u00e8 Luca Calvani, da 'Sex and The City' al coming out, ecco chi \u00e8","og_url":"https:\/\/www.gossip.it\/news\/grande-fratello-luca-calvani\/","og_site_name":"Gossip.it | News sul Gossip e VIP","article_publisher":"https:\/\/www.facebook.com\/GossipIT","article_published_time":"2024-09-05T10:49:25+00:00","article_modified_time":"2024-09-06T10:59:20+00:00","og_image":[{"width":1134,"height":664,"url":"https:\/\/www.gossip.it\/wp-content\/uploads\/2024\/09\/lancio-CALVANI-FB.jpg","type":"image\/jpeg"}],"author":"Carla Giuni","twitter_card":"summary_large_image","twitter_creator":"@gossinews_it","twitter_site":"@gossinews_it","twitter_misc":{"Scritto da":"Carla Giuni","Tempo di lettura stimato":"3 minuti"},"schema":{"@context":"https:\/\/schema.org","@graph":[{"@type":"Article","@id":"https:\/\/www.gossip.it\/news\/grande-fratello-luca-calvani\/#article","isPartOf":{"@id":"https:\/\/www.gossip.it\/news\/grande-fratello-luca-calvani\/"},"author":{"name":"Carla Giuni","@id":"https:\/\/www.gossip.it\/#\/schema\/person\/df4a88c190f338e21427b6f342595faa"},"headline":"Annunciato il primo concorrente ufficiale del Grande Fratello: \u00e8 Luca Calvani, da 'Sex and The City' al coming out, ecco chi \u00e8","datePublished":"2024-09-05T10:49:25+00:00","dateModified":"2024-09-06T10:59:20+00:00","mainEntityOfPage":{"@id":"https:\/\/www.gossip.it\/news\/grande-fratello-luca-calvani\/"},"wordCount":397,"commentCount":0,"publisher":{"@id":"https:\/\/www.gossip.it\/#organization"},"image":{"@id":"https:\/\/www.gossip.it\/news\/grande-fratello-luca-calvani\/#primaryimage"},"thumbnailUrl":"https:\/\/www.gossip.it\/wp-content\/uploads\/2024\/09\/lancio-CALVANI.jpg","keywords":["alfonsosignorini","canale5","gf","gossip","grandefratello","lucacalvanigf","mediaset","tv"],"articleSection":["News"],"inLanguage":"it-IT","potentialAction":[{"@type":"CommentAction","name":"Comment","target":["https:\/\/www.gossip.it\/news\/grande-fratello-luca-calvani\/#respond"]}]},{"@type":"WebPage","@id":"https:\/\/www.gossip.it\/news\/grande-fratello-luca-calvani\/","url":"https:\/\/www.gossip.it\/news\/grande-fratello-luca-calvani\/","name":"Annunciato il primo concorrente ufficiale del Grande Fratello: \u00e8 Luca Calvani, da 'Sex and The City' al coming out, ecco chi \u00e8 - Gossip.it | News sul Gossip e VIP","isPartOf":{"@id":"https:\/\/www.gossip.it\/#website"},"primaryImageOfPage":{"@id":"https:\/\/www.gossip.it\/news\/grande-fratello-luca-calvani\/#primaryimage"},"image":{"@id":"https:\/\/www.gossip.it\/news\/grande-fratello-luca-calvani\/#primaryimage"},"thumbnailUrl":"https:\/\/www.gossip.it\/wp-content\/uploads\/2024\/09\/lancio-CALVANI.jpg","datePublished":"2024-09-05T10:49:25+00:00","dateModified":"2024-09-06T10:59:20+00:00","description":"Annunciato il primo concorrente ufficiale del Grande Fratello: \u00e8 Luca Calvani, da 'Sex and The City' al coming out, ecco chi \u00e8","breadcrumb":{"@id":"https:\/\/www.gossip.it\/news\/grande-fratello-luca-calvani\/#breadcrumb"},"inLanguage":"it-IT","potentialAction":[{"@type":"ReadAction","target":["https:\/\/www.gossip.it\/news\/grande-fratello-luca-calvani\/"]}]},{"@type":"ImageObject","inLanguage":"it-IT","@id":"https:\/\/www.gossip.it\/news\/grande-fratello-luca-calvani\/#primaryimage","url":"https:\/\/www.gossip.it\/wp-content\/uploads\/2024\/09\/lancio-CALVANI.jpg","contentUrl":"https:\/\/www.gossip.it\/wp-content\/uploads\/2024\/09\/lancio-CALVANI.jpg","width":1134,"height":808},{"@type":"BreadcrumbList","@id":"https:\/\/www.gossip.it\/news\/grande-fratello-luca-calvani\/#breadcrumb","itemListElement":[{"@type":"ListItem","position":1,"name":"Home","item":"https:\/\/www.gossip.it\/"},{"@type":"ListItem","position":2,"name":"Annunciato il primo concorrente ufficiale del Grande Fratello: \u00e8 Luca Calvani, da 'Sex and The City' al coming out, ecco chi \u00e8"}]},{"@type":"WebSite","@id":"https:\/\/www.gossip.it\/#website","url":"https:\/\/www.gossip.it\/","name":"Gossip and VIP News","description":"Quotidiano di cronaca rosa, costume e societ\u00e0","publisher":{"@id":"https:\/\/www.gossip.it\/#organization"},"alternateName":"Gossip and VIP News","potentialAction":[{"@type":"SearchAction","target":{"@type":"EntryPoint","urlTemplate":"https:\/\/www.gossip.it\/?s={search_term_string}"},"query-input":{"@type":"PropertyValueSpecification","valueRequired":true,"valueName":"search_term_string"}}],"inLanguage":"it-IT"},{"@type":"Organization","@id":"https:\/\/www.gossip.it\/#organization","name":"Gossip and VIP News","alternateName":"Gossip News","url":"https:\/\/www.gossip.it\/","logo":{"@type":"ImageObject","inLanguage":"it-IT","@id":"https:\/\/www.gossip.it\/#\/schema\/logo\/image\/","url":"https:\/\/www.gossip.it\/wp-content\/uploads\/2022\/04\/cropped-corna-alta-tiny.png","contentUrl":"https:\/\/www.gossip.it\/wp-content\/uploads\/2022\/04\/cropped-corna-alta-tiny.png","width":512,"height":512,"caption":"Gossip and VIP News"},"image":{"@id":"https:\/\/www.gossip.it\/#\/schema\/logo\/image\/"},"sameAs":["https:\/\/www.facebook.com\/GossipIT","https:\/\/x.com\/gossinews_it","https:\/\/instagram.com\/gossip_it"]},{"@type":"Person","@id":"https:\/\/www.gossip.it\/#\/schema\/person\/df4a88c190f338e21427b6f342595faa","name":"Carla Giuni","image":{"@type":"ImageObject","inLanguage":"it-IT","@id":"https:\/\/www.gossip.it\/#\/schema\/person\/image\/","url":"https:\/\/secure.gravatar.com\/avatar\/9caf92f895c8e9a7cca263cd6e3860da8edad54c0a92046a7e363cbd3fa35c36?s=96&d=mm&r=g","contentUrl":"https:\/\/secure.gravatar.com\/avatar\/9caf92f895c8e9a7cca263cd6e3860da8edad54c0a92046a7e363cbd3fa35c36?s=96&d=mm&r=g","caption":"Carla Giuni"}}]}},"amp_enabled":true,"_links":{"self":[{"href":"https:\/\/www.gossip.it\/api\/wp\/v2\/posts\/179137","targetHints":{"allow":["GET"]}}],"collection":[{"href":"https:\/\/www.gossip.it\/api\/wp\/v2\/posts"}],"about":[{"href":"https:\/\/www.gossip.it\/api\/wp\/v2\/types\/post"}],"author":[{"embeddable":true,"href":"https:\/\/www.gossip.it\/api\/wp\/v2\/users\/24"}],"replies":[{"embeddable":true,"href":"https:\/\/www.gossip.it\/api\/wp\/v2\/comments?post=179137"}],"version-history":[{"count":1,"href":"https:\/\/www.gossip.it\/api\/wp\/v2\/posts\/179137\/revisions"}],"predecessor-version":[{"id":179143,"href":"https:\/\/www.gossip.it\/api\/wp\/v2\/posts\/179137\/revisions\/179143"}],"wp:featuredmedia":[{"embeddable":true,"href":"https:\/\/www.gossip.it\/api\/wp\/v2\/media\/179140"}],"wp:attachment":[{"href":"https:\/\/www.gossip.it\/api\/wp\/v2\/media?parent=179137"}],"wp:term":[{"taxonomy":"category","embeddable":true,"href":"https:\/\/www.gossip.it\/api\/wp\/v2\/categories?post=179137"},{"taxonomy":"post_tag","embeddable":true,"href":"https:\/\/www.gossip.it\/api\/wp\/v2\/tags?post=179137"},{"taxonomy":"vip","embeddable":true,"href":"https:\/\/www.gossip.it\/api\/wp\/v2\/vip?post=179137"}],"curies":[{"name":"wp","href":"https:\/\/api.w.org\/{rel}","templated":true}]}}