{"id":179380,"date":"2024-09-10T14:17:52","date_gmt":"2024-09-10T12:17:52","guid":{"rendered":"https:\/\/www.gossip.it\/?p=179380"},"modified":"2024-09-11T13:11:34","modified_gmt":"2024-09-11T11:11:34","slug":"nadia-bengala-come-sta-figlia","status":"publish","type":"post","link":"https:\/\/www.gossip.it\/news\/nadia-bengala-come-sta-figlia\/","title":{"rendered":"''Diana \u00e8 entrata in comunit\u00e0'': l'ex Miss Italia Nadia Bengala racconta tv come sta la figlia"},"content":{"rendered":"\n<ul class=\"wp-block-list\">\n<li>Diana Schivardi, 28 anni,\u00a0a marzo condannata a 10 mesi per aver cercato di rubare all\u2019interno di alcune auto<\/li>\n\n\n\n<li>L\u2019ex Miss Italia:<em> \u201cSono stata proprio dei mesi sempre appresso a lei. Ho preso una stanza apposta\u2026\u201d<\/em><\/li>\n<\/ul>\n\n\n\n<p>A <em>Storie Italiane <\/em>si parla di <em>\u201cfigli difficili\u201d<\/em>. <a href=\"http:\/\/www.gossip.it\/vip\/nadia-bengala\">Nadia Bengala<\/a>, ospite in studio, racconta in tv come sta la figlia. <strong><a href=\"http:\/\/www.gossip.it\/vip\/diana-schivardi\">Diana Schivardi<\/a>, 28 anni,\u00a0a marzo scorso \u00e8 stata condannata a 10 mesi<\/strong> per aver cercato di rubare all\u2019interno di alcune auto. Vittima della droga, ora per\u00f2 sta meglio. \u201c<strong>E\u2019 entrata in comunit\u00e0<\/strong>\u201d, rivela l\u2019ex Miss Italia 62enne a <a href=\"http:\/\/www.gossip.it\/vip\/eleonora-daniele\">Eleonora Daniele<\/a>.<\/p>\n\n\n\n<figure class=\"wp-block-image size-large\"><img decoding=\"async\" width=\"1024\" height=\"721\" src=\"https:\/\/www.gossip.it\/wp-content\/uploads\/2024\/09\/Screenshot-2024-09-10-at-13.51.23-1024x721.jpg\" alt=\"\" class=\"wp-image-179381\" srcset=\"https:\/\/www.gossip.it\/wp-content\/uploads\/2024\/09\/Screenshot-2024-09-10-at-13.51.23-1024x721.jpg 1024w, https:\/\/www.gossip.it\/wp-content\/uploads\/2024\/09\/Screenshot-2024-09-10-at-13.51.23-300x211.jpg 300w, https:\/\/www.gossip.it\/wp-content\/uploads\/2024\/09\/Screenshot-2024-09-10-at-13.51.23-768x541.jpg 768w, https:\/\/www.gossip.it\/wp-content\/uploads\/2024\/09\/Screenshot-2024-09-10-at-13.51.23-750x528.jpg 750w, https:\/\/www.gossip.it\/wp-content\/uploads\/2024\/09\/Screenshot-2024-09-10-at-13.51.23-1140x802.jpg 1140w, https:\/\/www.gossip.it\/wp-content\/uploads\/2024\/09\/Screenshot-2024-09-10-at-13.51.23.jpg 1324w\" sizes=\"(max-width: 1024px) 100vw, 1024px\" \/><figcaption class=\"wp-element-caption\"><em>''Diana \u00e8 entrata in comunit\u00e0''<\/em>: l'ex Miss Italia Nadia Bengala racconta tv come sta la figlia<\/figcaption><\/figure>\n\n\n\n<p>Nadia, mamma anche di Gaia, 26 anni, alla conduttrice che le domanda come stia la figlia, confida: <em>\u201c<strong>Adesso Diana sta meglio, \u00e8 entrata in comunit\u00e0<\/strong>\u201d<\/em>. Poi aggiunge: <em>\u201cDopo che a marzo \u00e8 scappata dall'ospedale, <strong>sono stata proprio dei mesi sempre appresso a lei<\/strong>.\u00a0Ho preso una stanza apposta, ho dormito con lei, passavo con lei tutto il tempo, <strong>non ho visto quasi il mio compagno perch\u00e9 cercavo di stare con lei il pi\u00f9 possibile<\/strong>. Una cosa che mal sopportava, poi per\u00f2 piano piano e <strong>con pazienza ce l'abbiamo fatta<\/strong>\u201d.<\/em><\/p>\n\n\n\n<p><em>\u201cPassavo delle <strong>giornate un po' da incubo<\/strong>, anche soltanto a far dei tragitti in macchina perch\u00e9 cercavo di inventarmi di tutto per perdere tempo e passare la giornata. Qualche sera mi \u00e8 scappata, per\u00f2 <strong>alla fine ci \u00e8 arrivata da s\u00e9<\/strong>\u201d<\/em>, svela ancora la Bengala. <em>\u201cHa detto: \u2018S\u00ec ci provo, lo faccio\u2019. Ho cercato di lasciarle sempre il senso che era la cosa giusta, e che era lei a scegliere\u201d<\/em>, precisa ancora.<\/p>\n\n\n\n<figure class=\"wp-block-image size-large\"><img decoding=\"async\" width=\"1024\" height=\"954\" src=\"https:\/\/www.gossip.it\/wp-content\/uploads\/2024\/09\/Screenshot-2024-09-10-at-13.52.25-1024x954.jpg\" alt=\"\" class=\"wp-image-179382\" srcset=\"https:\/\/www.gossip.it\/wp-content\/uploads\/2024\/09\/Screenshot-2024-09-10-at-13.52.25-1024x954.jpg 1024w, https:\/\/www.gossip.it\/wp-content\/uploads\/2024\/09\/Screenshot-2024-09-10-at-13.52.25-300x280.jpg 300w, https:\/\/www.gossip.it\/wp-content\/uploads\/2024\/09\/Screenshot-2024-09-10-at-13.52.25-768x716.jpg 768w, https:\/\/www.gossip.it\/wp-content\/uploads\/2024\/09\/Screenshot-2024-09-10-at-13.52.25-750x699.jpg 750w, https:\/\/www.gossip.it\/wp-content\/uploads\/2024\/09\/Screenshot-2024-09-10-at-13.52.25-1140x1063.jpg 1140w, https:\/\/www.gossip.it\/wp-content\/uploads\/2024\/09\/Screenshot-2024-09-10-at-13.52.25.jpg 1324w\" sizes=\"(max-width: 1024px) 100vw, 1024px\" \/><figcaption class=\"wp-element-caption\">L\u2019ex Miss Italia:<em> \u201cSono stata proprio dei mesi sempre appresso a lei. Ho preso una stanza apposta\u2026\u201d<\/em><\/figcaption><\/figure>\n\n\n\n<p>Nadia, ribadendo che in certe situazioni coi figli bisogna essere assolutamente severi, a <a href=\"http:\/\/www.gossip.it\/vip\/patrizia-mirigliani\">Patrizia Mirigliani<\/a>, in collegamento con lo studio, esprime parole di stima per il comportamento adottato col figlio <a href=\"http:\/\/www.gossip.it\/vip\/nicola-pisu\">Nicola<\/a>, anche lui caduto in passato nella spirale della droga. La patron del concorso di bellezza prese la dolorosa decisione di denunciarlo, pur di cercare di salvarlo. <em>\u201c<strong>Patrizia \u00e8 stata bravissima<\/strong>. Nicola me lo ricordo bellissimo, tanto gentile, buono, educato. Io ero un po' spaventata dalle compagnie che c'erano intorno\u201d<\/em>, dice.<\/p>\n","protected":false},"excerpt":{"rendered":"<p>L\u2019ex Miss Italia: \u201cSono stata proprio dei mesi sempre...<\/p>\n","protected":false},"author":24,"featured_media":179384,"comment_status":"open","ping_status":"closed","sticky":false,"template":"","format":"standard","meta":{"footnotes":""},"categories":[54],"tags":[76827,64491,2793,76825,76826,3123,64494],"vip":[1385],"class_list":["post-179380","post","type-post","status-publish","format-standard","has-post-thumbnail","hentry","category-news","tag-dianaschivardi","tag-eleonoradaniele","tag-gossip","tag-nadiabengala","tag-nadiabengalafiglia","tag-rai1","tag-storieitaliane","vip-nadia_bengala"],"yoast_head":"<title>&#039;&#039;Diana \u00e8 entrata in comunit\u00e0&#039;&#039;: l&#039;ex Miss Italia Nadia Bengala racconta tv come sta la figlia - Gossip.it | News sul Gossip e VIP<\/title>\n<meta name=\"description\" content=\"&#039;&#039;Diana \u00e8 entrata in comunit\u00e0&#039;&#039;: l&#039;ex Miss Italia Nadia Bengala racconta tv come sta la figlia\" \/>\n<meta name=\"robots\" content=\"index, follow, max-snippet:-1, max-image-preview:large, max-video-preview:-1\" \/>\n<link rel=\"canonical\" href=\"https:\/\/www.gossip.it\/news\/nadia-bengala-come-sta-figlia\/\" \/>\n<meta property=\"og:locale\" content=\"it_IT\" \/>\n<meta property=\"og:type\" content=\"article\" \/>\n<meta property=\"og:title\" content=\"&#039;&#039;Diana \u00e8 entrata in comunit\u00e0&#039;&#039;: l&#039;ex Miss Italia Nadia Bengala racconta tv come sta la figlia - Gossip.it | News sul Gossip e VIP\" \/>\n<meta property=\"og:description\" content=\"&#039;&#039;Diana \u00e8 entrata in comunit\u00e0&#039;&#039;: l&#039;ex Miss Italia Nadia Bengala racconta tv come sta la figlia\" \/>\n<meta property=\"og:url\" content=\"https:\/\/www.gossip.it\/news\/nadia-bengala-come-sta-figlia\/\" \/>\n<meta property=\"og:site_name\" content=\"Gossip.it | News sul Gossip e VIP\" \/>\n<meta property=\"article:publisher\" content=\"https:\/\/www.facebook.com\/GossipIT\" \/>\n<meta property=\"article:published_time\" content=\"2024-09-10T12:17:52+00:00\" \/>\n<meta property=\"article:modified_time\" content=\"2024-09-11T11:11:34+00:00\" \/>\n<meta property=\"og:image\" content=\"https:\/\/www.gossip.it\/wp-content\/uploads\/2024\/09\/bengala-lancio.jpg\" \/>\n\t<meta property=\"og:image:width\" content=\"1153\" \/>\n\t<meta property=\"og:image:height\" content=\"800\" \/>\n\t<meta property=\"og:image:type\" content=\"image\/jpeg\" \/>\n<meta name=\"author\" content=\"Carla Giuni\" \/>\n<meta name=\"twitter:card\" content=\"summary_large_image\" \/>\n<meta name=\"twitter:creator\" content=\"@gossinews_it\" \/>\n<meta name=\"twitter:site\" content=\"@gossinews_it\" \/>\n<meta name=\"twitter:label1\" content=\"Scritto da\" \/>\n\t<meta name=\"twitter:data1\" content=\"Carla Giuni\" \/>\n\t<meta name=\"twitter:label2\" content=\"Tempo di lettura stimato\" \/>\n\t<meta name=\"twitter:data2\" content=\"3 minuti\" \/>","yoast_head_json":{"title":"''Diana \u00e8 entrata in comunit\u00e0'': l'ex Miss Italia Nadia Bengala racconta tv come sta la figlia - Gossip.it | News sul Gossip e VIP","description":"''Diana \u00e8 entrata in comunit\u00e0'': l'ex Miss Italia Nadia Bengala racconta tv come sta la figlia","robots":{"index":"index","follow":"follow","max-snippet":"max-snippet:-1","max-image-preview":"max-image-preview:large","max-video-preview":"max-video-preview:-1"},"canonical":"https:\/\/www.gossip.it\/news\/nadia-bengala-come-sta-figlia\/","og_locale":"it_IT","og_type":"article","og_title":"''Diana \u00e8 entrata in comunit\u00e0'': l'ex Miss Italia Nadia Bengala racconta tv come sta la figlia - Gossip.it | News sul Gossip e VIP","og_description":"''Diana \u00e8 entrata in comunit\u00e0'': l'ex Miss Italia Nadia Bengala racconta tv come sta la figlia","og_url":"https:\/\/www.gossip.it\/news\/nadia-bengala-come-sta-figlia\/","og_site_name":"Gossip.it | News sul Gossip e VIP","article_publisher":"https:\/\/www.facebook.com\/GossipIT","article_published_time":"2024-09-10T12:17:52+00:00","article_modified_time":"2024-09-11T11:11:34+00:00","og_image":[{"width":1153,"height":800,"url":"https:\/\/www.gossip.it\/wp-content\/uploads\/2024\/09\/bengala-lancio.jpg","type":"image\/jpeg"}],"author":"Carla Giuni","twitter_card":"summary_large_image","twitter_creator":"@gossinews_it","twitter_site":"@gossinews_it","twitter_misc":{"Scritto da":"Carla Giuni","Tempo di lettura stimato":"3 minuti"},"schema":{"@context":"https:\/\/schema.org","@graph":[{"@type":"Article","@id":"https:\/\/www.gossip.it\/news\/nadia-bengala-come-sta-figlia\/#article","isPartOf":{"@id":"https:\/\/www.gossip.it\/news\/nadia-bengala-come-sta-figlia\/"},"author":{"name":"Carla Giuni","@id":"https:\/\/www.gossip.it\/#\/schema\/person\/df4a88c190f338e21427b6f342595faa"},"headline":"''Diana \u00e8 entrata in comunit\u00e0'': l'ex Miss Italia Nadia Bengala racconta tv come sta la figlia","datePublished":"2024-09-10T12:17:52+00:00","dateModified":"2024-09-11T11:11:34+00:00","mainEntityOfPage":{"@id":"https:\/\/www.gossip.it\/news\/nadia-bengala-come-sta-figlia\/"},"wordCount":385,"commentCount":0,"publisher":{"@id":"https:\/\/www.gossip.it\/#organization"},"image":{"@id":"https:\/\/www.gossip.it\/news\/nadia-bengala-come-sta-figlia\/#primaryimage"},"thumbnailUrl":"https:\/\/www.gossip.it\/wp-content\/uploads\/2024\/09\/bengala-lancio.jpg","keywords":["dianaschivardi","eleonoradaniele","gossip","nadiabengala","nadiabengalafiglia","rai1","storieitaliane"],"articleSection":["News"],"inLanguage":"it-IT","potentialAction":[{"@type":"CommentAction","name":"Comment","target":["https:\/\/www.gossip.it\/news\/nadia-bengala-come-sta-figlia\/#respond"]}]},{"@type":"WebPage","@id":"https:\/\/www.gossip.it\/news\/nadia-bengala-come-sta-figlia\/","url":"https:\/\/www.gossip.it\/news\/nadia-bengala-come-sta-figlia\/","name":"''Diana \u00e8 entrata in comunit\u00e0'': l'ex Miss Italia Nadia Bengala racconta tv come sta la figlia - Gossip.it | News sul Gossip e VIP","isPartOf":{"@id":"https:\/\/www.gossip.it\/#website"},"primaryImageOfPage":{"@id":"https:\/\/www.gossip.it\/news\/nadia-bengala-come-sta-figlia\/#primaryimage"},"image":{"@id":"https:\/\/www.gossip.it\/news\/nadia-bengala-come-sta-figlia\/#primaryimage"},"thumbnailUrl":"https:\/\/www.gossip.it\/wp-content\/uploads\/2024\/09\/bengala-lancio.jpg","datePublished":"2024-09-10T12:17:52+00:00","dateModified":"2024-09-11T11:11:34+00:00","description":"''Diana \u00e8 entrata in comunit\u00e0'': l'ex Miss Italia Nadia Bengala racconta tv come sta la figlia","breadcrumb":{"@id":"https:\/\/www.gossip.it\/news\/nadia-bengala-come-sta-figlia\/#breadcrumb"},"inLanguage":"it-IT","potentialAction":[{"@type":"ReadAction","target":["https:\/\/www.gossip.it\/news\/nadia-bengala-come-sta-figlia\/"]}]},{"@type":"ImageObject","inLanguage":"it-IT","@id":"https:\/\/www.gossip.it\/news\/nadia-bengala-come-sta-figlia\/#primaryimage","url":"https:\/\/www.gossip.it\/wp-content\/uploads\/2024\/09\/bengala-lancio.jpg","contentUrl":"https:\/\/www.gossip.it\/wp-content\/uploads\/2024\/09\/bengala-lancio.jpg","width":1153,"height":800},{"@type":"BreadcrumbList","@id":"https:\/\/www.gossip.it\/news\/nadia-bengala-come-sta-figlia\/#breadcrumb","itemListElement":[{"@type":"ListItem","position":1,"name":"Home","item":"https:\/\/www.gossip.it\/"},{"@type":"ListItem","position":2,"name":"''Diana \u00e8 entrata in comunit\u00e0'': l'ex Miss Italia Nadia Bengala racconta tv come sta la figlia"}]},{"@type":"WebSite","@id":"https:\/\/www.gossip.it\/#website","url":"https:\/\/www.gossip.it\/","name":"Gossip and VIP News","description":"Quotidiano di cronaca rosa, costume e societ\u00e0","publisher":{"@id":"https:\/\/www.gossip.it\/#organization"},"alternateName":"Gossip and VIP News","potentialAction":[{"@type":"SearchAction","target":{"@type":"EntryPoint","urlTemplate":"https:\/\/www.gossip.it\/?s={search_term_string}"},"query-input":{"@type":"PropertyValueSpecification","valueRequired":true,"valueName":"search_term_string"}}],"inLanguage":"it-IT"},{"@type":"Organization","@id":"https:\/\/www.gossip.it\/#organization","name":"Gossip and VIP News","alternateName":"Gossip News","url":"https:\/\/www.gossip.it\/","logo":{"@type":"ImageObject","inLanguage":"it-IT","@id":"https:\/\/www.gossip.it\/#\/schema\/logo\/image\/","url":"https:\/\/www.gossip.it\/wp-content\/uploads\/2022\/04\/cropped-corna-alta-tiny.png","contentUrl":"https:\/\/www.gossip.it\/wp-content\/uploads\/2022\/04\/cropped-corna-alta-tiny.png","width":512,"height":512,"caption":"Gossip and VIP News"},"image":{"@id":"https:\/\/www.gossip.it\/#\/schema\/logo\/image\/"},"sameAs":["https:\/\/www.facebook.com\/GossipIT","https:\/\/x.com\/gossinews_it","https:\/\/instagram.com\/gossip_it"]},{"@type":"Person","@id":"https:\/\/www.gossip.it\/#\/schema\/person\/df4a88c190f338e21427b6f342595faa","name":"Carla Giuni","image":{"@type":"ImageObject","inLanguage":"it-IT","@id":"https:\/\/www.gossip.it\/#\/schema\/person\/image\/","url":"https:\/\/secure.gravatar.com\/avatar\/9caf92f895c8e9a7cca263cd6e3860da8edad54c0a92046a7e363cbd3fa35c36?s=96&d=mm&r=g","contentUrl":"https:\/\/secure.gravatar.com\/avatar\/9caf92f895c8e9a7cca263cd6e3860da8edad54c0a92046a7e363cbd3fa35c36?s=96&d=mm&r=g","caption":"Carla Giuni"}}]}},"amp_enabled":true,"_links":{"self":[{"href":"https:\/\/www.gossip.it\/api\/wp\/v2\/posts\/179380","targetHints":{"allow":["GET"]}}],"collection":[{"href":"https:\/\/www.gossip.it\/api\/wp\/v2\/posts"}],"about":[{"href":"https:\/\/www.gossip.it\/api\/wp\/v2\/types\/post"}],"author":[{"embeddable":true,"href":"https:\/\/www.gossip.it\/api\/wp\/v2\/users\/24"}],"replies":[{"embeddable":true,"href":"https:\/\/www.gossip.it\/api\/wp\/v2\/comments?post=179380"}],"version-history":[{"count":1,"href":"https:\/\/www.gossip.it\/api\/wp\/v2\/posts\/179380\/revisions"}],"predecessor-version":[{"id":179385,"href":"https:\/\/www.gossip.it\/api\/wp\/v2\/posts\/179380\/revisions\/179385"}],"wp:featuredmedia":[{"embeddable":true,"href":"https:\/\/www.gossip.it\/api\/wp\/v2\/media\/179384"}],"wp:attachment":[{"href":"https:\/\/www.gossip.it\/api\/wp\/v2\/media?parent=179380"}],"wp:term":[{"taxonomy":"category","embeddable":true,"href":"https:\/\/www.gossip.it\/api\/wp\/v2\/categories?post=179380"},{"taxonomy":"post_tag","embeddable":true,"href":"https:\/\/www.gossip.it\/api\/wp\/v2\/tags?post=179380"},{"taxonomy":"vip","embeddable":true,"href":"https:\/\/www.gossip.it\/api\/wp\/v2\/vip?post=179380"}],"curies":[{"name":"wp","href":"https:\/\/api.w.org\/{rel}","templated":true}]}}