{"id":179622,"date":"2024-09-13T15:38:17","date_gmt":"2024-09-13T13:38:17","guid":{"rendered":"https:\/\/www.gossip.it\/?p=179622"},"modified":"2024-09-13T15:38:22","modified_gmt":"2024-09-13T13:38:22","slug":"foto-matrimonio-veronica-ferraro-migliore-amica-chiara-ferragni","status":"publish","type":"post","link":"https:\/\/www.gossip.it\/foto\/foto-matrimonio-veronica-ferraro-migliore-amica-chiara-ferragni\/","title":{"rendered":"Le foto del matrimonio di Veronica Ferraro, la migliore amica di Chiara Ferragni"},"content":{"rendered":"\n<p>Le foto del matrimonio di Veronica Ferraro, la migliore amica di Chiara Ferragni: alla cerimonia intima c'erano tanti...<\/p>\n\n\n<div class=\"lazyblock-gossip-gallery-Z29Nl3L align  wp-block-lazyblock-gossip-gallery\"><div class=\"carousel slide newCarouselGossip\" data-ride=\"carousel\" id=\"photoGalleryCarousel\"><div class=\"carousel-inner owl-carousel\"><div class=\"gallery_image active center \" ><div class=\"gallery_box\"> \n                        <div class=\"gallery_image_inside\"><img decoding=\"async\" width=\"980\" height=\"1024\" src=\"https:\/\/www.gossip.it\/wp-content\/uploads\/2024\/09\/damigelle_matrimonio-980x1024.jpg\" class=\"attachment-large size-large\" alt=\"\" srcset=\"https:\/\/www.gossip.it\/wp-content\/uploads\/2024\/09\/damigelle_matrimonio-980x1024.jpg 980w, https:\/\/www.gossip.it\/wp-content\/uploads\/2024\/09\/damigelle_matrimonio-287x300.jpg 287w, https:\/\/www.gossip.it\/wp-content\/uploads\/2024\/09\/damigelle_matrimonio-768x803.jpg 768w, https:\/\/www.gossip.it\/wp-content\/uploads\/2024\/09\/damigelle_matrimonio-750x784.jpg 750w, https:\/\/www.gossip.it\/wp-content\/uploads\/2024\/09\/damigelle_matrimonio.jpg 1134w\" sizes=\"(max-width: 980px) 100vw, 980px\" \/><div class=\"gallery_caption\"><b>1. La sposa e le damigelle<\/b><br> Veronica Ferraro e Davide Simonetta\u00a0si sono\u00a0sposati gioved\u00ec 12 settembre\u00a0con una cerimonia di nozze da favola, che si \u00e8 svolta nella romanticissima cornice di Villa Semenza, in provincia di Lecco. La Ferraro \u00e8 stata gi\u00e0 sposata con il personal trainer Giorgio Merlino e al pari di molte altre spose, ha\u00a0cambiato diversi abiti bianchi, riservando quello\u00a0pi\u00f9 classico alla cerimonia.Il dress con cui \u00e8 arrivata all'altare \u00e8 un abito a sirena in tessuto liscio, con uno strascico medio e la\u00a0scollatura ovale strutturata. Verde salvia per le damigelle. Chiara Ferragni, invece ha optato per un abito rosa.<\/div>\n                        <\/div>\n                     <\/div><\/div><div class=\"gallery_image active center \" ><div class=\"gallery_box\"> \n                        <div class=\"gallery_image_inside\"><img decoding=\"async\" width=\"819\" height=\"1024\" src=\"https:\/\/www.gossip.it\/wp-content\/uploads\/2024\/09\/ferragni_matrimonio-819x1024.jpg\" class=\"attachment-large size-large\" alt=\"\" srcset=\"https:\/\/www.gossip.it\/wp-content\/uploads\/2024\/09\/ferragni_matrimonio-819x1024.jpg 819w, https:\/\/www.gossip.it\/wp-content\/uploads\/2024\/09\/ferragni_matrimonio-240x300.jpg 240w, https:\/\/www.gossip.it\/wp-content\/uploads\/2024\/09\/ferragni_matrimonio-768x960.jpg 768w, https:\/\/www.gossip.it\/wp-content\/uploads\/2024\/09\/ferragni_matrimonio-750x938.jpg 750w, https:\/\/www.gossip.it\/wp-content\/uploads\/2024\/09\/ferragni_matrimonio.jpg 1134w\" sizes=\"(max-width: 819px) 100vw, 819px\" \/><div class=\"gallery_caption\"><b>2. Chiara Ferragni <\/b><br> L\u2019imprenditrice digitale, testimone della sposa ha letto commossa il suo discorso. \u201cIn uno dei momenti pi\u00f9 brutti della mia vita, lo scorso febbraio, ero a guardare il mare da una terrazza insieme a te Vero, a Rapallo. La notte prima aveva piovuto e sopra di noi c'erano solo nuvole grigie tranne un raggio di luce che quasi magicamente si faceva strada tra lo scuro e illuminava il mare\u201d, ha detto la Ferragni con la voce rotta.\u00a0\u201cTu mi hai abbracciata\u00a0e mi hai detto che anche a me sarebbe successo e\u00a0che avrei avuto un raggio di sole che mi avrebbe illuminata dopo tutto quel periodo brutto\".\u00a0\"Con il tempo tendiamo a dimenticarci di cosa le persone fanno o dicono, ma non ci dimentichiamo mai di come ci hanno fatto sentire. E\u00a0in questi 17 anni tu, pi\u00f9 di tutto, mi hai fatta sentire al sicuro, mi hai fatta sentire a casa\u201d, ha sottolineato ancora la fashion blogger.\u00a0\u201cSei la mia migliore amica ma anche la compagna di avventure, la spalla su cui piangere e la socia con cui fare qualsiasi caz*ata ci faccia sentire vive. Sei una persona unica e sei da sempre parte della mia famiglia\u201d, ha concluso emozionatissima la Ferragni.<\/div>\n                        <\/div>\n                     <\/div><\/div><div class=\"gallery_image active center \" ><div class=\"gallery_box\"> \n                        <div class=\"gallery_image_inside\"><img decoding=\"async\" width=\"819\" height=\"1024\" src=\"https:\/\/www.gossip.it\/wp-content\/uploads\/2024\/09\/sposi_matrimonio-819x1024.jpg\" class=\"attachment-large size-large\" alt=\"\" srcset=\"https:\/\/www.gossip.it\/wp-content\/uploads\/2024\/09\/sposi_matrimonio-819x1024.jpg 819w, https:\/\/www.gossip.it\/wp-content\/uploads\/2024\/09\/sposi_matrimonio-240x300.jpg 240w, https:\/\/www.gossip.it\/wp-content\/uploads\/2024\/09\/sposi_matrimonio-768x960.jpg 768w, https:\/\/www.gossip.it\/wp-content\/uploads\/2024\/09\/sposi_matrimonio-750x938.jpg 750w, https:\/\/www.gossip.it\/wp-content\/uploads\/2024\/09\/sposi_matrimonio.jpg 1134w\" sizes=\"(max-width: 819px) 100vw, 819px\" \/><div class=\"gallery_caption\"><b>3. Gli sposi <\/b><br> L'imprenditrice e fashion influencer e il produttore musicale hanno detto \"S\u00ec, lo voglio\" alla presenza dei loro cari e degli amici, una guest list che include moltissimi volti noti del mondo dello spettacolo, seguitissimi sui social, l'universo digitale dove la sposa ha costruito la sua carriera diventando popolarissima e molto apprezzata. Su Instagram \u00e8 pieno di foto e video che hanno raccontato una giornata memorabile, non solo per i neo marito e moglie.<\/div>\n                        <\/div>\n                     <\/div><\/div><div class=\"gallery_image\"><div class=\"banner\"><!-- Banner #369 - START --><div class=\"gmp-repeat_pl banner\" style=\"display:block;min-height: 250px;\"><\/div><!-- Banner #369 - END --><\/div><\/div><div class=\"gallery_image active center \" ><div class=\"gallery_box\"> \n                        <div class=\"gallery_image_inside\"><img decoding=\"async\" width=\"819\" height=\"1024\" src=\"https:\/\/www.gossip.it\/wp-content\/uploads\/2024\/09\/testimoni_matrimonio-819x1024.jpg\" class=\"attachment-large size-large\" alt=\"\" srcset=\"https:\/\/www.gossip.it\/wp-content\/uploads\/2024\/09\/testimoni_matrimonio-819x1024.jpg 819w, https:\/\/www.gossip.it\/wp-content\/uploads\/2024\/09\/testimoni_matrimonio-240x300.jpg 240w, https:\/\/www.gossip.it\/wp-content\/uploads\/2024\/09\/testimoni_matrimonio-768x960.jpg 768w, https:\/\/www.gossip.it\/wp-content\/uploads\/2024\/09\/testimoni_matrimonio-750x937.jpg 750w, https:\/\/www.gossip.it\/wp-content\/uploads\/2024\/09\/testimoni_matrimonio.jpg 1134w\" sizes=\"(max-width: 819px) 100vw, 819px\" \/><div class=\"gallery_caption\"><b>4. Il cambio look di Chiara <\/b><br> La Ferragni \u00e8 stata la testimone di nozze insieme a Gianluca Omodeo. Dopo la cerimonia Chiara si \u00e8 cambiata optando per un minidress, sempre rosa. Cambio look anche per la sposa che per la cena ha scelto un modello sottoveste, con aperture laterali, interamente realizzato\u00a0in merletto e rivestito di paillettes luminosissime.<\/div>\n                        <\/div>\n                     <\/div><\/div><div class=\"gallery_image active center \" ><div class=\"gallery_box\"> \n                        <div class=\"gallery_image_inside\"><img decoding=\"async\" width=\"819\" height=\"1024\" src=\"https:\/\/www.gossip.it\/wp-content\/uploads\/2024\/09\/salemi_pretelli_matrimonio-819x1024.jpg\" class=\"attachment-large size-large\" alt=\"\" srcset=\"https:\/\/www.gossip.it\/wp-content\/uploads\/2024\/09\/salemi_pretelli_matrimonio-819x1024.jpg 819w, https:\/\/www.gossip.it\/wp-content\/uploads\/2024\/09\/salemi_pretelli_matrimonio-240x300.jpg 240w, https:\/\/www.gossip.it\/wp-content\/uploads\/2024\/09\/salemi_pretelli_matrimonio-768x960.jpg 768w, https:\/\/www.gossip.it\/wp-content\/uploads\/2024\/09\/salemi_pretelli_matrimonio-750x938.jpg 750w, https:\/\/www.gossip.it\/wp-content\/uploads\/2024\/09\/salemi_pretelli_matrimonio.jpg 1134w\" sizes=\"(max-width: 819px) 100vw, 819px\" \/><div class=\"gallery_caption\"><b>5. Giulia e Pier<\/b><br> Tra i tanti ospiti vip anche la coppia nata al Grande Fratello Vip. Giulia Salemi e Pierpaolo Pretelli erano elegantissimi: l\u2019influencer italo-persiana \u00e8 in dolce attesa di un maschietto.<\/div>\n                        <\/div>\n                     <\/div><\/div><div class=\"gallery_image active center \" ><div class=\"gallery_box\"> \n                        <div class=\"gallery_image_inside\"><img decoding=\"async\" width=\"908\" height=\"1024\" src=\"https:\/\/www.gossip.it\/wp-content\/uploads\/2024\/09\/annalisa_matrimonio-908x1024.jpg\" class=\"attachment-large size-large\" alt=\"\" srcset=\"https:\/\/www.gossip.it\/wp-content\/uploads\/2024\/09\/annalisa_matrimonio-908x1024.jpg 908w, https:\/\/www.gossip.it\/wp-content\/uploads\/2024\/09\/annalisa_matrimonio-266x300.jpg 266w, https:\/\/www.gossip.it\/wp-content\/uploads\/2024\/09\/annalisa_matrimonio-768x866.jpg 768w, https:\/\/www.gossip.it\/wp-content\/uploads\/2024\/09\/annalisa_matrimonio-750x846.jpg 750w, https:\/\/www.gossip.it\/wp-content\/uploads\/2024\/09\/annalisa_matrimonio.jpg 1134w\" sizes=\"(max-width: 908px) 100vw, 908px\" \/><div class=\"gallery_caption\"><b>6. Annalisa <\/b><br> Dopo la cena gli sposi hanno aperto le danze sulle note delle loro canzoni del cuore. A cantarle, dal vivo, i loro realizzatori, amici della coppia e ospiti dell\u2019evento. La cantante Annalisa, in passato legata a Simonetta, si \u00e8 esibita sia durante la cerimonia che alla festa di nozze. I due sono rimasti in ottimi rapporti, sono amici. La cantante, sposata dal 2023 con Francesco Muglia, \u00e8 intima anche con la Ferraro.\u00a0\u2028<\/div>\n                        <\/div>\n                     <\/div><\/div><div class=\"gallery_image\"><div class=\"banner\"><!-- Banner #369 - START --><div class=\"gmp-repeat_pl banner\" style=\"display:block;min-height: 250px;\"><\/div><!-- Banner #369 - END --><\/div><\/div><div class=\"gallery_image active center \" ><div class=\"gallery_box\"> \n                        <div class=\"gallery_image_inside\"><img decoding=\"async\" width=\"829\" height=\"1024\" src=\"https:\/\/www.gossip.it\/wp-content\/uploads\/2024\/09\/sangiorgi_matrimonio-829x1024.jpg\" class=\"attachment-large size-large\" alt=\"\" srcset=\"https:\/\/www.gossip.it\/wp-content\/uploads\/2024\/09\/sangiorgi_matrimonio-829x1024.jpg 829w, https:\/\/www.gossip.it\/wp-content\/uploads\/2024\/09\/sangiorgi_matrimonio-243x300.jpg 243w, https:\/\/www.gossip.it\/wp-content\/uploads\/2024\/09\/sangiorgi_matrimonio-768x948.jpg 768w, https:\/\/www.gossip.it\/wp-content\/uploads\/2024\/09\/sangiorgi_matrimonio-750x926.jpg 750w, https:\/\/www.gossip.it\/wp-content\/uploads\/2024\/09\/sangiorgi_matrimonio.jpg 1134w\" sizes=\"(max-width: 829px) 100vw, 829px\" \/><div class=\"gallery_caption\"><b>7. Giuliano Sangiorgi <\/b><br> Tra gli amici cantanti anche il leader dei Negramaro che si \u00e8 scatenato insieme agli sposi.<\/div>\n                        <\/div>\n                     <\/div><\/div><div class=\"gallery_image active center \" ><div class=\"gallery_box\"> \n                        <div class=\"gallery_image_inside\"><img decoding=\"async\" width=\"895\" height=\"1024\" src=\"https:\/\/www.gossip.it\/wp-content\/uploads\/2024\/09\/tananai_matrimonio-895x1024.jpg\" class=\"attachment-large size-large\" alt=\"\" srcset=\"https:\/\/www.gossip.it\/wp-content\/uploads\/2024\/09\/tananai_matrimonio-895x1024.jpg 895w, https:\/\/www.gossip.it\/wp-content\/uploads\/2024\/09\/tananai_matrimonio-262x300.jpg 262w, https:\/\/www.gossip.it\/wp-content\/uploads\/2024\/09\/tananai_matrimonio-768x879.jpg 768w, https:\/\/www.gossip.it\/wp-content\/uploads\/2024\/09\/tananai_matrimonio-750x858.jpg 750w, https:\/\/www.gossip.it\/wp-content\/uploads\/2024\/09\/tananai_matrimonio.jpg 1134w\" sizes=\"(max-width: 895px) 100vw, 895px\" \/><div class=\"gallery_caption\"><b>8. Tananai<\/b><br> Intensa la versione acustica di Tango scelta per emozionare gli sposi.<\/div>\n                        <\/div>\n                     <\/div><\/div><div class=\"gallery_image active center \" ><div class=\"gallery_box\"> \n                        <div class=\"gallery_image_inside\"><img decoding=\"async\" width=\"923\" height=\"1024\" src=\"https:\/\/www.gossip.it\/wp-content\/uploads\/2024\/09\/dargen_matrimonio-923x1024.jpg\" class=\"attachment-large size-large\" alt=\"\" srcset=\"https:\/\/www.gossip.it\/wp-content\/uploads\/2024\/09\/dargen_matrimonio-923x1024.jpg 923w, https:\/\/www.gossip.it\/wp-content\/uploads\/2024\/09\/dargen_matrimonio-270x300.jpg 270w, https:\/\/www.gossip.it\/wp-content\/uploads\/2024\/09\/dargen_matrimonio-768x852.jpg 768w, https:\/\/www.gossip.it\/wp-content\/uploads\/2024\/09\/dargen_matrimonio-750x832.jpg 750w, https:\/\/www.gossip.it\/wp-content\/uploads\/2024\/09\/dargen_matrimonio.jpg 1134w\" sizes=\"(max-width: 923px) 100vw, 923px\" \/><div class=\"gallery_caption\"><b>9. Dargen D\u2019Amico <\/b><br> A far festa ci ha pensato anche Dargen D\u2019Amico, grande amico della coppia.<\/div>\n                        <\/div>\n                     <\/div><\/div><div class=\"gallery_image\"><div class=\"banner\"><!-- Banner #369 - START --><div class=\"gmp-repeat_pl banner\" style=\"display:block;min-height: 250px;\"><\/div><!-- Banner #369 - END --><\/div><\/div><div class=\"gallery_image active center \" ><div class=\"gallery_box\"> \n                        <div class=\"gallery_image_inside\"><img decoding=\"async\" width=\"1005\" height=\"1024\" src=\"https:\/\/www.gossip.it\/wp-content\/uploads\/2024\/09\/emma_matrimonio-1005x1024.jpg\" class=\"attachment-large size-large\" alt=\"\" srcset=\"https:\/\/www.gossip.it\/wp-content\/uploads\/2024\/09\/emma_matrimonio-1005x1024.jpg 1005w, https:\/\/www.gossip.it\/wp-content\/uploads\/2024\/09\/emma_matrimonio-294x300.jpg 294w, https:\/\/www.gossip.it\/wp-content\/uploads\/2024\/09\/emma_matrimonio-768x783.jpg 768w, https:\/\/www.gossip.it\/wp-content\/uploads\/2024\/09\/emma_matrimonio-75x75.jpg 75w, https:\/\/www.gossip.it\/wp-content\/uploads\/2024\/09\/emma_matrimonio-750x765.jpg 750w, https:\/\/www.gossip.it\/wp-content\/uploads\/2024\/09\/emma_matrimonio.jpg 1134w\" sizes=\"(max-width: 1005px) 100vw, 1005px\" \/><div class=\"gallery_caption\"><b>10. Emma Marrone <\/b><br> Tra gli invitati anche la cantante salentina che non poteva mancare sul palco per cantare.<\/div>\n                        <\/div>\n                     <\/div><\/div><div class=\"gallery_image active center \" ><div class=\"gallery_box\"> \n                        <div class=\"gallery_image_inside\"><img decoding=\"async\" width=\"967\" height=\"1024\" src=\"https:\/\/www.gossip.it\/wp-content\/uploads\/2024\/09\/sposi_matrimonio2-967x1024.jpg\" class=\"attachment-large size-large\" alt=\"\" srcset=\"https:\/\/www.gossip.it\/wp-content\/uploads\/2024\/09\/sposi_matrimonio2-967x1024.jpg 967w, https:\/\/www.gossip.it\/wp-content\/uploads\/2024\/09\/sposi_matrimonio2-283x300.jpg 283w, https:\/\/www.gossip.it\/wp-content\/uploads\/2024\/09\/sposi_matrimonio2-768x813.jpg 768w, https:\/\/www.gossip.it\/wp-content\/uploads\/2024\/09\/sposi_matrimonio2-750x794.jpg 750w, https:\/\/www.gossip.it\/wp-content\/uploads\/2024\/09\/sposi_matrimonio2.jpg 1134w\" sizes=\"(max-width: 967px) 100vw, 967px\" \/><div class=\"gallery_caption\"><b>11. Il terzo abito <\/b><br> Per la festa la sposa ha scelto\u00a0un party dress corto, col bustier, per ballare fino a notte fonda.\u00a0Il brand \u00e8 Atelier Em\u00e9.<\/div>\n                        <\/div>\n                     <\/div><\/div><div class=\"gallery_image active center \" ><div class=\"gallery_box\"> \n                        <div class=\"gallery_image_inside\"><img decoding=\"async\" width=\"745\" height=\"1024\" src=\"https:\/\/www.gossip.it\/wp-content\/uploads\/2024\/09\/torta_matrimonio-745x1024.jpg\" class=\"attachment-large size-large\" alt=\"\" srcset=\"https:\/\/www.gossip.it\/wp-content\/uploads\/2024\/09\/torta_matrimonio-745x1024.jpg 745w, https:\/\/www.gossip.it\/wp-content\/uploads\/2024\/09\/torta_matrimonio-218x300.jpg 218w, https:\/\/www.gossip.it\/wp-content\/uploads\/2024\/09\/torta_matrimonio-768x1056.jpg 768w, https:\/\/www.gossip.it\/wp-content\/uploads\/2024\/09\/torta_matrimonio-1117x1536.jpg 1117w, https:\/\/www.gossip.it\/wp-content\/uploads\/2024\/09\/torta_matrimonio-750x1031.jpg 750w, https:\/\/www.gossip.it\/wp-content\/uploads\/2024\/09\/torta_matrimonio.jpg 1134w\" sizes=\"(max-width: 745px) 100vw, 745px\" \/><div class=\"gallery_caption\"><b>12. La torta <\/b><br> Cerimonia sul prato e festa in giardino, sotto il bagliore delle luci, in un'atmosfera rustica e chic. A cena,\u00a0pasta al pesto,\u00a0polpette e pane con la mortadella, una scelta semplice e divertente che \u00e8 piaciuta agli ospiti. Originale anche l\u2019idea di condividere tutti insieme una torta enorme.<\/div>\n                        <\/div>\n                     <\/div><\/div><\/div><div class=\"controls\"> <\/div><\/div><\/div>","protected":false},"excerpt":{"rendered":"<p>Le foto del matrimonio di Veronica Ferraro, la migliore amica di Chiara Ferragni: alla cerimonia intima c'erano tanti...<\/p>\n","protected":false},"author":14,"featured_media":179624,"comment_status":"open","ping_status":"closed","sticky":false,"template":"","format":"standard","meta":{"footnotes":""},"categories":[63169],"tags":[63487,1950,2216,68259],"vip":[481,64232],"class_list":["post-179622","post","type-post","status-publish","format-standard","has-post-thumbnail","hentry","category-foto","tag-chiaraferragni","tag-matrimonio","tag-nozze","tag-veronicaferraro","vip-chiara_ferragni","vip-veronica-ferraro"],"yoast_head":"<title>Le foto del matrimonio di Veronica Ferraro, la migliore amica di Chiara Ferragni - Gossip.it | News sul Gossip e VIP<\/title>\n<meta name=\"description\" content=\"Le foto del matrimonio di Veronica Ferraro, la migliore amica di Chiara Ferragni: alla cerimonia intima c&#039;erano tanti...\" \/>\n<meta name=\"robots\" content=\"index, follow, max-snippet:-1, max-image-preview:large, max-video-preview:-1\" \/>\n<link rel=\"canonical\" href=\"https:\/\/www.gossip.it\/foto\/foto-matrimonio-veronica-ferraro-migliore-amica-chiara-ferragni\/\" \/>\n<meta property=\"og:locale\" content=\"it_IT\" \/>\n<meta property=\"og:type\" content=\"article\" \/>\n<meta property=\"og:title\" content=\"Le foto del matrimonio di Veronica Ferraro, la migliore amica di Chiara Ferragni - Gossip.it | News sul Gossip e VIP\" \/>\n<meta property=\"og:description\" content=\"Le foto del matrimonio di Veronica Ferraro, la migliore amica di Chiara Ferragni: alla cerimonia intima c&#039;erano tanti...\" \/>\n<meta property=\"og:url\" content=\"https:\/\/www.gossip.it\/foto\/foto-matrimonio-veronica-ferraro-migliore-amica-chiara-ferragni\/\" \/>\n<meta property=\"og:site_name\" content=\"Gossip.it | News sul Gossip e VIP\" \/>\n<meta property=\"article:publisher\" content=\"https:\/\/www.facebook.com\/GossipIT\" \/>\n<meta property=\"article:published_time\" content=\"2024-09-13T13:38:17+00:00\" \/>\n<meta property=\"article:modified_time\" content=\"2024-09-13T13:38:22+00:00\" \/>\n<meta property=\"og:image\" content=\"https:\/\/www.gossip.it\/wp-content\/uploads\/2024\/09\/lancio-GALLERY-FB-1.jpg\" \/>\n\t<meta property=\"og:image:width\" content=\"1134\" \/>\n\t<meta property=\"og:image:height\" content=\"665\" \/>\n\t<meta property=\"og:image:type\" content=\"image\/jpeg\" \/>\n<meta name=\"author\" content=\"Veronica Langella\" \/>\n<meta name=\"twitter:card\" content=\"summary_large_image\" \/>\n<meta name=\"twitter:creator\" content=\"@gossinews_it\" \/>\n<meta name=\"twitter:site\" content=\"@gossinews_it\" \/>\n<meta name=\"twitter:label1\" content=\"Scritto da\" \/>\n\t<meta name=\"twitter:data1\" content=\"Veronica Langella\" \/>\n\t<meta name=\"twitter:label2\" content=\"Tempo di lettura stimato\" \/>\n\t<meta name=\"twitter:data2\" content=\"1 minuto\" \/>","yoast_head_json":{"title":"Le foto del matrimonio di Veronica Ferraro, la migliore amica di Chiara Ferragni - Gossip.it | News sul Gossip e VIP","description":"Le foto del matrimonio di Veronica Ferraro, la migliore amica di Chiara Ferragni: alla cerimonia intima c'erano tanti...","robots":{"index":"index","follow":"follow","max-snippet":"max-snippet:-1","max-image-preview":"max-image-preview:large","max-video-preview":"max-video-preview:-1"},"canonical":"https:\/\/www.gossip.it\/foto\/foto-matrimonio-veronica-ferraro-migliore-amica-chiara-ferragni\/","og_locale":"it_IT","og_type":"article","og_title":"Le foto del matrimonio di Veronica Ferraro, la migliore amica di Chiara Ferragni - Gossip.it | News sul Gossip e VIP","og_description":"Le foto del matrimonio di Veronica Ferraro, la migliore amica di Chiara Ferragni: alla cerimonia intima c'erano tanti...","og_url":"https:\/\/www.gossip.it\/foto\/foto-matrimonio-veronica-ferraro-migliore-amica-chiara-ferragni\/","og_site_name":"Gossip.it | News sul Gossip e VIP","article_publisher":"https:\/\/www.facebook.com\/GossipIT","article_published_time":"2024-09-13T13:38:17+00:00","article_modified_time":"2024-09-13T13:38:22+00:00","og_image":[{"width":1134,"height":665,"url":"https:\/\/www.gossip.it\/wp-content\/uploads\/2024\/09\/lancio-GALLERY-FB-1.jpg","type":"image\/jpeg"}],"author":"Veronica Langella","twitter_card":"summary_large_image","twitter_creator":"@gossinews_it","twitter_site":"@gossinews_it","twitter_misc":{"Scritto da":"Veronica Langella","Tempo di lettura stimato":"1 minuto"},"schema":{"@context":"https:\/\/schema.org","@graph":[{"@type":"Article","@id":"https:\/\/www.gossip.it\/foto\/foto-matrimonio-veronica-ferraro-migliore-amica-chiara-ferragni\/#article","isPartOf":{"@id":"https:\/\/www.gossip.it\/foto\/foto-matrimonio-veronica-ferraro-migliore-amica-chiara-ferragni\/"},"author":{"name":"Veronica Langella","@id":"https:\/\/www.gossip.it\/#\/schema\/person\/19e94c9df6df0cf45ae8d7881fbf4a73"},"headline":"Le foto del matrimonio di Veronica Ferraro, la migliore amica di Chiara Ferragni","datePublished":"2024-09-13T13:38:17+00:00","dateModified":"2024-09-13T13:38:22+00:00","mainEntityOfPage":{"@id":"https:\/\/www.gossip.it\/foto\/foto-matrimonio-veronica-ferraro-migliore-amica-chiara-ferragni\/"},"wordCount":32,"commentCount":0,"publisher":{"@id":"https:\/\/www.gossip.it\/#organization"},"image":{"@id":"https:\/\/www.gossip.it\/foto\/foto-matrimonio-veronica-ferraro-migliore-amica-chiara-ferragni\/#primaryimage"},"thumbnailUrl":"https:\/\/www.gossip.it\/wp-content\/uploads\/2024\/09\/lancio-GALLERY-1.jpg","keywords":["chiaraferragni","matrimonio","nozze","veronicaferraro"],"articleSection":["Foto"],"inLanguage":"it-IT","potentialAction":[{"@type":"CommentAction","name":"Comment","target":["https:\/\/www.gossip.it\/foto\/foto-matrimonio-veronica-ferraro-migliore-amica-chiara-ferragni\/#respond"]}]},{"@type":"WebPage","@id":"https:\/\/www.gossip.it\/foto\/foto-matrimonio-veronica-ferraro-migliore-amica-chiara-ferragni\/","url":"https:\/\/www.gossip.it\/foto\/foto-matrimonio-veronica-ferraro-migliore-amica-chiara-ferragni\/","name":"Le foto del matrimonio di Veronica Ferraro, la migliore amica di Chiara Ferragni - Gossip.it | News sul Gossip e VIP","isPartOf":{"@id":"https:\/\/www.gossip.it\/#website"},"primaryImageOfPage":{"@id":"https:\/\/www.gossip.it\/foto\/foto-matrimonio-veronica-ferraro-migliore-amica-chiara-ferragni\/#primaryimage"},"image":{"@id":"https:\/\/www.gossip.it\/foto\/foto-matrimonio-veronica-ferraro-migliore-amica-chiara-ferragni\/#primaryimage"},"thumbnailUrl":"https:\/\/www.gossip.it\/wp-content\/uploads\/2024\/09\/lancio-GALLERY-1.jpg","datePublished":"2024-09-13T13:38:17+00:00","dateModified":"2024-09-13T13:38:22+00:00","description":"Le foto del matrimonio di Veronica Ferraro, la migliore amica di Chiara Ferragni: alla cerimonia intima c'erano tanti...","breadcrumb":{"@id":"https:\/\/www.gossip.it\/foto\/foto-matrimonio-veronica-ferraro-migliore-amica-chiara-ferragni\/#breadcrumb"},"inLanguage":"it-IT","potentialAction":[{"@type":"ReadAction","target":["https:\/\/www.gossip.it\/foto\/foto-matrimonio-veronica-ferraro-migliore-amica-chiara-ferragni\/"]}]},{"@type":"ImageObject","inLanguage":"it-IT","@id":"https:\/\/www.gossip.it\/foto\/foto-matrimonio-veronica-ferraro-migliore-amica-chiara-ferragni\/#primaryimage","url":"https:\/\/www.gossip.it\/wp-content\/uploads\/2024\/09\/lancio-GALLERY-1.jpg","contentUrl":"https:\/\/www.gossip.it\/wp-content\/uploads\/2024\/09\/lancio-GALLERY-1.jpg","width":1134,"height":808},{"@type":"BreadcrumbList","@id":"https:\/\/www.gossip.it\/foto\/foto-matrimonio-veronica-ferraro-migliore-amica-chiara-ferragni\/#breadcrumb","itemListElement":[{"@type":"ListItem","position":1,"name":"Home","item":"https:\/\/www.gossip.it\/"},{"@type":"ListItem","position":2,"name":"Le foto del matrimonio di Veronica Ferraro, la migliore amica di Chiara Ferragni"}]},{"@type":"WebSite","@id":"https:\/\/www.gossip.it\/#website","url":"https:\/\/www.gossip.it\/","name":"Gossip and VIP News","description":"Quotidiano di cronaca rosa, costume e societ\u00e0","publisher":{"@id":"https:\/\/www.gossip.it\/#organization"},"alternateName":"Gossip and VIP News","potentialAction":[{"@type":"SearchAction","target":{"@type":"EntryPoint","urlTemplate":"https:\/\/www.gossip.it\/?s={search_term_string}"},"query-input":{"@type":"PropertyValueSpecification","valueRequired":true,"valueName":"search_term_string"}}],"inLanguage":"it-IT"},{"@type":"Organization","@id":"https:\/\/www.gossip.it\/#organization","name":"Gossip and VIP News","alternateName":"Gossip News","url":"https:\/\/www.gossip.it\/","logo":{"@type":"ImageObject","inLanguage":"it-IT","@id":"https:\/\/www.gossip.it\/#\/schema\/logo\/image\/","url":"https:\/\/www.gossip.it\/wp-content\/uploads\/2022\/04\/cropped-corna-alta-tiny.png","contentUrl":"https:\/\/www.gossip.it\/wp-content\/uploads\/2022\/04\/cropped-corna-alta-tiny.png","width":512,"height":512,"caption":"Gossip and VIP News"},"image":{"@id":"https:\/\/www.gossip.it\/#\/schema\/logo\/image\/"},"sameAs":["https:\/\/www.facebook.com\/GossipIT","https:\/\/x.com\/gossinews_it","https:\/\/instagram.com\/gossip_it"]},{"@type":"Person","@id":"https:\/\/www.gossip.it\/#\/schema\/person\/19e94c9df6df0cf45ae8d7881fbf4a73","name":"Veronica Langella","image":{"@type":"ImageObject","inLanguage":"it-IT","@id":"https:\/\/www.gossip.it\/#\/schema\/person\/image\/","url":"https:\/\/secure.gravatar.com\/avatar\/81bb1822732cf2c4d48c8984dfd9a028436d12e0918afe1ff6d842f13193b173?s=96&d=mm&r=g","contentUrl":"https:\/\/secure.gravatar.com\/avatar\/81bb1822732cf2c4d48c8984dfd9a028436d12e0918afe1ff6d842f13193b173?s=96&d=mm&r=g","caption":"Veronica Langella"}}]}},"amp_enabled":true,"_links":{"self":[{"href":"https:\/\/www.gossip.it\/api\/wp\/v2\/posts\/179622","targetHints":{"allow":["GET"]}}],"collection":[{"href":"https:\/\/www.gossip.it\/api\/wp\/v2\/posts"}],"about":[{"href":"https:\/\/www.gossip.it\/api\/wp\/v2\/types\/post"}],"author":[{"embeddable":true,"href":"https:\/\/www.gossip.it\/api\/wp\/v2\/users\/14"}],"replies":[{"embeddable":true,"href":"https:\/\/www.gossip.it\/api\/wp\/v2\/comments?post=179622"}],"version-history":[{"count":1,"href":"https:\/\/www.gossip.it\/api\/wp\/v2\/posts\/179622\/revisions"}],"predecessor-version":[{"id":179637,"href":"https:\/\/www.gossip.it\/api\/wp\/v2\/posts\/179622\/revisions\/179637"}],"wp:featuredmedia":[{"embeddable":true,"href":"https:\/\/www.gossip.it\/api\/wp\/v2\/media\/179624"}],"wp:attachment":[{"href":"https:\/\/www.gossip.it\/api\/wp\/v2\/media?parent=179622"}],"wp:term":[{"taxonomy":"category","embeddable":true,"href":"https:\/\/www.gossip.it\/api\/wp\/v2\/categories?post=179622"},{"taxonomy":"post_tag","embeddable":true,"href":"https:\/\/www.gossip.it\/api\/wp\/v2\/tags?post=179622"},{"taxonomy":"vip","embeddable":true,"href":"https:\/\/www.gossip.it\/api\/wp\/v2\/vip?post=179622"}],"curies":[{"name":"wp","href":"https:\/\/api.w.org\/{rel}","templated":true}]}}