{"id":17964,"date":"2004-01-22T00:00:00","date_gmt":"2004-01-21T23:00:00","guid":{"rendered":"https:\/\/www.gossip.it\/senza-categoria\/esclusivo-barbara-d-urso-cosi-sara-il-mio-grande-fratello-4\/"},"modified":"2004-01-22T00:00:00","modified_gmt":"2004-01-21T23:00:00","slug":"esclusivo-barbara-d-urso-cosi-sara-il-mio-grande-fratello-4","status":"publish","type":"post","link":"https:\/\/www.gossip.it\/news\/esclusivo-barbara-d-urso-cosi-sara-il-mio-grande-fratello-4\/","title":{"rendered":"Esclusivo: Barbara D'Urso: 'Cos\u00ec sar\u00e0 il mio Grande Fratello 4'"},"content":{"rendered":"<p>Questa sera partir\u00e0 la quarta edizione del <a href='https:\/\/www.gossip.it\/gf3\/'><b><u>Grande Fratello<\/u><\/b><\/a>. Ci saranno nuovi concorrenti, tra cui un dj, un medico ed un imprenditore e l'et\u00e0 media sar\u00e0 pi\u00f9 alta di quella delle serie precedenti (sui 34-35 anni). <\/p>\n<p> Anche la casa \u00e8 stata cambiata \u00e8 molto pi\u00f9 lussuosa e unir\u00e0 lo stile Luigi XVI all\u2019hi-tech. Tanti cambiamenti, ma la conduttrice sar\u00e0 ancora una volta lei, la bella e solare <a href='https:\/\/www.gossip.it\/tv\/durso\/'><b><u>Barbara D\u2019Urso<\/u><\/b><\/a>. <a href='https:\/\/www.gossip.it\/'><b><u>GossipNews<\/u><\/b><\/a> l\u2019ha incontrata a Roma in occasione della consegna di una lussuosa auto Rover Streetwise offerta in comodato d'uso alla conduttrice del Grande Fratello da Massimo Brero, Direttore Commerciale Mg Rover Italia, e da Giovanni Collina, titolare della concessionaria di Roma.<\/p>\n<p><b>Ricomincia il <a href='https:\/\/www.gossip.it\/gf3'><b><u>Grande Fratello<\/u><\/b><\/a>. Sentiremo ancora il tuo inconfondibile tormentone \"Ragazzi!\" echeggiare il gioved\u00ec per gli studi di <a href='http:\/\/null'><b><u>Canale5<\/u><\/b><\/a>?<\/b> <\/p>\n<p>Si, rassegnatevi. Io chiamo cos\u00ec anche i miei, di ragazzi: sono le persone ed i media che hanno creato il tormentone.<\/p>\n<p><b>E' vero che se sarai pi\u00f9 severa?<\/b><\/p>\n<p>S\u00ec. Anche se io sono di origine <a href='https:\/\/www.gossip.it\/news\/cerca.php3?keyword=napoli'><b><u>napoletana<\/u><\/b><\/a> e di natura sono buona, sar\u00f2 pi\u00f9 cattiva. Anche perch\u00e9 per chi non riga dritto quest\u2019anno c\u2019\u00e8 un'anti-suite adibita alle punizioni con acqua fredda per lavarsi e balle di fieno per dormire.<\/p>\n<p><b>Hai gi\u00e0 incontrato i ragazzi?<\/b><\/p>\n<p>No. Chiedo di conoscere i ragazzi solo poco prima dell\u2019inizio del programma. Ma so che sono personaggi molto forti.<\/p>\n<p><b><a href='https:\/\/www.gossip.it\/news\/asc_shownews.php3?ID=1074713382'><b><u>Il grande Fratello<\/u><\/b><\/a> \u00e8 ai nastri di partenza, ma le polemiche gi\u00e0 si sono sprecate: cosa ne pensi del prete che si \u00e8 presentato al provino?<\/b><\/p>\n<p>Credo che non sia un mitomane, ma solo un sacerdote che voleva portare la fede nella casa.<\/p>\n<p><b>E passiamo alle frivolezze: come vestirai?<\/b><\/p>\n<p>Quasi esclusivamente con dei <a href='https:\/\/www.gossip.it\/moda'><b><u>tailleur<\/u><\/b><\/a> di \"Attitude\".<\/p>\n<p><b>E il futuro di Barbara, oltre il Grande Fratello?<\/b><\/p>\n<p>Recentemente ho girato <b>\"Orgoglio\"<\/b> prodotto dalla Titanus, che sar\u00e0 in onda dal 29 febbraio per 13 puntate su <a href='https:\/\/www.gossip.it\/tv\/50anni_rai\/'><b><u>RaiUno<\/u><\/b><\/a>. A breve uscir\u00e0 nelle sale il <a href='https:\/\/www.gossip.it\/cinema\/'><b><u>film<\/u><\/b><\/a> <b>\"Per giusto omicidio\", <\/b>per la regia di Diego Febbraio, e su Canale 5 andranno in onda il <a href='http:\/\/null'><b><u>tv-movie<\/u><\/b><\/a> <b>\"Rocco\", <\/b>con la regia del figlio di <a href='https:\/\/www.gossip.it\/mondanita\/compleanno_bongiorno\/'><b><u>Mike Bongiorno<\/u><\/b><\/a>, e la fiction <b>\"Noi\". <\/b><\/p>\n<p>Grande Barbara.<\/p>\n<p><b>Foto: V.Vivanti \u00a9 Gossip.it<\/b><\/p>\n<p> <a href='https:\/\/www.gossip.it\/tv\/durso\/'><b><u>>>>LA NUOVA GALLERY DI BARBARA<<<<\/u><\/b><\/a> <BR><BR><br \/>\n <a href='https:\/\/www.gossip.it\/gf3\/'><b><u>>>>TUTTO SUL GRANDE FRATELLO<<<<\/u><\/b><\/a> <BR><BR><br \/>\n <a href='https:\/\/www.gossip.it\/news\/asc_shownews.php3?ID=1074713382'><b><u>>>>LE PRIME INDISCREZIONI SUL GRANDE FRATELLO 4<<<<\/u><\/b><\/a><\/p>\n","protected":false},"excerpt":{"rendered":"<p>Questa sera partir\u00e0 la quarta edizione del Grande Fratello. Ci saranno nuovi concorrenti, tra cui un dj, un medico ed un imprenditore e l'et\u00e0 media sar\u00e0 pi\u00f9 alta di quella delle serie precedenti (sui 34-35 anni). Anche la casa \u00e8 stata cambiata \u00e8 molto pi\u00f9 lussuosa e unir\u00e0 lo stile Luigi XVI all\u2019hi-tech. Tanti cambiamenti, [&hellip;]<\/p>\n","protected":false},"author":1,"featured_media":74013,"comment_status":"closed","ping_status":"closed","sticky":false,"template":"","format":"standard","meta":{"footnotes":""},"categories":[54],"tags":[2144,2098,2106,14619,14920,19073,2107,19074,5069,19072,2281,2097],"vip":[383],"class_list":["post-17964","post","type-post","status-publish","format-standard","has-post-thumbnail","hentry","category-news","tag-barbara-d-urso","tag-canale-5","tag-gf","tag-gf2","tag-gf3","tag-giovanni-collina","tag-grande-fratello","tag-massimo-brero","tag-mike-bongiorno","tag-rover","tag-televisione","tag-tv","vip-barbara_durso"],"yoast_head":"<title>Esclusivo: Barbara D&#039;Urso: &#039;Cos\u00ec sar\u00e0 il mio Grande Fratello 4&#039; - Gossip.it | News sul Gossip e VIP<\/title>\n<meta name=\"description\" content=\"Questa sera partir\u00e0 la quarta edizione del Grande Fratello. Ci saranno nuovi concorrenti, tra cui un dj, un medico ed un imprenditore e l&#039;et\u00e0 media sar\u00e0\" \/>\n<meta name=\"robots\" content=\"index, follow, max-snippet:-1, max-image-preview:large, max-video-preview:-1\" \/>\n<link rel=\"canonical\" href=\"https:\/\/www.gossip.it\/news\/esclusivo-barbara-d-urso-cosi-sara-il-mio-grande-fratello-4\/\" \/>\n<meta property=\"og:locale\" content=\"it_IT\" \/>\n<meta property=\"og:type\" content=\"article\" \/>\n<meta property=\"og:title\" content=\"Esclusivo: Barbara D&#039;Urso: &#039;Cos\u00ec sar\u00e0 il mio Grande Fratello 4&#039; - Gossip.it | News sul Gossip e VIP\" \/>\n<meta property=\"og:description\" content=\"Questa sera partir\u00e0 la quarta edizione del Grande Fratello. Ci saranno nuovi concorrenti, tra cui un dj, un medico ed un imprenditore e l&#039;et\u00e0 media sar\u00e0\" \/>\n<meta property=\"og:url\" content=\"https:\/\/www.gossip.it\/news\/esclusivo-barbara-d-urso-cosi-sara-il-mio-grande-fratello-4\/\" \/>\n<meta property=\"og:site_name\" content=\"Gossip.it | News sul Gossip e VIP\" \/>\n<meta property=\"article:publisher\" content=\"https:\/\/www.facebook.com\/GossipIT\" \/>\n<meta property=\"article:published_time\" content=\"2004-01-21T23:00:00+00:00\" \/>\n<meta property=\"og:image\" content=\"https:\/\/www.gossip.it\/images5\/barbaradurso4.jpg\" \/>\n<meta name=\"author\" content=\"La Redazione\" \/>\n<meta name=\"twitter:card\" content=\"summary_large_image\" \/>\n<meta name=\"twitter:image\" content=\"https:\/\/www.gossip.it\/images5\/barbaradurso4.jpg\" \/>\n<meta name=\"twitter:creator\" content=\"@gossinews_it\" \/>\n<meta name=\"twitter:site\" content=\"@gossinews_it\" \/>\n<meta name=\"twitter:label1\" content=\"Scritto da\" \/>\n\t<meta name=\"twitter:data1\" content=\"La Redazione\" \/>\n\t<meta name=\"twitter:label2\" content=\"Tempo di lettura stimato\" \/>\n\t<meta name=\"twitter:data2\" content=\"2 minuti\" \/>","yoast_head_json":{"title":"Esclusivo: Barbara D'Urso: 'Cos\u00ec sar\u00e0 il mio Grande Fratello 4' - Gossip.it | News sul Gossip e VIP","description":"Questa sera partir\u00e0 la quarta edizione del Grande Fratello. Ci saranno nuovi concorrenti, tra cui un dj, un medico ed un imprenditore e l'et\u00e0 media sar\u00e0","robots":{"index":"index","follow":"follow","max-snippet":"max-snippet:-1","max-image-preview":"max-image-preview:large","max-video-preview":"max-video-preview:-1"},"canonical":"https:\/\/www.gossip.it\/news\/esclusivo-barbara-d-urso-cosi-sara-il-mio-grande-fratello-4\/","og_locale":"it_IT","og_type":"article","og_title":"Esclusivo: Barbara D'Urso: 'Cos\u00ec sar\u00e0 il mio Grande Fratello 4' - Gossip.it | News sul Gossip e VIP","og_description":"Questa sera partir\u00e0 la quarta edizione del Grande Fratello. Ci saranno nuovi concorrenti, tra cui un dj, un medico ed un imprenditore e l'et\u00e0 media sar\u00e0","og_url":"https:\/\/www.gossip.it\/news\/esclusivo-barbara-d-urso-cosi-sara-il-mio-grande-fratello-4\/","og_site_name":"Gossip.it | News sul Gossip e VIP","article_publisher":"https:\/\/www.facebook.com\/GossipIT","article_published_time":"2004-01-21T23:00:00+00:00","og_image":[{"url":"https:\/\/www.gossip.it\/images5\/barbaradurso4.jpg"}],"author":"La Redazione","twitter_card":"summary_large_image","twitter_image":"https:\/\/www.gossip.it\/images5\/barbaradurso4.jpg","twitter_creator":"@gossinews_it","twitter_site":"@gossinews_it","twitter_misc":{"Scritto da":"La Redazione","Tempo di lettura stimato":"2 minuti"},"schema":{"@context":"https:\/\/schema.org","@graph":[{"@type":"Article","@id":"https:\/\/www.gossip.it\/news\/esclusivo-barbara-d-urso-cosi-sara-il-mio-grande-fratello-4\/#article","isPartOf":{"@id":"https:\/\/www.gossip.it\/news\/esclusivo-barbara-d-urso-cosi-sara-il-mio-grande-fratello-4\/"},"author":{"name":"La Redazione","@id":"https:\/\/www.gossip.it\/#\/schema\/person\/488896f75158bff1cc83c6c39d141110"},"headline":"Esclusivo: Barbara D'Urso: 'Cos\u00ec sar\u00e0 il mio Grande Fratello 4'","datePublished":"2004-01-21T23:00:00+00:00","dateModified":"2004-01-21T23:00:00+00:00","mainEntityOfPage":{"@id":"https:\/\/www.gossip.it\/news\/esclusivo-barbara-d-urso-cosi-sara-il-mio-grande-fratello-4\/"},"wordCount":374,"publisher":{"@id":"https:\/\/www.gossip.it\/#organization"},"image":{"@id":"https:\/\/www.gossip.it\/news\/esclusivo-barbara-d-urso-cosi-sara-il-mio-grande-fratello-4\/#primaryimage"},"thumbnailUrl":"https:\/\/www.gossip.it\/images5\/barbaradurso4.jpg","keywords":["barbara d urso","canale 5","gf","gf2","gf3","Giovanni Collina","grande fratello","Massimo Brero","mike bongiorno","rover","televisione","tv"],"articleSection":["News"],"inLanguage":"it-IT"},{"@type":"WebPage","@id":"https:\/\/www.gossip.it\/news\/esclusivo-barbara-d-urso-cosi-sara-il-mio-grande-fratello-4\/","url":"https:\/\/www.gossip.it\/news\/esclusivo-barbara-d-urso-cosi-sara-il-mio-grande-fratello-4\/","name":"Esclusivo: Barbara D'Urso: 'Cos\u00ec sar\u00e0 il mio Grande Fratello 4' - Gossip.it | News sul Gossip e VIP","isPartOf":{"@id":"https:\/\/www.gossip.it\/#website"},"primaryImageOfPage":{"@id":"https:\/\/www.gossip.it\/news\/esclusivo-barbara-d-urso-cosi-sara-il-mio-grande-fratello-4\/#primaryimage"},"image":{"@id":"https:\/\/www.gossip.it\/news\/esclusivo-barbara-d-urso-cosi-sara-il-mio-grande-fratello-4\/#primaryimage"},"thumbnailUrl":"https:\/\/www.gossip.it\/images5\/barbaradurso4.jpg","datePublished":"2004-01-21T23:00:00+00:00","dateModified":"2004-01-21T23:00:00+00:00","description":"Questa sera partir\u00e0 la quarta edizione del Grande Fratello. Ci saranno nuovi concorrenti, tra cui un dj, un medico ed un imprenditore e l'et\u00e0 media sar\u00e0","breadcrumb":{"@id":"https:\/\/www.gossip.it\/news\/esclusivo-barbara-d-urso-cosi-sara-il-mio-grande-fratello-4\/#breadcrumb"},"inLanguage":"it-IT","potentialAction":[{"@type":"ReadAction","target":["https:\/\/www.gossip.it\/news\/esclusivo-barbara-d-urso-cosi-sara-il-mio-grande-fratello-4\/"]}]},{"@type":"ImageObject","inLanguage":"it-IT","@id":"https:\/\/www.gossip.it\/news\/esclusivo-barbara-d-urso-cosi-sara-il-mio-grande-fratello-4\/#primaryimage","url":"https:\/\/www.gossip.it\/images5\/barbaradurso4.jpg","contentUrl":"https:\/\/www.gossip.it\/images5\/barbaradurso4.jpg"},{"@type":"BreadcrumbList","@id":"https:\/\/www.gossip.it\/news\/esclusivo-barbara-d-urso-cosi-sara-il-mio-grande-fratello-4\/#breadcrumb","itemListElement":[{"@type":"ListItem","position":1,"name":"Home","item":"https:\/\/www.gossip.it\/"},{"@type":"ListItem","position":2,"name":"Esclusivo: Barbara D'Urso: 'Cos\u00ec sar\u00e0 il mio Grande Fratello 4'"}]},{"@type":"WebSite","@id":"https:\/\/www.gossip.it\/#website","url":"https:\/\/www.gossip.it\/","name":"Gossip and VIP News","description":"Quotidiano di cronaca rosa, costume e societ\u00e0","publisher":{"@id":"https:\/\/www.gossip.it\/#organization"},"alternateName":"Gossip and VIP News","potentialAction":[{"@type":"SearchAction","target":{"@type":"EntryPoint","urlTemplate":"https:\/\/www.gossip.it\/?s={search_term_string}"},"query-input":{"@type":"PropertyValueSpecification","valueRequired":true,"valueName":"search_term_string"}}],"inLanguage":"it-IT"},{"@type":"Organization","@id":"https:\/\/www.gossip.it\/#organization","name":"Gossip and VIP News","alternateName":"Gossip News","url":"https:\/\/www.gossip.it\/","logo":{"@type":"ImageObject","inLanguage":"it-IT","@id":"https:\/\/www.gossip.it\/#\/schema\/logo\/image\/","url":"https:\/\/www.gossip.it\/wp-content\/uploads\/2022\/04\/cropped-corna-alta-tiny.png","contentUrl":"https:\/\/www.gossip.it\/wp-content\/uploads\/2022\/04\/cropped-corna-alta-tiny.png","width":512,"height":512,"caption":"Gossip and VIP News"},"image":{"@id":"https:\/\/www.gossip.it\/#\/schema\/logo\/image\/"},"sameAs":["https:\/\/www.facebook.com\/GossipIT","https:\/\/x.com\/gossinews_it","https:\/\/instagram.com\/gossip_it"]},{"@type":"Person","@id":"https:\/\/www.gossip.it\/#\/schema\/person\/488896f75158bff1cc83c6c39d141110","name":"La Redazione","image":{"@type":"ImageObject","inLanguage":"it-IT","@id":"https:\/\/www.gossip.it\/#\/schema\/person\/image\/","url":"https:\/\/secure.gravatar.com\/avatar\/5a5f5c6fa3e6700e4249abdad0263a1e94e927d9e0499b1cb09c1cd29c044d80?s=96&d=mm&r=g","contentUrl":"https:\/\/secure.gravatar.com\/avatar\/5a5f5c6fa3e6700e4249abdad0263a1e94e927d9e0499b1cb09c1cd29c044d80?s=96&d=mm&r=g","caption":"La Redazione"},"sameAs":["https:\/\/www.gossip.it"]}]}},"amp_enabled":true,"_links":{"self":[{"href":"https:\/\/www.gossip.it\/api\/wp\/v2\/posts\/17964","targetHints":{"allow":["GET"]}}],"collection":[{"href":"https:\/\/www.gossip.it\/api\/wp\/v2\/posts"}],"about":[{"href":"https:\/\/www.gossip.it\/api\/wp\/v2\/types\/post"}],"author":[{"embeddable":true,"href":"https:\/\/www.gossip.it\/api\/wp\/v2\/users\/1"}],"replies":[{"embeddable":true,"href":"https:\/\/www.gossip.it\/api\/wp\/v2\/comments?post=17964"}],"version-history":[{"count":0,"href":"https:\/\/www.gossip.it\/api\/wp\/v2\/posts\/17964\/revisions"}],"wp:featuredmedia":[{"embeddable":true,"href":"https:\/\/www.gossip.it\/api\/wp\/v2\/media\/74013"}],"wp:attachment":[{"href":"https:\/\/www.gossip.it\/api\/wp\/v2\/media?parent=17964"}],"wp:term":[{"taxonomy":"category","embeddable":true,"href":"https:\/\/www.gossip.it\/api\/wp\/v2\/categories?post=17964"},{"taxonomy":"post_tag","embeddable":true,"href":"https:\/\/www.gossip.it\/api\/wp\/v2\/tags?post=17964"},{"taxonomy":"vip","embeddable":true,"href":"https:\/\/www.gossip.it\/api\/wp\/v2\/vip?post=17964"}],"curies":[{"name":"wp","href":"https:\/\/api.w.org\/{rel}","templated":true}]}}