{"id":180459,"date":"2024-09-27T15:14:40","date_gmt":"2024-09-27T13:14:40","guid":{"rendered":"https:\/\/www.gossip.it\/?p=180459"},"modified":"2024-09-30T13:25:46","modified_gmt":"2024-09-30T11:25:46","slug":"aria-primi-passi-diletta-leotta","status":"publish","type":"post","link":"https:\/\/www.gossip.it\/news\/aria-primi-passi-diletta-leotta\/","title":{"rendered":"A poco pi\u00f9 di un anno di vita la piccola Aria muove i suoi primi passi, mamma Diletta Leotta si scioglie dall'emozione: guarda"},"content":{"rendered":"\n<ul class=\"wp-block-list\">\n<li>E' uno di quei momenti indimenticabili che riempiono il cuore di gioia<\/li>\n\n\n\n<li>La conduttrice 33enne condivide sui social la breve passeggiata della figlioletta<\/li>\n<\/ul>\n\n\n\n<p>E\u2019 spesso a Roma, perch\u00e9 impegnata con <em>La Talpa<\/em>, che condurr\u00e0 su Mediaset. Fa la pendolare viaggiando da Milano, dove vive. E\u2019 \u00e8 proprio tornando nel suo appartamento che riceve una gioia grande:<strong> a poco pi\u00f9 di un anno di vita la piccola Aria muove i suoi primi passi. Mamma <a href=\"http:\/\/www.gossip.it\/vip\/diletta-leotta\">Diletta Leotta<\/a> la riprende<\/strong> e condivide pochi istanti della passeggiata della piccola. Si scioglie dall\u2019emozione: \u00e8 entusiasta.\u00a0<\/p>\n\n\n\n<figure class=\"wp-block-image size-large\"><img decoding=\"async\" width=\"955\" height=\"1024\" src=\"https:\/\/www.gossip.it\/wp-content\/uploads\/2024\/09\/leotta_1-1-955x1024.jpg\" alt=\"\" class=\"wp-image-180460\" srcset=\"https:\/\/www.gossip.it\/wp-content\/uploads\/2024\/09\/leotta_1-1-955x1024.jpg 955w, https:\/\/www.gossip.it\/wp-content\/uploads\/2024\/09\/leotta_1-1-280x300.jpg 280w, https:\/\/www.gossip.it\/wp-content\/uploads\/2024\/09\/leotta_1-1-768x824.jpg 768w, https:\/\/www.gossip.it\/wp-content\/uploads\/2024\/09\/leotta_1-1-750x804.jpg 750w, https:\/\/www.gossip.it\/wp-content\/uploads\/2024\/09\/leotta_1-1.jpg 1134w\" sizes=\"(max-width: 955px) 100vw, 955px\" \/><figcaption class=\"wp-element-caption\">A poco pi\u00f9 di un anno di vita la piccola Aria muove i suoi primi passi, mamma Diletta Leotta si scioglie dall'emozione<\/figcaption><\/figure>\n\n\n\n<p><em>\u201c<strong>Tornare a casa da te \u00e8 la cosa che amo di pi\u00f9<\/strong>\u201d<\/em>, scrive la conduttrice siciliana 33enne, condividendo alcuni scatti insieme alla figlioletta. La bimba ha spento la sua prima candelina lo scorso<strong> 16 agosto<\/strong>, lo stesso giorno in cui pure Diletta ha festeggiato il compleanno. Ora, anche se ancora incerta, cammina: il tempo vola e i progressi della bambina sono ogni giorno evidenti, per la felicit\u00e0 della Leotta e di pap\u00e0 <a href=\"http:\/\/www.gossip.it\/vip\/loris-karius\">Loris Karius<\/a>.<\/p>\n\n\n<div class=\"lazyblock-gossipvideo-22w0lt align wp-block-lazyblock-gossipvideo\"><script>window.azrnVideoPlaylist=\"https:\/\/www.gossip.it\/api\/gossip\/video\/playlist_v2\/latest\/180428\/gossip.it\"<\/script><div id=\"gmp-intext-video\"><\/div><\/div>\n\n\n<figure class=\"wp-block-image size-large\"><img decoding=\"async\" width=\"888\" height=\"1024\" src=\"https:\/\/www.gossip.it\/wp-content\/uploads\/2024\/09\/leotta_2-1-888x1024.jpg\" alt=\"\" class=\"wp-image-180461\" srcset=\"https:\/\/www.gossip.it\/wp-content\/uploads\/2024\/09\/leotta_2-1-888x1024.jpg 888w, https:\/\/www.gossip.it\/wp-content\/uploads\/2024\/09\/leotta_2-1-260x300.jpg 260w, https:\/\/www.gossip.it\/wp-content\/uploads\/2024\/09\/leotta_2-1-768x885.jpg 768w, https:\/\/www.gossip.it\/wp-content\/uploads\/2024\/09\/leotta_2-1-750x864.jpg 750w, https:\/\/www.gossip.it\/wp-content\/uploads\/2024\/09\/leotta_2-1.jpg 1134w\" sizes=\"(max-width: 888px) 100vw, 888px\" \/><figcaption class=\"wp-element-caption\">E' uno di quei momenti indimenticabili che riempiono il cuore di gioia<\/figcaption><\/figure>\n\n\n\n<p>La presentatrice, che, contrariamente a quanto si pensasse, ha conservato il suo ruolo di conduttrice sportiva su Dazn, si prepara a essere protagonista sulla tv generalista con il reality show. Lei e Loris, che sono andati a nozze lo scorso <strong>22 giugno<\/strong> sull\u2019isola di Vulcano, alle Eolie, in questo periodo sono pi\u00f9 che mai uniti.\u00a0<\/p>\n\n\n\n<figure class=\"wp-block-image size-large\"><img decoding=\"async\" width=\"962\" height=\"1024\" src=\"https:\/\/www.gossip.it\/wp-content\/uploads\/2024\/09\/leotta_3-962x1024.jpg\" alt=\"\" class=\"wp-image-180462\" srcset=\"https:\/\/www.gossip.it\/wp-content\/uploads\/2024\/09\/leotta_3-962x1024.jpg 962w, https:\/\/www.gossip.it\/wp-content\/uploads\/2024\/09\/leotta_3-282x300.jpg 282w, https:\/\/www.gossip.it\/wp-content\/uploads\/2024\/09\/leotta_3-768x817.jpg 768w, https:\/\/www.gossip.it\/wp-content\/uploads\/2024\/09\/leotta_3-750x798.jpg 750w, https:\/\/www.gossip.it\/wp-content\/uploads\/2024\/09\/leotta_3.jpg 1134w\" sizes=\"(max-width: 962px) 100vw, 962px\" \/><figcaption class=\"wp-element-caption\">La conduttrice 33enne condivide sui social la breve passeggiata della figlioletta<\/figcaption><\/figure>\n\n\n\n<figure class=\"wp-block-image size-large\"><img decoding=\"async\" width=\"821\" height=\"1024\" src=\"https:\/\/www.gossip.it\/wp-content\/uploads\/2024\/09\/leotta_4-821x1024.jpg\" alt=\"\" class=\"wp-image-180463\" srcset=\"https:\/\/www.gossip.it\/wp-content\/uploads\/2024\/09\/leotta_4-821x1024.jpg 821w, https:\/\/www.gossip.it\/wp-content\/uploads\/2024\/09\/leotta_4-241x300.jpg 241w, https:\/\/www.gossip.it\/wp-content\/uploads\/2024\/09\/leotta_4-768x958.jpg 768w, https:\/\/www.gossip.it\/wp-content\/uploads\/2024\/09\/leotta_4-750x935.jpg 750w, https:\/\/www.gossip.it\/wp-content\/uploads\/2024\/09\/leotta_4.jpg 1134w\" sizes=\"(max-width: 821px) 100vw, 821px\" \/><figcaption class=\"wp-element-caption\">In questo periodo pendolare tra Roma e Milano, assapora tutti gli istanti che trascorre con la bimba<\/figcaption><\/figure>\n\n\n\n<p>Il portiere tedesco 31enne ha lasciato il Newcastle e <strong>dal 1\u00b0 luglio \u00e8 rimasto senza squadra, svincolato<\/strong>. Ha sperato fino all\u2019ultimo di essere chiamato nel suo ruolo da un team di serie A italiano, al momento ancora non \u00e8 accaduto. Ma non tutti i mali vengono per nuocere: <strong>ora \u00e8 in pianta stabile a Milano<\/strong> e quindi, pu\u00f2 essere presente quando Diletta \u00e8 costretta a partire per lavoro. Poi si vedr\u00e0.<\/p>\n","protected":false},"excerpt":{"rendered":"<p>La conduttrice 33enne condivide sui social la breve...<\/p>\n","protected":false},"author":24,"featured_media":180475,"comment_status":"open","ping_status":"closed","sticky":false,"template":"","format":"standard","meta":{"footnotes":""},"categories":[54],"tags":[4705,64662,71646,69110,78587,2793,65685,69395,65321,1979],"vip":[64241],"class_list":["post-180459","post","type-post","status-publish","format-standard","has-post-thumbnail","hentry","category-news","tag-aria","tag-dilettaleotta","tag-dilettaleottaaria","tag-dilettaleottafiglia","tag-dilettaleottamarito","tag-gossip","tag-latalpa","tag-leotta","tag-loriskarius","tag-milano","vip-diletta-leotta"],"yoast_head":"<title>A poco pi\u00f9 di un anno di vita la piccola Aria muove i suoi primi passi, mamma Diletta Leotta si scioglie dall&#039;emozione: guarda - Gossip.it | News sul Gossip e VIP<\/title>\n<meta name=\"description\" content=\"A poco pi\u00f9 di un anno di vita la piccola Aria muove i suoi primi passi, mamma Diletta Leotta si scioglie dall&#039;emozione: guarda\" \/>\n<meta name=\"robots\" content=\"index, follow, max-snippet:-1, max-image-preview:large, max-video-preview:-1\" \/>\n<link rel=\"canonical\" href=\"https:\/\/www.gossip.it\/news\/aria-primi-passi-diletta-leotta\/\" \/>\n<meta property=\"og:locale\" content=\"it_IT\" \/>\n<meta property=\"og:type\" content=\"article\" \/>\n<meta property=\"og:title\" content=\"A poco pi\u00f9 di un anno di vita la piccola Aria muove i suoi primi passi, mamma Diletta Leotta si scioglie dall&#039;emozione: guarda - Gossip.it | News sul Gossip e VIP\" \/>\n<meta property=\"og:description\" content=\"A poco pi\u00f9 di un anno di vita la piccola Aria muove i suoi primi passi, mamma Diletta Leotta si scioglie dall&#039;emozione: guarda\" \/>\n<meta property=\"og:url\" content=\"https:\/\/www.gossip.it\/news\/aria-primi-passi-diletta-leotta\/\" \/>\n<meta property=\"og:site_name\" content=\"Gossip.it | News sul Gossip e VIP\" \/>\n<meta property=\"article:publisher\" content=\"https:\/\/www.facebook.com\/GossipIT\" \/>\n<meta property=\"article:published_time\" content=\"2024-09-27T13:14:40+00:00\" \/>\n<meta property=\"article:modified_time\" content=\"2024-09-30T11:25:46+00:00\" \/>\n<meta property=\"og:image\" content=\"https:\/\/www.gossip.it\/wp-content\/uploads\/2024\/09\/PP-LEOTTA.jpg\" \/>\n\t<meta property=\"og:image:width\" content=\"1134\" \/>\n\t<meta property=\"og:image:height\" content=\"564\" \/>\n\t<meta property=\"og:image:type\" content=\"image\/jpeg\" \/>\n<meta name=\"author\" content=\"Carla Giuni\" \/>\n<meta name=\"twitter:card\" content=\"summary_large_image\" \/>\n<meta name=\"twitter:creator\" content=\"@gossinews_it\" \/>\n<meta name=\"twitter:site\" content=\"@gossinews_it\" \/>\n<meta name=\"twitter:label1\" content=\"Scritto da\" \/>\n\t<meta name=\"twitter:data1\" content=\"Carla Giuni\" \/>\n\t<meta name=\"twitter:label2\" content=\"Tempo di lettura stimato\" \/>\n\t<meta name=\"twitter:data2\" content=\"3 minuti\" \/>","yoast_head_json":{"title":"A poco pi\u00f9 di un anno di vita la piccola Aria muove i suoi primi passi, mamma Diletta Leotta si scioglie dall'emozione: guarda - Gossip.it | News sul Gossip e VIP","description":"A poco pi\u00f9 di un anno di vita la piccola Aria muove i suoi primi passi, mamma Diletta Leotta si scioglie dall'emozione: guarda","robots":{"index":"index","follow":"follow","max-snippet":"max-snippet:-1","max-image-preview":"max-image-preview:large","max-video-preview":"max-video-preview:-1"},"canonical":"https:\/\/www.gossip.it\/news\/aria-primi-passi-diletta-leotta\/","og_locale":"it_IT","og_type":"article","og_title":"A poco pi\u00f9 di un anno di vita la piccola Aria muove i suoi primi passi, mamma Diletta Leotta si scioglie dall'emozione: guarda - Gossip.it | News sul Gossip e VIP","og_description":"A poco pi\u00f9 di un anno di vita la piccola Aria muove i suoi primi passi, mamma Diletta Leotta si scioglie dall'emozione: guarda","og_url":"https:\/\/www.gossip.it\/news\/aria-primi-passi-diletta-leotta\/","og_site_name":"Gossip.it | News sul Gossip e VIP","article_publisher":"https:\/\/www.facebook.com\/GossipIT","article_published_time":"2024-09-27T13:14:40+00:00","article_modified_time":"2024-09-30T11:25:46+00:00","og_image":[{"width":1134,"height":564,"url":"https:\/\/www.gossip.it\/wp-content\/uploads\/2024\/09\/PP-LEOTTA.jpg","type":"image\/jpeg"}],"author":"Carla Giuni","twitter_card":"summary_large_image","twitter_creator":"@gossinews_it","twitter_site":"@gossinews_it","twitter_misc":{"Scritto da":"Carla Giuni","Tempo di lettura stimato":"3 minuti"},"schema":{"@context":"https:\/\/schema.org","@graph":[{"@type":"Article","@id":"https:\/\/www.gossip.it\/news\/aria-primi-passi-diletta-leotta\/#article","isPartOf":{"@id":"https:\/\/www.gossip.it\/news\/aria-primi-passi-diletta-leotta\/"},"author":{"name":"Carla Giuni","@id":"https:\/\/www.gossip.it\/#\/schema\/person\/df4a88c190f338e21427b6f342595faa"},"headline":"A poco pi\u00f9 di un anno di vita la piccola Aria muove i suoi primi passi, mamma Diletta Leotta si scioglie dall'emozione: guarda","datePublished":"2024-09-27T13:14:40+00:00","dateModified":"2024-09-30T11:25:46+00:00","mainEntityOfPage":{"@id":"https:\/\/www.gossip.it\/news\/aria-primi-passi-diletta-leotta\/"},"wordCount":370,"commentCount":0,"publisher":{"@id":"https:\/\/www.gossip.it\/#organization"},"image":{"@id":"https:\/\/www.gossip.it\/news\/aria-primi-passi-diletta-leotta\/#primaryimage"},"thumbnailUrl":"https:\/\/www.gossip.it\/wp-content\/uploads\/2024\/09\/lancio-LEOTTA-1.jpg","keywords":["aria","dilettaleotta","dilettaleottaaria","dilettaleottafiglia","dilettaleottamarito","gossip","latalpa","leotta","loriskarius","milano"],"articleSection":["News"],"inLanguage":"it-IT","potentialAction":[{"@type":"CommentAction","name":"Comment","target":["https:\/\/www.gossip.it\/news\/aria-primi-passi-diletta-leotta\/#respond"]}]},{"@type":"WebPage","@id":"https:\/\/www.gossip.it\/news\/aria-primi-passi-diletta-leotta\/","url":"https:\/\/www.gossip.it\/news\/aria-primi-passi-diletta-leotta\/","name":"A poco pi\u00f9 di un anno di vita la piccola Aria muove i suoi primi passi, mamma Diletta Leotta si scioglie dall'emozione: guarda - Gossip.it | News sul Gossip e VIP","isPartOf":{"@id":"https:\/\/www.gossip.it\/#website"},"primaryImageOfPage":{"@id":"https:\/\/www.gossip.it\/news\/aria-primi-passi-diletta-leotta\/#primaryimage"},"image":{"@id":"https:\/\/www.gossip.it\/news\/aria-primi-passi-diletta-leotta\/#primaryimage"},"thumbnailUrl":"https:\/\/www.gossip.it\/wp-content\/uploads\/2024\/09\/lancio-LEOTTA-1.jpg","datePublished":"2024-09-27T13:14:40+00:00","dateModified":"2024-09-30T11:25:46+00:00","description":"A poco pi\u00f9 di un anno di vita la piccola Aria muove i suoi primi passi, mamma Diletta Leotta si scioglie dall'emozione: guarda","breadcrumb":{"@id":"https:\/\/www.gossip.it\/news\/aria-primi-passi-diletta-leotta\/#breadcrumb"},"inLanguage":"it-IT","potentialAction":[{"@type":"ReadAction","target":["https:\/\/www.gossip.it\/news\/aria-primi-passi-diletta-leotta\/"]}]},{"@type":"ImageObject","inLanguage":"it-IT","@id":"https:\/\/www.gossip.it\/news\/aria-primi-passi-diletta-leotta\/#primaryimage","url":"https:\/\/www.gossip.it\/wp-content\/uploads\/2024\/09\/lancio-LEOTTA-1.jpg","contentUrl":"https:\/\/www.gossip.it\/wp-content\/uploads\/2024\/09\/lancio-LEOTTA-1.jpg","width":1134,"height":808},{"@type":"BreadcrumbList","@id":"https:\/\/www.gossip.it\/news\/aria-primi-passi-diletta-leotta\/#breadcrumb","itemListElement":[{"@type":"ListItem","position":1,"name":"Home","item":"https:\/\/www.gossip.it\/"},{"@type":"ListItem","position":2,"name":"A poco pi\u00f9 di un anno di vita la piccola Aria muove i suoi primi passi, mamma Diletta Leotta si scioglie dall'emozione: guarda"}]},{"@type":"WebSite","@id":"https:\/\/www.gossip.it\/#website","url":"https:\/\/www.gossip.it\/","name":"Gossip and VIP News","description":"Quotidiano di cronaca rosa, costume e societ\u00e0","publisher":{"@id":"https:\/\/www.gossip.it\/#organization"},"alternateName":"Gossip and VIP News","potentialAction":[{"@type":"SearchAction","target":{"@type":"EntryPoint","urlTemplate":"https:\/\/www.gossip.it\/?s={search_term_string}"},"query-input":{"@type":"PropertyValueSpecification","valueRequired":true,"valueName":"search_term_string"}}],"inLanguage":"it-IT"},{"@type":"Organization","@id":"https:\/\/www.gossip.it\/#organization","name":"Gossip and VIP News","alternateName":"Gossip News","url":"https:\/\/www.gossip.it\/","logo":{"@type":"ImageObject","inLanguage":"it-IT","@id":"https:\/\/www.gossip.it\/#\/schema\/logo\/image\/","url":"https:\/\/www.gossip.it\/wp-content\/uploads\/2022\/04\/cropped-corna-alta-tiny.png","contentUrl":"https:\/\/www.gossip.it\/wp-content\/uploads\/2022\/04\/cropped-corna-alta-tiny.png","width":512,"height":512,"caption":"Gossip and VIP News"},"image":{"@id":"https:\/\/www.gossip.it\/#\/schema\/logo\/image\/"},"sameAs":["https:\/\/www.facebook.com\/GossipIT","https:\/\/x.com\/gossinews_it","https:\/\/instagram.com\/gossip_it"]},{"@type":"Person","@id":"https:\/\/www.gossip.it\/#\/schema\/person\/df4a88c190f338e21427b6f342595faa","name":"Carla Giuni","image":{"@type":"ImageObject","inLanguage":"it-IT","@id":"https:\/\/www.gossip.it\/#\/schema\/person\/image\/","url":"https:\/\/secure.gravatar.com\/avatar\/9caf92f895c8e9a7cca263cd6e3860da8edad54c0a92046a7e363cbd3fa35c36?s=96&d=mm&r=g","contentUrl":"https:\/\/secure.gravatar.com\/avatar\/9caf92f895c8e9a7cca263cd6e3860da8edad54c0a92046a7e363cbd3fa35c36?s=96&d=mm&r=g","caption":"Carla Giuni"}}]}},"amp_enabled":true,"_links":{"self":[{"href":"https:\/\/www.gossip.it\/api\/wp\/v2\/posts\/180459","targetHints":{"allow":["GET"]}}],"collection":[{"href":"https:\/\/www.gossip.it\/api\/wp\/v2\/posts"}],"about":[{"href":"https:\/\/www.gossip.it\/api\/wp\/v2\/types\/post"}],"author":[{"embeddable":true,"href":"https:\/\/www.gossip.it\/api\/wp\/v2\/users\/24"}],"replies":[{"embeddable":true,"href":"https:\/\/www.gossip.it\/api\/wp\/v2\/comments?post=180459"}],"version-history":[{"count":1,"href":"https:\/\/www.gossip.it\/api\/wp\/v2\/posts\/180459\/revisions"}],"predecessor-version":[{"id":180465,"href":"https:\/\/www.gossip.it\/api\/wp\/v2\/posts\/180459\/revisions\/180465"}],"wp:featuredmedia":[{"embeddable":true,"href":"https:\/\/www.gossip.it\/api\/wp\/v2\/media\/180475"}],"wp:attachment":[{"href":"https:\/\/www.gossip.it\/api\/wp\/v2\/media?parent=180459"}],"wp:term":[{"taxonomy":"category","embeddable":true,"href":"https:\/\/www.gossip.it\/api\/wp\/v2\/categories?post=180459"},{"taxonomy":"post_tag","embeddable":true,"href":"https:\/\/www.gossip.it\/api\/wp\/v2\/tags?post=180459"},{"taxonomy":"vip","embeddable":true,"href":"https:\/\/www.gossip.it\/api\/wp\/v2\/vip?post=180459"}],"curies":[{"name":"wp","href":"https:\/\/api.w.org\/{rel}","templated":true}]}}