{"id":180523,"date":"2024-09-30T15:02:15","date_gmt":"2024-09-30T13:02:15","guid":{"rendered":"https:\/\/www.gossip.it\/?p=180523"},"modified":"2024-10-01T10:53:25","modified_gmt":"2024-10-01T08:53:25","slug":"ilary-blasi-oktoberfest-monaco-insieme-bastian-muller","status":"publish","type":"post","link":"https:\/\/www.gossip.it\/news\/ilary-blasi-oktoberfest-monaco-insieme-bastian-muller\/","title":{"rendered":"Ilary Blasi all'Oktoberfest di Monaco in abiti tradizionali bavaresi insieme al compagno Bastian Muller"},"content":{"rendered":"\n<ul class=\"wp-block-list\">\n<li>Festeggia insieme anche alla sorella Silvia e gli amici che arrivano in auto da Roma<\/li>\n\n\n\n<li>Il fidanzato 37enne della 43enne \u00e8 ormai legatissimo agli intimi della presentatrice<\/li>\n<\/ul>\n\n\n\n<p>Nessuna crisi, nessun addio.<strong> <a href=\"http:\/\/www.gossip.it\/vip\/ilary-blasi\">Ilary Blasi<\/a> si diverte da matti all'Oktoberfest di Monaco<\/strong> che celebra con indosso gli abiti tradizionali bavaresi. <strong>Insieme al compagno <a href=\"http:\/\/www.gossip.it\/vip\/bastian-muller\">Bastian Muller<\/a> ride, balla<\/strong>. Festeggia non solo in coppia: <strong>da Roma sono arrivati la sorella <a href=\"http:\/\/www.gossip.it\/vip\/silvia-blasi\">Silvia Blasi<\/a> col marito Ivan Peruch e tantissimi altri amici.<\/strong>\u00a0<\/p>\n\n\n\n<figure class=\"wp-block-image size-large\"><img decoding=\"async\" width=\"821\" height=\"1024\" src=\"https:\/\/www.gossip.it\/wp-content\/uploads\/2024\/09\/blasi_3-821x1024.jpg\" alt=\"\" class=\"wp-image-180524\" srcset=\"https:\/\/www.gossip.it\/wp-content\/uploads\/2024\/09\/blasi_3-821x1024.jpg 821w, https:\/\/www.gossip.it\/wp-content\/uploads\/2024\/09\/blasi_3-241x300.jpg 241w, https:\/\/www.gossip.it\/wp-content\/uploads\/2024\/09\/blasi_3-768x958.jpg 768w, https:\/\/www.gossip.it\/wp-content\/uploads\/2024\/09\/blasi_3-750x935.jpg 750w, https:\/\/www.gossip.it\/wp-content\/uploads\/2024\/09\/blasi_3.jpg 1134w\" sizes=\"(max-width: 821px) 100vw, 821px\" \/><figcaption class=\"wp-element-caption\">Ilary Blasi all'Oktoberfest di Monaco in abiti tradizionali bavaresi insieme al compagno Bastian Muller<\/figcaption><\/figure>\n\n\n\n<p>La Blasi \u00e8 felice e la sua gioia \u00e8 contagiosa per lo zio Stefano Serafini, per Ennio Meloni, Vanessa Sillano, Luciano Zauri, Daniele Cerra e Raffaella Ciamacco. <strong>Anche loro tutti con l\u2019abbigliamento tipico della festa<\/strong>. Ognuno trascorre 36 ore indimenticabili, <strong>mangiando i classici bretzel e bevendo birra a pi\u00f9 non posso<\/strong>.<\/p>\n\n\n\n<figure class=\"wp-block-image size-large\"><img decoding=\"async\" width=\"819\" height=\"1024\" src=\"https:\/\/www.gossip.it\/wp-content\/uploads\/2024\/09\/blasi_1-819x1024.jpg\" alt=\"\" class=\"wp-image-180525\" srcset=\"https:\/\/www.gossip.it\/wp-content\/uploads\/2024\/09\/blasi_1-819x1024.jpg 819w, https:\/\/www.gossip.it\/wp-content\/uploads\/2024\/09\/blasi_1-240x300.jpg 240w, https:\/\/www.gossip.it\/wp-content\/uploads\/2024\/09\/blasi_1-768x960.jpg 768w, https:\/\/www.gossip.it\/wp-content\/uploads\/2024\/09\/blasi_1-750x937.jpg 750w, https:\/\/www.gossip.it\/wp-content\/uploads\/2024\/09\/blasi_1.jpg 1134w\" sizes=\"(max-width: 819px) 100vw, 819px\" \/><figcaption class=\"wp-element-caption\">La conduttrice mangia il classico bretzel<\/figcaption><\/figure>\n\n\n\n<figure class=\"wp-block-image size-large\"><img decoding=\"async\" width=\"819\" height=\"1024\" src=\"https:\/\/www.gossip.it\/wp-content\/uploads\/2024\/09\/blasi_2-819x1024.jpg\" alt=\"\" class=\"wp-image-180526\" srcset=\"https:\/\/www.gossip.it\/wp-content\/uploads\/2024\/09\/blasi_2-819x1024.jpg 819w, https:\/\/www.gossip.it\/wp-content\/uploads\/2024\/09\/blasi_2-240x300.jpg 240w, https:\/\/www.gossip.it\/wp-content\/uploads\/2024\/09\/blasi_2-768x960.jpg 768w, https:\/\/www.gossip.it\/wp-content\/uploads\/2024\/09\/blasi_2-750x938.jpg 750w, https:\/\/www.gossip.it\/wp-content\/uploads\/2024\/09\/blasi_2.jpg 1134w\" sizes=\"(max-width: 819px) 100vw, 819px\" \/><figcaption class=\"wp-element-caption\">Posa con l'abito inusuale: si diverte<\/figcaption><\/figure>\n\n\n\n<p>La presentatrice, lontana dalla tv dopo <em>Battiti Live<\/em> condotto con <a href=\"http:\/\/www.gossip.it\/vip\/alvin\">Alvin<\/a> questa estate appena trascorsa, si gode il relax. L\u2019intimit\u00e0 con Bastian \u00e8 ormai palpabile. A sorprendere sempre pi\u00f9 \u00e8 quando il tedesco 37enne si sia legato alle persona che pi\u00f9 amano la sua Ilary. Lo stesso \u00e8 avvenuto per lei, perfettamente integrata con gli amici del tedesco.<\/p>\n\n\n\n<figure class=\"wp-block-image size-large\"><img decoding=\"async\" width=\"819\" height=\"1024\" src=\"https:\/\/www.gossip.it\/wp-content\/uploads\/2024\/09\/blasi_4-819x1024.jpg\" alt=\"\" class=\"wp-image-180527\" srcset=\"https:\/\/www.gossip.it\/wp-content\/uploads\/2024\/09\/blasi_4-819x1024.jpg 819w, https:\/\/www.gossip.it\/wp-content\/uploads\/2024\/09\/blasi_4-240x300.jpg 240w, https:\/\/www.gossip.it\/wp-content\/uploads\/2024\/09\/blasi_4-768x960.jpg 768w, https:\/\/www.gossip.it\/wp-content\/uploads\/2024\/09\/blasi_4-750x938.jpg 750w, https:\/\/www.gossip.it\/wp-content\/uploads\/2024\/09\/blasi_4.jpg 1134w\" sizes=\"(max-width: 819px) 100vw, 819px\" \/><figcaption class=\"wp-element-caption\">L'intimit\u00e0 col tedesco 37enne \u00e8 palpabile: la 43enne \u00e8 innamorata<\/figcaption><\/figure>\n\n\n\n<figure class=\"wp-block-image size-large\"><img decoding=\"async\" width=\"871\" height=\"1024\" src=\"https:\/\/www.gossip.it\/wp-content\/uploads\/2024\/09\/blasi_5-871x1024.jpg\" alt=\"\" class=\"wp-image-180528\" srcset=\"https:\/\/www.gossip.it\/wp-content\/uploads\/2024\/09\/blasi_5-871x1024.jpg 871w, https:\/\/www.gossip.it\/wp-content\/uploads\/2024\/09\/blasi_5-255x300.jpg 255w, https:\/\/www.gossip.it\/wp-content\/uploads\/2024\/09\/blasi_5-768x903.jpg 768w, https:\/\/www.gossip.it\/wp-content\/uploads\/2024\/09\/blasi_5-750x882.jpg 750w, https:\/\/www.gossip.it\/wp-content\/uploads\/2024\/09\/blasi_5.jpg 1134w\" sizes=\"(max-width: 871px) 100vw, 871px\" \/><figcaption class=\"wp-element-caption\">Festeggia insieme anche alla sorella Silvia e gli amici che arrivano in auto da Roma<\/figcaption><\/figure>\n\n\n\n<p><strong>I due il prossimo novembre celebreranno il loro secondo anniversario<\/strong>. E chiss\u00e0 se voleranno a New York, la citt\u00e0 dove si sono conosciuti e innamorati. Nel 2023 lo hanno fatto. Sono felici pi\u00f9 che mai.<\/p>\n","protected":false},"excerpt":{"rendered":"<p>Festeggia insieme anche alla sorella Silvia e gli amici che...<\/p>\n","protected":false},"author":24,"featured_media":180529,"comment_status":"open","ping_status":"closed","sticky":false,"template":"","format":"standard","meta":{"footnotes":""},"categories":[54],"tags":[66011,7073,2793,63563,66563,8969,72464,9686,79785,63829],"vip":[952],"class_list":["post-180523","post","type-post","status-publish","format-standard","has-post-thumbnail","hentry","category-news","tag-bastianmuller","tag-germania","tag-gossip","tag-ilaryblasi","tag-ilaryblasifidanzato","tag-monaco","tag-monacodibaviera","tag-oktoberfest","tag-oktoberfest2024","tag-silviablasi","vip-ilary_blasi"],"yoast_head":"<title>Ilary Blasi all&#039;Oktoberfest di Monaco in abiti tradizionali bavaresi insieme al compagno Bastian Muller - Gossip.it | News sul Gossip e VIP<\/title>\n<meta name=\"description\" content=\"Ilary Blasi all&#039;Oktoberfest di Monaco in abiti tradizionali bavaresi insieme al compagno 37enne Bastian Muller\" \/>\n<meta name=\"robots\" content=\"index, follow, max-snippet:-1, max-image-preview:large, max-video-preview:-1\" \/>\n<link rel=\"canonical\" href=\"https:\/\/www.gossip.it\/news\/ilary-blasi-oktoberfest-monaco-insieme-bastian-muller\/\" \/>\n<meta property=\"og:locale\" content=\"it_IT\" \/>\n<meta property=\"og:type\" content=\"article\" \/>\n<meta property=\"og:title\" content=\"Ilary Blasi all&#039;Oktoberfest di Monaco in abiti tradizionali bavaresi insieme al compagno Bastian Muller - Gossip.it | News sul Gossip e VIP\" \/>\n<meta property=\"og:description\" content=\"Ilary Blasi all&#039;Oktoberfest di Monaco in abiti tradizionali bavaresi insieme al compagno 37enne Bastian Muller\" \/>\n<meta property=\"og:url\" content=\"https:\/\/www.gossip.it\/news\/ilary-blasi-oktoberfest-monaco-insieme-bastian-muller\/\" \/>\n<meta property=\"og:site_name\" content=\"Gossip.it | News sul Gossip e VIP\" \/>\n<meta property=\"article:publisher\" content=\"https:\/\/www.facebook.com\/GossipIT\" \/>\n<meta property=\"article:published_time\" content=\"2024-09-30T13:02:15+00:00\" \/>\n<meta property=\"article:modified_time\" content=\"2024-10-01T08:53:25+00:00\" \/>\n<meta property=\"og:image\" content=\"https:\/\/www.gossip.it\/wp-content\/uploads\/2024\/09\/lancio-BLASI-FB-1.jpg\" \/>\n\t<meta property=\"og:image:width\" content=\"1134\" \/>\n\t<meta property=\"og:image:height\" content=\"669\" \/>\n\t<meta property=\"og:image:type\" content=\"image\/jpeg\" \/>\n<meta name=\"author\" content=\"Carla Giuni\" \/>\n<meta name=\"twitter:card\" content=\"summary_large_image\" \/>\n<meta name=\"twitter:creator\" content=\"@gossinews_it\" \/>\n<meta name=\"twitter:site\" content=\"@gossinews_it\" \/>\n<meta name=\"twitter:label1\" content=\"Scritto da\" \/>\n\t<meta name=\"twitter:data1\" content=\"Carla Giuni\" \/>\n\t<meta name=\"twitter:label2\" content=\"Tempo di lettura stimato\" \/>\n\t<meta name=\"twitter:data2\" content=\"3 minuti\" \/>","yoast_head_json":{"title":"Ilary Blasi all'Oktoberfest di Monaco in abiti tradizionali bavaresi insieme al compagno Bastian Muller - Gossip.it | News sul Gossip e VIP","description":"Ilary Blasi all'Oktoberfest di Monaco in abiti tradizionali bavaresi insieme al compagno 37enne Bastian Muller","robots":{"index":"index","follow":"follow","max-snippet":"max-snippet:-1","max-image-preview":"max-image-preview:large","max-video-preview":"max-video-preview:-1"},"canonical":"https:\/\/www.gossip.it\/news\/ilary-blasi-oktoberfest-monaco-insieme-bastian-muller\/","og_locale":"it_IT","og_type":"article","og_title":"Ilary Blasi all'Oktoberfest di Monaco in abiti tradizionali bavaresi insieme al compagno Bastian Muller - Gossip.it | News sul Gossip e VIP","og_description":"Ilary Blasi all'Oktoberfest di Monaco in abiti tradizionali bavaresi insieme al compagno 37enne Bastian Muller","og_url":"https:\/\/www.gossip.it\/news\/ilary-blasi-oktoberfest-monaco-insieme-bastian-muller\/","og_site_name":"Gossip.it | News sul Gossip e VIP","article_publisher":"https:\/\/www.facebook.com\/GossipIT","article_published_time":"2024-09-30T13:02:15+00:00","article_modified_time":"2024-10-01T08:53:25+00:00","og_image":[{"width":1134,"height":669,"url":"https:\/\/www.gossip.it\/wp-content\/uploads\/2024\/09\/lancio-BLASI-FB-1.jpg","type":"image\/jpeg"}],"author":"Carla Giuni","twitter_card":"summary_large_image","twitter_creator":"@gossinews_it","twitter_site":"@gossinews_it","twitter_misc":{"Scritto da":"Carla Giuni","Tempo di lettura stimato":"3 minuti"},"schema":{"@context":"https:\/\/schema.org","@graph":[{"@type":"Article","@id":"https:\/\/www.gossip.it\/news\/ilary-blasi-oktoberfest-monaco-insieme-bastian-muller\/#article","isPartOf":{"@id":"https:\/\/www.gossip.it\/news\/ilary-blasi-oktoberfest-monaco-insieme-bastian-muller\/"},"author":{"name":"Carla Giuni","@id":"https:\/\/www.gossip.it\/#\/schema\/person\/df4a88c190f338e21427b6f342595faa"},"headline":"Ilary Blasi all'Oktoberfest di Monaco in abiti tradizionali bavaresi insieme al compagno Bastian Muller","datePublished":"2024-09-30T13:02:15+00:00","dateModified":"2024-10-01T08:53:25+00:00","mainEntityOfPage":{"@id":"https:\/\/www.gossip.it\/news\/ilary-blasi-oktoberfest-monaco-insieme-bastian-muller\/"},"wordCount":282,"commentCount":0,"publisher":{"@id":"https:\/\/www.gossip.it\/#organization"},"image":{"@id":"https:\/\/www.gossip.it\/news\/ilary-blasi-oktoberfest-monaco-insieme-bastian-muller\/#primaryimage"},"thumbnailUrl":"https:\/\/www.gossip.it\/wp-content\/uploads\/2024\/09\/lancio-BLASI-1.jpg","keywords":["bastianmuller","germania","gossip","ilaryblasi","ilaryblasifidanzato","monaco","monacodibaviera","oktoberfest","oktoberfest2024","silviablasi"],"articleSection":["News"],"inLanguage":"it-IT","potentialAction":[{"@type":"CommentAction","name":"Comment","target":["https:\/\/www.gossip.it\/news\/ilary-blasi-oktoberfest-monaco-insieme-bastian-muller\/#respond"]}]},{"@type":"WebPage","@id":"https:\/\/www.gossip.it\/news\/ilary-blasi-oktoberfest-monaco-insieme-bastian-muller\/","url":"https:\/\/www.gossip.it\/news\/ilary-blasi-oktoberfest-monaco-insieme-bastian-muller\/","name":"Ilary Blasi all'Oktoberfest di Monaco in abiti tradizionali bavaresi insieme al compagno Bastian Muller - Gossip.it | News sul Gossip e VIP","isPartOf":{"@id":"https:\/\/www.gossip.it\/#website"},"primaryImageOfPage":{"@id":"https:\/\/www.gossip.it\/news\/ilary-blasi-oktoberfest-monaco-insieme-bastian-muller\/#primaryimage"},"image":{"@id":"https:\/\/www.gossip.it\/news\/ilary-blasi-oktoberfest-monaco-insieme-bastian-muller\/#primaryimage"},"thumbnailUrl":"https:\/\/www.gossip.it\/wp-content\/uploads\/2024\/09\/lancio-BLASI-1.jpg","datePublished":"2024-09-30T13:02:15+00:00","dateModified":"2024-10-01T08:53:25+00:00","description":"Ilary Blasi all'Oktoberfest di Monaco in abiti tradizionali bavaresi insieme al compagno 37enne Bastian Muller","breadcrumb":{"@id":"https:\/\/www.gossip.it\/news\/ilary-blasi-oktoberfest-monaco-insieme-bastian-muller\/#breadcrumb"},"inLanguage":"it-IT","potentialAction":[{"@type":"ReadAction","target":["https:\/\/www.gossip.it\/news\/ilary-blasi-oktoberfest-monaco-insieme-bastian-muller\/"]}]},{"@type":"ImageObject","inLanguage":"it-IT","@id":"https:\/\/www.gossip.it\/news\/ilary-blasi-oktoberfest-monaco-insieme-bastian-muller\/#primaryimage","url":"https:\/\/www.gossip.it\/wp-content\/uploads\/2024\/09\/lancio-BLASI-1.jpg","contentUrl":"https:\/\/www.gossip.it\/wp-content\/uploads\/2024\/09\/lancio-BLASI-1.jpg","width":1134,"height":808},{"@type":"BreadcrumbList","@id":"https:\/\/www.gossip.it\/news\/ilary-blasi-oktoberfest-monaco-insieme-bastian-muller\/#breadcrumb","itemListElement":[{"@type":"ListItem","position":1,"name":"Home","item":"https:\/\/www.gossip.it\/"},{"@type":"ListItem","position":2,"name":"Ilary Blasi all'Oktoberfest di Monaco in abiti tradizionali bavaresi insieme al compagno Bastian Muller"}]},{"@type":"WebSite","@id":"https:\/\/www.gossip.it\/#website","url":"https:\/\/www.gossip.it\/","name":"Gossip and VIP News","description":"Quotidiano di cronaca rosa, costume e societ\u00e0","publisher":{"@id":"https:\/\/www.gossip.it\/#organization"},"alternateName":"Gossip and VIP News","potentialAction":[{"@type":"SearchAction","target":{"@type":"EntryPoint","urlTemplate":"https:\/\/www.gossip.it\/?s={search_term_string}"},"query-input":{"@type":"PropertyValueSpecification","valueRequired":true,"valueName":"search_term_string"}}],"inLanguage":"it-IT"},{"@type":"Organization","@id":"https:\/\/www.gossip.it\/#organization","name":"Gossip and VIP News","alternateName":"Gossip News","url":"https:\/\/www.gossip.it\/","logo":{"@type":"ImageObject","inLanguage":"it-IT","@id":"https:\/\/www.gossip.it\/#\/schema\/logo\/image\/","url":"https:\/\/www.gossip.it\/wp-content\/uploads\/2022\/04\/cropped-corna-alta-tiny.png","contentUrl":"https:\/\/www.gossip.it\/wp-content\/uploads\/2022\/04\/cropped-corna-alta-tiny.png","width":512,"height":512,"caption":"Gossip and VIP News"},"image":{"@id":"https:\/\/www.gossip.it\/#\/schema\/logo\/image\/"},"sameAs":["https:\/\/www.facebook.com\/GossipIT","https:\/\/x.com\/gossinews_it","https:\/\/instagram.com\/gossip_it"]},{"@type":"Person","@id":"https:\/\/www.gossip.it\/#\/schema\/person\/df4a88c190f338e21427b6f342595faa","name":"Carla Giuni","image":{"@type":"ImageObject","inLanguage":"it-IT","@id":"https:\/\/www.gossip.it\/#\/schema\/person\/image\/","url":"https:\/\/secure.gravatar.com\/avatar\/9caf92f895c8e9a7cca263cd6e3860da8edad54c0a92046a7e363cbd3fa35c36?s=96&d=mm&r=g","contentUrl":"https:\/\/secure.gravatar.com\/avatar\/9caf92f895c8e9a7cca263cd6e3860da8edad54c0a92046a7e363cbd3fa35c36?s=96&d=mm&r=g","caption":"Carla Giuni"}}]}},"amp_enabled":true,"_links":{"self":[{"href":"https:\/\/www.gossip.it\/api\/wp\/v2\/posts\/180523","targetHints":{"allow":["GET"]}}],"collection":[{"href":"https:\/\/www.gossip.it\/api\/wp\/v2\/posts"}],"about":[{"href":"https:\/\/www.gossip.it\/api\/wp\/v2\/types\/post"}],"author":[{"embeddable":true,"href":"https:\/\/www.gossip.it\/api\/wp\/v2\/users\/24"}],"replies":[{"embeddable":true,"href":"https:\/\/www.gossip.it\/api\/wp\/v2\/comments?post=180523"}],"version-history":[{"count":1,"href":"https:\/\/www.gossip.it\/api\/wp\/v2\/posts\/180523\/revisions"}],"predecessor-version":[{"id":180531,"href":"https:\/\/www.gossip.it\/api\/wp\/v2\/posts\/180523\/revisions\/180531"}],"wp:featuredmedia":[{"embeddable":true,"href":"https:\/\/www.gossip.it\/api\/wp\/v2\/media\/180529"}],"wp:attachment":[{"href":"https:\/\/www.gossip.it\/api\/wp\/v2\/media?parent=180523"}],"wp:term":[{"taxonomy":"category","embeddable":true,"href":"https:\/\/www.gossip.it\/api\/wp\/v2\/categories?post=180523"},{"taxonomy":"post_tag","embeddable":true,"href":"https:\/\/www.gossip.it\/api\/wp\/v2\/tags?post=180523"},{"taxonomy":"vip","embeddable":true,"href":"https:\/\/www.gossip.it\/api\/wp\/v2\/vip?post=180523"}],"curies":[{"name":"wp","href":"https:\/\/api.w.org\/{rel}","templated":true}]}}