{"id":180715,"date":"2024-10-03T11:46:30","date_gmt":"2024-10-03T09:46:30","guid":{"rendered":"https:\/\/www.gossip.it\/?p=180715"},"modified":"2024-10-04T14:14:09","modified_gmt":"2024-10-04T12:14:09","slug":"stefano-de-martino-festa-35-anni","status":"publish","type":"post","link":"https:\/\/www.gossip.it\/news\/stefano-de-martino-festa-35-anni\/","title":{"rendered":"Stefano De Martino si commuove alla festa per i suoi 35 anni di fronte alla torta a forma di pacco di 'Affari Tuoi': guarda"},"content":{"rendered":"\n<ul class=\"wp-block-list\">\n<li>Una grande tavolata al ristorante Concettina ai Tre Santi a Napoli, al Rione Sanit\u00e0, accoglie parenti e amici<\/li>\n\n\n\n<li>Ci sono tutti: la sorella Adelaide col compagno e il figlioletto, il fratello Davide, i genitori. Lui si commuove<\/li>\n<\/ul>\n\n\n\n<p>Dal luned\u00ec al mercoled\u00ec registra a Roma tre puntate al giorno di <em>Affari Tuoi<\/em>, che con lui al timone non ha subito alcuna flessione, anzi, ogni giorno accumula nuovi record. <a href=\"http:\/\/www.gossip.it\/vip\/stefano-de-martino\">Stefano De Martino<\/a> \u00e8 instancabile pur di trascorrere il weekend lungo col figlio 11enne <a href=\"http:\/\/www.gossip.it\/vip\/santiago-de-martino\">Santiago<\/a> a Milano. Ma, nel tourbillon degli impegni tv, <strong>trova anche il tempo di fare una scappata nella sua Napoli per festeggiare il compleanno<\/strong>. La famiglia e gli amici gli hanno organizzato una grande cena il 2 ottobre per attendere la mezzanotte del 3 e fargli spegnere le candeline insieme a loro. Il conduttore cos\u00ec <strong>si commuove alla festa per i suoi 35 anni di fronte alla sorprendente torta a forma di pacco di <em>Affari Tuoi<\/em><\/strong>.<\/p>\n\n\n\n<figure class=\"wp-block-image size-large\"><img decoding=\"async\" width=\"893\" height=\"1024\" src=\"https:\/\/www.gossip.it\/wp-content\/uploads\/2024\/10\/Screenshot-2024-10-03-at-11.25.15-893x1024.jpg\" alt=\"\" class=\"wp-image-180716\" srcset=\"https:\/\/www.gossip.it\/wp-content\/uploads\/2024\/10\/Screenshot-2024-10-03-at-11.25.15-893x1024.jpg 893w, https:\/\/www.gossip.it\/wp-content\/uploads\/2024\/10\/Screenshot-2024-10-03-at-11.25.15-262x300.jpg 262w, https:\/\/www.gossip.it\/wp-content\/uploads\/2024\/10\/Screenshot-2024-10-03-at-11.25.15-768x881.jpg 768w, https:\/\/www.gossip.it\/wp-content\/uploads\/2024\/10\/Screenshot-2024-10-03-at-11.25.15-750x860.jpg 750w, https:\/\/www.gossip.it\/wp-content\/uploads\/2024\/10\/Screenshot-2024-10-03-at-11.25.15.jpg 1010w\" sizes=\"(max-width: 893px) 100vw, 893px\" \/><figcaption class=\"wp-element-caption\">Stefano De Martino si commuove alla festa per i suoi 35 anni di fronte alla torta a forma di pacco di <em>'Affari Tuoi'<\/em><\/figcaption><\/figure>\n\n\n\n<p>Tutto va in scena da <strong>Concettina ai Tre Santi, ristorante storico nel Rione Sanit\u00e0<\/strong>. La temperatura autunnale ancora mite permette di celebrare all\u2019aperto. Ci sono tutti: gli amici a cui vuole pi\u00f9 bene e i parenti. C\u2019\u00e8 pure il suo nuovo collega, <strong>il dottore di <em>Affari Tuoi<\/em> Pasquale Romano<\/strong>. E ancora:; Vincenzo De Lucia, Giovanni Esposito.<\/p>\n\n\n<div class=\"lazyblock-gossipvideo-ZdEfUS align wp-block-lazyblock-gossipvideo\"><script>window.azrnVideoPlaylist=\"https:\/\/www.gossip.it\/api\/gossip\/video\/playlist_v2\/latest\/180722\/gossip.it\"<\/script><div id=\"gmp-intext-video\"><\/div><\/div>\n\n\n<figure class=\"wp-block-image size-large is-resized\"><img decoding=\"async\" width=\"740\" height=\"1024\" src=\"https:\/\/www.gossip.it\/wp-content\/uploads\/2024\/10\/Screenshot-2024-10-03-at-11.25.24-740x1024.jpg\" alt=\"\" class=\"wp-image-180717\" style=\"width:768px;height:auto\" srcset=\"https:\/\/www.gossip.it\/wp-content\/uploads\/2024\/10\/Screenshot-2024-10-03-at-11.25.24-740x1024.jpg 740w, https:\/\/www.gossip.it\/wp-content\/uploads\/2024\/10\/Screenshot-2024-10-03-at-11.25.24-217x300.jpg 217w, https:\/\/www.gossip.it\/wp-content\/uploads\/2024\/10\/Screenshot-2024-10-03-at-11.25.24-768x1063.jpg 768w, https:\/\/www.gossip.it\/wp-content\/uploads\/2024\/10\/Screenshot-2024-10-03-at-11.25.24-750x1038.jpg 750w, https:\/\/www.gossip.it\/wp-content\/uploads\/2024\/10\/Screenshot-2024-10-03-at-11.25.24.jpg 1010w\" sizes=\"(max-width: 740px) 100vw, 740px\" \/><figcaption class=\"wp-element-caption\">Una grande tavolata al ristorante Concettina ai Tre Santi a Napoli, al Rione Sanit\u00e0, accoglie parenti e amici<\/figcaption><\/figure>\n\n\n\n<figure class=\"wp-block-image size-large\"><img decoding=\"async\" width=\"838\" height=\"1024\" src=\"https:\/\/www.gossip.it\/wp-content\/uploads\/2024\/10\/Screenshot-2024-10-03-at-11.26.38-838x1024.jpg\" alt=\"\" class=\"wp-image-180718\" srcset=\"https:\/\/www.gossip.it\/wp-content\/uploads\/2024\/10\/Screenshot-2024-10-03-at-11.26.38-838x1024.jpg 838w, https:\/\/www.gossip.it\/wp-content\/uploads\/2024\/10\/Screenshot-2024-10-03-at-11.26.38-245x300.jpg 245w, https:\/\/www.gossip.it\/wp-content\/uploads\/2024\/10\/Screenshot-2024-10-03-at-11.26.38-768x939.jpg 768w, https:\/\/www.gossip.it\/wp-content\/uploads\/2024\/10\/Screenshot-2024-10-03-at-11.26.38-1257x1536.jpg 1257w, https:\/\/www.gossip.it\/wp-content\/uploads\/2024\/10\/Screenshot-2024-10-03-at-11.26.38-750x917.jpg 750w, https:\/\/www.gossip.it\/wp-content\/uploads\/2024\/10\/Screenshot-2024-10-03-at-11.26.38-1140x1394.jpg 1140w, https:\/\/www.gossip.it\/wp-content\/uploads\/2024\/10\/Screenshot-2024-10-03-at-11.26.38.jpg 1268w\" sizes=\"(max-width: 838px) 100vw, 838px\" \/><figcaption class=\"wp-element-caption\">L'ex ballerino di <em>Amici<\/em> cede all'emozione<\/figcaption><\/figure>\n\n\n\n<p>Non pu\u00f2 mancare pap\u00e0 <a href=\"http:\/\/www.gossip.it\/vip\/enrico-de-martino\">Enrico<\/a> e mamma <a href=\"http:\/\/www.gossip.it\/vip\/mariarosaria-scassillo\">Mariarosaria Scassillo<\/a>. Al tavolo sono seduti <a href=\"http:\/\/www.gossip.it\/vip\/adelaide-de-martino\">Adelaide<\/a>, la sorella 30enne di Stefano, col compagno <a href=\"http:\/\/www.gossip.it\/vip\/diego-de-domenico\">Diego De Domenico<\/a> e il loro piccolo Mattia, che appena quattro giorni fa ha compiuto appena dieci mesi. Per il fratellone \u00e8 arrivato anche <a href=\"http:\/\/www.gossip.it\/vip\/davide-de-martino\">Davide<\/a>, il piccolo di casa, 20 anni, che si \u00e8 preso cos\u00ec una pausa dal ring: \u00e8 un campione di boxe.<\/p>\n\n\n\n<figure class=\"wp-block-image size-large\"><img decoding=\"async\" width=\"953\" height=\"1024\" src=\"https:\/\/www.gossip.it\/wp-content\/uploads\/2024\/10\/Screenshot-2024-10-03-at-11.26.58-953x1024.jpg\" alt=\"\" class=\"wp-image-180719\" srcset=\"https:\/\/www.gossip.it\/wp-content\/uploads\/2024\/10\/Screenshot-2024-10-03-at-11.26.58-953x1024.jpg 953w, https:\/\/www.gossip.it\/wp-content\/uploads\/2024\/10\/Screenshot-2024-10-03-at-11.26.58-279x300.jpg 279w, https:\/\/www.gossip.it\/wp-content\/uploads\/2024\/10\/Screenshot-2024-10-03-at-11.26.58-768x825.jpg 768w, https:\/\/www.gossip.it\/wp-content\/uploads\/2024\/10\/Screenshot-2024-10-03-at-11.26.58-750x806.jpg 750w, https:\/\/www.gossip.it\/wp-content\/uploads\/2024\/10\/Screenshot-2024-10-03-at-11.26.58-1140x1224.jpg 1140w, https:\/\/www.gossip.it\/wp-content\/uploads\/2024\/10\/Screenshot-2024-10-03-at-11.26.58.jpg 1270w\" sizes=\"(max-width: 953px) 100vw, 953px\" \/><figcaption class=\"wp-element-caption\">Poi abbraccia il pap\u00e0, Enrico, a cui rimane legatissimo<\/figcaption><\/figure>\n\n\n\n<p>Balli, canti, brindisi, cibo sopraffino e tante risate. Poi arriva il momento della inusuale torta. Ogni ospite canta in coro <em>\u201ctanti auguri a te\u201d<\/em>. L\u2019ex ballerino di <em>Amici<\/em> spegne la candelina e si commuove fortemente, poi <strong>abbraccia il padre con tanto affetto<\/strong>. Nel <em>\u2018dopo <a href=\"http:\/\/www.gossip.it\/vip\/belen-rodriguez\">Belen<\/a>\u2019 <\/em>Stefano ha ritrovato la sua Napoli. Il ragazzo di Torre Annunziata guarda in alto, fiero dei risultati raggiunti in televisione e del successo che lo rende l\u2019uomo del momento, ma non dimentica mai le sue origini.<\/p>\n","protected":false},"excerpt":{"rendered":"<p>Una grande tavolata al ristorante Concettina ai Tre...<\/p>\n","protected":false},"author":24,"featured_media":180720,"comment_status":"open","ping_status":"closed","sticky":false,"template":"","format":"standard","meta":{"footnotes":""},"categories":[54],"tags":[78933,79839,79837,68729,79840,2793,79841,4076,2562,63592,79838,72537,72535,2097],"vip":[1731],"class_list":["post-180715","post","type-post","status-publish","format-standard","has-post-thumbnail","hentry","category-news","tag-affarituoi","tag-aledalidedemartino","tag-concettinaaitresanti","tag-davidedemartino","tag-enricodemartino","tag-gossip","tag-mariarosariascassillo","tag-napoli","tag-rai","tag-stefanodemartino","tag-stefanodemartino35anni","tag-stefanodemartinocompleanno","tag-stefanodemartinofesta","tag-tv","vip-stefano_de_martino"],"yoast_head":"<title>Stefano De Martino si commuove alla festa per i suoi 35 anni di fronte alla torta a forma di pacco di &#039;Affari Tuoi&#039;: guarda - Gossip.it | News sul Gossip e VIP<\/title>\n<meta name=\"description\" content=\"Stefano De Martino si commuove alla festa per i suoi 35 anni di fronte alla torta a forma di pacco di &#039;Affari Tuoi&#039;: guarda\" \/>\n<meta name=\"robots\" content=\"index, follow, max-snippet:-1, max-image-preview:large, max-video-preview:-1\" \/>\n<link rel=\"canonical\" href=\"https:\/\/www.gossip.it\/news\/stefano-de-martino-festa-35-anni\/\" \/>\n<meta property=\"og:locale\" content=\"it_IT\" \/>\n<meta property=\"og:type\" content=\"article\" \/>\n<meta property=\"og:title\" content=\"Stefano De Martino si commuove alla festa per i suoi 35 anni di fronte alla torta a forma di pacco di &#039;Affari Tuoi&#039;: guarda - Gossip.it | News sul Gossip e VIP\" \/>\n<meta property=\"og:description\" content=\"Stefano De Martino si commuove alla festa per i suoi 35 anni di fronte alla torta a forma di pacco di &#039;Affari Tuoi&#039;: guarda\" \/>\n<meta property=\"og:url\" content=\"https:\/\/www.gossip.it\/news\/stefano-de-martino-festa-35-anni\/\" \/>\n<meta property=\"og:site_name\" content=\"Gossip.it | News sul Gossip e VIP\" \/>\n<meta property=\"article:publisher\" content=\"https:\/\/www.facebook.com\/GossipIT\" \/>\n<meta property=\"article:published_time\" content=\"2024-10-03T09:46:30+00:00\" \/>\n<meta property=\"article:modified_time\" content=\"2024-10-04T12:14:09+00:00\" \/>\n<meta property=\"og:image\" content=\"https:\/\/www.gossip.it\/wp-content\/uploads\/2024\/10\/ppdemartino.jpg\" \/>\n\t<meta property=\"og:image:width\" content=\"2000\" \/>\n\t<meta property=\"og:image:height\" content=\"1000\" \/>\n\t<meta property=\"og:image:type\" content=\"image\/jpeg\" \/>\n<meta name=\"author\" content=\"Carla Giuni\" \/>\n<meta name=\"twitter:card\" content=\"summary_large_image\" \/>\n<meta name=\"twitter:creator\" content=\"@gossinews_it\" \/>\n<meta name=\"twitter:site\" content=\"@gossinews_it\" \/>\n<meta name=\"twitter:label1\" content=\"Scritto da\" \/>\n\t<meta name=\"twitter:data1\" content=\"Carla Giuni\" \/>\n\t<meta name=\"twitter:label2\" content=\"Tempo di lettura stimato\" \/>\n\t<meta name=\"twitter:data2\" content=\"4 minuti\" \/>","yoast_head_json":{"title":"Stefano De Martino si commuove alla festa per i suoi 35 anni di fronte alla torta a forma di pacco di 'Affari Tuoi': guarda - Gossip.it | News sul Gossip e VIP","description":"Stefano De Martino si commuove alla festa per i suoi 35 anni di fronte alla torta a forma di pacco di 'Affari Tuoi': guarda","robots":{"index":"index","follow":"follow","max-snippet":"max-snippet:-1","max-image-preview":"max-image-preview:large","max-video-preview":"max-video-preview:-1"},"canonical":"https:\/\/www.gossip.it\/news\/stefano-de-martino-festa-35-anni\/","og_locale":"it_IT","og_type":"article","og_title":"Stefano De Martino si commuove alla festa per i suoi 35 anni di fronte alla torta a forma di pacco di 'Affari Tuoi': guarda - Gossip.it | News sul Gossip e VIP","og_description":"Stefano De Martino si commuove alla festa per i suoi 35 anni di fronte alla torta a forma di pacco di 'Affari Tuoi': guarda","og_url":"https:\/\/www.gossip.it\/news\/stefano-de-martino-festa-35-anni\/","og_site_name":"Gossip.it | News sul Gossip e VIP","article_publisher":"https:\/\/www.facebook.com\/GossipIT","article_published_time":"2024-10-03T09:46:30+00:00","article_modified_time":"2024-10-04T12:14:09+00:00","og_image":[{"width":2000,"height":1000,"url":"https:\/\/www.gossip.it\/wp-content\/uploads\/2024\/10\/ppdemartino.jpg","type":"image\/jpeg"}],"author":"Carla Giuni","twitter_card":"summary_large_image","twitter_creator":"@gossinews_it","twitter_site":"@gossinews_it","twitter_misc":{"Scritto da":"Carla Giuni","Tempo di lettura stimato":"4 minuti"},"schema":{"@context":"https:\/\/schema.org","@graph":[{"@type":"Article","@id":"https:\/\/www.gossip.it\/news\/stefano-de-martino-festa-35-anni\/#article","isPartOf":{"@id":"https:\/\/www.gossip.it\/news\/stefano-de-martino-festa-35-anni\/"},"author":{"name":"Carla Giuni","@id":"https:\/\/www.gossip.it\/#\/schema\/person\/df4a88c190f338e21427b6f342595faa"},"headline":"Stefano De Martino si commuove alla festa per i suoi 35 anni di fronte alla torta a forma di pacco di 'Affari Tuoi': guarda","datePublished":"2024-10-03T09:46:30+00:00","dateModified":"2024-10-04T12:14:09+00:00","mainEntityOfPage":{"@id":"https:\/\/www.gossip.it\/news\/stefano-de-martino-festa-35-anni\/"},"wordCount":435,"commentCount":0,"publisher":{"@id":"https:\/\/www.gossip.it\/#organization"},"image":{"@id":"https:\/\/www.gossip.it\/news\/stefano-de-martino-festa-35-anni\/#primaryimage"},"thumbnailUrl":"https:\/\/www.gossip.it\/wp-content\/uploads\/2024\/10\/ppdemartino.jpg","keywords":["affarituoi","aledalidedemartino","concettinaaitresanti","davidedemartino","enricodemartino","gossip","mariarosariascassillo","napoli","rai","stefanodemartino","stefanodemartino35anni","stefanodemartinocompleanno","stefanodemartinofesta","tv"],"articleSection":["News"],"inLanguage":"it-IT","potentialAction":[{"@type":"CommentAction","name":"Comment","target":["https:\/\/www.gossip.it\/news\/stefano-de-martino-festa-35-anni\/#respond"]}]},{"@type":"WebPage","@id":"https:\/\/www.gossip.it\/news\/stefano-de-martino-festa-35-anni\/","url":"https:\/\/www.gossip.it\/news\/stefano-de-martino-festa-35-anni\/","name":"Stefano De Martino si commuove alla festa per i suoi 35 anni di fronte alla torta a forma di pacco di 'Affari Tuoi': guarda - Gossip.it | News sul Gossip e VIP","isPartOf":{"@id":"https:\/\/www.gossip.it\/#website"},"primaryImageOfPage":{"@id":"https:\/\/www.gossip.it\/news\/stefano-de-martino-festa-35-anni\/#primaryimage"},"image":{"@id":"https:\/\/www.gossip.it\/news\/stefano-de-martino-festa-35-anni\/#primaryimage"},"thumbnailUrl":"https:\/\/www.gossip.it\/wp-content\/uploads\/2024\/10\/ppdemartino.jpg","datePublished":"2024-10-03T09:46:30+00:00","dateModified":"2024-10-04T12:14:09+00:00","description":"Stefano De Martino si commuove alla festa per i suoi 35 anni di fronte alla torta a forma di pacco di 'Affari Tuoi': guarda","breadcrumb":{"@id":"https:\/\/www.gossip.it\/news\/stefano-de-martino-festa-35-anni\/#breadcrumb"},"inLanguage":"it-IT","potentialAction":[{"@type":"ReadAction","target":["https:\/\/www.gossip.it\/news\/stefano-de-martino-festa-35-anni\/"]}]},{"@type":"ImageObject","inLanguage":"it-IT","@id":"https:\/\/www.gossip.it\/news\/stefano-de-martino-festa-35-anni\/#primaryimage","url":"https:\/\/www.gossip.it\/wp-content\/uploads\/2024\/10\/ppdemartino.jpg","contentUrl":"https:\/\/www.gossip.it\/wp-content\/uploads\/2024\/10\/ppdemartino.jpg","width":2000,"height":1000},{"@type":"BreadcrumbList","@id":"https:\/\/www.gossip.it\/news\/stefano-de-martino-festa-35-anni\/#breadcrumb","itemListElement":[{"@type":"ListItem","position":1,"name":"Home","item":"https:\/\/www.gossip.it\/"},{"@type":"ListItem","position":2,"name":"Stefano De Martino si commuove alla festa per i suoi 35 anni di fronte alla torta a forma di pacco di 'Affari Tuoi': guarda"}]},{"@type":"WebSite","@id":"https:\/\/www.gossip.it\/#website","url":"https:\/\/www.gossip.it\/","name":"Gossip and VIP News","description":"Quotidiano di cronaca rosa, costume e societ\u00e0","publisher":{"@id":"https:\/\/www.gossip.it\/#organization"},"alternateName":"Gossip and VIP News","potentialAction":[{"@type":"SearchAction","target":{"@type":"EntryPoint","urlTemplate":"https:\/\/www.gossip.it\/?s={search_term_string}"},"query-input":{"@type":"PropertyValueSpecification","valueRequired":true,"valueName":"search_term_string"}}],"inLanguage":"it-IT"},{"@type":"Organization","@id":"https:\/\/www.gossip.it\/#organization","name":"Gossip and VIP News","alternateName":"Gossip News","url":"https:\/\/www.gossip.it\/","logo":{"@type":"ImageObject","inLanguage":"it-IT","@id":"https:\/\/www.gossip.it\/#\/schema\/logo\/image\/","url":"https:\/\/www.gossip.it\/wp-content\/uploads\/2022\/04\/cropped-corna-alta-tiny.png","contentUrl":"https:\/\/www.gossip.it\/wp-content\/uploads\/2022\/04\/cropped-corna-alta-tiny.png","width":512,"height":512,"caption":"Gossip and VIP News"},"image":{"@id":"https:\/\/www.gossip.it\/#\/schema\/logo\/image\/"},"sameAs":["https:\/\/www.facebook.com\/GossipIT","https:\/\/x.com\/gossinews_it","https:\/\/instagram.com\/gossip_it"]},{"@type":"Person","@id":"https:\/\/www.gossip.it\/#\/schema\/person\/df4a88c190f338e21427b6f342595faa","name":"Carla Giuni","image":{"@type":"ImageObject","inLanguage":"it-IT","@id":"https:\/\/www.gossip.it\/#\/schema\/person\/image\/","url":"https:\/\/secure.gravatar.com\/avatar\/9caf92f895c8e9a7cca263cd6e3860da8edad54c0a92046a7e363cbd3fa35c36?s=96&d=mm&r=g","contentUrl":"https:\/\/secure.gravatar.com\/avatar\/9caf92f895c8e9a7cca263cd6e3860da8edad54c0a92046a7e363cbd3fa35c36?s=96&d=mm&r=g","caption":"Carla Giuni"}}]}},"amp_enabled":true,"_links":{"self":[{"href":"https:\/\/www.gossip.it\/api\/wp\/v2\/posts\/180715","targetHints":{"allow":["GET"]}}],"collection":[{"href":"https:\/\/www.gossip.it\/api\/wp\/v2\/posts"}],"about":[{"href":"https:\/\/www.gossip.it\/api\/wp\/v2\/types\/post"}],"author":[{"embeddable":true,"href":"https:\/\/www.gossip.it\/api\/wp\/v2\/users\/24"}],"replies":[{"embeddable":true,"href":"https:\/\/www.gossip.it\/api\/wp\/v2\/comments?post=180715"}],"version-history":[{"count":1,"href":"https:\/\/www.gossip.it\/api\/wp\/v2\/posts\/180715\/revisions"}],"predecessor-version":[{"id":180730,"href":"https:\/\/www.gossip.it\/api\/wp\/v2\/posts\/180715\/revisions\/180730"}],"wp:featuredmedia":[{"embeddable":true,"href":"https:\/\/www.gossip.it\/api\/wp\/v2\/media\/180720"}],"wp:attachment":[{"href":"https:\/\/www.gossip.it\/api\/wp\/v2\/media?parent=180715"}],"wp:term":[{"taxonomy":"category","embeddable":true,"href":"https:\/\/www.gossip.it\/api\/wp\/v2\/categories?post=180715"},{"taxonomy":"post_tag","embeddable":true,"href":"https:\/\/www.gossip.it\/api\/wp\/v2\/tags?post=180715"},{"taxonomy":"vip","embeddable":true,"href":"https:\/\/www.gossip.it\/api\/wp\/v2\/vip?post=180715"}],"curies":[{"name":"wp","href":"https:\/\/api.w.org\/{rel}","templated":true}]}}