{"id":182233,"date":"2024-10-28T13:01:50","date_gmt":"2024-10-28T12:01:50","guid":{"rendered":"https:\/\/www.gossip.it\/?p=182233"},"modified":"2024-10-28T15:31:58","modified_gmt":"2024-10-28T14:31:58","slug":"samantha-de-grenet-tv-figlio-incidente","status":"publish","type":"post","link":"https:\/\/www.gossip.it\/news\/samantha-de-grenet-tv-figlio-incidente\/","title":{"rendered":"''E' stato immobilizzato a letto 40 giorni'': Samantha De Grenet in tv col figlio, raccontano l'incidente subito dal ragazzo il mese scorso"},"content":{"rendered":"\n<ul class=\"wp-block-list\">\n<li>A <em>Verissimo<\/em> la conduttrice e showgirl 53enne va col suo ragazzo oggi 19enne accanto<\/li>\n\n\n\n<li>I due rivelano cosa \u00e8 accaduto a met\u00e0 settembre, quando lei si era appena operata al menisco<\/li>\n<\/ul>\n\n\n\n<p><strong><a href=\"http:\/\/www.gossip.it\/vip\/samantha-de-grenet\">Samantha De Grenet<\/a> va in tv col figlio<\/strong>, che oggi, 28 ottobre, compie 19 anni. A <em>Verissimo<\/em> la showgirl e conduttrice 53enne e Brando <strong>raccontano l\u2019incidente subito dal ragazzo il mese scorso<\/strong>.<strong> <em>\u201cE\u2019 stato immobilizzato a letto per 40 giorni\u201d<\/em><\/strong>, rivela la mamma. Ora va meglio, ma all\u2019inizio la paura sua e del marito <a href=\"http:\/\/www.gossip.it\/vip\/luca-barbato\">Luca Barbato<\/a> \u00e8 stata tanta.<\/p>\n\n\n\n<figure class=\"wp-block-image size-large\"><img decoding=\"async\" width=\"1024\" height=\"576\" src=\"https:\/\/www.gossip.it\/wp-content\/uploads\/2024\/10\/Screenshot-2024-10-28-alle-12.29.41-1024x576.png\" alt=\"\" class=\"wp-image-182234\" srcset=\"https:\/\/www.gossip.it\/wp-content\/uploads\/2024\/10\/Screenshot-2024-10-28-alle-12.29.41-1024x576.png 1024w, https:\/\/www.gossip.it\/wp-content\/uploads\/2024\/10\/Screenshot-2024-10-28-alle-12.29.41-300x169.png 300w, https:\/\/www.gossip.it\/wp-content\/uploads\/2024\/10\/Screenshot-2024-10-28-alle-12.29.41-768x432.png 768w, https:\/\/www.gossip.it\/wp-content\/uploads\/2024\/10\/Screenshot-2024-10-28-alle-12.29.41-1536x864.png 1536w, https:\/\/www.gossip.it\/wp-content\/uploads\/2024\/10\/Screenshot-2024-10-28-alle-12.29.41-2048x1152.png 2048w, https:\/\/www.gossip.it\/wp-content\/uploads\/2024\/10\/Screenshot-2024-10-28-alle-12.29.41-750x422.png 750w, https:\/\/www.gossip.it\/wp-content\/uploads\/2024\/10\/Screenshot-2024-10-28-alle-12.29.41-1140x641.png 1140w, https:\/\/www.gossip.it\/wp-content\/uploads\/2024\/10\/Screenshot-2024-10-28-alle-12.29.41-730x410.png 730w\" sizes=\"(max-width: 1024px) 100vw, 1024px\" \/><figcaption class=\"wp-element-caption\"><em>''E' stato immobilizzato a letto 40 giorni''<\/em>: Samantha De Grenet in tv col figlio, raccontano l'incidente subito dal ragazzo il mese scorso<\/figcaption><\/figure>\n\n\n\n<p>La De Grenet si era appena operata al menisco. Una decina di giorni dopo, quando era ancora convalescente, tra letto e stampelle, accade il <em>\u2018fattaccio\u2019<\/em>. Brando si fa male. <strong>Un brutto infortunio in palestra<\/strong>.\u00a0<\/p>\n\n\n\n<figure class=\"wp-block-image size-large\"><img decoding=\"async\" width=\"1024\" height=\"576\" src=\"https:\/\/www.gossip.it\/wp-content\/uploads\/2024\/10\/Screenshot-2024-10-28-alle-12.30.33-1024x576.png\" alt=\"\" class=\"wp-image-182237\" srcset=\"https:\/\/www.gossip.it\/wp-content\/uploads\/2024\/10\/Screenshot-2024-10-28-alle-12.30.33-1024x576.png 1024w, https:\/\/www.gossip.it\/wp-content\/uploads\/2024\/10\/Screenshot-2024-10-28-alle-12.30.33-300x169.png 300w, https:\/\/www.gossip.it\/wp-content\/uploads\/2024\/10\/Screenshot-2024-10-28-alle-12.30.33-768x432.png 768w, https:\/\/www.gossip.it\/wp-content\/uploads\/2024\/10\/Screenshot-2024-10-28-alle-12.30.33-1536x864.png 1536w, https:\/\/www.gossip.it\/wp-content\/uploads\/2024\/10\/Screenshot-2024-10-28-alle-12.30.33-2048x1152.png 2048w, https:\/\/www.gossip.it\/wp-content\/uploads\/2024\/10\/Screenshot-2024-10-28-alle-12.30.33-750x422.png 750w, https:\/\/www.gossip.it\/wp-content\/uploads\/2024\/10\/Screenshot-2024-10-28-alle-12.30.33-1140x641.png 1140w, https:\/\/www.gossip.it\/wp-content\/uploads\/2024\/10\/Screenshot-2024-10-28-alle-12.30.33-730x410.png 730w\" sizes=\"(max-width: 1024px) 100vw, 1024px\" \/><figcaption class=\"wp-element-caption\">A <em>Verissimo<\/em> la conduttrice e showgirl 53enne va col suo ragazzo oggi 19enne accanto<\/figcaption><\/figure>\n\n\n\n<p><em>\u201cMi ha chiamato mio marito e mi ha detto che si era fatto male. Io ero immobile al letto\u201d<\/em>, svela Samantha. <em>\"<strong>Gli esami hanno evidenziato due vertebre fratturate. E\u2019 stato immobilizzato a letto per 40 giorni.<\/strong> Ancora oggi ogni tanto deve portare un busto, ma il peggio \u00e8 passato\u201d<\/em>, sottolinea. E aggiunge: <em>\"Adesso sta facendo la fisioterapia\u201d.<\/em><\/p>\n\n\n\n<p>Brando l\u2019ascolta. Adora la mamma, come pure il pap\u00e0. In quei giorni dice di aver sentito forte il sostegno dei genitori e della fidanzata. <em>\"Per me \u00e8 importante la condivisione, conoscere i suoi amici, la sua vita\u201d<\/em>, sottolinea lei.<\/p>\n\n\n\n<figure class=\"wp-block-image size-large\"><img decoding=\"async\" width=\"1024\" height=\"576\" src=\"https:\/\/www.gossip.it\/wp-content\/uploads\/2024\/10\/Screenshot-2024-10-28-alle-12.32.03-1024x576.png\" alt=\"\" class=\"wp-image-182236\" srcset=\"https:\/\/www.gossip.it\/wp-content\/uploads\/2024\/10\/Screenshot-2024-10-28-alle-12.32.03-1024x576.png 1024w, https:\/\/www.gossip.it\/wp-content\/uploads\/2024\/10\/Screenshot-2024-10-28-alle-12.32.03-300x169.png 300w, https:\/\/www.gossip.it\/wp-content\/uploads\/2024\/10\/Screenshot-2024-10-28-alle-12.32.03-768x432.png 768w, https:\/\/www.gossip.it\/wp-content\/uploads\/2024\/10\/Screenshot-2024-10-28-alle-12.32.03-1536x864.png 1536w, https:\/\/www.gossip.it\/wp-content\/uploads\/2024\/10\/Screenshot-2024-10-28-alle-12.32.03-2048x1152.png 2048w, https:\/\/www.gossip.it\/wp-content\/uploads\/2024\/10\/Screenshot-2024-10-28-alle-12.32.03-750x422.png 750w, https:\/\/www.gossip.it\/wp-content\/uploads\/2024\/10\/Screenshot-2024-10-28-alle-12.32.03-1140x641.png 1140w, https:\/\/www.gossip.it\/wp-content\/uploads\/2024\/10\/Screenshot-2024-10-28-alle-12.32.03-730x410.png 730w\" sizes=\"(max-width: 1024px) 100vw, 1024px\" \/><figcaption class=\"wp-element-caption\">I due rivelano cosa \u00e8 accaduto a met\u00e0 settembre, quando lei si era appena operata al menisco<\/figcaption><\/figure>\n\n\n\n<p>Sam poi aggiunge: <em>\u201c<strong>Sono una mamma molto orgogliosa. Brando \u00e8 sempre stato un figlio meraviglioso<\/strong>, si \u00e8 sempre aperto con me e con suo pap\u00e0 perch\u00e9 sapeva di poter contare su di noi\u201d.<\/em><\/p>\n","protected":false},"excerpt":{"rendered":"<p>I due rivelano cosa \u00e8 accaduto a met\u00e0 settembre...<\/p>\n","protected":false},"author":24,"featured_media":182235,"comment_status":"open","ping_status":"closed","sticky":false,"template":"","format":"standard","meta":{"footnotes":""},"categories":[54],"tags":[65747,2697,2793,73185,65041,73176,2097,2208],"vip":[1649],"class_list":["post-182233","post","type-post","status-publish","format-standard","has-post-thumbnail","hentry","category-news","tag-brandobarbato","tag-canale5","tag-gossip","tag-lucabarbato","tag-samanthadegrenet","tag-samanthadegrenetfiglio","tag-tv","tag-verissimo","vip-samantha_de_grenet"],"yoast_head":"<title>&#039;&#039;E&#039; stato immobilizzato a letto 40 giorni&#039;&#039;: Samantha De Grenet in tv col figlio, raccontano l&#039;incidente subito dal ragazzo il mese scorso - Gossip.it | News sul Gossip e VIP<\/title>\n<meta name=\"description\" content=\"&#039;&#039;E&#039; stato immobilizzato a letto 40 giorni&#039;&#039;: Samantha De Grenet in tv col figlio, raccontano l&#039;incidente subito dal ragazzo il mese scorso\" \/>\n<meta name=\"robots\" content=\"index, follow, max-snippet:-1, max-image-preview:large, max-video-preview:-1\" \/>\n<link rel=\"canonical\" href=\"https:\/\/www.gossip.it\/news\/samantha-de-grenet-tv-figlio-incidente\/\" \/>\n<meta property=\"og:locale\" content=\"it_IT\" \/>\n<meta property=\"og:type\" content=\"article\" \/>\n<meta property=\"og:title\" content=\"&#039;&#039;E&#039; stato immobilizzato a letto 40 giorni&#039;&#039;: Samantha De Grenet in tv col figlio, raccontano l&#039;incidente subito dal ragazzo il mese scorso - Gossip.it | News sul Gossip e VIP\" \/>\n<meta property=\"og:description\" content=\"&#039;&#039;E&#039; stato immobilizzato a letto 40 giorni&#039;&#039;: Samantha De Grenet in tv col figlio, raccontano l&#039;incidente subito dal ragazzo il mese scorso\" \/>\n<meta property=\"og:url\" content=\"https:\/\/www.gossip.it\/news\/samantha-de-grenet-tv-figlio-incidente\/\" \/>\n<meta property=\"og:site_name\" content=\"Gossip.it | News sul Gossip e VIP\" \/>\n<meta property=\"article:publisher\" content=\"https:\/\/www.facebook.com\/GossipIT\" \/>\n<meta property=\"article:published_time\" content=\"2024-10-28T12:01:50+00:00\" \/>\n<meta property=\"article:modified_time\" content=\"2024-10-28T14:31:58+00:00\" \/>\n<meta property=\"og:image\" content=\"https:\/\/www.gossip.it\/wp-content\/uploads\/2024\/10\/Screenshot-2024-10-28-alle-12.30.33-1024x576.png\" \/>\n\t<meta property=\"og:image:width\" content=\"1024\" \/>\n\t<meta property=\"og:image:height\" content=\"576\" \/>\n\t<meta property=\"og:image:type\" content=\"image\/png\" \/>\n<meta name=\"author\" content=\"Carla Giuni\" \/>\n<meta name=\"twitter:card\" content=\"summary_large_image\" \/>\n<meta name=\"twitter:creator\" content=\"@gossinews_it\" \/>\n<meta name=\"twitter:site\" content=\"@gossinews_it\" \/>\n<meta name=\"twitter:label1\" content=\"Scritto da\" \/>\n\t<meta name=\"twitter:data1\" content=\"Carla Giuni\" \/>\n\t<meta name=\"twitter:label2\" content=\"Tempo di lettura stimato\" \/>\n\t<meta name=\"twitter:data2\" content=\"3 minuti\" \/>","yoast_head_json":{"title":"''E' stato immobilizzato a letto 40 giorni'': Samantha De Grenet in tv col figlio, raccontano l'incidente subito dal ragazzo il mese scorso - Gossip.it | News sul Gossip e VIP","description":"''E' stato immobilizzato a letto 40 giorni'': Samantha De Grenet in tv col figlio, raccontano l'incidente subito dal ragazzo il mese scorso","robots":{"index":"index","follow":"follow","max-snippet":"max-snippet:-1","max-image-preview":"max-image-preview:large","max-video-preview":"max-video-preview:-1"},"canonical":"https:\/\/www.gossip.it\/news\/samantha-de-grenet-tv-figlio-incidente\/","og_locale":"it_IT","og_type":"article","og_title":"''E' stato immobilizzato a letto 40 giorni'': Samantha De Grenet in tv col figlio, raccontano l'incidente subito dal ragazzo il mese scorso - Gossip.it | News sul Gossip e VIP","og_description":"''E' stato immobilizzato a letto 40 giorni'': Samantha De Grenet in tv col figlio, raccontano l'incidente subito dal ragazzo il mese scorso","og_url":"https:\/\/www.gossip.it\/news\/samantha-de-grenet-tv-figlio-incidente\/","og_site_name":"Gossip.it | News sul Gossip e VIP","article_publisher":"https:\/\/www.facebook.com\/GossipIT","article_published_time":"2024-10-28T12:01:50+00:00","article_modified_time":"2024-10-28T14:31:58+00:00","og_image":[{"width":1024,"height":576,"url":"https:\/\/www.gossip.it\/wp-content\/uploads\/2024\/10\/Screenshot-2024-10-28-alle-12.30.33-1024x576.png","type":"image\/png"}],"author":"Carla Giuni","twitter_card":"summary_large_image","twitter_creator":"@gossinews_it","twitter_site":"@gossinews_it","twitter_misc":{"Scritto da":"Carla Giuni","Tempo di lettura stimato":"3 minuti"},"schema":{"@context":"https:\/\/schema.org","@graph":[{"@type":"Article","@id":"https:\/\/www.gossip.it\/news\/samantha-de-grenet-tv-figlio-incidente\/#article","isPartOf":{"@id":"https:\/\/www.gossip.it\/news\/samantha-de-grenet-tv-figlio-incidente\/"},"author":{"name":"Carla Giuni","@id":"https:\/\/www.gossip.it\/#\/schema\/person\/df4a88c190f338e21427b6f342595faa"},"headline":"''E' stato immobilizzato a letto 40 giorni'': Samantha De Grenet in tv col figlio, raccontano l'incidente subito dal ragazzo il mese scorso","datePublished":"2024-10-28T12:01:50+00:00","dateModified":"2024-10-28T14:31:58+00:00","mainEntityOfPage":{"@id":"https:\/\/www.gossip.it\/news\/samantha-de-grenet-tv-figlio-incidente\/"},"wordCount":320,"commentCount":0,"publisher":{"@id":"https:\/\/www.gossip.it\/#organization"},"image":{"@id":"https:\/\/www.gossip.it\/news\/samantha-de-grenet-tv-figlio-incidente\/#primaryimage"},"thumbnailUrl":"https:\/\/www.gossip.it\/wp-content\/uploads\/2024\/10\/lanciodegrenet-scaled.jpg","keywords":["brandobarbato","canale5","gossip","lucabarbato","samanthadegrenet","samanthadegrenetfiglio","tv","verissimo"],"articleSection":["News"],"inLanguage":"it-IT","potentialAction":[{"@type":"CommentAction","name":"Comment","target":["https:\/\/www.gossip.it\/news\/samantha-de-grenet-tv-figlio-incidente\/#respond"]}]},{"@type":"WebPage","@id":"https:\/\/www.gossip.it\/news\/samantha-de-grenet-tv-figlio-incidente\/","url":"https:\/\/www.gossip.it\/news\/samantha-de-grenet-tv-figlio-incidente\/","name":"''E' stato immobilizzato a letto 40 giorni'': Samantha De Grenet in tv col figlio, raccontano l'incidente subito dal ragazzo il mese scorso - Gossip.it | News sul Gossip e VIP","isPartOf":{"@id":"https:\/\/www.gossip.it\/#website"},"primaryImageOfPage":{"@id":"https:\/\/www.gossip.it\/news\/samantha-de-grenet-tv-figlio-incidente\/#primaryimage"},"image":{"@id":"https:\/\/www.gossip.it\/news\/samantha-de-grenet-tv-figlio-incidente\/#primaryimage"},"thumbnailUrl":"https:\/\/www.gossip.it\/wp-content\/uploads\/2024\/10\/lanciodegrenet-scaled.jpg","datePublished":"2024-10-28T12:01:50+00:00","dateModified":"2024-10-28T14:31:58+00:00","description":"''E' stato immobilizzato a letto 40 giorni'': Samantha De Grenet in tv col figlio, raccontano l'incidente subito dal ragazzo il mese scorso","breadcrumb":{"@id":"https:\/\/www.gossip.it\/news\/samantha-de-grenet-tv-figlio-incidente\/#breadcrumb"},"inLanguage":"it-IT","potentialAction":[{"@type":"ReadAction","target":["https:\/\/www.gossip.it\/news\/samantha-de-grenet-tv-figlio-incidente\/"]}]},{"@type":"ImageObject","inLanguage":"it-IT","@id":"https:\/\/www.gossip.it\/news\/samantha-de-grenet-tv-figlio-incidente\/#primaryimage","url":"https:\/\/www.gossip.it\/wp-content\/uploads\/2024\/10\/lanciodegrenet-scaled.jpg","contentUrl":"https:\/\/www.gossip.it\/wp-content\/uploads\/2024\/10\/lanciodegrenet-scaled.jpg","width":2560,"height":1850},{"@type":"BreadcrumbList","@id":"https:\/\/www.gossip.it\/news\/samantha-de-grenet-tv-figlio-incidente\/#breadcrumb","itemListElement":[{"@type":"ListItem","position":1,"name":"Home","item":"https:\/\/www.gossip.it\/"},{"@type":"ListItem","position":2,"name":"''E' stato immobilizzato a letto 40 giorni'': Samantha De Grenet in tv col figlio, raccontano l'incidente subito dal ragazzo il mese scorso"}]},{"@type":"WebSite","@id":"https:\/\/www.gossip.it\/#website","url":"https:\/\/www.gossip.it\/","name":"Gossip and VIP News","description":"Quotidiano di cronaca rosa, costume e societ\u00e0","publisher":{"@id":"https:\/\/www.gossip.it\/#organization"},"alternateName":"Gossip and VIP News","potentialAction":[{"@type":"SearchAction","target":{"@type":"EntryPoint","urlTemplate":"https:\/\/www.gossip.it\/?s={search_term_string}"},"query-input":{"@type":"PropertyValueSpecification","valueRequired":true,"valueName":"search_term_string"}}],"inLanguage":"it-IT"},{"@type":"Organization","@id":"https:\/\/www.gossip.it\/#organization","name":"Gossip and VIP News","alternateName":"Gossip News","url":"https:\/\/www.gossip.it\/","logo":{"@type":"ImageObject","inLanguage":"it-IT","@id":"https:\/\/www.gossip.it\/#\/schema\/logo\/image\/","url":"https:\/\/www.gossip.it\/wp-content\/uploads\/2022\/04\/cropped-corna-alta-tiny.png","contentUrl":"https:\/\/www.gossip.it\/wp-content\/uploads\/2022\/04\/cropped-corna-alta-tiny.png","width":512,"height":512,"caption":"Gossip and VIP News"},"image":{"@id":"https:\/\/www.gossip.it\/#\/schema\/logo\/image\/"},"sameAs":["https:\/\/www.facebook.com\/GossipIT","https:\/\/x.com\/gossinews_it","https:\/\/instagram.com\/gossip_it"]},{"@type":"Person","@id":"https:\/\/www.gossip.it\/#\/schema\/person\/df4a88c190f338e21427b6f342595faa","name":"Carla Giuni","image":{"@type":"ImageObject","inLanguage":"it-IT","@id":"https:\/\/www.gossip.it\/#\/schema\/person\/image\/","url":"https:\/\/secure.gravatar.com\/avatar\/9caf92f895c8e9a7cca263cd6e3860da8edad54c0a92046a7e363cbd3fa35c36?s=96&d=mm&r=g","contentUrl":"https:\/\/secure.gravatar.com\/avatar\/9caf92f895c8e9a7cca263cd6e3860da8edad54c0a92046a7e363cbd3fa35c36?s=96&d=mm&r=g","caption":"Carla Giuni"}}]}},"amp_enabled":true,"_links":{"self":[{"href":"https:\/\/www.gossip.it\/api\/wp\/v2\/posts\/182233","targetHints":{"allow":["GET"]}}],"collection":[{"href":"https:\/\/www.gossip.it\/api\/wp\/v2\/posts"}],"about":[{"href":"https:\/\/www.gossip.it\/api\/wp\/v2\/types\/post"}],"author":[{"embeddable":true,"href":"https:\/\/www.gossip.it\/api\/wp\/v2\/users\/24"}],"replies":[{"embeddable":true,"href":"https:\/\/www.gossip.it\/api\/wp\/v2\/comments?post=182233"}],"version-history":[{"count":1,"href":"https:\/\/www.gossip.it\/api\/wp\/v2\/posts\/182233\/revisions"}],"predecessor-version":[{"id":182238,"href":"https:\/\/www.gossip.it\/api\/wp\/v2\/posts\/182233\/revisions\/182238"}],"wp:featuredmedia":[{"embeddable":true,"href":"https:\/\/www.gossip.it\/api\/wp\/v2\/media\/182235"}],"wp:attachment":[{"href":"https:\/\/www.gossip.it\/api\/wp\/v2\/media?parent=182233"}],"wp:term":[{"taxonomy":"category","embeddable":true,"href":"https:\/\/www.gossip.it\/api\/wp\/v2\/categories?post=182233"},{"taxonomy":"post_tag","embeddable":true,"href":"https:\/\/www.gossip.it\/api\/wp\/v2\/tags?post=182233"},{"taxonomy":"vip","embeddable":true,"href":"https:\/\/www.gossip.it\/api\/wp\/v2\/vip?post=182233"}],"curies":[{"name":"wp","href":"https:\/\/api.w.org\/{rel}","templated":true}]}}