{"id":182754,"date":"2024-11-07T12:14:53","date_gmt":"2024-11-07T11:14:53","guid":{"rendered":"https:\/\/www.gossip.it\/?p=182754"},"modified":"2024-11-08T20:48:57","modified_gmt":"2024-11-08T19:48:57","slug":"provai-il-dolore-piu-forte-della-mia-vita-urlai-senza-fermarmi-eleonora-daniele-ripercorre-il-dramma-della-sua-famiglia","status":"publish","type":"post","link":"https:\/\/www.gossip.it\/news\/provai-il-dolore-piu-forte-della-mia-vita-urlai-senza-fermarmi-eleonora-daniele-ripercorre-il-dramma-della-sua-famiglia\/","title":{"rendered":"''Provai il dolore pi\u00f9 forte della mia vita, urlai senza fermarmi'': Eleonora Daniele ripercorre il dramma della sua famiglia"},"content":{"rendered":"\n<ul class=\"wp-block-list\">\n<li>La conduttrice ha raccontato della morte del fratello Luigi, avvenuta nel 2015<\/li>\n\n\n\n<li>L\u2019uomo aveva 44 anni e soffriva di autismo, era ricoverato in un istituto<\/li>\n<\/ul>\n\n\n\n<p><strong><a href=\"https:\/\/www.gossip.it\/?s=eleonora+daniele\">Eleonora Daniele<\/a><\/strong> \u00e8 tornata a parlare del dolore per la <strong>morte<\/strong> del<strong> fratello Luigi<\/strong>, venuto a mancare a <strong>44 anni <\/strong>nel 2015.<\/p>\n\n\n\n<p>La conduttrice veneta ha scritto il libro <em>\u2018Ma siamo tutti matti?\u2019<\/em>, in cui ripercorre il dolore per la perdita del familiare, che soffriva di autismo e si trovava in un istituto.<\/p>\n\n\n\n<p>Intervistata da AdnKronos Salute ha spiegato: <em>\u201cSoffriva di <strong>autismo<\/strong>, trattato per anni come un <strong>matto<\/strong>, senza capire la differenza sostanziale tra malattia mentale e disabilit\u00e0 mentale grave\u201d<\/em>.<\/p>\n\n\n\n<p>Eleonora sente ancora la sua mancanza anche se sono passati quasi dieci anni dalla sua scomparsa.<\/p>\n\n\n\n<figure class=\"wp-block-image size-large\"><img decoding=\"async\" width=\"990\" height=\"1024\" src=\"https:\/\/www.gossip.it\/wp-content\/uploads\/2024\/11\/eleonora_daniele_official_1638912901_2723721288690189631_1458009962-990x1024.jpg\" alt=\"\" class=\"wp-image-182755\" srcset=\"https:\/\/www.gossip.it\/wp-content\/uploads\/2024\/11\/eleonora_daniele_official_1638912901_2723721288690189631_1458009962-990x1024.jpg 990w, https:\/\/www.gossip.it\/wp-content\/uploads\/2024\/11\/eleonora_daniele_official_1638912901_2723721288690189631_1458009962-290x300.jpg 290w, https:\/\/www.gossip.it\/wp-content\/uploads\/2024\/11\/eleonora_daniele_official_1638912901_2723721288690189631_1458009962-768x795.jpg 768w, https:\/\/www.gossip.it\/wp-content\/uploads\/2024\/11\/eleonora_daniele_official_1638912901_2723721288690189631_1458009962-750x776.jpg 750w, https:\/\/www.gossip.it\/wp-content\/uploads\/2024\/11\/eleonora_daniele_official_1638912901_2723721288690189631_1458009962-1140x1180.jpg 1140w, https:\/\/www.gossip.it\/wp-content\/uploads\/2024\/11\/eleonora_daniele_official_1638912901_2723721288690189631_1458009962.jpg 1440w\" sizes=\"(max-width: 990px) 100vw, 990px\" \/><figcaption class=\"wp-element-caption\">Eleonora Daniele, 48 anni, ha parlato della tragica morte del fratello Luigi<\/figcaption><\/figure>\n\n\n\n<p><em>\u201cLa cosa che mi manca di pi\u00f9 \u00e8 il fatto di non avere avuto il tempo. Perch\u00e9 tu hai un'idea di salvezza, tu familiare vuoi comunque salvare la persona che hai accanto, la vuoi salvare della sofferenza, dal pregiudizio e dallo stigma, dai pensieri cattivi e da tutto il male del mondo, dalle cattiverie delle persone che non capiscono, dall'ignoranza\u201d<\/em>, ha detto.<\/p>\n\n\n\n<p><em>\u201cTi senti perso, solo e abbandonato. <strong>Ti senti disperato e vivi in maniera disperata<\/strong>, non dormi la notte\u201d<\/em>, ha sottolineato.<\/p>\n\n\n\n<p>La situazione per le <strong>famiglie <\/strong>che vivono condizioni di questo genere pu\u00f2 essere molto complessa.<\/p>\n\n\n\n<p><em>\u201cQuesti malati a volte non ti fanno dormire, a causa della loro malattia passi le notti in bianco. C'\u00e8 gente che si chiude nelle camere a chiave, per paura o per vergogna. Ma puoi vivere chiuso a chiave per tutta le vita?\u201d<\/em>, ha affermato.<\/p>\n\n\n\n<p>Eleonora \u00e8 stata catapultata in questa situazione fin da piccola: <em>\u201cSono la pi\u00f9 giovane di 4 figli. Due sorelle pi\u00f9 grandi, poi Luigi e dopo 6 anni io. Nella mia infanzia<strong> ho vissuto la sua adolescenza come una madre<\/strong>, perch\u00e9 mia mamma lavorava e le mie sorelle erano gi\u00e0 fuori casa. Da bambina mi sono trovata ad affrontare il momento pi\u00f9 difficile di mio fratello, quello in cui non era pi\u00f9 bambino e tu non sai pi\u00f9 come fare, perch\u00e9 un bimbo pi\u00f9 o meno lo gestisci, mentre un ragazzo grande e grosso no\u201d<\/em>.<\/p>\n\n\n\n<figure class=\"wp-block-image size-large\"><img decoding=\"async\" width=\"819\" height=\"1024\" src=\"https:\/\/www.gossip.it\/wp-content\/uploads\/2024\/11\/eleonora_daniele_official_1640982908_2741085764678794092_1458009962-819x1024.jpg\" alt=\"\" class=\"wp-image-182756\" srcset=\"https:\/\/www.gossip.it\/wp-content\/uploads\/2024\/11\/eleonora_daniele_official_1640982908_2741085764678794092_1458009962-819x1024.jpg 819w, https:\/\/www.gossip.it\/wp-content\/uploads\/2024\/11\/eleonora_daniele_official_1640982908_2741085764678794092_1458009962-240x300.jpg 240w, https:\/\/www.gossip.it\/wp-content\/uploads\/2024\/11\/eleonora_daniele_official_1640982908_2741085764678794092_1458009962-768x960.jpg 768w, https:\/\/www.gossip.it\/wp-content\/uploads\/2024\/11\/eleonora_daniele_official_1640982908_2741085764678794092_1458009962-1229x1536.jpg 1229w, https:\/\/www.gossip.it\/wp-content\/uploads\/2024\/11\/eleonora_daniele_official_1640982908_2741085764678794092_1458009962-750x938.jpg 750w, https:\/\/www.gossip.it\/wp-content\/uploads\/2024\/11\/eleonora_daniele_official_1640982908_2741085764678794092_1458009962-1140x1425.jpg 1140w, https:\/\/www.gossip.it\/wp-content\/uploads\/2024\/11\/eleonora_daniele_official_1640982908_2741085764678794092_1458009962.jpg 1440w\" sizes=\"(max-width: 819px) 100vw, 819px\" \/><figcaption class=\"wp-element-caption\">La conduttrice \u00e8 mamma di Carlotta, nata a maggio 2020<\/figcaption><\/figure>\n\n\n\n<p>Luigi fu trasferito in un istituto di Treviso: <em>\u201cNon c'era pi\u00f9 via di scampo n\u00e9 soluzione, gli attacchi aggressivi erano diventati ormai all'ordine del giorno e mio padre non riusciva pi\u00f9 a trattenere l'impeto fisico di un ragazzone di vent'anni che aveva troppe crisi, autolesionistiche e non\u201d<\/em>.<\/p>\n\n\n\n<p>Poi l\u2019approdo in una struttura di<strong> Padova<\/strong>, la citt\u00e0 dove \u00e8 nata e cresciuta Eleonora. Quindi il 17 febbraio 2015 la <strong>morte <\/strong>di Luigi.<\/p>\n\n\n\n<p><em>\u201cIn quell'istante <strong>provai il dolore pi\u00f9 forte della mia vita, urlai senza fermarmi<\/strong>, sprofondata in un burrone dal quale ancora non sono risalita\u201d<\/em>, ha confessato.<\/p>\n","protected":false},"excerpt":{"rendered":"<p>La conduttrice 48enne ha ripercorso l'evento pi\u00f9 doloroso della...<\/p>\n","protected":false},"author":1,"featured_media":182758,"comment_status":"open","ping_status":"closed","sticky":false,"template":"","format":"standard","meta":{"footnotes":""},"categories":[54],"tags":[80372,80373],"vip":[634],"class_list":["post-182754","post","type-post","status-publish","format-standard","has-post-thumbnail","hentry","category-news","tag-eleonora-daniele-fratello","tag-morte-fratello-eleonora-daniele","vip-eleonora_daniele"],"yoast_head":"<title>&#039;&#039;Provai il dolore pi\u00f9 forte della mia vita, urlai senza fermarmi&#039;&#039;: Eleonora Daniele ripercorre il dramma della sua famiglia - Gossip.it | News sul Gossip e VIP<\/title>\n<meta name=\"description\" content=\"La conduttrice 48enne ha ripercorso l&#039;evento pi\u00f9 doloroso della...\" \/>\n<meta name=\"robots\" content=\"index, follow, max-snippet:-1, max-image-preview:large, max-video-preview:-1\" \/>\n<link rel=\"canonical\" href=\"https:\/\/www.gossip.it\/news\/provai-il-dolore-piu-forte-della-mia-vita-urlai-senza-fermarmi-eleonora-daniele-ripercorre-il-dramma-della-sua-famiglia\/\" \/>\n<meta property=\"og:locale\" content=\"it_IT\" \/>\n<meta property=\"og:type\" content=\"article\" \/>\n<meta property=\"og:title\" content=\"&#039;&#039;Provai il dolore pi\u00f9 forte della mia vita, urlai senza fermarmi&#039;&#039;: Eleonora Daniele ripercorre il dramma della sua famiglia - Gossip.it | News sul Gossip e VIP\" \/>\n<meta property=\"og:description\" content=\"La conduttrice 48enne ha ripercorso l&#039;evento pi\u00f9 doloroso della...\" \/>\n<meta property=\"og:url\" content=\"https:\/\/www.gossip.it\/news\/provai-il-dolore-piu-forte-della-mia-vita-urlai-senza-fermarmi-eleonora-daniele-ripercorre-il-dramma-della-sua-famiglia\/\" \/>\n<meta property=\"og:site_name\" content=\"Gossip.it | News sul Gossip e VIP\" \/>\n<meta property=\"article:publisher\" content=\"https:\/\/www.facebook.com\/GossipIT\" \/>\n<meta property=\"article:published_time\" content=\"2024-11-07T11:14:53+00:00\" \/>\n<meta property=\"article:modified_time\" content=\"2024-11-08T19:48:57+00:00\" \/>\n<meta property=\"og:image\" content=\"https:\/\/www.gossip.it\/wp-content\/uploads\/2024\/11\/eleonoradanielelancio.jpg\" \/>\n\t<meta property=\"og:image:width\" content=\"1093\" \/>\n\t<meta property=\"og:image:height\" content=\"726\" \/>\n\t<meta property=\"og:image:type\" content=\"image\/jpeg\" \/>\n<meta name=\"author\" content=\"La Redazione\" \/>\n<meta name=\"twitter:card\" content=\"summary_large_image\" \/>\n<meta name=\"twitter:creator\" content=\"@gossinews_it\" \/>\n<meta name=\"twitter:site\" content=\"@gossinews_it\" \/>\n<meta name=\"twitter:label1\" content=\"Scritto da\" \/>\n\t<meta name=\"twitter:data1\" content=\"La Redazione\" \/>\n\t<meta name=\"twitter:label2\" content=\"Tempo di lettura stimato\" \/>\n\t<meta name=\"twitter:data2\" content=\"4 minuti\" \/>","yoast_head_json":{"title":"''Provai il dolore pi\u00f9 forte della mia vita, urlai senza fermarmi'': Eleonora Daniele ripercorre il dramma della sua famiglia - Gossip.it | News sul Gossip e VIP","description":"La conduttrice 48enne ha ripercorso l'evento pi\u00f9 doloroso della...","robots":{"index":"index","follow":"follow","max-snippet":"max-snippet:-1","max-image-preview":"max-image-preview:large","max-video-preview":"max-video-preview:-1"},"canonical":"https:\/\/www.gossip.it\/news\/provai-il-dolore-piu-forte-della-mia-vita-urlai-senza-fermarmi-eleonora-daniele-ripercorre-il-dramma-della-sua-famiglia\/","og_locale":"it_IT","og_type":"article","og_title":"''Provai il dolore pi\u00f9 forte della mia vita, urlai senza fermarmi'': Eleonora Daniele ripercorre il dramma della sua famiglia - Gossip.it | News sul Gossip e VIP","og_description":"La conduttrice 48enne ha ripercorso l'evento pi\u00f9 doloroso della...","og_url":"https:\/\/www.gossip.it\/news\/provai-il-dolore-piu-forte-della-mia-vita-urlai-senza-fermarmi-eleonora-daniele-ripercorre-il-dramma-della-sua-famiglia\/","og_site_name":"Gossip.it | News sul Gossip e VIP","article_publisher":"https:\/\/www.facebook.com\/GossipIT","article_published_time":"2024-11-07T11:14:53+00:00","article_modified_time":"2024-11-08T19:48:57+00:00","og_image":[{"width":1093,"height":726,"url":"https:\/\/www.gossip.it\/wp-content\/uploads\/2024\/11\/eleonoradanielelancio.jpg","type":"image\/jpeg"}],"author":"La Redazione","twitter_card":"summary_large_image","twitter_creator":"@gossinews_it","twitter_site":"@gossinews_it","twitter_misc":{"Scritto da":"La Redazione","Tempo di lettura stimato":"4 minuti"},"schema":{"@context":"https:\/\/schema.org","@graph":[{"@type":"Article","@id":"https:\/\/www.gossip.it\/news\/provai-il-dolore-piu-forte-della-mia-vita-urlai-senza-fermarmi-eleonora-daniele-ripercorre-il-dramma-della-sua-famiglia\/#article","isPartOf":{"@id":"https:\/\/www.gossip.it\/news\/provai-il-dolore-piu-forte-della-mia-vita-urlai-senza-fermarmi-eleonora-daniele-ripercorre-il-dramma-della-sua-famiglia\/"},"author":{"name":"La Redazione","@id":"https:\/\/www.gossip.it\/#\/schema\/person\/488896f75158bff1cc83c6c39d141110"},"headline":"''Provai il dolore pi\u00f9 forte della mia vita, urlai senza fermarmi'': Eleonora Daniele ripercorre il dramma della sua famiglia","datePublished":"2024-11-07T11:14:53+00:00","dateModified":"2024-11-08T19:48:57+00:00","mainEntityOfPage":{"@id":"https:\/\/www.gossip.it\/news\/provai-il-dolore-piu-forte-della-mia-vita-urlai-senza-fermarmi-eleonora-daniele-ripercorre-il-dramma-della-sua-famiglia\/"},"wordCount":487,"commentCount":0,"publisher":{"@id":"https:\/\/www.gossip.it\/#organization"},"image":{"@id":"https:\/\/www.gossip.it\/news\/provai-il-dolore-piu-forte-della-mia-vita-urlai-senza-fermarmi-eleonora-daniele-ripercorre-il-dramma-della-sua-famiglia\/#primaryimage"},"thumbnailUrl":"https:\/\/www.gossip.it\/wp-content\/uploads\/2024\/11\/eleonoradanielelancio.jpg","keywords":["eleonora daniele fratello","morte fratello eleonora daniele"],"articleSection":["News"],"inLanguage":"it-IT","potentialAction":[{"@type":"CommentAction","name":"Comment","target":["https:\/\/www.gossip.it\/news\/provai-il-dolore-piu-forte-della-mia-vita-urlai-senza-fermarmi-eleonora-daniele-ripercorre-il-dramma-della-sua-famiglia\/#respond"]}]},{"@type":"WebPage","@id":"https:\/\/www.gossip.it\/news\/provai-il-dolore-piu-forte-della-mia-vita-urlai-senza-fermarmi-eleonora-daniele-ripercorre-il-dramma-della-sua-famiglia\/","url":"https:\/\/www.gossip.it\/news\/provai-il-dolore-piu-forte-della-mia-vita-urlai-senza-fermarmi-eleonora-daniele-ripercorre-il-dramma-della-sua-famiglia\/","name":"''Provai il dolore pi\u00f9 forte della mia vita, urlai senza fermarmi'': Eleonora Daniele ripercorre il dramma della sua famiglia - Gossip.it | News sul Gossip e VIP","isPartOf":{"@id":"https:\/\/www.gossip.it\/#website"},"primaryImageOfPage":{"@id":"https:\/\/www.gossip.it\/news\/provai-il-dolore-piu-forte-della-mia-vita-urlai-senza-fermarmi-eleonora-daniele-ripercorre-il-dramma-della-sua-famiglia\/#primaryimage"},"image":{"@id":"https:\/\/www.gossip.it\/news\/provai-il-dolore-piu-forte-della-mia-vita-urlai-senza-fermarmi-eleonora-daniele-ripercorre-il-dramma-della-sua-famiglia\/#primaryimage"},"thumbnailUrl":"https:\/\/www.gossip.it\/wp-content\/uploads\/2024\/11\/eleonoradanielelancio.jpg","datePublished":"2024-11-07T11:14:53+00:00","dateModified":"2024-11-08T19:48:57+00:00","description":"La conduttrice 48enne ha ripercorso l'evento pi\u00f9 doloroso della...","breadcrumb":{"@id":"https:\/\/www.gossip.it\/news\/provai-il-dolore-piu-forte-della-mia-vita-urlai-senza-fermarmi-eleonora-daniele-ripercorre-il-dramma-della-sua-famiglia\/#breadcrumb"},"inLanguage":"it-IT","potentialAction":[{"@type":"ReadAction","target":["https:\/\/www.gossip.it\/news\/provai-il-dolore-piu-forte-della-mia-vita-urlai-senza-fermarmi-eleonora-daniele-ripercorre-il-dramma-della-sua-famiglia\/"]}]},{"@type":"ImageObject","inLanguage":"it-IT","@id":"https:\/\/www.gossip.it\/news\/provai-il-dolore-piu-forte-della-mia-vita-urlai-senza-fermarmi-eleonora-daniele-ripercorre-il-dramma-della-sua-famiglia\/#primaryimage","url":"https:\/\/www.gossip.it\/wp-content\/uploads\/2024\/11\/eleonoradanielelancio.jpg","contentUrl":"https:\/\/www.gossip.it\/wp-content\/uploads\/2024\/11\/eleonoradanielelancio.jpg","width":1093,"height":726},{"@type":"BreadcrumbList","@id":"https:\/\/www.gossip.it\/news\/provai-il-dolore-piu-forte-della-mia-vita-urlai-senza-fermarmi-eleonora-daniele-ripercorre-il-dramma-della-sua-famiglia\/#breadcrumb","itemListElement":[{"@type":"ListItem","position":1,"name":"Home","item":"https:\/\/www.gossip.it\/"},{"@type":"ListItem","position":2,"name":"''Provai il dolore pi\u00f9 forte della mia vita, urlai senza fermarmi'': Eleonora Daniele ripercorre il dramma della sua famiglia"}]},{"@type":"WebSite","@id":"https:\/\/www.gossip.it\/#website","url":"https:\/\/www.gossip.it\/","name":"Gossip and VIP News","description":"Quotidiano di cronaca rosa, costume e societ\u00e0","publisher":{"@id":"https:\/\/www.gossip.it\/#organization"},"alternateName":"Gossip and VIP News","potentialAction":[{"@type":"SearchAction","target":{"@type":"EntryPoint","urlTemplate":"https:\/\/www.gossip.it\/?s={search_term_string}"},"query-input":{"@type":"PropertyValueSpecification","valueRequired":true,"valueName":"search_term_string"}}],"inLanguage":"it-IT"},{"@type":"Organization","@id":"https:\/\/www.gossip.it\/#organization","name":"Gossip and VIP News","alternateName":"Gossip News","url":"https:\/\/www.gossip.it\/","logo":{"@type":"ImageObject","inLanguage":"it-IT","@id":"https:\/\/www.gossip.it\/#\/schema\/logo\/image\/","url":"https:\/\/www.gossip.it\/wp-content\/uploads\/2022\/04\/cropped-corna-alta-tiny.png","contentUrl":"https:\/\/www.gossip.it\/wp-content\/uploads\/2022\/04\/cropped-corna-alta-tiny.png","width":512,"height":512,"caption":"Gossip and VIP News"},"image":{"@id":"https:\/\/www.gossip.it\/#\/schema\/logo\/image\/"},"sameAs":["https:\/\/www.facebook.com\/GossipIT","https:\/\/x.com\/gossinews_it","https:\/\/instagram.com\/gossip_it"]},{"@type":"Person","@id":"https:\/\/www.gossip.it\/#\/schema\/person\/488896f75158bff1cc83c6c39d141110","name":"La Redazione","image":{"@type":"ImageObject","inLanguage":"it-IT","@id":"https:\/\/www.gossip.it\/#\/schema\/person\/image\/","url":"https:\/\/secure.gravatar.com\/avatar\/5a5f5c6fa3e6700e4249abdad0263a1e94e927d9e0499b1cb09c1cd29c044d80?s=96&d=mm&r=g","contentUrl":"https:\/\/secure.gravatar.com\/avatar\/5a5f5c6fa3e6700e4249abdad0263a1e94e927d9e0499b1cb09c1cd29c044d80?s=96&d=mm&r=g","caption":"La Redazione"},"sameAs":["https:\/\/www.gossip.it"]}]}},"amp_enabled":true,"_links":{"self":[{"href":"https:\/\/www.gossip.it\/api\/wp\/v2\/posts\/182754","targetHints":{"allow":["GET"]}}],"collection":[{"href":"https:\/\/www.gossip.it\/api\/wp\/v2\/posts"}],"about":[{"href":"https:\/\/www.gossip.it\/api\/wp\/v2\/types\/post"}],"author":[{"embeddable":true,"href":"https:\/\/www.gossip.it\/api\/wp\/v2\/users\/1"}],"replies":[{"embeddable":true,"href":"https:\/\/www.gossip.it\/api\/wp\/v2\/comments?post=182754"}],"version-history":[{"count":1,"href":"https:\/\/www.gossip.it\/api\/wp\/v2\/posts\/182754\/revisions"}],"predecessor-version":[{"id":182759,"href":"https:\/\/www.gossip.it\/api\/wp\/v2\/posts\/182754\/revisions\/182759"}],"wp:featuredmedia":[{"embeddable":true,"href":"https:\/\/www.gossip.it\/api\/wp\/v2\/media\/182758"}],"wp:attachment":[{"href":"https:\/\/www.gossip.it\/api\/wp\/v2\/media?parent=182754"}],"wp:term":[{"taxonomy":"category","embeddable":true,"href":"https:\/\/www.gossip.it\/api\/wp\/v2\/categories?post=182754"},{"taxonomy":"post_tag","embeddable":true,"href":"https:\/\/www.gossip.it\/api\/wp\/v2\/tags?post=182754"},{"taxonomy":"vip","embeddable":true,"href":"https:\/\/www.gossip.it\/api\/wp\/v2\/vip?post=182754"}],"curies":[{"name":"wp","href":"https:\/\/api.w.org\/{rel}","templated":true}]}}