{"id":182934,"date":"2024-11-11T13:29:01","date_gmt":"2024-11-11T12:29:01","guid":{"rendered":"https:\/\/www.gossip.it\/?p=182934"},"modified":"2024-11-12T10:41:00","modified_gmt":"2024-11-12T09:41:00","slug":"figlia-roberto-mancini-asimmetria-viso","status":"publish","type":"post","link":"https:\/\/www.gossip.it\/news\/figlia-roberto-mancini-asimmetria-viso\/","title":{"rendered":"''Sono nata con una paresi facciale'': la figlia dell'allenatore Roberto Mancini parla per la prima volta dell'asimmetria al viso"},"content":{"rendered":"\n<ul class=\"wp-block-list\">\n<li>Ospite di Paola Saluzzi a <em>L\u2019Ora Solare<\/em>, racconta il motivo che l\u2019ha spinta a scrivere il suo romanzo, <em>\u201cSei una farfalla\u201d<\/em><\/li>\n\n\n\n<li>La 27enne \u00e8 la terzogenita dell\u2019ex mister della Nazionale, padre anche di Filippo, 34 anni, e Andrea, 32<\/li>\n<\/ul>\n\n\n\n<p><a href=\"http:\/\/www.gossip.it\/vip\/camilla-mancini\">Camilla Mancini,<\/a> emozionata, si accomoda nello studio de <em>L\u2019Ora Solare<\/em> su Tv 2000, ospite di <a href=\"http:\/\/www.gossip.it\/vip\/paola-saluzzi\">Paola Saluzzi<\/a>. <strong>La figlia di <a href=\"http:\/\/www.gossip.it\/vip\/roberto-mancini\">Roberto Mancini<\/a>, ex allenatore della Nazionale, parla per la prima volta dell\u2019asimmetria al viso<\/strong>.<em> \u201c<strong>Sono nata con una paresi facciale<\/strong>\u201d<\/em>, svela la 27enne. E\u2019 la terzogenita dello sportivo 69enne, padre anche di Filippo e Andrea, rispettivamente 34 e 32 anni.<\/p>\n\n\n\n<figure class=\"wp-block-image size-large\"><img decoding=\"async\" width=\"1024\" height=\"576\" src=\"https:\/\/www.gossip.it\/wp-content\/uploads\/2024\/11\/mancini_2-1024x576.jpg\" alt=\"\" class=\"wp-image-182937\" srcset=\"https:\/\/www.gossip.it\/wp-content\/uploads\/2024\/11\/mancini_2-1024x576.jpg 1024w, https:\/\/www.gossip.it\/wp-content\/uploads\/2024\/11\/mancini_2-300x169.jpg 300w, https:\/\/www.gossip.it\/wp-content\/uploads\/2024\/11\/mancini_2-768x432.jpg 768w, https:\/\/www.gossip.it\/wp-content\/uploads\/2024\/11\/mancini_2-750x422.jpg 750w, https:\/\/www.gossip.it\/wp-content\/uploads\/2024\/11\/mancini_2-730x410.jpg 730w, https:\/\/www.gossip.it\/wp-content\/uploads\/2024\/11\/mancini_2.jpg 1134w\" sizes=\"(max-width: 1024px) 100vw, 1024px\" \/><figcaption class=\"wp-element-caption\"><em>''Sono nata con una paresi facciale''<\/em>: la figlia dell'allenatore Roberto Mancini parla per la prima volta dell'asimmetria al viso<\/figcaption><\/figure>\n\n\n\n<p>Ha scritto un libro, <em>\u201cSei una farfalla\u201d<\/em>. Sul social a proposito del suo primo romanzo Camilla ha precisato: <em>\u201cIn 'Sei una farfalla'&nbsp;Celeste (la protagonista) affronta temi delicati e importanti, come il bullismo, <strong>una ferita che ho conosciuto da bambina<\/strong>. Ho condiviso la mia esperienza non per pubblicit\u00e0, come qualcuno ha pensato, ma per tendere una mano a chi ancora soffre e dare forza a chi, come me, ha vissuto lo stesso dolore. Il bullismo \u00e8 una piaga sociale,&nbsp;<strong>lascia una cicatrice emotiva profondissima<\/strong> e ci sono ragazzi che ancora oggi si tolgono la vita per colpa dei bulli. Grazie a tutti per l'affetto che mi state dimostrando, \u00e8 un dono che non mi aspettavo, che custodisco con gratitudine\u201d.<\/em><\/p>\n\n\n\n<p>In tv la Mancini chiarisce il motivo per cui ha voluto scrivere il libro: <em>\u201cHo avuto un problema durante il parto e <strong>sono nata con una paresi facciale che mi ha causato asimmetria al viso, il lato destro ha un movimento ridotto rispetto al sinistro<\/strong>\u201d.<\/em><\/p>\n\n\n\n<figure class=\"wp-block-image size-large\"><img decoding=\"async\" width=\"1024\" height=\"576\" src=\"https:\/\/www.gossip.it\/wp-content\/uploads\/2024\/11\/mancini_1-1024x576.jpg\" alt=\"\" class=\"wp-image-182938\" srcset=\"https:\/\/www.gossip.it\/wp-content\/uploads\/2024\/11\/mancini_1-1024x576.jpg 1024w, https:\/\/www.gossip.it\/wp-content\/uploads\/2024\/11\/mancini_1-300x169.jpg 300w, https:\/\/www.gossip.it\/wp-content\/uploads\/2024\/11\/mancini_1-768x432.jpg 768w, https:\/\/www.gossip.it\/wp-content\/uploads\/2024\/11\/mancini_1-750x422.jpg 750w, https:\/\/www.gossip.it\/wp-content\/uploads\/2024\/11\/mancini_1-730x410.jpg 730w, https:\/\/www.gossip.it\/wp-content\/uploads\/2024\/11\/mancini_1.jpg 1134w\" sizes=\"(max-width: 1024px) 100vw, 1024px\" \/><figcaption class=\"wp-element-caption\">Ospite di Paola Saluzzi a <em>L\u2019Ora Solare<\/em>, racconta il motivo che l\u2019ha spinta a scrivere il suo romanzo, <em>\u201cSei una farfalla\u201d<\/em>. Si commuove per il video massaggio del pap\u00e0<\/figcaption><\/figure>\n\n\n\n<p>Verso la fine dell\u2019intervista arriva a sorpresa un video messaggio del pap\u00e0: <em>\"Volevo dirti che <strong>sono felice di avere una figlia come te<\/strong>, della tua intelligenza, e di come sei cresciuta, di quello che stai diventando. Stai vivendo questo momento della tua vita con entusiasmo e determinazione, qualit\u00e0 che non ti \u00e8 mai mancata. Ogni giorno credo sia un'opportunit\u00e0 di scoprire aspetti nuovi di te stessa e sappi che <strong>sono qua per sostenerti sempre in ogni passo della tua vita<\/strong>. Complimenti per il libro che hai scritto, \u00e8 molto bello. Sono veramente orgoglioso di te\".&nbsp;<\/em><\/p>\n\n\n\n<p>Camilla si commuove ed emoziona. E\u2019 felice. Sul social poi ringrazia chi le ha dato voce: <em>\u201c<strong>Questa \u00e8 stata la mia prima intervista televisiva<\/strong>. Ero emozionatissima e un po\u2019 spaventata, perch\u00e9 parlare delle proprie fragilit\u00e0 e aprirsi al mondo, non \u00e8 facile ma ormai necessario per me. L\u2019ho fatto con la speranza di restituire qualcosa di ci\u00f2 che ho imparato, anche attraverso le sofferenze, a chi potrebbe trovarlo utile\u201d.<\/em><\/p>\n\n\n\n<figure class=\"wp-block-image size-large\"><img decoding=\"async\" width=\"1024\" height=\"864\" src=\"https:\/\/www.gossip.it\/wp-content\/uploads\/2024\/11\/mancini_3-1024x864.jpg\" alt=\"\" class=\"wp-image-182939\" srcset=\"https:\/\/www.gossip.it\/wp-content\/uploads\/2024\/11\/mancini_3-1024x864.jpg 1024w, https:\/\/www.gossip.it\/wp-content\/uploads\/2024\/11\/mancini_3-300x253.jpg 300w, https:\/\/www.gossip.it\/wp-content\/uploads\/2024\/11\/mancini_3-768x648.jpg 768w, https:\/\/www.gossip.it\/wp-content\/uploads\/2024\/11\/mancini_3-750x633.jpg 750w, https:\/\/www.gossip.it\/wp-content\/uploads\/2024\/11\/mancini_3.jpg 1134w\" sizes=\"(max-width: 1024px) 100vw, 1024px\" \/><figcaption class=\"wp-element-caption\">La 27enne \u00e8 la terzogenita dell\u2019ex mister della Nazionale, padre anche di Filippo, 34 anni, e Andrea, 32<\/figcaption><\/figure>\n\n\n\n<p>La ragazza continua: <em>\u201cGrazie a\u00a0Paola Saluzzi e al suo meraviglioso team per avermi invitata e per aver reso tutto possibile: mi sono sentita accolta, coccolata e capita. <strong>E grazie a mio pap\u00e0 per la sorpresa e per le belle parole, che non sempre riesce a dirm<\/strong>i, ma so che mi sostiene silenziosamente dal giorno uno. La prima volta non si scorda mai\u201d.<\/em><\/p>\n","protected":false},"excerpt":{"rendered":"<p>spite di Paola Saluzzi a L\u2019Ora Solare, racconta il...<\/p>\n","protected":false},"author":24,"featured_media":182940,"comment_status":"open","ping_status":"closed","sticky":false,"template":"","format":"standard","meta":{"footnotes":""},"categories":[54],"tags":[80408,80414,80409,80410,80411,80413,58468],"vip":[80415,80416],"class_list":["post-182934","post","type-post","status-publish","format-standard","has-post-thumbnail","hentry","category-news","tag-camillamancini","tag-camillamanciniparesifacciale","tag-lorasolare","tag-paolasaluzzi","tag-robertomancini","tag-robertomancinifiglia","tag-tv2000","vip-camilla-mancini","vip-roberto-mancini"],"yoast_head":"<title>&#039;&#039;Sono nata con una paresi facciale&#039;&#039;: la figlia dell&#039;allenatore Roberto Mancini parla per la prima volta dell&#039;asimmetria al viso - Gossip.it | News sul Gossip e VIP<\/title>\n<meta name=\"description\" content=\"&#039;&#039;Sono nata con una paresi facciale&#039;&#039;: la figlia dell&#039;allenatore Roberto Mancini parla per la prima volta dell&#039;asimmetria al viso\" \/>\n<meta name=\"robots\" content=\"index, follow, max-snippet:-1, max-image-preview:large, max-video-preview:-1\" \/>\n<link rel=\"canonical\" href=\"https:\/\/www.gossip.it\/news\/figlia-roberto-mancini-asimmetria-viso\/\" \/>\n<meta property=\"og:locale\" content=\"it_IT\" \/>\n<meta property=\"og:type\" content=\"article\" \/>\n<meta property=\"og:title\" content=\"&#039;&#039;Sono nata con una paresi facciale&#039;&#039;: la figlia dell&#039;allenatore Roberto Mancini parla per la prima volta dell&#039;asimmetria al viso - Gossip.it | News sul Gossip e VIP\" \/>\n<meta property=\"og:description\" content=\"&#039;&#039;Sono nata con una paresi facciale&#039;&#039;: la figlia dell&#039;allenatore Roberto Mancini parla per la prima volta dell&#039;asimmetria al viso\" \/>\n<meta property=\"og:url\" content=\"https:\/\/www.gossip.it\/news\/figlia-roberto-mancini-asimmetria-viso\/\" \/>\n<meta property=\"og:site_name\" content=\"Gossip.it | News sul Gossip e VIP\" \/>\n<meta property=\"article:publisher\" content=\"https:\/\/www.facebook.com\/GossipIT\" \/>\n<meta property=\"article:published_time\" content=\"2024-11-11T12:29:01+00:00\" \/>\n<meta property=\"article:modified_time\" content=\"2024-11-12T09:41:00+00:00\" \/>\n<meta property=\"og:image\" content=\"https:\/\/www.gossip.it\/wp-content\/uploads\/2024\/11\/lancio-MANCINI-FB.jpg\" \/>\n\t<meta property=\"og:image:width\" content=\"1134\" \/>\n\t<meta property=\"og:image:height\" content=\"666\" \/>\n\t<meta property=\"og:image:type\" content=\"image\/jpeg\" \/>\n<meta name=\"author\" content=\"Carla Giuni\" \/>\n<meta name=\"twitter:card\" content=\"summary_large_image\" \/>\n<meta name=\"twitter:creator\" content=\"@gossinews_it\" \/>\n<meta name=\"twitter:site\" content=\"@gossinews_it\" \/>\n<meta name=\"twitter:label1\" content=\"Scritto da\" \/>\n\t<meta name=\"twitter:data1\" content=\"Carla Giuni\" \/>\n\t<meta name=\"twitter:label2\" content=\"Tempo di lettura stimato\" \/>\n\t<meta name=\"twitter:data2\" content=\"4 minuti\" \/>","yoast_head_json":{"title":"''Sono nata con una paresi facciale'': la figlia dell'allenatore Roberto Mancini parla per la prima volta dell'asimmetria al viso - Gossip.it | News sul Gossip e VIP","description":"''Sono nata con una paresi facciale'': la figlia dell'allenatore Roberto Mancini parla per la prima volta dell'asimmetria al viso","robots":{"index":"index","follow":"follow","max-snippet":"max-snippet:-1","max-image-preview":"max-image-preview:large","max-video-preview":"max-video-preview:-1"},"canonical":"https:\/\/www.gossip.it\/news\/figlia-roberto-mancini-asimmetria-viso\/","og_locale":"it_IT","og_type":"article","og_title":"''Sono nata con una paresi facciale'': la figlia dell'allenatore Roberto Mancini parla per la prima volta dell'asimmetria al viso - Gossip.it | News sul Gossip e VIP","og_description":"''Sono nata con una paresi facciale'': la figlia dell'allenatore Roberto Mancini parla per la prima volta dell'asimmetria al viso","og_url":"https:\/\/www.gossip.it\/news\/figlia-roberto-mancini-asimmetria-viso\/","og_site_name":"Gossip.it | News sul Gossip e VIP","article_publisher":"https:\/\/www.facebook.com\/GossipIT","article_published_time":"2024-11-11T12:29:01+00:00","article_modified_time":"2024-11-12T09:41:00+00:00","og_image":[{"width":1134,"height":666,"url":"https:\/\/www.gossip.it\/wp-content\/uploads\/2024\/11\/lancio-MANCINI-FB.jpg","type":"image\/jpeg"}],"author":"Carla Giuni","twitter_card":"summary_large_image","twitter_creator":"@gossinews_it","twitter_site":"@gossinews_it","twitter_misc":{"Scritto da":"Carla Giuni","Tempo di lettura stimato":"4 minuti"},"schema":{"@context":"https:\/\/schema.org","@graph":[{"@type":"Article","@id":"https:\/\/www.gossip.it\/news\/figlia-roberto-mancini-asimmetria-viso\/#article","isPartOf":{"@id":"https:\/\/www.gossip.it\/news\/figlia-roberto-mancini-asimmetria-viso\/"},"author":{"name":"Carla Giuni","@id":"https:\/\/www.gossip.it\/#\/schema\/person\/df4a88c190f338e21427b6f342595faa"},"headline":"''Sono nata con una paresi facciale'': la figlia dell'allenatore Roberto Mancini parla per la prima volta dell'asimmetria al viso","datePublished":"2024-11-11T12:29:01+00:00","dateModified":"2024-11-12T09:41:00+00:00","mainEntityOfPage":{"@id":"https:\/\/www.gossip.it\/news\/figlia-roberto-mancini-asimmetria-viso\/"},"wordCount":579,"commentCount":0,"publisher":{"@id":"https:\/\/www.gossip.it\/#organization"},"image":{"@id":"https:\/\/www.gossip.it\/news\/figlia-roberto-mancini-asimmetria-viso\/#primaryimage"},"thumbnailUrl":"https:\/\/www.gossip.it\/wp-content\/uploads\/2024\/11\/lancio-MANCINI.jpg","keywords":["camillamancini","camillamanciniparesifacciale","lorasolare","paolasaluzzi","robertomancini","robertomancinifiglia","tv2000"],"articleSection":["News"],"inLanguage":"it-IT","potentialAction":[{"@type":"CommentAction","name":"Comment","target":["https:\/\/www.gossip.it\/news\/figlia-roberto-mancini-asimmetria-viso\/#respond"]}]},{"@type":"WebPage","@id":"https:\/\/www.gossip.it\/news\/figlia-roberto-mancini-asimmetria-viso\/","url":"https:\/\/www.gossip.it\/news\/figlia-roberto-mancini-asimmetria-viso\/","name":"''Sono nata con una paresi facciale'': la figlia dell'allenatore Roberto Mancini parla per la prima volta dell'asimmetria al viso - Gossip.it | News sul Gossip e VIP","isPartOf":{"@id":"https:\/\/www.gossip.it\/#website"},"primaryImageOfPage":{"@id":"https:\/\/www.gossip.it\/news\/figlia-roberto-mancini-asimmetria-viso\/#primaryimage"},"image":{"@id":"https:\/\/www.gossip.it\/news\/figlia-roberto-mancini-asimmetria-viso\/#primaryimage"},"thumbnailUrl":"https:\/\/www.gossip.it\/wp-content\/uploads\/2024\/11\/lancio-MANCINI.jpg","datePublished":"2024-11-11T12:29:01+00:00","dateModified":"2024-11-12T09:41:00+00:00","description":"''Sono nata con una paresi facciale'': la figlia dell'allenatore Roberto Mancini parla per la prima volta dell'asimmetria al viso","breadcrumb":{"@id":"https:\/\/www.gossip.it\/news\/figlia-roberto-mancini-asimmetria-viso\/#breadcrumb"},"inLanguage":"it-IT","potentialAction":[{"@type":"ReadAction","target":["https:\/\/www.gossip.it\/news\/figlia-roberto-mancini-asimmetria-viso\/"]}]},{"@type":"ImageObject","inLanguage":"it-IT","@id":"https:\/\/www.gossip.it\/news\/figlia-roberto-mancini-asimmetria-viso\/#primaryimage","url":"https:\/\/www.gossip.it\/wp-content\/uploads\/2024\/11\/lancio-MANCINI.jpg","contentUrl":"https:\/\/www.gossip.it\/wp-content\/uploads\/2024\/11\/lancio-MANCINI.jpg","width":1134,"height":808},{"@type":"BreadcrumbList","@id":"https:\/\/www.gossip.it\/news\/figlia-roberto-mancini-asimmetria-viso\/#breadcrumb","itemListElement":[{"@type":"ListItem","position":1,"name":"Home","item":"https:\/\/www.gossip.it\/"},{"@type":"ListItem","position":2,"name":"''Sono nata con una paresi facciale'': la figlia dell'allenatore Roberto Mancini parla per la prima volta dell'asimmetria al viso"}]},{"@type":"WebSite","@id":"https:\/\/www.gossip.it\/#website","url":"https:\/\/www.gossip.it\/","name":"Gossip and VIP News","description":"Quotidiano di cronaca rosa, costume e societ\u00e0","publisher":{"@id":"https:\/\/www.gossip.it\/#organization"},"alternateName":"Gossip and VIP News","potentialAction":[{"@type":"SearchAction","target":{"@type":"EntryPoint","urlTemplate":"https:\/\/www.gossip.it\/?s={search_term_string}"},"query-input":{"@type":"PropertyValueSpecification","valueRequired":true,"valueName":"search_term_string"}}],"inLanguage":"it-IT"},{"@type":"Organization","@id":"https:\/\/www.gossip.it\/#organization","name":"Gossip and VIP News","alternateName":"Gossip News","url":"https:\/\/www.gossip.it\/","logo":{"@type":"ImageObject","inLanguage":"it-IT","@id":"https:\/\/www.gossip.it\/#\/schema\/logo\/image\/","url":"https:\/\/www.gossip.it\/wp-content\/uploads\/2022\/04\/cropped-corna-alta-tiny.png","contentUrl":"https:\/\/www.gossip.it\/wp-content\/uploads\/2022\/04\/cropped-corna-alta-tiny.png","width":512,"height":512,"caption":"Gossip and VIP News"},"image":{"@id":"https:\/\/www.gossip.it\/#\/schema\/logo\/image\/"},"sameAs":["https:\/\/www.facebook.com\/GossipIT","https:\/\/x.com\/gossinews_it","https:\/\/instagram.com\/gossip_it"]},{"@type":"Person","@id":"https:\/\/www.gossip.it\/#\/schema\/person\/df4a88c190f338e21427b6f342595faa","name":"Carla Giuni","image":{"@type":"ImageObject","inLanguage":"it-IT","@id":"https:\/\/www.gossip.it\/#\/schema\/person\/image\/","url":"https:\/\/secure.gravatar.com\/avatar\/9caf92f895c8e9a7cca263cd6e3860da8edad54c0a92046a7e363cbd3fa35c36?s=96&d=mm&r=g","contentUrl":"https:\/\/secure.gravatar.com\/avatar\/9caf92f895c8e9a7cca263cd6e3860da8edad54c0a92046a7e363cbd3fa35c36?s=96&d=mm&r=g","caption":"Carla Giuni"}}]}},"amp_enabled":true,"_links":{"self":[{"href":"https:\/\/www.gossip.it\/api\/wp\/v2\/posts\/182934","targetHints":{"allow":["GET"]}}],"collection":[{"href":"https:\/\/www.gossip.it\/api\/wp\/v2\/posts"}],"about":[{"href":"https:\/\/www.gossip.it\/api\/wp\/v2\/types\/post"}],"author":[{"embeddable":true,"href":"https:\/\/www.gossip.it\/api\/wp\/v2\/users\/24"}],"replies":[{"embeddable":true,"href":"https:\/\/www.gossip.it\/api\/wp\/v2\/comments?post=182934"}],"version-history":[{"count":1,"href":"https:\/\/www.gossip.it\/api\/wp\/v2\/posts\/182934\/revisions"}],"predecessor-version":[{"id":182943,"href":"https:\/\/www.gossip.it\/api\/wp\/v2\/posts\/182934\/revisions\/182943"}],"wp:featuredmedia":[{"embeddable":true,"href":"https:\/\/www.gossip.it\/api\/wp\/v2\/media\/182940"}],"wp:attachment":[{"href":"https:\/\/www.gossip.it\/api\/wp\/v2\/media?parent=182934"}],"wp:term":[{"taxonomy":"category","embeddable":true,"href":"https:\/\/www.gossip.it\/api\/wp\/v2\/categories?post=182934"},{"taxonomy":"post_tag","embeddable":true,"href":"https:\/\/www.gossip.it\/api\/wp\/v2\/tags?post=182934"},{"taxonomy":"vip","embeddable":true,"href":"https:\/\/www.gossip.it\/api\/wp\/v2\/vip?post=182934"}],"curies":[{"name":"wp","href":"https:\/\/api.w.org\/{rel}","templated":true}]}}