{"id":183089,"date":"2024-11-12T18:03:02","date_gmt":"2024-11-12T17:03:02","guid":{"rendered":"https:\/\/www.gossip.it\/?p=183089"},"modified":"2024-11-13T12:57:15","modified_gmt":"2024-11-13T11:57:15","slug":"corona-rivela-nome-figlio","status":"publish","type":"post","link":"https:\/\/www.gossip.it\/news\/corona-rivela-nome-figlio\/","title":{"rendered":"Corona rivela il nome che dar\u00e0 al figlio e pubblica foto con Moric, Carlos e fidanzata incinta: ''La mia splendida famiglia non allargata''"},"content":{"rendered":"\n<ul class=\"wp-block-list\">\n<li>Fabrizio diventa sentimentale: a poco pi\u00f9 di un mese dalla nascita del secondogenito mostra la serenit\u00e0 ritrovata<\/li>\n\n\n\n<li>Tra il 50enne e l\u2019ex moglie 48enne \u00e8 da tempo tornata la pace, anche lei aspetta di conoscere il beb\u00e8<\/li>\n<\/ul>\n\n\n\n<p><a href=\"http:\/\/www.gossip.it\/vip\/fabrizio-corona\">Fabrizio Corona<\/a> diventa sentimentale. Sul suo profilo <strong>pubblica una foto in cui \u00e8 immortalato in un bar a Milano seduto al tavolo insieme all\u2019ex moglie <a href=\"http:\/\/www.gossip.it\/vip\/nina-moric\">Nina Moric<\/a>, al primogenito <a href=\"http:\/\/www.gossip.it\/vip\/carlos-corona\">Carlos<\/a> e alla fidanzata <a href=\"http:\/\/www.gossip.it\/vip\/sara-barbieri\">Sara Barbieri<\/a> incinta<\/strong>.<strong> \u201cEcco la mia famiglia, ma non \u00e8 allargata\u201d<\/strong>, dice nel post che accompagna l\u2019immagine. <strong>Svela anche il nome che dar\u00e0 al figlio: si chiamer\u00e0 Thiago<\/strong>.<\/p>\n\n\n\n<figure class=\"wp-block-image size-large\"><img decoding=\"async\" width=\"1024\" height=\"1024\" src=\"https:\/\/www.gossip.it\/wp-content\/uploads\/2024\/11\/fabriziocoronareal_1731428539_3499798706034146018_1095785205-1024x1024.jpg\" alt=\"\" class=\"wp-image-183090\" srcset=\"https:\/\/www.gossip.it\/wp-content\/uploads\/2024\/11\/fabriziocoronareal_1731428539_3499798706034146018_1095785205-1024x1024.jpg 1024w, https:\/\/www.gossip.it\/wp-content\/uploads\/2024\/11\/fabriziocoronareal_1731428539_3499798706034146018_1095785205-300x300.jpg 300w, https:\/\/www.gossip.it\/wp-content\/uploads\/2024\/11\/fabriziocoronareal_1731428539_3499798706034146018_1095785205-150x150.jpg 150w, https:\/\/www.gossip.it\/wp-content\/uploads\/2024\/11\/fabriziocoronareal_1731428539_3499798706034146018_1095785205-768x768.jpg 768w, https:\/\/www.gossip.it\/wp-content\/uploads\/2024\/11\/fabriziocoronareal_1731428539_3499798706034146018_1095785205-75x75.jpg 75w, https:\/\/www.gossip.it\/wp-content\/uploads\/2024\/11\/fabriziocoronareal_1731428539_3499798706034146018_1095785205-750x750.jpg 750w, https:\/\/www.gossip.it\/wp-content\/uploads\/2024\/11\/fabriziocoronareal_1731428539_3499798706034146018_1095785205-1140x1140.jpg 1140w, https:\/\/www.gossip.it\/wp-content\/uploads\/2024\/11\/fabriziocoronareal_1731428539_3499798706034146018_1095785205.jpg 1290w\" sizes=\"(max-width: 1024px) 100vw, 1024px\" \/><figcaption class=\"wp-element-caption\">Corona rivela il nome che dar\u00e0 al figlio e pubblica foto con Moric, figlio Carlos e la fidanzata incinta: <em>''La mia splendida famiglia non allargata''<\/em><\/figcaption><\/figure>\n\n\n\n<p>Il 50enne ha ritrovato grande serenit\u00e0, merito anche del suo secondo figlio in arrivo. A poco pi\u00f9 di un mese dal parto della 24enne, l\u2019ex re dei paparazzi si fa vedere pure con l\u2019ex 48enne, con cui \u00e8 ormai in pace e armonia, e il suo adorato ragazzo 22enne, entusiasta dell\u2019arrivo del fratellino.<\/p>\n\n\n\n<figure class=\"wp-block-image size-large\"><img decoding=\"async\" width=\"1024\" height=\"1024\" src=\"https:\/\/www.gossip.it\/wp-content\/uploads\/2024\/11\/fabriziocoronareal_1731428539_3499798706034061115_1095785205-1024x1024.jpg\" alt=\"\" class=\"wp-image-183091\" srcset=\"https:\/\/www.gossip.it\/wp-content\/uploads\/2024\/11\/fabriziocoronareal_1731428539_3499798706034061115_1095785205-1024x1024.jpg 1024w, https:\/\/www.gossip.it\/wp-content\/uploads\/2024\/11\/fabriziocoronareal_1731428539_3499798706034061115_1095785205-300x300.jpg 300w, https:\/\/www.gossip.it\/wp-content\/uploads\/2024\/11\/fabriziocoronareal_1731428539_3499798706034061115_1095785205-150x150.jpg 150w, https:\/\/www.gossip.it\/wp-content\/uploads\/2024\/11\/fabriziocoronareal_1731428539_3499798706034061115_1095785205-768x768.jpg 768w, https:\/\/www.gossip.it\/wp-content\/uploads\/2024\/11\/fabriziocoronareal_1731428539_3499798706034061115_1095785205-75x75.jpg 75w, https:\/\/www.gossip.it\/wp-content\/uploads\/2024\/11\/fabriziocoronareal_1731428539_3499798706034061115_1095785205-750x750.jpg 750w, https:\/\/www.gossip.it\/wp-content\/uploads\/2024\/11\/fabriziocoronareal_1731428539_3499798706034061115_1095785205-1140x1140.jpg 1140w, https:\/\/www.gossip.it\/wp-content\/uploads\/2024\/11\/fabriziocoronareal_1731428539_3499798706034061115_1095785205.jpg 1290w\" sizes=\"(max-width: 1024px) 100vw, 1024px\" \/><figcaption class=\"wp-element-caption\">Fabrizio diventa sentimentale: a poco pi\u00f9 di un mese dalla nascita del secondogenito mostra la serenit\u00e0 ritrovata<\/figcaption><\/figure>\n\n\n\n<p>Corona scrive: <em>\u201c<strong>Ecco la mia splendida famiglia<\/strong>. Tutto ci\u00f2 che davvero ho saputo creare. So bene che non \u00e8 facile vivere con me, di fianco a me, non \u00e8 facile nemmeno per me, credetemi. Eppure attraversando mille tempeste, pianti, gioie e anche tragedie, siamo arrivati fino qui. <strong>Adesso aspettiamo Thiago, al quale daremo solo amore<\/strong>, cercando di migliorare, ogni giorno: errore su errore. La perfezione non esiste, ma <strong>vi prego di non chiamarla famiglia allargata: l\u2019amore non si allarga come un maglione...<\/strong> L\u2019amore investe tutto, altrimenti \u00e8 solo un\u2019illusione passeggera\u201d<\/em>. La maturit\u00e0 gli ha regalato saggezza e ha attenuato i suoi tormenti interiori.<\/p>\n","protected":false},"excerpt":{"rendered":"<p>Fabrizio diventa sentimentale: a poco pi\u00f9 di un mese...<\/p>\n","protected":false},"author":24,"featured_media":183092,"comment_status":"open","ping_status":"closed","sticky":false,"template":"","format":"standard","meta":{"footnotes":""},"categories":[54],"tags":[67204,72823,5243,65286,76551,68269,2793,1979,64749,80468,68271,77657],"vip":[447,80469,1426,74568],"class_list":["post-183089","post","type-post","status-publish","format-standard","has-post-thumbnail","hentry","category-news","tag-carloscorona","tag-carloscoronapadre","tag-corona","tag-fabriziocorona","tag-fabriziocoronaexmoglie","tag-fabriziocoronafidanzata","tag-gossip","tag-milano","tag-ninamoric","tag-ninamoricexmarito","tag-sarabarbieri","tag-sarabarbieriincinta","vip-carlos_corona","vip-fabrizio-coriona","vip-nina_moric","vip-sara-barbieri"],"yoast_head":"<title>Corona rivela il nome che dar\u00e0 al figlio e pubblica foto con Moric, Carlos e fidanzata incinta: &#039;&#039;La mia splendida famiglia non allargata&#039;&#039; - Gossip.it | News sul Gossip e VIP<\/title>\n<meta name=\"description\" content=\"Corona rivela il nome che dar\u00e0 al figlio e pubblica foto con Moric, Carlos e la fidanzata incinta: &#039;&#039;La mia splendida famiglia&#039;&#039;\" \/>\n<meta name=\"robots\" content=\"index, follow, max-snippet:-1, max-image-preview:large, max-video-preview:-1\" \/>\n<link rel=\"canonical\" href=\"https:\/\/www.gossip.it\/news\/corona-rivela-nome-figlio\/\" \/>\n<meta property=\"og:locale\" content=\"it_IT\" \/>\n<meta property=\"og:type\" content=\"article\" \/>\n<meta property=\"og:title\" content=\"Corona rivela il nome che dar\u00e0 al figlio e pubblica foto con Moric, Carlos e fidanzata incinta: &#039;&#039;La mia splendida famiglia non allargata&#039;&#039; - Gossip.it | News sul Gossip e VIP\" \/>\n<meta property=\"og:description\" content=\"Corona rivela il nome che dar\u00e0 al figlio e pubblica foto con Moric, Carlos e la fidanzata incinta: &#039;&#039;La mia splendida famiglia&#039;&#039;\" \/>\n<meta property=\"og:url\" content=\"https:\/\/www.gossip.it\/news\/corona-rivela-nome-figlio\/\" \/>\n<meta property=\"og:site_name\" content=\"Gossip.it | News sul Gossip e VIP\" \/>\n<meta property=\"article:publisher\" content=\"https:\/\/www.facebook.com\/GossipIT\" \/>\n<meta property=\"article:published_time\" content=\"2024-11-12T17:03:02+00:00\" \/>\n<meta property=\"article:modified_time\" content=\"2024-11-13T11:57:15+00:00\" \/>\n<meta property=\"og:image\" content=\"https:\/\/www.gossip.it\/wp-content\/uploads\/2024\/11\/lanciocoronafamiglia.jpg\" \/>\n\t<meta property=\"og:image:width\" content=\"1290\" \/>\n\t<meta property=\"og:image:height\" content=\"958\" \/>\n\t<meta property=\"og:image:type\" content=\"image\/jpeg\" \/>\n<meta name=\"author\" content=\"Carla Giuni\" \/>\n<meta name=\"twitter:card\" content=\"summary_large_image\" \/>\n<meta name=\"twitter:creator\" content=\"@gossinews_it\" \/>\n<meta name=\"twitter:site\" content=\"@gossinews_it\" \/>\n<meta name=\"twitter:label1\" content=\"Scritto da\" \/>\n\t<meta name=\"twitter:data1\" content=\"Carla Giuni\" \/>\n\t<meta name=\"twitter:label2\" content=\"Tempo di lettura stimato\" \/>\n\t<meta name=\"twitter:data2\" content=\"3 minuti\" \/>","yoast_head_json":{"title":"Corona rivela il nome che dar\u00e0 al figlio e pubblica foto con Moric, Carlos e fidanzata incinta: ''La mia splendida famiglia non allargata'' - Gossip.it | News sul Gossip e VIP","description":"Corona rivela il nome che dar\u00e0 al figlio e pubblica foto con Moric, Carlos e la fidanzata incinta: ''La mia splendida famiglia''","robots":{"index":"index","follow":"follow","max-snippet":"max-snippet:-1","max-image-preview":"max-image-preview:large","max-video-preview":"max-video-preview:-1"},"canonical":"https:\/\/www.gossip.it\/news\/corona-rivela-nome-figlio\/","og_locale":"it_IT","og_type":"article","og_title":"Corona rivela il nome che dar\u00e0 al figlio e pubblica foto con Moric, Carlos e fidanzata incinta: ''La mia splendida famiglia non allargata'' - Gossip.it | News sul Gossip e VIP","og_description":"Corona rivela il nome che dar\u00e0 al figlio e pubblica foto con Moric, Carlos e la fidanzata incinta: ''La mia splendida famiglia''","og_url":"https:\/\/www.gossip.it\/news\/corona-rivela-nome-figlio\/","og_site_name":"Gossip.it | News sul Gossip e VIP","article_publisher":"https:\/\/www.facebook.com\/GossipIT","article_published_time":"2024-11-12T17:03:02+00:00","article_modified_time":"2024-11-13T11:57:15+00:00","og_image":[{"width":1290,"height":958,"url":"https:\/\/www.gossip.it\/wp-content\/uploads\/2024\/11\/lanciocoronafamiglia.jpg","type":"image\/jpeg"}],"author":"Carla Giuni","twitter_card":"summary_large_image","twitter_creator":"@gossinews_it","twitter_site":"@gossinews_it","twitter_misc":{"Scritto da":"Carla Giuni","Tempo di lettura stimato":"3 minuti"},"schema":{"@context":"https:\/\/schema.org","@graph":[{"@type":"Article","@id":"https:\/\/www.gossip.it\/news\/corona-rivela-nome-figlio\/#article","isPartOf":{"@id":"https:\/\/www.gossip.it\/news\/corona-rivela-nome-figlio\/"},"author":{"name":"Carla Giuni","@id":"https:\/\/www.gossip.it\/#\/schema\/person\/df4a88c190f338e21427b6f342595faa"},"headline":"Corona rivela il nome che dar\u00e0 al figlio e pubblica foto con Moric, Carlos e fidanzata incinta: ''La mia splendida famiglia non allargata''","datePublished":"2024-11-12T17:03:02+00:00","dateModified":"2024-11-13T11:57:15+00:00","mainEntityOfPage":{"@id":"https:\/\/www.gossip.it\/news\/corona-rivela-nome-figlio\/"},"wordCount":321,"commentCount":0,"publisher":{"@id":"https:\/\/www.gossip.it\/#organization"},"image":{"@id":"https:\/\/www.gossip.it\/news\/corona-rivela-nome-figlio\/#primaryimage"},"thumbnailUrl":"https:\/\/www.gossip.it\/wp-content\/uploads\/2024\/11\/lanciocoronafamiglia.jpg","keywords":["carloscorona","carloscoronapadre","corona","fabriziocorona","fabriziocoronaexmoglie","fabriziocoronafidanzata","gossip","milano","ninamoric","ninamoricexmarito","sarabarbieri","sarabarbieriincinta"],"articleSection":["News"],"inLanguage":"it-IT","potentialAction":[{"@type":"CommentAction","name":"Comment","target":["https:\/\/www.gossip.it\/news\/corona-rivela-nome-figlio\/#respond"]}]},{"@type":"WebPage","@id":"https:\/\/www.gossip.it\/news\/corona-rivela-nome-figlio\/","url":"https:\/\/www.gossip.it\/news\/corona-rivela-nome-figlio\/","name":"Corona rivela il nome che dar\u00e0 al figlio e pubblica foto con Moric, Carlos e fidanzata incinta: ''La mia splendida famiglia non allargata'' - Gossip.it | News sul Gossip e VIP","isPartOf":{"@id":"https:\/\/www.gossip.it\/#website"},"primaryImageOfPage":{"@id":"https:\/\/www.gossip.it\/news\/corona-rivela-nome-figlio\/#primaryimage"},"image":{"@id":"https:\/\/www.gossip.it\/news\/corona-rivela-nome-figlio\/#primaryimage"},"thumbnailUrl":"https:\/\/www.gossip.it\/wp-content\/uploads\/2024\/11\/lanciocoronafamiglia.jpg","datePublished":"2024-11-12T17:03:02+00:00","dateModified":"2024-11-13T11:57:15+00:00","description":"Corona rivela il nome che dar\u00e0 al figlio e pubblica foto con Moric, Carlos e la fidanzata incinta: ''La mia splendida famiglia''","breadcrumb":{"@id":"https:\/\/www.gossip.it\/news\/corona-rivela-nome-figlio\/#breadcrumb"},"inLanguage":"it-IT","potentialAction":[{"@type":"ReadAction","target":["https:\/\/www.gossip.it\/news\/corona-rivela-nome-figlio\/"]}]},{"@type":"ImageObject","inLanguage":"it-IT","@id":"https:\/\/www.gossip.it\/news\/corona-rivela-nome-figlio\/#primaryimage","url":"https:\/\/www.gossip.it\/wp-content\/uploads\/2024\/11\/lanciocoronafamiglia.jpg","contentUrl":"https:\/\/www.gossip.it\/wp-content\/uploads\/2024\/11\/lanciocoronafamiglia.jpg","width":1290,"height":958},{"@type":"BreadcrumbList","@id":"https:\/\/www.gossip.it\/news\/corona-rivela-nome-figlio\/#breadcrumb","itemListElement":[{"@type":"ListItem","position":1,"name":"Home","item":"https:\/\/www.gossip.it\/"},{"@type":"ListItem","position":2,"name":"Corona rivela il nome che dar\u00e0 al figlio e pubblica foto con Moric, Carlos e fidanzata incinta: ''La mia splendida famiglia non allargata''"}]},{"@type":"WebSite","@id":"https:\/\/www.gossip.it\/#website","url":"https:\/\/www.gossip.it\/","name":"Gossip and VIP News","description":"Quotidiano di cronaca rosa, costume e societ\u00e0","publisher":{"@id":"https:\/\/www.gossip.it\/#organization"},"alternateName":"Gossip and VIP News","potentialAction":[{"@type":"SearchAction","target":{"@type":"EntryPoint","urlTemplate":"https:\/\/www.gossip.it\/?s={search_term_string}"},"query-input":{"@type":"PropertyValueSpecification","valueRequired":true,"valueName":"search_term_string"}}],"inLanguage":"it-IT"},{"@type":"Organization","@id":"https:\/\/www.gossip.it\/#organization","name":"Gossip and VIP News","alternateName":"Gossip News","url":"https:\/\/www.gossip.it\/","logo":{"@type":"ImageObject","inLanguage":"it-IT","@id":"https:\/\/www.gossip.it\/#\/schema\/logo\/image\/","url":"https:\/\/www.gossip.it\/wp-content\/uploads\/2022\/04\/cropped-corna-alta-tiny.png","contentUrl":"https:\/\/www.gossip.it\/wp-content\/uploads\/2022\/04\/cropped-corna-alta-tiny.png","width":512,"height":512,"caption":"Gossip and VIP News"},"image":{"@id":"https:\/\/www.gossip.it\/#\/schema\/logo\/image\/"},"sameAs":["https:\/\/www.facebook.com\/GossipIT","https:\/\/x.com\/gossinews_it","https:\/\/instagram.com\/gossip_it"]},{"@type":"Person","@id":"https:\/\/www.gossip.it\/#\/schema\/person\/df4a88c190f338e21427b6f342595faa","name":"Carla Giuni","image":{"@type":"ImageObject","inLanguage":"it-IT","@id":"https:\/\/www.gossip.it\/#\/schema\/person\/image\/","url":"https:\/\/secure.gravatar.com\/avatar\/9caf92f895c8e9a7cca263cd6e3860da8edad54c0a92046a7e363cbd3fa35c36?s=96&d=mm&r=g","contentUrl":"https:\/\/secure.gravatar.com\/avatar\/9caf92f895c8e9a7cca263cd6e3860da8edad54c0a92046a7e363cbd3fa35c36?s=96&d=mm&r=g","caption":"Carla Giuni"}}]}},"amp_enabled":true,"_links":{"self":[{"href":"https:\/\/www.gossip.it\/api\/wp\/v2\/posts\/183089","targetHints":{"allow":["GET"]}}],"collection":[{"href":"https:\/\/www.gossip.it\/api\/wp\/v2\/posts"}],"about":[{"href":"https:\/\/www.gossip.it\/api\/wp\/v2\/types\/post"}],"author":[{"embeddable":true,"href":"https:\/\/www.gossip.it\/api\/wp\/v2\/users\/24"}],"replies":[{"embeddable":true,"href":"https:\/\/www.gossip.it\/api\/wp\/v2\/comments?post=183089"}],"version-history":[{"count":1,"href":"https:\/\/www.gossip.it\/api\/wp\/v2\/posts\/183089\/revisions"}],"predecessor-version":[{"id":183094,"href":"https:\/\/www.gossip.it\/api\/wp\/v2\/posts\/183089\/revisions\/183094"}],"wp:featuredmedia":[{"embeddable":true,"href":"https:\/\/www.gossip.it\/api\/wp\/v2\/media\/183092"}],"wp:attachment":[{"href":"https:\/\/www.gossip.it\/api\/wp\/v2\/media?parent=183089"}],"wp:term":[{"taxonomy":"category","embeddable":true,"href":"https:\/\/www.gossip.it\/api\/wp\/v2\/categories?post=183089"},{"taxonomy":"post_tag","embeddable":true,"href":"https:\/\/www.gossip.it\/api\/wp\/v2\/tags?post=183089"},{"taxonomy":"vip","embeddable":true,"href":"https:\/\/www.gossip.it\/api\/wp\/v2\/vip?post=183089"}],"curies":[{"name":"wp","href":"https:\/\/api.w.org\/{rel}","templated":true}]}}