{"id":186830,"date":"2025-01-10T14:05:42","date_gmt":"2025-01-10T13:05:42","guid":{"rendered":"https:\/\/www.gossip.it\/?p=186830"},"modified":"2025-01-10T14:05:47","modified_gmt":"2025-01-10T13:05:47","slug":"foto-vacanza-da-sogno-ilary-blasi-bastian-muller-st-barths","status":"publish","type":"post","link":"https:\/\/www.gossip.it\/foto\/foto-vacanza-da-sogno-ilary-blasi-bastian-muller-st-barths\/","title":{"rendered":"Le foto della vacanza da sogno a St. Barths di Ilary Blasi e Bastian Muller"},"content":{"rendered":"\n<p>Le foto della vacanza da sogno a St. Barths di Ilary Blasi e Bastian Muller: la coppia \u00e8 volata alle Antille per...<\/p>\n\n\n<div class=\"lazyblock-gossip-gallery-2vNJK7 align  wp-block-lazyblock-gossip-gallery\"><div class=\"carousel slide newCarouselGossip\" data-ride=\"carousel\" id=\"photoGalleryCarousel\"><div class=\"carousel-inner owl-carousel\"><div class=\"gallery_image active center \" ><div class=\"gallery_box\"> \n                        <div class=\"gallery_image_inside\"><img decoding=\"async\" width=\"819\" height=\"1024\" src=\"https:\/\/www.gossip.it\/wp-content\/uploads\/2025\/01\/blasi_6-1-819x1024.jpg\" class=\"attachment-large size-large\" alt=\"\" srcset=\"https:\/\/www.gossip.it\/wp-content\/uploads\/2025\/01\/blasi_6-1-819x1024.jpg 819w, https:\/\/www.gossip.it\/wp-content\/uploads\/2025\/01\/blasi_6-1-240x300.jpg 240w, https:\/\/www.gossip.it\/wp-content\/uploads\/2025\/01\/blasi_6-1-768x960.jpg 768w, https:\/\/www.gossip.it\/wp-content\/uploads\/2025\/01\/blasi_6-1-750x937.jpg 750w, https:\/\/www.gossip.it\/wp-content\/uploads\/2025\/01\/blasi_6-1.jpg 1134w\" sizes=\"(max-width: 819px) 100vw, 819px\" \/><div class=\"gallery_caption\"><b>1. La prima vacanza del 2025 <\/b><br> Ilary Blasi\u00a0\u00e8 volata alle Antille per festeggiare l'arrivo del 2025. La conduttrice \u00e8 andata a\u00a0Saint-Barths\u00a0con il compagno\u00a0Bastian Muller. Senza figli al seguito, una vacanza di coppia.\u00a0<\/div>\n                        <\/div>\n                     <\/div><\/div><div class=\"gallery_image active center \" ><div class=\"gallery_box\"> \n                        <div class=\"gallery_image_inside\"><img decoding=\"async\" width=\"819\" height=\"1024\" src=\"https:\/\/www.gossip.it\/wp-content\/uploads\/2025\/01\/blasi_2-2-1-819x1024.jpg\" class=\"attachment-large size-large\" alt=\"\" srcset=\"https:\/\/www.gossip.it\/wp-content\/uploads\/2025\/01\/blasi_2-2-1-819x1024.jpg 819w, https:\/\/www.gossip.it\/wp-content\/uploads\/2025\/01\/blasi_2-2-1-240x300.jpg 240w, https:\/\/www.gossip.it\/wp-content\/uploads\/2025\/01\/blasi_2-2-1-768x960.jpg 768w, https:\/\/www.gossip.it\/wp-content\/uploads\/2025\/01\/blasi_2-2-1-750x937.jpg 750w, https:\/\/www.gossip.it\/wp-content\/uploads\/2025\/01\/blasi_2-2-1.jpg 1134w\" sizes=\"(max-width: 819px) 100vw, 819px\" \/><div class=\"gallery_caption\"><b>2. Il Capodanno al caldo <\/b><br> La 44enne ha scelto di iniziare il nuovo anno con l'imprenditore tedesco e poco prima di partire ha rilasciato un'intervista in cui ha raccontato l'inizio della storia con Bastian e i momenti salienti della separazione da Totti.<\/div>\n                        <\/div>\n                     <\/div><\/div><div class=\"gallery_image active center \" ><div class=\"gallery_box\"> \n                        <div class=\"gallery_image_inside\"><img decoding=\"async\" width=\"819\" height=\"1024\" src=\"https:\/\/www.gossip.it\/wp-content\/uploads\/2025\/01\/blasi_8-1-819x1024.jpg\" class=\"attachment-large size-large\" alt=\"\" srcset=\"https:\/\/www.gossip.it\/wp-content\/uploads\/2025\/01\/blasi_8-1-819x1024.jpg 819w, https:\/\/www.gossip.it\/wp-content\/uploads\/2025\/01\/blasi_8-1-240x300.jpg 240w, https:\/\/www.gossip.it\/wp-content\/uploads\/2025\/01\/blasi_8-1-768x960.jpg 768w, https:\/\/www.gossip.it\/wp-content\/uploads\/2025\/01\/blasi_8-1-750x937.jpg 750w, https:\/\/www.gossip.it\/wp-content\/uploads\/2025\/01\/blasi_8-1.jpg 1134w\" sizes=\"(max-width: 819px) 100vw, 819px\" \/><div class=\"gallery_caption\"><b>3. Le vacanze di lusso <\/b><br> Mentre Ilary si rilassava alle Antille, Cristian, Chanel e Isabel\u00a0sono partiti con\u00a0Francesco Totti\u00a0e\u00a0Noemi Bocchi per i\u00a0Caraibi.\u00a0<\/div>\n                        <\/div>\n                     <\/div><\/div><div class=\"gallery_image\"><div class=\"banner\"><!-- Banner #369 - START --><div class=\"gmp-repeat_pl banner\" style=\"display:block;min-height: 250px;\"><\/div><!-- Banner #369 - END --><\/div><\/div><div class=\"gallery_image active center \" ><div class=\"gallery_box\"> \n                        <div class=\"gallery_image_inside\"><img decoding=\"async\" width=\"819\" height=\"1024\" src=\"https:\/\/www.gossip.it\/wp-content\/uploads\/2025\/01\/blasi_5-2-819x1024.jpg\" class=\"attachment-large size-large\" alt=\"\" srcset=\"https:\/\/www.gossip.it\/wp-content\/uploads\/2025\/01\/blasi_5-2-819x1024.jpg 819w, https:\/\/www.gossip.it\/wp-content\/uploads\/2025\/01\/blasi_5-2-240x300.jpg 240w, https:\/\/www.gossip.it\/wp-content\/uploads\/2025\/01\/blasi_5-2-768x960.jpg 768w, https:\/\/www.gossip.it\/wp-content\/uploads\/2025\/01\/blasi_5-2-750x938.jpg 750w, https:\/\/www.gossip.it\/wp-content\/uploads\/2025\/01\/blasi_5-2.jpg 1134w\" sizes=\"(max-width: 819px) 100vw, 819px\" \/><div class=\"gallery_caption\"><b>4. In bikini <\/b><br> Bellissima in bikini, Ilary a \u00a0La Repubblica,\u00a0a proposito della fine del matrimonio ha detto:\u00a0\"Non \u00e8 una cosa bella, ma l\u2019ho vissuta come una seconda chance\".<\/div>\n                        <\/div>\n                     <\/div><\/div><div class=\"gallery_image active center \" ><div class=\"gallery_box\"> \n                        <div class=\"gallery_image_inside\"><img decoding=\"async\" width=\"819\" height=\"1024\" src=\"https:\/\/www.gossip.it\/wp-content\/uploads\/2025\/01\/blasi_4-1-819x1024.jpg\" class=\"attachment-large size-large\" alt=\"\" srcset=\"https:\/\/www.gossip.it\/wp-content\/uploads\/2025\/01\/blasi_4-1-819x1024.jpg 819w, https:\/\/www.gossip.it\/wp-content\/uploads\/2025\/01\/blasi_4-1-240x300.jpg 240w, https:\/\/www.gossip.it\/wp-content\/uploads\/2025\/01\/blasi_4-1-768x960.jpg 768w, https:\/\/www.gossip.it\/wp-content\/uploads\/2025\/01\/blasi_4-1-750x938.jpg 750w, https:\/\/www.gossip.it\/wp-content\/uploads\/2025\/01\/blasi_4-1.jpg 1134w\" sizes=\"(max-width: 819px) 100vw, 819px\" \/><div class=\"gallery_caption\"><b>5. Le colazioni <\/b><br> Outfit pazzeschi e colazioni golose per la conduttrice che ha iniziato l\u2019anno nel migliore dei modi.<\/div>\n                        <\/div>\n                     <\/div><\/div><div class=\"gallery_image active center \" ><div class=\"gallery_box\"> \n                        <div class=\"gallery_image_inside\"><img decoding=\"async\" width=\"846\" height=\"1024\" src=\"https:\/\/www.gossip.it\/wp-content\/uploads\/2025\/01\/blasi_7-1-846x1024.jpg\" class=\"attachment-large size-large\" alt=\"\" srcset=\"https:\/\/www.gossip.it\/wp-content\/uploads\/2025\/01\/blasi_7-1-846x1024.jpg 846w, https:\/\/www.gossip.it\/wp-content\/uploads\/2025\/01\/blasi_7-1-248x300.jpg 248w, https:\/\/www.gossip.it\/wp-content\/uploads\/2025\/01\/blasi_7-1-768x930.jpg 768w, https:\/\/www.gossip.it\/wp-content\/uploads\/2025\/01\/blasi_7-1-750x908.jpg 750w, https:\/\/www.gossip.it\/wp-content\/uploads\/2025\/01\/blasi_7-1.jpg 1134w\" sizes=\"(max-width: 846px) 100vw, 846px\" \/><div class=\"gallery_caption\"><b>6. L\u2019allenamento <\/b><br> Anche in vacanza la Blasi non smette mai di prendersi cura del suo corpo.<\/div>\n                        <\/div>\n                     <\/div><\/div><div class=\"gallery_image\"><div class=\"banner\"><!-- Banner #369 - START --><div class=\"gmp-repeat_pl banner\" style=\"display:block;min-height: 250px;\"><\/div><!-- Banner #369 - END --><\/div><\/div><div class=\"gallery_image active center \" ><div class=\"gallery_box\"> \n                        <div class=\"gallery_image_inside\"><img decoding=\"async\" width=\"819\" height=\"1024\" src=\"https:\/\/www.gossip.it\/wp-content\/uploads\/2025\/01\/blasi_3-2-819x1024.jpg\" class=\"attachment-large size-large\" alt=\"\" srcset=\"https:\/\/www.gossip.it\/wp-content\/uploads\/2025\/01\/blasi_3-2-819x1024.jpg 819w, https:\/\/www.gossip.it\/wp-content\/uploads\/2025\/01\/blasi_3-2-240x300.jpg 240w, https:\/\/www.gossip.it\/wp-content\/uploads\/2025\/01\/blasi_3-2-768x960.jpg 768w, https:\/\/www.gossip.it\/wp-content\/uploads\/2025\/01\/blasi_3-2-750x937.jpg 750w, https:\/\/www.gossip.it\/wp-content\/uploads\/2025\/01\/blasi_3-2.jpg 1134w\" sizes=\"(max-width: 819px) 100vw, 819px\" \/><div class=\"gallery_caption\">b>7. Sexy Ilary <\/b><br> I suoi outfit sono sempre sensuali. Su Bastian Ilary ha detto: \u2018\u2019Lui \u00e8 romantico, pi\u00f9 fisico, il contrario di me. Ha capito che sono fatta cos\u00ec e mi accetta. L\u2019ho incontrato per caso in una lounge di un aeroporto. Lui ha fatto il primo passo, chiedendomi il contatto Instagram, ma io inizialmente non avevo preso il suo numero, ma su consiglio degli amici sono tornata indietro prima di imbarcarmi\"\u00a0ha confessato la conduttrice.<\/div>\n                        <\/div>\n                     <\/div><\/div><div class=\"gallery_image active center \" ><div class=\"gallery_box\"> \n                        <div class=\"gallery_image_inside\"><img decoding=\"async\" width=\"892\" height=\"1024\" src=\"https:\/\/www.gossip.it\/wp-content\/uploads\/2025\/01\/blasi_1-2-892x1024.jpg\" class=\"attachment-large size-large\" alt=\"\" srcset=\"https:\/\/www.gossip.it\/wp-content\/uploads\/2025\/01\/blasi_1-2-892x1024.jpg 892w, https:\/\/www.gossip.it\/wp-content\/uploads\/2025\/01\/blasi_1-2-261x300.jpg 261w, https:\/\/www.gossip.it\/wp-content\/uploads\/2025\/01\/blasi_1-2-768x882.jpg 768w, https:\/\/www.gossip.it\/wp-content\/uploads\/2025\/01\/blasi_1-2-750x861.jpg 750w, https:\/\/www.gossip.it\/wp-content\/uploads\/2025\/01\/blasi_1-2.jpg 1134w\" sizes=\"(max-width: 892px) 100vw, 892px\" \/><div class=\"gallery_caption\"><b>8. Un amore solido <\/b><br>  Ilary \u00a0lo ha presentato anche ai figli:\u00a0''Durante una cena i miei figli pi\u00f9 grandi lo hanno accolto con curiosit\u00e0. Mia figlia pi\u00f9 piccola, all\u2019inizio, lo chiamava \u2018il signore inglese\u2019. Poi ha capito che era una persona speciale per me\u201d.<\/div>\n                        <\/div>\n                     <\/div><\/div><\/div><div class=\"controls\"> <\/div><\/div><\/div>","protected":false},"excerpt":{"rendered":"<p>Le foto della vacanza da sogno a St. Barths di Ilary Blasi e Bastian Muller: la coppia \u00e8 volata alle Antille per...<\/p>\n","protected":false},"author":14,"featured_media":186839,"comment_status":"open","ping_status":"closed","sticky":false,"template":"","format":"standard","meta":{"footnotes":""},"categories":[63169],"tags":[32280,67847,63601,74439,1899],"vip":[66981,952],"class_list":["post-186830","post","type-post","status-publish","format-standard","has-post-thumbnail","hentry","category-foto","tag-antille","tag-bastian-muller","tag-ilary-blasi","tag-st-barths-2","tag-vacanza","vip-bastian-muller","vip-ilary_blasi"],"yoast_head":"<title>Le foto della vacanza da sogno a St. Barths di Ilary Blasi e Bastian Muller - Gossip.it | News sul Gossip e VIP<\/title>\n<meta name=\"description\" content=\"Le foto della vacanza da sogno a St. Barths di Ilary Blasi e Bastian Muller: la coppia \u00e8 volata alle Antille per...\" \/>\n<meta name=\"robots\" content=\"index, follow, max-snippet:-1, max-image-preview:large, max-video-preview:-1\" \/>\n<link rel=\"canonical\" href=\"https:\/\/www.gossip.it\/foto\/foto-vacanza-da-sogno-ilary-blasi-bastian-muller-st-barths\/\" \/>\n<meta property=\"og:locale\" content=\"it_IT\" \/>\n<meta property=\"og:type\" content=\"article\" \/>\n<meta property=\"og:title\" content=\"Le foto della vacanza da sogno a St. Barths di Ilary Blasi e Bastian Muller - Gossip.it | News sul Gossip e VIP\" \/>\n<meta property=\"og:description\" content=\"Le foto della vacanza da sogno a St. Barths di Ilary Blasi e Bastian Muller: la coppia \u00e8 volata alle Antille per...\" \/>\n<meta property=\"og:url\" content=\"https:\/\/www.gossip.it\/foto\/foto-vacanza-da-sogno-ilary-blasi-bastian-muller-st-barths\/\" \/>\n<meta property=\"og:site_name\" content=\"Gossip.it | News sul Gossip e VIP\" \/>\n<meta property=\"article:publisher\" content=\"https:\/\/www.facebook.com\/GossipIT\" \/>\n<meta property=\"article:published_time\" content=\"2025-01-10T13:05:42+00:00\" \/>\n<meta property=\"article:modified_time\" content=\"2025-01-10T13:05:47+00:00\" \/>\n<meta property=\"og:image\" content=\"https:\/\/www.gossip.it\/wp-content\/uploads\/2025\/01\/lancio-GALLERY-FB-12.jpg\" \/>\n\t<meta property=\"og:image:width\" content=\"1134\" \/>\n\t<meta property=\"og:image:height\" content=\"634\" \/>\n\t<meta property=\"og:image:type\" content=\"image\/jpeg\" \/>\n<meta name=\"author\" content=\"Veronica Langella\" \/>\n<meta name=\"twitter:card\" content=\"summary_large_image\" \/>\n<meta name=\"twitter:creator\" content=\"@gossinews_it\" \/>\n<meta name=\"twitter:site\" content=\"@gossinews_it\" \/>\n<meta name=\"twitter:label1\" content=\"Scritto da\" \/>\n\t<meta name=\"twitter:data1\" content=\"Veronica Langella\" \/>\n\t<meta name=\"twitter:label2\" content=\"Tempo di lettura stimato\" \/>\n\t<meta name=\"twitter:data2\" content=\"1 minuto\" \/>","yoast_head_json":{"title":"Le foto della vacanza da sogno a St. Barths di Ilary Blasi e Bastian Muller - Gossip.it | News sul Gossip e VIP","description":"Le foto della vacanza da sogno a St. Barths di Ilary Blasi e Bastian Muller: la coppia \u00e8 volata alle Antille per...","robots":{"index":"index","follow":"follow","max-snippet":"max-snippet:-1","max-image-preview":"max-image-preview:large","max-video-preview":"max-video-preview:-1"},"canonical":"https:\/\/www.gossip.it\/foto\/foto-vacanza-da-sogno-ilary-blasi-bastian-muller-st-barths\/","og_locale":"it_IT","og_type":"article","og_title":"Le foto della vacanza da sogno a St. Barths di Ilary Blasi e Bastian Muller - Gossip.it | News sul Gossip e VIP","og_description":"Le foto della vacanza da sogno a St. Barths di Ilary Blasi e Bastian Muller: la coppia \u00e8 volata alle Antille per...","og_url":"https:\/\/www.gossip.it\/foto\/foto-vacanza-da-sogno-ilary-blasi-bastian-muller-st-barths\/","og_site_name":"Gossip.it | News sul Gossip e VIP","article_publisher":"https:\/\/www.facebook.com\/GossipIT","article_published_time":"2025-01-10T13:05:42+00:00","article_modified_time":"2025-01-10T13:05:47+00:00","og_image":[{"width":1134,"height":634,"url":"https:\/\/www.gossip.it\/wp-content\/uploads\/2025\/01\/lancio-GALLERY-FB-12.jpg","type":"image\/jpeg"}],"author":"Veronica Langella","twitter_card":"summary_large_image","twitter_creator":"@gossinews_it","twitter_site":"@gossinews_it","twitter_misc":{"Scritto da":"Veronica Langella","Tempo di lettura stimato":"1 minuto"},"schema":{"@context":"https:\/\/schema.org","@graph":[{"@type":"Article","@id":"https:\/\/www.gossip.it\/foto\/foto-vacanza-da-sogno-ilary-blasi-bastian-muller-st-barths\/#article","isPartOf":{"@id":"https:\/\/www.gossip.it\/foto\/foto-vacanza-da-sogno-ilary-blasi-bastian-muller-st-barths\/"},"author":{"name":"Veronica Langella","@id":"https:\/\/www.gossip.it\/#\/schema\/person\/19e94c9df6df0cf45ae8d7881fbf4a73"},"headline":"Le foto della vacanza da sogno a St. Barths di Ilary Blasi e Bastian Muller","datePublished":"2025-01-10T13:05:42+00:00","dateModified":"2025-01-10T13:05:47+00:00","mainEntityOfPage":{"@id":"https:\/\/www.gossip.it\/foto\/foto-vacanza-da-sogno-ilary-blasi-bastian-muller-st-barths\/"},"wordCount":36,"commentCount":0,"publisher":{"@id":"https:\/\/www.gossip.it\/#organization"},"image":{"@id":"https:\/\/www.gossip.it\/foto\/foto-vacanza-da-sogno-ilary-blasi-bastian-muller-st-barths\/#primaryimage"},"thumbnailUrl":"https:\/\/www.gossip.it\/wp-content\/uploads\/2025\/01\/lancio-GALLERY-11.jpg","keywords":["antille","bastian muller","ilary blasi","st.barths","vacanza"],"articleSection":["Foto"],"inLanguage":"it-IT","potentialAction":[{"@type":"CommentAction","name":"Comment","target":["https:\/\/www.gossip.it\/foto\/foto-vacanza-da-sogno-ilary-blasi-bastian-muller-st-barths\/#respond"]}]},{"@type":"WebPage","@id":"https:\/\/www.gossip.it\/foto\/foto-vacanza-da-sogno-ilary-blasi-bastian-muller-st-barths\/","url":"https:\/\/www.gossip.it\/foto\/foto-vacanza-da-sogno-ilary-blasi-bastian-muller-st-barths\/","name":"Le foto della vacanza da sogno a St. Barths di Ilary Blasi e Bastian Muller - Gossip.it | News sul Gossip e VIP","isPartOf":{"@id":"https:\/\/www.gossip.it\/#website"},"primaryImageOfPage":{"@id":"https:\/\/www.gossip.it\/foto\/foto-vacanza-da-sogno-ilary-blasi-bastian-muller-st-barths\/#primaryimage"},"image":{"@id":"https:\/\/www.gossip.it\/foto\/foto-vacanza-da-sogno-ilary-blasi-bastian-muller-st-barths\/#primaryimage"},"thumbnailUrl":"https:\/\/www.gossip.it\/wp-content\/uploads\/2025\/01\/lancio-GALLERY-11.jpg","datePublished":"2025-01-10T13:05:42+00:00","dateModified":"2025-01-10T13:05:47+00:00","description":"Le foto della vacanza da sogno a St. Barths di Ilary Blasi e Bastian Muller: la coppia \u00e8 volata alle Antille per...","breadcrumb":{"@id":"https:\/\/www.gossip.it\/foto\/foto-vacanza-da-sogno-ilary-blasi-bastian-muller-st-barths\/#breadcrumb"},"inLanguage":"it-IT","potentialAction":[{"@type":"ReadAction","target":["https:\/\/www.gossip.it\/foto\/foto-vacanza-da-sogno-ilary-blasi-bastian-muller-st-barths\/"]}]},{"@type":"ImageObject","inLanguage":"it-IT","@id":"https:\/\/www.gossip.it\/foto\/foto-vacanza-da-sogno-ilary-blasi-bastian-muller-st-barths\/#primaryimage","url":"https:\/\/www.gossip.it\/wp-content\/uploads\/2025\/01\/lancio-GALLERY-11.jpg","contentUrl":"https:\/\/www.gossip.it\/wp-content\/uploads\/2025\/01\/lancio-GALLERY-11.jpg","width":1134,"height":808},{"@type":"BreadcrumbList","@id":"https:\/\/www.gossip.it\/foto\/foto-vacanza-da-sogno-ilary-blasi-bastian-muller-st-barths\/#breadcrumb","itemListElement":[{"@type":"ListItem","position":1,"name":"Home","item":"https:\/\/www.gossip.it\/"},{"@type":"ListItem","position":2,"name":"Le foto della vacanza da sogno a St. Barths di Ilary Blasi e Bastian Muller"}]},{"@type":"WebSite","@id":"https:\/\/www.gossip.it\/#website","url":"https:\/\/www.gossip.it\/","name":"Gossip and VIP News","description":"Quotidiano di cronaca rosa, costume e societ\u00e0","publisher":{"@id":"https:\/\/www.gossip.it\/#organization"},"alternateName":"Gossip and VIP News","potentialAction":[{"@type":"SearchAction","target":{"@type":"EntryPoint","urlTemplate":"https:\/\/www.gossip.it\/?s={search_term_string}"},"query-input":{"@type":"PropertyValueSpecification","valueRequired":true,"valueName":"search_term_string"}}],"inLanguage":"it-IT"},{"@type":"Organization","@id":"https:\/\/www.gossip.it\/#organization","name":"Gossip and VIP News","alternateName":"Gossip News","url":"https:\/\/www.gossip.it\/","logo":{"@type":"ImageObject","inLanguage":"it-IT","@id":"https:\/\/www.gossip.it\/#\/schema\/logo\/image\/","url":"https:\/\/www.gossip.it\/wp-content\/uploads\/2022\/04\/cropped-corna-alta-tiny.png","contentUrl":"https:\/\/www.gossip.it\/wp-content\/uploads\/2022\/04\/cropped-corna-alta-tiny.png","width":512,"height":512,"caption":"Gossip and VIP News"},"image":{"@id":"https:\/\/www.gossip.it\/#\/schema\/logo\/image\/"},"sameAs":["https:\/\/www.facebook.com\/GossipIT","https:\/\/x.com\/gossinews_it","https:\/\/instagram.com\/gossip_it"]},{"@type":"Person","@id":"https:\/\/www.gossip.it\/#\/schema\/person\/19e94c9df6df0cf45ae8d7881fbf4a73","name":"Veronica Langella","image":{"@type":"ImageObject","inLanguage":"it-IT","@id":"https:\/\/www.gossip.it\/#\/schema\/person\/image\/","url":"https:\/\/secure.gravatar.com\/avatar\/81bb1822732cf2c4d48c8984dfd9a028436d12e0918afe1ff6d842f13193b173?s=96&d=mm&r=g","contentUrl":"https:\/\/secure.gravatar.com\/avatar\/81bb1822732cf2c4d48c8984dfd9a028436d12e0918afe1ff6d842f13193b173?s=96&d=mm&r=g","caption":"Veronica Langella"}}]}},"amp_enabled":true,"_links":{"self":[{"href":"https:\/\/www.gossip.it\/api\/wp\/v2\/posts\/186830","targetHints":{"allow":["GET"]}}],"collection":[{"href":"https:\/\/www.gossip.it\/api\/wp\/v2\/posts"}],"about":[{"href":"https:\/\/www.gossip.it\/api\/wp\/v2\/types\/post"}],"author":[{"embeddable":true,"href":"https:\/\/www.gossip.it\/api\/wp\/v2\/users\/14"}],"replies":[{"embeddable":true,"href":"https:\/\/www.gossip.it\/api\/wp\/v2\/comments?post=186830"}],"version-history":[{"count":1,"href":"https:\/\/www.gossip.it\/api\/wp\/v2\/posts\/186830\/revisions"}],"predecessor-version":[{"id":186841,"href":"https:\/\/www.gossip.it\/api\/wp\/v2\/posts\/186830\/revisions\/186841"}],"wp:featuredmedia":[{"embeddable":true,"href":"https:\/\/www.gossip.it\/api\/wp\/v2\/media\/186839"}],"wp:attachment":[{"href":"https:\/\/www.gossip.it\/api\/wp\/v2\/media?parent=186830"}],"wp:term":[{"taxonomy":"category","embeddable":true,"href":"https:\/\/www.gossip.it\/api\/wp\/v2\/categories?post=186830"},{"taxonomy":"post_tag","embeddable":true,"href":"https:\/\/www.gossip.it\/api\/wp\/v2\/tags?post=186830"},{"taxonomy":"vip","embeddable":true,"href":"https:\/\/www.gossip.it\/api\/wp\/v2\/vip?post=186830"}],"curies":[{"name":"wp","href":"https:\/\/api.w.org\/{rel}","templated":true}]}}