{"id":18770,"date":"2004-09-13T00:00:00","date_gmt":"2004-09-12T22:00:00","guid":{"rendered":"https:\/\/www.gossip.it\/senza-categoria\/fotogallery-gossipnews-la-terra-del-ritorno-in-tv\/"},"modified":"2004-09-13T00:00:00","modified_gmt":"2004-09-12T22:00:00","slug":"fotogallery-gossipnews-la-terra-del-ritorno-in-tv","status":"publish","type":"post","link":"https:\/\/www.gossip.it\/news\/fotogallery-gossipnews-la-terra-del-ritorno-in-tv\/","title":{"rendered":"Fotogallery GossipNews: La Terra del Ritorno... in tv"},"content":{"rendered":"<p><a href='https:\/\/www.gossip.it\/news\/monografia.php?keyword=sofia%20loren'><b><u>Sophia Loren<\/u><\/b><\/a> torna in <a href='https:\/\/www.gossip.it\/tv\/'><b><u>tv<\/u><\/b><\/a> con una fiction per <b>Canale5<\/b> dal titolo <a href='https:\/\/www.gossip.it\/tv\/terra_del_ritorno\/index.shtml'><b><u>\u201cLa Terra del Ritorno\u201d<\/u><\/b><\/a>.<\/p>\n<p> Per presentare alla stampa la pellicola, che andr\u00e0 in onda sulla rete ammiraglia di <b>Mediaset<\/b> il 20 e il 21 settembre prossimi, \u00e8 stata cos\u00ec organizzata una grande cena nel centralissimo hotel <b>\u201cDe la Ville\u201d<\/b>, a due passi da <b>Trinit\u00e0 dei Monti<\/b>. Ad accompagnare la <b>Loren<\/b>, la co-protagonista della fatica televisiva, <a href='https:\/\/www.gossip.it\/fotovip\/sabrina_ferilli.shtml'><b><u>Sabrina Ferilli<\/u><\/b><\/a>, da molti critici ritenuta l\u2019unica possibile erede di Sophia. Fra i molti ospiti erano presenti anche <b>Maria Scicolone<\/b>, sorella della diva italiana e mamma di <a href='https:\/\/www.gossip.it\/news\/monografia.php?keyword=alessandra%20mussolini'><b><u>Alessandra Mussolini<\/u><\/b><\/a>, e <b>Cristiana Caimmi<\/b>, insostituibile ufficio stampa e cara amica della <a href='https:\/\/www.gossip.it\/news\/monografia.php?keyword=sabrina%20ferilli'><b><u>Ferilli<\/u><\/b><\/a>. \u201cLa Terra del Ritorno\u201d, produzione italo-canadese, \u00e8 tratta dalla trilogia dello scrittore <b>Nino Ricci<\/b>. L\u2019incipit della vicenda \u00e8 ambientato nell\u2019Italia degli anni \u201950, ma la narrazione si sviluppa fino agli inizi degli anni \u201970. La storia si concentra sulle avventure di un giovane italiano, che attraverso varie vicissitudini arriva sino in <b>Canada<\/b>, per tornare, infine, nel bel paese.<\/p>\n<p> Un\u2019occasione unica per vedere fianco a fianco due vere dive, massimi rappresentanti del cinema italiano, seppur appartenenti a due generazioni diverse.<\/p>\n<p><a href='https:\/\/www.gossip.it\/fotovip\/sabrina_ferilli.shtml'><b><u>LE FOTO PIU' BELLE DI SABRINA FERILLI<\/u><\/b><\/a><\/p>\n<p><a href='https:\/\/www.gossip.it\/tv\/terra_del_ritorno\/index.shtml'><b><u>TUTTE LE FOTO SULLA PRESENTAZIONE DE 'LA TERRA DEL RITORNO'<\/u><\/b><\/a><\/p>\n<p><b>Foto: E. Rossi \u00a9 Gossip.it<\/b><\/p>\n","protected":false},"excerpt":{"rendered":"<p>Sophia Loren torna in tv con una fiction per Canale5 dal titolo \u201cLa Terra del Ritorno\u201d. Per presentare alla stampa la pellicola, che andr\u00e0 in onda sulla rete ammiraglia di Mediaset il 20 e il 21 settembre prossimi, \u00e8 stata cos\u00ec organizzata una grande cena nel centralissimo hotel \u201cDe la Ville\u201d, a due passi da [&hellip;]<\/p>\n","protected":false},"author":1,"featured_media":74819,"comment_status":"closed","ping_status":"closed","sticky":false,"template":"","format":"standard","meta":{"footnotes":""},"categories":[54],"tags":[5536,2098,2410,2769,3297,21031,5535,2291,2097],"vip":[1638,1718],"class_list":["post-18770","post","type-post","status-publish","format-standard","has-post-thumbnail","hentry","category-news","tag-alessandra-mussolini","tag-canale-5","tag-cinema","tag-gossip-cinema","tag-gossip-tv","tag-la-terra-del-ritorno","tag-maria-scicolone","tag-mediaset","tag-tv","vip-sabrina_ferilli","vip-sophia_loren"],"yoast_head":"<title>Fotogallery GossipNews: La Terra del Ritorno... in tv - Gossip.it | News sul Gossip e VIP<\/title>\n<meta name=\"description\" content=\"Sophia Loren torna in tv con una fiction per Canale5 dal titolo \u201cLa Terra del Ritorno\u201d. Per presentare alla stampa la pellicola, che andr\u00e0 in onda sulla\" \/>\n<meta name=\"robots\" content=\"index, follow, max-snippet:-1, max-image-preview:large, max-video-preview:-1\" \/>\n<link rel=\"canonical\" href=\"https:\/\/www.gossip.it\/news\/fotogallery-gossipnews-la-terra-del-ritorno-in-tv\/\" \/>\n<meta property=\"og:locale\" content=\"it_IT\" \/>\n<meta property=\"og:type\" content=\"article\" \/>\n<meta property=\"og:title\" content=\"Fotogallery GossipNews: La Terra del Ritorno... in tv - Gossip.it | News sul Gossip e VIP\" \/>\n<meta property=\"og:description\" content=\"Sophia Loren torna in tv con una fiction per Canale5 dal titolo \u201cLa Terra del Ritorno\u201d. Per presentare alla stampa la pellicola, che andr\u00e0 in onda sulla\" \/>\n<meta property=\"og:url\" content=\"https:\/\/www.gossip.it\/news\/fotogallery-gossipnews-la-terra-del-ritorno-in-tv\/\" \/>\n<meta property=\"og:site_name\" content=\"Gossip.it | News sul Gossip e VIP\" \/>\n<meta property=\"article:publisher\" content=\"https:\/\/www.facebook.com\/GossipIT\" \/>\n<meta property=\"article:published_time\" content=\"2004-09-12T22:00:00+00:00\" \/>\n<meta property=\"og:image\" content=\"https:\/\/www.gossip.it\/images5\/ferilli_loren.jpg\" \/>\n<meta name=\"author\" content=\"La Redazione\" \/>\n<meta name=\"twitter:card\" content=\"summary_large_image\" \/>\n<meta name=\"twitter:image\" content=\"https:\/\/www.gossip.it\/images5\/ferilli_loren.jpg\" \/>\n<meta name=\"twitter:creator\" content=\"@gossinews_it\" \/>\n<meta name=\"twitter:site\" content=\"@gossinews_it\" \/>\n<meta name=\"twitter:label1\" content=\"Scritto da\" \/>\n\t<meta name=\"twitter:data1\" content=\"Edoardo Rossi\" \/>\n\t<meta name=\"twitter:label2\" content=\"Tempo di lettura stimato\" \/>\n\t<meta name=\"twitter:data2\" content=\"1 minuto\" \/>","yoast_head_json":{"title":"Fotogallery GossipNews: La Terra del Ritorno... in tv - Gossip.it | News sul Gossip e VIP","description":"Sophia Loren torna in tv con una fiction per Canale5 dal titolo \u201cLa Terra del Ritorno\u201d. Per presentare alla stampa la pellicola, che andr\u00e0 in onda sulla","robots":{"index":"index","follow":"follow","max-snippet":"max-snippet:-1","max-image-preview":"max-image-preview:large","max-video-preview":"max-video-preview:-1"},"canonical":"https:\/\/www.gossip.it\/news\/fotogallery-gossipnews-la-terra-del-ritorno-in-tv\/","og_locale":"it_IT","og_type":"article","og_title":"Fotogallery GossipNews: La Terra del Ritorno... in tv - Gossip.it | News sul Gossip e VIP","og_description":"Sophia Loren torna in tv con una fiction per Canale5 dal titolo \u201cLa Terra del Ritorno\u201d. Per presentare alla stampa la pellicola, che andr\u00e0 in onda sulla","og_url":"https:\/\/www.gossip.it\/news\/fotogallery-gossipnews-la-terra-del-ritorno-in-tv\/","og_site_name":"Gossip.it | News sul Gossip e VIP","article_publisher":"https:\/\/www.facebook.com\/GossipIT","article_published_time":"2004-09-12T22:00:00+00:00","og_image":[{"url":"https:\/\/www.gossip.it\/images5\/ferilli_loren.jpg"}],"author":"La Redazione","twitter_card":"summary_large_image","twitter_image":"https:\/\/www.gossip.it\/images5\/ferilli_loren.jpg","twitter_creator":"@gossinews_it","twitter_site":"@gossinews_it","twitter_misc":{"Scritto da":"Edoardo Rossi","Tempo di lettura stimato":"1 minuto"},"schema":{"@context":"https:\/\/schema.org","@graph":[{"@type":"Article","@id":"https:\/\/www.gossip.it\/news\/fotogallery-gossipnews-la-terra-del-ritorno-in-tv\/#article","isPartOf":{"@id":"https:\/\/www.gossip.it\/news\/fotogallery-gossipnews-la-terra-del-ritorno-in-tv\/"},"author":{"name":"La Redazione","@id":"https:\/\/www.gossip.it\/#\/schema\/person\/488896f75158bff1cc83c6c39d141110"},"headline":"Fotogallery GossipNews: La Terra del Ritorno... in tv","datePublished":"2004-09-12T22:00:00+00:00","dateModified":"2004-09-12T22:00:00+00:00","mainEntityOfPage":{"@id":"https:\/\/www.gossip.it\/news\/fotogallery-gossipnews-la-terra-del-ritorno-in-tv\/"},"wordCount":213,"publisher":{"@id":"https:\/\/www.gossip.it\/#organization"},"image":{"@id":"https:\/\/www.gossip.it\/news\/fotogallery-gossipnews-la-terra-del-ritorno-in-tv\/#primaryimage"},"thumbnailUrl":"https:\/\/www.gossip.it\/images5\/ferilli_loren.jpg","keywords":["alessandra mussolini","canale 5","cinema","gossip cinema","gossip.tv","la terra del ritorno","maria scicolone","mediaset","tv"],"articleSection":["News"],"inLanguage":"it-IT"},{"@type":"WebPage","@id":"https:\/\/www.gossip.it\/news\/fotogallery-gossipnews-la-terra-del-ritorno-in-tv\/","url":"https:\/\/www.gossip.it\/news\/fotogallery-gossipnews-la-terra-del-ritorno-in-tv\/","name":"Fotogallery GossipNews: La Terra del Ritorno... in tv - Gossip.it | News sul Gossip e VIP","isPartOf":{"@id":"https:\/\/www.gossip.it\/#website"},"primaryImageOfPage":{"@id":"https:\/\/www.gossip.it\/news\/fotogallery-gossipnews-la-terra-del-ritorno-in-tv\/#primaryimage"},"image":{"@id":"https:\/\/www.gossip.it\/news\/fotogallery-gossipnews-la-terra-del-ritorno-in-tv\/#primaryimage"},"thumbnailUrl":"https:\/\/www.gossip.it\/images5\/ferilli_loren.jpg","datePublished":"2004-09-12T22:00:00+00:00","dateModified":"2004-09-12T22:00:00+00:00","description":"Sophia Loren torna in tv con una fiction per Canale5 dal titolo \u201cLa Terra del Ritorno\u201d. Per presentare alla stampa la pellicola, che andr\u00e0 in onda sulla","breadcrumb":{"@id":"https:\/\/www.gossip.it\/news\/fotogallery-gossipnews-la-terra-del-ritorno-in-tv\/#breadcrumb"},"inLanguage":"it-IT","potentialAction":[{"@type":"ReadAction","target":["https:\/\/www.gossip.it\/news\/fotogallery-gossipnews-la-terra-del-ritorno-in-tv\/"]}]},{"@type":"ImageObject","inLanguage":"it-IT","@id":"https:\/\/www.gossip.it\/news\/fotogallery-gossipnews-la-terra-del-ritorno-in-tv\/#primaryimage","url":"https:\/\/www.gossip.it\/images5\/ferilli_loren.jpg","contentUrl":"https:\/\/www.gossip.it\/images5\/ferilli_loren.jpg"},{"@type":"BreadcrumbList","@id":"https:\/\/www.gossip.it\/news\/fotogallery-gossipnews-la-terra-del-ritorno-in-tv\/#breadcrumb","itemListElement":[{"@type":"ListItem","position":1,"name":"Home","item":"https:\/\/www.gossip.it\/"},{"@type":"ListItem","position":2,"name":"Fotogallery GossipNews: La Terra del Ritorno... in tv"}]},{"@type":"WebSite","@id":"https:\/\/www.gossip.it\/#website","url":"https:\/\/www.gossip.it\/","name":"Gossip and VIP News","description":"Quotidiano di cronaca rosa, costume e societ\u00e0","publisher":{"@id":"https:\/\/www.gossip.it\/#organization"},"alternateName":"Gossip and VIP News","potentialAction":[{"@type":"SearchAction","target":{"@type":"EntryPoint","urlTemplate":"https:\/\/www.gossip.it\/?s={search_term_string}"},"query-input":{"@type":"PropertyValueSpecification","valueRequired":true,"valueName":"search_term_string"}}],"inLanguage":"it-IT"},{"@type":"Organization","@id":"https:\/\/www.gossip.it\/#organization","name":"Gossip and VIP News","alternateName":"Gossip News","url":"https:\/\/www.gossip.it\/","logo":{"@type":"ImageObject","inLanguage":"it-IT","@id":"https:\/\/www.gossip.it\/#\/schema\/logo\/image\/","url":"https:\/\/www.gossip.it\/wp-content\/uploads\/2022\/04\/cropped-corna-alta-tiny.png","contentUrl":"https:\/\/www.gossip.it\/wp-content\/uploads\/2022\/04\/cropped-corna-alta-tiny.png","width":512,"height":512,"caption":"Gossip and VIP News"},"image":{"@id":"https:\/\/www.gossip.it\/#\/schema\/logo\/image\/"},"sameAs":["https:\/\/www.facebook.com\/GossipIT","https:\/\/x.com\/gossinews_it","https:\/\/instagram.com\/gossip_it"]},{"@type":"Person","@id":"https:\/\/www.gossip.it\/#\/schema\/person\/488896f75158bff1cc83c6c39d141110","name":"La Redazione","image":{"@type":"ImageObject","inLanguage":"it-IT","@id":"https:\/\/www.gossip.it\/#\/schema\/person\/image\/","url":"https:\/\/secure.gravatar.com\/avatar\/5a5f5c6fa3e6700e4249abdad0263a1e94e927d9e0499b1cb09c1cd29c044d80?s=96&d=mm&r=g","contentUrl":"https:\/\/secure.gravatar.com\/avatar\/5a5f5c6fa3e6700e4249abdad0263a1e94e927d9e0499b1cb09c1cd29c044d80?s=96&d=mm&r=g","caption":"La Redazione"},"sameAs":["https:\/\/www.gossip.it"]}]}},"amp_enabled":true,"_links":{"self":[{"href":"https:\/\/www.gossip.it\/api\/wp\/v2\/posts\/18770","targetHints":{"allow":["GET"]}}],"collection":[{"href":"https:\/\/www.gossip.it\/api\/wp\/v2\/posts"}],"about":[{"href":"https:\/\/www.gossip.it\/api\/wp\/v2\/types\/post"}],"author":[{"embeddable":true,"href":"https:\/\/www.gossip.it\/api\/wp\/v2\/users\/1"}],"replies":[{"embeddable":true,"href":"https:\/\/www.gossip.it\/api\/wp\/v2\/comments?post=18770"}],"version-history":[{"count":0,"href":"https:\/\/www.gossip.it\/api\/wp\/v2\/posts\/18770\/revisions"}],"wp:featuredmedia":[{"embeddable":true,"href":"https:\/\/www.gossip.it\/api\/wp\/v2\/media\/74819"}],"wp:attachment":[{"href":"https:\/\/www.gossip.it\/api\/wp\/v2\/media?parent=18770"}],"wp:term":[{"taxonomy":"category","embeddable":true,"href":"https:\/\/www.gossip.it\/api\/wp\/v2\/categories?post=18770"},{"taxonomy":"post_tag","embeddable":true,"href":"https:\/\/www.gossip.it\/api\/wp\/v2\/tags?post=18770"},{"taxonomy":"vip","embeddable":true,"href":"https:\/\/www.gossip.it\/api\/wp\/v2\/vip?post=18770"}],"curies":[{"name":"wp","href":"https:\/\/api.w.org\/{rel}","templated":true}]}}