{"id":189273,"date":"2025-02-26T16:14:04","date_gmt":"2025-02-26T15:14:04","guid":{"rendered":"https:\/\/www.gossip.it\/?p=189273"},"modified":"2025-02-26T16:14:05","modified_gmt":"2025-02-26T15:14:05","slug":"figlia-toto-schillaci-ultimi-giorni-vita-ex-calciatore","status":"publish","type":"post","link":"https:\/\/www.gossip.it\/news\/figlia-toto-schillaci-ultimi-giorni-vita-ex-calciatore\/","title":{"rendered":"''Aveva capito che stava per andare via'': la figlia infermiera di Tot\u00f2 Schillaci racconta in lacrime gli ultimi giorni dell'ex calciatore"},"content":{"rendered":"\n<ul class=\"wp-block-list\">\n<li>Lo sportivo \u00e8 morto il 18 settembre scorso, a soli 59 anni, sconfitto dal tumore al colon<\/li>\n\n\n\n<li><em>\u201cPrima non riuscivo a parlare di lui, a concretizzare il pensiero che non ci fosse pi\u00f9\u201d<\/em><\/li>\n<\/ul>\n\n\n\n<p>E\u2019 la sua primogenita, <a href=\"http:\/\/www.gossip.it\/vip\/jessica-schillaci\">Jessica<\/a>, 37 anni, nata dall\u2019amore con l\u2019ex Rita Bonaccorso, cos\u00ec come Mattia, 34 anni.<strong> La figlia infermiera di <a href=\"http:\/\/www.gossip.it\/vip\/toto-schillaci\">Tot\u00f2 Schillaci<\/a> racconta in lacrime gli ultimi giorni dell'ex calciatore a <em>La Volta Buona<\/em><\/strong>. In tv <a href=\"http:\/\/www.gossip.it\/vip\/caterina-balivo\">Caterina Balivo<\/a> l\u2019intervista con garbo, lei risponde con la voce spezzata dal dolore: <strong>lo sportivo \u00e8 morto lo scorso 18 settembre sconfitto dal tumore al colon, aveva solo 59 anni<\/strong>. Da una donna di nome Prisca ha avuto anche una terza figlia, Nicole. Era sposato dal 2012 con Barbara Romano. <em>\"<strong>Aveva capito che stava per andare via<\/strong>\"<\/em>, dice.<\/p>\n\n\n\n<figure class=\"wp-block-image size-large\"><img decoding=\"async\" width=\"1024\" height=\"540\" src=\"https:\/\/www.gossip.it\/wp-content\/uploads\/2025\/02\/schillaci_1-1-1024x540.jpg\" alt=\"\" class=\"wp-image-189274\" srcset=\"https:\/\/www.gossip.it\/wp-content\/uploads\/2025\/02\/schillaci_1-1-1024x540.jpg 1024w, https:\/\/www.gossip.it\/wp-content\/uploads\/2025\/02\/schillaci_1-1-300x158.jpg 300w, https:\/\/www.gossip.it\/wp-content\/uploads\/2025\/02\/schillaci_1-1-768x405.jpg 768w, https:\/\/www.gossip.it\/wp-content\/uploads\/2025\/02\/schillaci_1-1-750x396.jpg 750w, https:\/\/www.gossip.it\/wp-content\/uploads\/2025\/02\/schillaci_1-1.jpg 1134w\" sizes=\"(max-width: 1024px) 100vw, 1024px\" \/><figcaption class=\"wp-element-caption\"><em>''Aveva capito che stava per andare via''<\/em>: la figlia infermiera di Tot\u00f2 Schillaci racconta in lacrime gli ultimi giorni dell'ex calciatore<\/figcaption><\/figure>\n\n\n\n<p>Jessica finora non aveva voluto mostrarsi davanti le telecamere.<em> \u201c<strong>Non riuscivo a parlare di lui, a concretizzare il pensiero che non ci fosse pi\u00f9<\/strong>, ringrazio tutti per la vicinanza\u201d<\/em>, spiega a fatica. La sua nascita per la famiglia \u00e8 stata quasi un miracolo: <em>\u201cAdesso che pap\u00e0 non c\u2019\u00e8 mamma mi racconta che appena hanno scoperto di avermi, lei ha cominciato a star male, minacce di aborto. Fortunatamente tutto \u00e8 andato bene, ma pap\u00e0 si \u00e8 preso cura di lei per 3 mesi. Mamma riuscita a portare a termine la gravidanza. Quando sono nata il ginecologo ha detto: \u2018Dovete ringraziare, <strong>questa bambina \u00e8 un miracolo<\/strong>\u201d.<\/em><\/p>\n\n\n\n<figure class=\"wp-block-image size-large\"><img decoding=\"async\" width=\"1024\" height=\"556\" src=\"https:\/\/www.gossip.it\/wp-content\/uploads\/2025\/02\/schillaci_2-1-1024x556.jpg\" alt=\"\" class=\"wp-image-189275\" srcset=\"https:\/\/www.gossip.it\/wp-content\/uploads\/2025\/02\/schillaci_2-1-1024x556.jpg 1024w, https:\/\/www.gossip.it\/wp-content\/uploads\/2025\/02\/schillaci_2-1-300x163.jpg 300w, https:\/\/www.gossip.it\/wp-content\/uploads\/2025\/02\/schillaci_2-1-768x417.jpg 768w, https:\/\/www.gossip.it\/wp-content\/uploads\/2025\/02\/schillaci_2-1-750x407.jpg 750w, https:\/\/www.gossip.it\/wp-content\/uploads\/2025\/02\/schillaci_2-1.jpg 1134w\" sizes=\"(max-width: 1024px) 100vw, 1024px\" \/><figcaption class=\"wp-element-caption\"><em>\u201cPrima non riuscivo a parlare di lui, a concretizzare il pensiero che non ci fosse pi\u00f9\u201d<\/em>, svela Jessica, 37 anni<\/figcaption><\/figure>\n\n\n\n<p>Infermiera di professione, lavora a Verona, ma quando capito che Tot\u00f2 non aveva molto tempo, si \u00e8 occupata di lui. <em>\u201c<strong>Dopo la vacanza estiva, ha cominciato a mostrare i sintomi del fine vita<\/strong>. Io ero lontana e ho capito che qualcosa non andava, quando lo chiamavo rispondeva sempre a monosillabi. Poi ho chiamato mio fratello e mi ha detto che stava male. Cos\u00ec ho lasciato il lavoro di corsa e sono andata a Palermo, <strong>sono state le due settimane pi\u00f9 intense della mia vita<\/strong>\u201d<\/em>, rivela Jessica.<\/p>\n\n\n\n<figure class=\"wp-block-image size-large\"><img decoding=\"async\" width=\"1024\" height=\"591\" src=\"https:\/\/www.gossip.it\/wp-content\/uploads\/2025\/02\/schillaci_3-1024x591.jpg\" alt=\"\" class=\"wp-image-189276\" srcset=\"https:\/\/www.gossip.it\/wp-content\/uploads\/2025\/02\/schillaci_3-1024x591.jpg 1024w, https:\/\/www.gossip.it\/wp-content\/uploads\/2025\/02\/schillaci_3-300x173.jpg 300w, https:\/\/www.gossip.it\/wp-content\/uploads\/2025\/02\/schillaci_3-768x444.jpg 768w, https:\/\/www.gossip.it\/wp-content\/uploads\/2025\/02\/schillaci_3-750x433.jpg 750w, https:\/\/www.gossip.it\/wp-content\/uploads\/2025\/02\/schillaci_3.jpg 1134w\" sizes=\"(max-width: 1024px) 100vw, 1024px\" \/><figcaption class=\"wp-element-caption\">Il padre le ha chiesto scusa per non esserci stato a causa del suo lavoro<\/figcaption><\/figure>\n\n\n\n<p>La donna aggiunge: <em>\u201cCi siamo parlati tanto in quei giorni, diceva cose da film. Per lavoro \u00e8 mancato tanto, forse si sentiva in colpa. <strong>Mi ha chiesto scusa per non esserci stato, che avrebbe voluto avvolgere il nastro per cambiare alcune cose<\/strong>\u201d<\/em>. Il ricovero \u00e8 stato doloroso. <em>\u201cDall\u2019ospedale ci chiamava, aveva voce sommessa, ma si faceva capire. Ci chiedeva aiuto nelle piccole cose. <strong>Lui aveva capito che stava per andare via<\/strong>\u201d<\/em>, confida Jessica. Devastata svela: <em>\u201c<strong>L\u2019ultima cosa che mi ha detto \u00e8 \u2018Ti voglio bene, non te lo dimenticare mai\u2019. E mi ha chiesto scusa<\/strong>\u201d.<\/em><\/p>\n","protected":false},"excerpt":{"rendered":"<p>Lo sportivo \u00e8 morto il 18 settembre scorso, a soli 59...<\/p>\n","protected":false},"author":24,"featured_media":189277,"comment_status":"open","ping_status":"closed","sticky":false,"template":"","format":"standard","meta":{"footnotes":""},"categories":[54],"tags":[63490,71680,3123,79467,82169,2097],"vip":[1784],"class_list":["post-189273","post","type-post","status-publish","format-standard","has-post-thumbnail","hentry","category-news","tag-caterinabalivo","tag-lavoltabuona","tag-rai1","tag-totoschillaci","tag-totoschillacifiglia","tag-tv","vip-toto_schillaci"],"yoast_head":"<title>&#039;&#039;Aveva capito che stava per andare via&#039;&#039;: la figlia infermiera di Tot\u00f2 Schillaci racconta in lacrime gli ultimi giorni dell&#039;ex calciatore - Gossip.it | News sul Gossip e VIP<\/title>\n<meta name=\"description\" content=\"&#039;&#039;Aveva capito che stava per andare via&#039;&#039;: la figlia infermiera di Tot\u00f2 Schillaci racconta in lacrime gli ultimi giorni dell&#039;ex calciatore\" \/>\n<meta name=\"robots\" content=\"index, follow, max-snippet:-1, max-image-preview:large, max-video-preview:-1\" \/>\n<link rel=\"canonical\" href=\"https:\/\/www.gossip.it\/news\/figlia-toto-schillaci-ultimi-giorni-vita-ex-calciatore\/\" \/>\n<meta property=\"og:locale\" content=\"it_IT\" \/>\n<meta property=\"og:type\" content=\"article\" \/>\n<meta property=\"og:title\" content=\"&#039;&#039;Aveva capito che stava per andare via&#039;&#039;: la figlia infermiera di Tot\u00f2 Schillaci racconta in lacrime gli ultimi giorni dell&#039;ex calciatore - Gossip.it | News sul Gossip e VIP\" \/>\n<meta property=\"og:description\" content=\"&#039;&#039;Aveva capito che stava per andare via&#039;&#039;: la figlia infermiera di Tot\u00f2 Schillaci racconta in lacrime gli ultimi giorni dell&#039;ex calciatore\" \/>\n<meta property=\"og:url\" content=\"https:\/\/www.gossip.it\/news\/figlia-toto-schillaci-ultimi-giorni-vita-ex-calciatore\/\" \/>\n<meta property=\"og:site_name\" content=\"Gossip.it | News sul Gossip e VIP\" \/>\n<meta property=\"article:publisher\" content=\"https:\/\/www.facebook.com\/GossipIT\" \/>\n<meta property=\"article:published_time\" content=\"2025-02-26T15:14:04+00:00\" \/>\n<meta property=\"article:modified_time\" content=\"2025-02-26T15:14:05+00:00\" \/>\n<meta property=\"og:image\" content=\"https:\/\/www.gossip.it\/wp-content\/uploads\/2025\/02\/lancio-SCHILLACI-FB.jpg\" \/>\n\t<meta property=\"og:image:width\" content=\"1134\" \/>\n\t<meta property=\"og:image:height\" content=\"673\" \/>\n\t<meta property=\"og:image:type\" content=\"image\/jpeg\" \/>\n<meta name=\"author\" content=\"Carla Giuni\" \/>\n<meta name=\"twitter:card\" content=\"summary_large_image\" \/>\n<meta name=\"twitter:creator\" content=\"@gossinews_it\" \/>\n<meta name=\"twitter:site\" content=\"@gossinews_it\" \/>\n<meta name=\"twitter:label1\" content=\"Scritto da\" \/>\n\t<meta name=\"twitter:data1\" content=\"Carla Giuni\" \/>\n\t<meta name=\"twitter:label2\" content=\"Tempo di lettura stimato\" \/>\n\t<meta name=\"twitter:data2\" content=\"4 minuti\" \/>","yoast_head_json":{"title":"''Aveva capito che stava per andare via'': la figlia infermiera di Tot\u00f2 Schillaci racconta in lacrime gli ultimi giorni dell'ex calciatore - Gossip.it | News sul Gossip e VIP","description":"''Aveva capito che stava per andare via'': la figlia infermiera di Tot\u00f2 Schillaci racconta in lacrime gli ultimi giorni dell'ex calciatore","robots":{"index":"index","follow":"follow","max-snippet":"max-snippet:-1","max-image-preview":"max-image-preview:large","max-video-preview":"max-video-preview:-1"},"canonical":"https:\/\/www.gossip.it\/news\/figlia-toto-schillaci-ultimi-giorni-vita-ex-calciatore\/","og_locale":"it_IT","og_type":"article","og_title":"''Aveva capito che stava per andare via'': la figlia infermiera di Tot\u00f2 Schillaci racconta in lacrime gli ultimi giorni dell'ex calciatore - Gossip.it | News sul Gossip e VIP","og_description":"''Aveva capito che stava per andare via'': la figlia infermiera di Tot\u00f2 Schillaci racconta in lacrime gli ultimi giorni dell'ex calciatore","og_url":"https:\/\/www.gossip.it\/news\/figlia-toto-schillaci-ultimi-giorni-vita-ex-calciatore\/","og_site_name":"Gossip.it | News sul Gossip e VIP","article_publisher":"https:\/\/www.facebook.com\/GossipIT","article_published_time":"2025-02-26T15:14:04+00:00","article_modified_time":"2025-02-26T15:14:05+00:00","og_image":[{"width":1134,"height":673,"url":"https:\/\/www.gossip.it\/wp-content\/uploads\/2025\/02\/lancio-SCHILLACI-FB.jpg","type":"image\/jpeg"}],"author":"Carla Giuni","twitter_card":"summary_large_image","twitter_creator":"@gossinews_it","twitter_site":"@gossinews_it","twitter_misc":{"Scritto da":"Carla Giuni","Tempo di lettura stimato":"4 minuti"},"schema":{"@context":"https:\/\/schema.org","@graph":[{"@type":"Article","@id":"https:\/\/www.gossip.it\/news\/figlia-toto-schillaci-ultimi-giorni-vita-ex-calciatore\/#article","isPartOf":{"@id":"https:\/\/www.gossip.it\/news\/figlia-toto-schillaci-ultimi-giorni-vita-ex-calciatore\/"},"author":{"name":"Carla Giuni","@id":"https:\/\/www.gossip.it\/#\/schema\/person\/df4a88c190f338e21427b6f342595faa"},"headline":"''Aveva capito che stava per andare via'': la figlia infermiera di Tot\u00f2 Schillaci racconta in lacrime gli ultimi giorni dell'ex calciatore","datePublished":"2025-02-26T15:14:04+00:00","dateModified":"2025-02-26T15:14:05+00:00","mainEntityOfPage":{"@id":"https:\/\/www.gossip.it\/news\/figlia-toto-schillaci-ultimi-giorni-vita-ex-calciatore\/"},"wordCount":480,"commentCount":0,"publisher":{"@id":"https:\/\/www.gossip.it\/#organization"},"image":{"@id":"https:\/\/www.gossip.it\/news\/figlia-toto-schillaci-ultimi-giorni-vita-ex-calciatore\/#primaryimage"},"thumbnailUrl":"https:\/\/www.gossip.it\/wp-content\/uploads\/2025\/02\/lancio-SCHILLACI-1.jpg","keywords":["caterinabalivo","lavoltabuona","rai1","totoschillaci","totoschillacifiglia","tv"],"articleSection":["News"],"inLanguage":"it-IT","potentialAction":[{"@type":"CommentAction","name":"Comment","target":["https:\/\/www.gossip.it\/news\/figlia-toto-schillaci-ultimi-giorni-vita-ex-calciatore\/#respond"]}]},{"@type":"WebPage","@id":"https:\/\/www.gossip.it\/news\/figlia-toto-schillaci-ultimi-giorni-vita-ex-calciatore\/","url":"https:\/\/www.gossip.it\/news\/figlia-toto-schillaci-ultimi-giorni-vita-ex-calciatore\/","name":"''Aveva capito che stava per andare via'': la figlia infermiera di Tot\u00f2 Schillaci racconta in lacrime gli ultimi giorni dell'ex calciatore - Gossip.it | News sul Gossip e VIP","isPartOf":{"@id":"https:\/\/www.gossip.it\/#website"},"primaryImageOfPage":{"@id":"https:\/\/www.gossip.it\/news\/figlia-toto-schillaci-ultimi-giorni-vita-ex-calciatore\/#primaryimage"},"image":{"@id":"https:\/\/www.gossip.it\/news\/figlia-toto-schillaci-ultimi-giorni-vita-ex-calciatore\/#primaryimage"},"thumbnailUrl":"https:\/\/www.gossip.it\/wp-content\/uploads\/2025\/02\/lancio-SCHILLACI-1.jpg","datePublished":"2025-02-26T15:14:04+00:00","dateModified":"2025-02-26T15:14:05+00:00","description":"''Aveva capito che stava per andare via'': la figlia infermiera di Tot\u00f2 Schillaci racconta in lacrime gli ultimi giorni dell'ex calciatore","breadcrumb":{"@id":"https:\/\/www.gossip.it\/news\/figlia-toto-schillaci-ultimi-giorni-vita-ex-calciatore\/#breadcrumb"},"inLanguage":"it-IT","potentialAction":[{"@type":"ReadAction","target":["https:\/\/www.gossip.it\/news\/figlia-toto-schillaci-ultimi-giorni-vita-ex-calciatore\/"]}]},{"@type":"ImageObject","inLanguage":"it-IT","@id":"https:\/\/www.gossip.it\/news\/figlia-toto-schillaci-ultimi-giorni-vita-ex-calciatore\/#primaryimage","url":"https:\/\/www.gossip.it\/wp-content\/uploads\/2025\/02\/lancio-SCHILLACI-1.jpg","contentUrl":"https:\/\/www.gossip.it\/wp-content\/uploads\/2025\/02\/lancio-SCHILLACI-1.jpg","width":1134,"height":815},{"@type":"BreadcrumbList","@id":"https:\/\/www.gossip.it\/news\/figlia-toto-schillaci-ultimi-giorni-vita-ex-calciatore\/#breadcrumb","itemListElement":[{"@type":"ListItem","position":1,"name":"Home","item":"https:\/\/www.gossip.it\/"},{"@type":"ListItem","position":2,"name":"''Aveva capito che stava per andare via'': la figlia infermiera di Tot\u00f2 Schillaci racconta in lacrime gli ultimi giorni dell'ex calciatore"}]},{"@type":"WebSite","@id":"https:\/\/www.gossip.it\/#website","url":"https:\/\/www.gossip.it\/","name":"Gossip and VIP News","description":"Quotidiano di cronaca rosa, costume e societ\u00e0","publisher":{"@id":"https:\/\/www.gossip.it\/#organization"},"alternateName":"Gossip and VIP News","potentialAction":[{"@type":"SearchAction","target":{"@type":"EntryPoint","urlTemplate":"https:\/\/www.gossip.it\/?s={search_term_string}"},"query-input":{"@type":"PropertyValueSpecification","valueRequired":true,"valueName":"search_term_string"}}],"inLanguage":"it-IT"},{"@type":"Organization","@id":"https:\/\/www.gossip.it\/#organization","name":"Gossip and VIP News","alternateName":"Gossip News","url":"https:\/\/www.gossip.it\/","logo":{"@type":"ImageObject","inLanguage":"it-IT","@id":"https:\/\/www.gossip.it\/#\/schema\/logo\/image\/","url":"https:\/\/www.gossip.it\/wp-content\/uploads\/2022\/04\/cropped-corna-alta-tiny.png","contentUrl":"https:\/\/www.gossip.it\/wp-content\/uploads\/2022\/04\/cropped-corna-alta-tiny.png","width":512,"height":512,"caption":"Gossip and VIP News"},"image":{"@id":"https:\/\/www.gossip.it\/#\/schema\/logo\/image\/"},"sameAs":["https:\/\/www.facebook.com\/GossipIT","https:\/\/x.com\/gossinews_it","https:\/\/instagram.com\/gossip_it"]},{"@type":"Person","@id":"https:\/\/www.gossip.it\/#\/schema\/person\/df4a88c190f338e21427b6f342595faa","name":"Carla Giuni","image":{"@type":"ImageObject","inLanguage":"it-IT","@id":"https:\/\/www.gossip.it\/#\/schema\/person\/image\/","url":"https:\/\/secure.gravatar.com\/avatar\/9caf92f895c8e9a7cca263cd6e3860da8edad54c0a92046a7e363cbd3fa35c36?s=96&d=mm&r=g","contentUrl":"https:\/\/secure.gravatar.com\/avatar\/9caf92f895c8e9a7cca263cd6e3860da8edad54c0a92046a7e363cbd3fa35c36?s=96&d=mm&r=g","caption":"Carla Giuni"}}]}},"amp_enabled":true,"_links":{"self":[{"href":"https:\/\/www.gossip.it\/api\/wp\/v2\/posts\/189273","targetHints":{"allow":["GET"]}}],"collection":[{"href":"https:\/\/www.gossip.it\/api\/wp\/v2\/posts"}],"about":[{"href":"https:\/\/www.gossip.it\/api\/wp\/v2\/types\/post"}],"author":[{"embeddable":true,"href":"https:\/\/www.gossip.it\/api\/wp\/v2\/users\/24"}],"replies":[{"embeddable":true,"href":"https:\/\/www.gossip.it\/api\/wp\/v2\/comments?post=189273"}],"version-history":[{"count":1,"href":"https:\/\/www.gossip.it\/api\/wp\/v2\/posts\/189273\/revisions"}],"predecessor-version":[{"id":189279,"href":"https:\/\/www.gossip.it\/api\/wp\/v2\/posts\/189273\/revisions\/189279"}],"wp:featuredmedia":[{"embeddable":true,"href":"https:\/\/www.gossip.it\/api\/wp\/v2\/media\/189277"}],"wp:attachment":[{"href":"https:\/\/www.gossip.it\/api\/wp\/v2\/media?parent=189273"}],"wp:term":[{"taxonomy":"category","embeddable":true,"href":"https:\/\/www.gossip.it\/api\/wp\/v2\/categories?post=189273"},{"taxonomy":"post_tag","embeddable":true,"href":"https:\/\/www.gossip.it\/api\/wp\/v2\/tags?post=189273"},{"taxonomy":"vip","embeddable":true,"href":"https:\/\/www.gossip.it\/api\/wp\/v2\/vip?post=189273"}],"curies":[{"name":"wp","href":"https:\/\/api.w.org\/{rel}","templated":true}]}}