{"id":190136,"date":"2025-03-14T11:26:03","date_gmt":"2025-03-14T10:26:03","guid":{"rendered":"https:\/\/www.gossip.it\/?p=190136"},"modified":"2025-03-14T15:20:01","modified_gmt":"2025-03-14T14:20:01","slug":"padre-fedez-tumore-figlio-rapporto","status":"publish","type":"post","link":"https:\/\/www.gossip.it\/news\/padre-fedez-tumore-figlio-rapporto\/","title":{"rendered":"''Secondo me non lo sa neanche lui, quanto ha rischiato'': il padre di Fedez parla del tumore del figlio e del loro rapporto"},"content":{"rendered":"\n<ul class=\"wp-block-list\">\n<li> Il 65enne si \u00e8 reinventato chef dopo aver lavorato da orafo e poi aver fatto il magazziniere<\/li>\n\n\n\n<li>Sui rapporti con l\u2019ex nuora Chiara Ferragni dice semplicemente: <em>\u201cCordiali\u201d<\/em><\/li>\n<\/ul>\n\n\n\n<p><a href=\"http:\/\/www.gossip.it\/vip\/franco-lucia\">Franco Lucia<\/a>,<strong> padre di <a href=\"http:\/\/www.gossip.it\/vip\/fedez\">Fedez<\/a><\/strong>, si racconta per la prima volta sulle pagine di <em>Oggi<\/em>. Al settimanale spiega perch\u00e9 <em>si \u00e8 reinventato chef<\/em> dopo aver lavorato da orafo e aver fatto il magazziniere. Ha pubblicato un libro di ricette: <em>\u201cTutto in una pentola\u201d<\/em>. Il 65enne, sposato con <a href=\"http:\/\/www.gossip.it\/vip\/annamaria-berrinzaghi\">Annamaria Berrinzaghi<\/a>, detta Tatiana, 61 anni, mamma del rapper e sua manager, <strong>parla pure del tumore del figlio e del loro rapporto<\/strong>. <em>\u201c<strong>Secondo me non lo sa neanche lui quanto ha rischiato<\/strong>\u201d<\/em>, sottolinea parlando del raro cancro al pancreas che l\u2019aveva colpito.<\/p>\n\n\n\n<figure class=\"wp-block-image size-large is-resized\"><img decoding=\"async\" width=\"728\" height=\"1024\" src=\"https:\/\/www.gossip.it\/wp-content\/uploads\/2025\/03\/fedez_2-728x1024.jpg\" alt=\"\" class=\"wp-image-190139\" style=\"width:768px;height:auto\" srcset=\"https:\/\/www.gossip.it\/wp-content\/uploads\/2025\/03\/fedez_2-728x1024.jpg 728w, https:\/\/www.gossip.it\/wp-content\/uploads\/2025\/03\/fedez_2-213x300.jpg 213w, https:\/\/www.gossip.it\/wp-content\/uploads\/2025\/03\/fedez_2-768x1080.jpg 768w, https:\/\/www.gossip.it\/wp-content\/uploads\/2025\/03\/fedez_2-1092x1536.jpg 1092w, https:\/\/www.gossip.it\/wp-content\/uploads\/2025\/03\/fedez_2-750x1055.jpg 750w, https:\/\/www.gossip.it\/wp-content\/uploads\/2025\/03\/fedez_2.jpg 1134w\" sizes=\"(max-width: 728px) 100vw, 728px\" \/><figcaption class=\"wp-element-caption\"><em>''Secondo me non lo sa neanche lui, quanto ha rischiato''<\/em>: il padre di Fedez parla del tumore del figlio e del loro rapporto<\/figcaption><\/figure>\n\n\n\n<p><em>\u201c<strong>Quando Fede si \u00e8 ammalato di tumore, ho avuto paura, tanta. Secondo me non lo sa neanche lui, quanto ha rischiato<\/strong>, neppure adesso. Per metabolizzare il dolore, serve tempo\u201d<\/em>, svela Franco. Poi quando gli si chiede che pap\u00e0 sia stato, ammette: <em>\u201c<strong>Un po\u2019 assente, forse, ma concreto<\/strong>. A mio figlio ho sempre insegnato che nella vita si lavora sodo, senn\u00f2 non vai da nessuna parte. E quando frequentava ragazzi un po\u2019 cos\u00ec, gli dicevo: \u2018Piantala di fare il duro, tu sei diverso da loro\u2019. Con questa storia del successo la gente non lo immagina, ma <strong>Fede ha un cuore grande<\/strong>\u201d.<\/em><\/p>\n\n\n\n<figure class=\"wp-block-image size-large\"><img decoding=\"async\" width=\"1024\" height=\"1024\" src=\"https:\/\/www.gossip.it\/wp-content\/uploads\/2025\/03\/fedez_1-1024x1024.jpg\" alt=\"\" class=\"wp-image-190140\" srcset=\"https:\/\/www.gossip.it\/wp-content\/uploads\/2025\/03\/fedez_1-1024x1024.jpg 1024w, https:\/\/www.gossip.it\/wp-content\/uploads\/2025\/03\/fedez_1-300x300.jpg 300w, https:\/\/www.gossip.it\/wp-content\/uploads\/2025\/03\/fedez_1-150x150.jpg 150w, https:\/\/www.gossip.it\/wp-content\/uploads\/2025\/03\/fedez_1-768x768.jpg 768w, https:\/\/www.gossip.it\/wp-content\/uploads\/2025\/03\/fedez_1-75x75.jpg 75w, https:\/\/www.gossip.it\/wp-content\/uploads\/2025\/03\/fedez_1-750x750.jpg 750w, https:\/\/www.gossip.it\/wp-content\/uploads\/2025\/03\/fedez_1.jpg 1134w\" sizes=\"(max-width: 1024px) 100vw, 1024px\" \/><figcaption class=\"wp-element-caption\">Il 65enne si \u00e8 reinventato chef dopo aver lavorato da orafo e poi aver fatto il magazziniere<\/figcaption><\/figure>\n\n\n\n<p>E\u2019 nato in Basilicata, \u00e8 arrivato a Milano a 13 anni. Il padre lavorava nell\u2019edilizia. Franco ha frequentato l\u2019Itis, era bravo a scuola. Dopo le superiori ha fatto l\u2019orafo per 30 anni. Con Tatiana \u00e8 stata passione, stanno insieme da quando lui aveva 16 anni e lei 13. Federico \u00e8 il loro unico figlio, quando divent\u00f2 famoso da rapper, <strong>l\u2019artista si offr\u00ec di pagargli i contributi per farlo andare in pensione prima, ma il padre rifiut\u00f2<\/strong>.<\/p>\n\n\n\n<p>Lucia motiva la scelta: <em>\u201cPerch\u00e9 no, non si fa. <strong>Per un uomo il lavoro \u00e8 tutto, \u00e8 la dignit\u00e0<\/strong>. Quando l\u2019azienda orafa chiuse i battenti andai a fare il magazziniere. <strong>Magari capitava che arrivassi con la Porsche prestata da Fede, ma ho sempre fatto il mio dovere<\/strong>\u201d.<\/em><\/p>\n\n\n\n<figure class=\"wp-block-image size-large\"><img decoding=\"async\" width=\"957\" height=\"1024\" src=\"https:\/\/www.gossip.it\/wp-content\/uploads\/2025\/03\/fedez_3-957x1024.jpg\" alt=\"\" class=\"wp-image-190141\" srcset=\"https:\/\/www.gossip.it\/wp-content\/uploads\/2025\/03\/fedez_3-957x1024.jpg 957w, https:\/\/www.gossip.it\/wp-content\/uploads\/2025\/03\/fedez_3-280x300.jpg 280w, https:\/\/www.gossip.it\/wp-content\/uploads\/2025\/03\/fedez_3-768x822.jpg 768w, https:\/\/www.gossip.it\/wp-content\/uploads\/2025\/03\/fedez_3-750x803.jpg 750w, https:\/\/www.gossip.it\/wp-content\/uploads\/2025\/03\/fedez_3.jpg 1134w\" sizes=\"(max-width: 957px) 100vw, 957px\" \/><figcaption class=\"wp-element-caption\">Franco con la moglie 61enne Annamaria Berrinzaghi, detta Tatiana<\/figcaption><\/figure>\n\n\n\n<p>Ora c\u2019\u00e8 la cucina, anche per i due nipotini Leone e Vittoria, 6 e 3 anni. <em>\u201cDurante la pandemia mia moglie e io ci siamo trasferiti a casa di Fede e Chiara, coi bambini. Ognuno aveva i suoi compiti: Fede passava l\u2019aspirapolvere, Chiara portava gi\u00f9 il cane, mia moglie faceva la spesa. <strong>E io mi mettevo ai fornelli<\/strong>. Leo adora la pasta col pesto di verdure, Vitto va matta per il risotto al burro, che per\u00f2 chiama al burrocacao\u201d.<\/em><\/p>\n\n\n\n<p>I bambini vedono spesso i nonni: \u201c<em><strong>Vengono a trovarci tutte le settimane, fanno i pigiama party coi figli delle mie nipoti, che vivono qui accanto<\/strong>. E poi cuciniamo; l'altra sera abbiamo preparato i bocconcini di pollo al latte, li ha infarinati Vitto. Va in giro a dire: \u2018Il mio nonno ha fatto un libro di ricette, ce l\u2019hai?\u2019\u201d.<\/em><\/p>\n\n\n\n<p>Immancabilmente arriva la domanda sui rapporti che ha attualmente con l\u2019ex nuora Chiara Ferragni, soprattutto dopo un divorzio da Fedez cos\u00ec chiacchierato. Franco Lucia racchiude tutto in una parola: <em>\u201c<strong>Cordiali<\/strong>\u201d<\/em>. E chiarisce:<em> \u201cE\u2019 la mamma di Leo e Vitto\u201d.<\/em><\/p>\n","protected":false},"excerpt":{"rendered":"<p>Il 65enne si \u00e8 reinventato chef dopo aver lavorato da...<\/p>\n","protected":false},"author":24,"featured_media":190160,"comment_status":"open","ping_status":"closed","sticky":false,"template":"","format":"standard","meta":{"footnotes":""},"categories":[54],"tags":[66466,63613,6035,72501,72499,82369,82368,2793,2311],"vip":[82370],"class_list":["post-190136","post","type-post","status-publish","format-standard","has-post-thumbnail","hentry","category-news","tag-annamariaberrinzaghi","tag-federicolucia","tag-fedez","tag-fedezpadre","tag-francolucia","tag-francoluciachef","tag-francolucialibro","tag-gossip","tag-oggi","vip-franco-lucia"],"yoast_head":"<title>&#039;&#039;Secondo me non lo sa neanche lui, quanto ha rischiato&#039;&#039;: il padre di Fedez parla del tumore del figlio e del loro rapporto - Gossip.it | News sul Gossip e VIP<\/title>\n<meta name=\"description\" content=\"&#039;&#039;Secondo me non lo sa neanche lui, quanto ha rischiato&#039;&#039;: il padre di Fedez parla del tumore del figlio e del loro rapporto\" \/>\n<meta name=\"robots\" content=\"index, follow, max-snippet:-1, max-image-preview:large, max-video-preview:-1\" \/>\n<link rel=\"canonical\" href=\"https:\/\/www.gossip.it\/news\/padre-fedez-tumore-figlio-rapporto\/\" \/>\n<meta property=\"og:locale\" content=\"it_IT\" \/>\n<meta property=\"og:type\" content=\"article\" \/>\n<meta property=\"og:title\" content=\"&#039;&#039;Secondo me non lo sa neanche lui, quanto ha rischiato&#039;&#039;: il padre di Fedez parla del tumore del figlio e del loro rapporto - Gossip.it | News sul Gossip e VIP\" \/>\n<meta property=\"og:description\" content=\"&#039;&#039;Secondo me non lo sa neanche lui, quanto ha rischiato&#039;&#039;: il padre di Fedez parla del tumore del figlio e del loro rapporto\" \/>\n<meta property=\"og:url\" content=\"https:\/\/www.gossip.it\/news\/padre-fedez-tumore-figlio-rapporto\/\" \/>\n<meta property=\"og:site_name\" content=\"Gossip.it | News sul Gossip e VIP\" \/>\n<meta property=\"article:publisher\" content=\"https:\/\/www.facebook.com\/GossipIT\" \/>\n<meta property=\"article:published_time\" content=\"2025-03-14T10:26:03+00:00\" \/>\n<meta property=\"article:modified_time\" content=\"2025-03-14T14:20:01+00:00\" \/>\n<meta property=\"og:image\" content=\"https:\/\/www.gossip.it\/wp-content\/uploads\/2025\/03\/PP-FEDEZ.jpg\" \/>\n\t<meta property=\"og:image:width\" content=\"1134\" \/>\n\t<meta property=\"og:image:height\" content=\"564\" \/>\n\t<meta property=\"og:image:type\" content=\"image\/jpeg\" \/>\n<meta name=\"author\" content=\"Carla Giuni\" \/>\n<meta name=\"twitter:card\" content=\"summary_large_image\" \/>\n<meta name=\"twitter:creator\" content=\"@gossinews_it\" \/>\n<meta name=\"twitter:site\" content=\"@gossinews_it\" \/>\n<meta name=\"twitter:label1\" content=\"Scritto da\" \/>\n\t<meta name=\"twitter:data1\" content=\"Carla Giuni\" \/>\n\t<meta name=\"twitter:label2\" content=\"Tempo di lettura stimato\" \/>\n\t<meta name=\"twitter:data2\" content=\"4 minuti\" \/>","yoast_head_json":{"title":"''Secondo me non lo sa neanche lui, quanto ha rischiato'': il padre di Fedez parla del tumore del figlio e del loro rapporto - Gossip.it | News sul Gossip e VIP","description":"''Secondo me non lo sa neanche lui, quanto ha rischiato'': il padre di Fedez parla del tumore del figlio e del loro rapporto","robots":{"index":"index","follow":"follow","max-snippet":"max-snippet:-1","max-image-preview":"max-image-preview:large","max-video-preview":"max-video-preview:-1"},"canonical":"https:\/\/www.gossip.it\/news\/padre-fedez-tumore-figlio-rapporto\/","og_locale":"it_IT","og_type":"article","og_title":"''Secondo me non lo sa neanche lui, quanto ha rischiato'': il padre di Fedez parla del tumore del figlio e del loro rapporto - Gossip.it | News sul Gossip e VIP","og_description":"''Secondo me non lo sa neanche lui, quanto ha rischiato'': il padre di Fedez parla del tumore del figlio e del loro rapporto","og_url":"https:\/\/www.gossip.it\/news\/padre-fedez-tumore-figlio-rapporto\/","og_site_name":"Gossip.it | News sul Gossip e VIP","article_publisher":"https:\/\/www.facebook.com\/GossipIT","article_published_time":"2025-03-14T10:26:03+00:00","article_modified_time":"2025-03-14T14:20:01+00:00","og_image":[{"width":1134,"height":564,"url":"https:\/\/www.gossip.it\/wp-content\/uploads\/2025\/03\/PP-FEDEZ.jpg","type":"image\/jpeg"}],"author":"Carla Giuni","twitter_card":"summary_large_image","twitter_creator":"@gossinews_it","twitter_site":"@gossinews_it","twitter_misc":{"Scritto da":"Carla Giuni","Tempo di lettura stimato":"4 minuti"},"schema":{"@context":"https:\/\/schema.org","@graph":[{"@type":"Article","@id":"https:\/\/www.gossip.it\/news\/padre-fedez-tumore-figlio-rapporto\/#article","isPartOf":{"@id":"https:\/\/www.gossip.it\/news\/padre-fedez-tumore-figlio-rapporto\/"},"author":{"name":"Carla Giuni","@id":"https:\/\/www.gossip.it\/#\/schema\/person\/df4a88c190f338e21427b6f342595faa"},"headline":"''Secondo me non lo sa neanche lui, quanto ha rischiato'': il padre di Fedez parla del tumore del figlio e del loro rapporto","datePublished":"2025-03-14T10:26:03+00:00","dateModified":"2025-03-14T14:20:01+00:00","mainEntityOfPage":{"@id":"https:\/\/www.gossip.it\/news\/padre-fedez-tumore-figlio-rapporto\/"},"wordCount":582,"commentCount":0,"publisher":{"@id":"https:\/\/www.gossip.it\/#organization"},"image":{"@id":"https:\/\/www.gossip.it\/news\/padre-fedez-tumore-figlio-rapporto\/#primaryimage"},"thumbnailUrl":"https:\/\/www.gossip.it\/wp-content\/uploads\/2025\/03\/lancio-FEDEZ.jpg","keywords":["annamariaberrinzaghi","federicolucia","fedez","fedezpadre","francolucia","francoluciachef","francolucialibro","gossip","oggi"],"articleSection":["News"],"inLanguage":"it-IT","potentialAction":[{"@type":"CommentAction","name":"Comment","target":["https:\/\/www.gossip.it\/news\/padre-fedez-tumore-figlio-rapporto\/#respond"]}]},{"@type":"WebPage","@id":"https:\/\/www.gossip.it\/news\/padre-fedez-tumore-figlio-rapporto\/","url":"https:\/\/www.gossip.it\/news\/padre-fedez-tumore-figlio-rapporto\/","name":"''Secondo me non lo sa neanche lui, quanto ha rischiato'': il padre di Fedez parla del tumore del figlio e del loro rapporto - Gossip.it | News sul Gossip e VIP","isPartOf":{"@id":"https:\/\/www.gossip.it\/#website"},"primaryImageOfPage":{"@id":"https:\/\/www.gossip.it\/news\/padre-fedez-tumore-figlio-rapporto\/#primaryimage"},"image":{"@id":"https:\/\/www.gossip.it\/news\/padre-fedez-tumore-figlio-rapporto\/#primaryimage"},"thumbnailUrl":"https:\/\/www.gossip.it\/wp-content\/uploads\/2025\/03\/lancio-FEDEZ.jpg","datePublished":"2025-03-14T10:26:03+00:00","dateModified":"2025-03-14T14:20:01+00:00","description":"''Secondo me non lo sa neanche lui, quanto ha rischiato'': il padre di Fedez parla del tumore del figlio e del loro rapporto","breadcrumb":{"@id":"https:\/\/www.gossip.it\/news\/padre-fedez-tumore-figlio-rapporto\/#breadcrumb"},"inLanguage":"it-IT","potentialAction":[{"@type":"ReadAction","target":["https:\/\/www.gossip.it\/news\/padre-fedez-tumore-figlio-rapporto\/"]}]},{"@type":"ImageObject","inLanguage":"it-IT","@id":"https:\/\/www.gossip.it\/news\/padre-fedez-tumore-figlio-rapporto\/#primaryimage","url":"https:\/\/www.gossip.it\/wp-content\/uploads\/2025\/03\/lancio-FEDEZ.jpg","contentUrl":"https:\/\/www.gossip.it\/wp-content\/uploads\/2025\/03\/lancio-FEDEZ.jpg","width":1134,"height":808},{"@type":"BreadcrumbList","@id":"https:\/\/www.gossip.it\/news\/padre-fedez-tumore-figlio-rapporto\/#breadcrumb","itemListElement":[{"@type":"ListItem","position":1,"name":"Home","item":"https:\/\/www.gossip.it\/"},{"@type":"ListItem","position":2,"name":"''Secondo me non lo sa neanche lui, quanto ha rischiato'': il padre di Fedez parla del tumore del figlio e del loro rapporto"}]},{"@type":"WebSite","@id":"https:\/\/www.gossip.it\/#website","url":"https:\/\/www.gossip.it\/","name":"Gossip and VIP News","description":"Quotidiano di cronaca rosa, costume e societ\u00e0","publisher":{"@id":"https:\/\/www.gossip.it\/#organization"},"alternateName":"Gossip and VIP News","potentialAction":[{"@type":"SearchAction","target":{"@type":"EntryPoint","urlTemplate":"https:\/\/www.gossip.it\/?s={search_term_string}"},"query-input":{"@type":"PropertyValueSpecification","valueRequired":true,"valueName":"search_term_string"}}],"inLanguage":"it-IT"},{"@type":"Organization","@id":"https:\/\/www.gossip.it\/#organization","name":"Gossip and VIP News","alternateName":"Gossip News","url":"https:\/\/www.gossip.it\/","logo":{"@type":"ImageObject","inLanguage":"it-IT","@id":"https:\/\/www.gossip.it\/#\/schema\/logo\/image\/","url":"https:\/\/www.gossip.it\/wp-content\/uploads\/2022\/04\/cropped-corna-alta-tiny.png","contentUrl":"https:\/\/www.gossip.it\/wp-content\/uploads\/2022\/04\/cropped-corna-alta-tiny.png","width":512,"height":512,"caption":"Gossip and VIP News"},"image":{"@id":"https:\/\/www.gossip.it\/#\/schema\/logo\/image\/"},"sameAs":["https:\/\/www.facebook.com\/GossipIT","https:\/\/x.com\/gossinews_it","https:\/\/instagram.com\/gossip_it"]},{"@type":"Person","@id":"https:\/\/www.gossip.it\/#\/schema\/person\/df4a88c190f338e21427b6f342595faa","name":"Carla Giuni","image":{"@type":"ImageObject","inLanguage":"it-IT","@id":"https:\/\/www.gossip.it\/#\/schema\/person\/image\/","url":"https:\/\/secure.gravatar.com\/avatar\/9caf92f895c8e9a7cca263cd6e3860da8edad54c0a92046a7e363cbd3fa35c36?s=96&d=mm&r=g","contentUrl":"https:\/\/secure.gravatar.com\/avatar\/9caf92f895c8e9a7cca263cd6e3860da8edad54c0a92046a7e363cbd3fa35c36?s=96&d=mm&r=g","caption":"Carla Giuni"}}]}},"amp_enabled":true,"_links":{"self":[{"href":"https:\/\/www.gossip.it\/api\/wp\/v2\/posts\/190136","targetHints":{"allow":["GET"]}}],"collection":[{"href":"https:\/\/www.gossip.it\/api\/wp\/v2\/posts"}],"about":[{"href":"https:\/\/www.gossip.it\/api\/wp\/v2\/types\/post"}],"author":[{"embeddable":true,"href":"https:\/\/www.gossip.it\/api\/wp\/v2\/users\/24"}],"replies":[{"embeddable":true,"href":"https:\/\/www.gossip.it\/api\/wp\/v2\/comments?post=190136"}],"version-history":[{"count":1,"href":"https:\/\/www.gossip.it\/api\/wp\/v2\/posts\/190136\/revisions"}],"predecessor-version":[{"id":190143,"href":"https:\/\/www.gossip.it\/api\/wp\/v2\/posts\/190136\/revisions\/190143"}],"wp:featuredmedia":[{"embeddable":true,"href":"https:\/\/www.gossip.it\/api\/wp\/v2\/media\/190160"}],"wp:attachment":[{"href":"https:\/\/www.gossip.it\/api\/wp\/v2\/media?parent=190136"}],"wp:term":[{"taxonomy":"category","embeddable":true,"href":"https:\/\/www.gossip.it\/api\/wp\/v2\/categories?post=190136"},{"taxonomy":"post_tag","embeddable":true,"href":"https:\/\/www.gossip.it\/api\/wp\/v2\/tags?post=190136"},{"taxonomy":"vip","embeddable":true,"href":"https:\/\/www.gossip.it\/api\/wp\/v2\/vip?post=190136"}],"curies":[{"name":"wp","href":"https:\/\/api.w.org\/{rel}","templated":true}]}}