{"id":190587,"date":"2025-03-24T11:18:15","date_gmt":"2025-03-24T10:18:15","guid":{"rendered":"https:\/\/www.gossip.it\/?p=190587"},"modified":"2025-03-24T15:18:43","modified_gmt":"2025-03-24T14:18:43","slug":"giuliano-sangiorgi-nato-figlio-michele","status":"publish","type":"post","link":"https:\/\/www.gossip.it\/news\/giuliano-sangiorgi-nato-figlio-michele\/","title":{"rendered":"Giuliano Sangiorgi dei Negramaro \u00e8 diventato pap\u00e0! Nato a Roma il figlio Michele: le prime immagini"},"content":{"rendered":"\n<ul class=\"wp-block-list\">\n<li>Il cantautore salentino 46enne e la compagna, Ilaria Macchia, 43, genitori bis<\/li>\n\n\n\n<li>Nel 2018 \u00e8 arrivata la primogenita Stella, ora felicissima del fratellino<\/li>\n<\/ul>\n\n\n\n<p><a href=\"http:\/\/www.gossip.it\/vip\/giuliano-sangiorgi\">Giuliano Sangiorgi<\/a> dei <a href=\"http:\/\/www.gossip.it\/vip\/negramaro\">Negramaro<\/a> lo annuncia entusiasta su IG: <strong>\u00e8 diventato pap\u00e0 per la seconda volta<\/strong>. A Roma, nella Casa di Cura Santa Famiglia, nella notte tra il 22 e 23 marzo <strong>\u00e8 nato il figlio Michele<\/strong>. Sul social arrivano le prime immagini del beb\u00e8 e dei genitori al settimo cielo.<\/p>\n\n\n\n<figure class=\"wp-block-image size-large is-resized\"><img decoding=\"async\" width=\"745\" height=\"1024\" src=\"https:\/\/www.gossip.it\/wp-content\/uploads\/2025\/03\/sangiorgi_1-745x1024.jpg\" alt=\"\" class=\"wp-image-190588\" style=\"width:768px;height:auto\" srcset=\"https:\/\/www.gossip.it\/wp-content\/uploads\/2025\/03\/sangiorgi_1-745x1024.jpg 745w, https:\/\/www.gossip.it\/wp-content\/uploads\/2025\/03\/sangiorgi_1-218x300.jpg 218w, https:\/\/www.gossip.it\/wp-content\/uploads\/2025\/03\/sangiorgi_1-768x1056.jpg 768w, https:\/\/www.gossip.it\/wp-content\/uploads\/2025\/03\/sangiorgi_1-1117x1536.jpg 1117w, https:\/\/www.gossip.it\/wp-content\/uploads\/2025\/03\/sangiorgi_1-750x1031.jpg 750w, https:\/\/www.gossip.it\/wp-content\/uploads\/2025\/03\/sangiorgi_1.jpg 1134w\" sizes=\"(max-width: 745px) 100vw, 745px\" \/><figcaption class=\"wp-element-caption\">Giuliano Sangiorgi dei Negramaro \u00e8 diventato pap\u00e0! Nato a Roma il figlio Michele: le prime immagini<\/figcaption><\/figure>\n\n\n\n<p>Il cantautore salentino 46enne e la compagna <a href=\"http:\/\/www.gossip.it\/vip\/ilaria-macchi\">Ilaria Macchi<\/a>, sceneggiatrice, 43 anni, vivono ore piene di gioia insieme alla <strong>loro primogenita, Stella, nata nel 2018<\/strong>. Anche la bimba \u00e8 felicissima dell\u2019arrivo del fratellino. Giuliano, nell\u2019annunciare l\u2019arrivo della cicogna, scrive: <em>\u201cRicominciamo tutto amore nostro!!!\u00a0<strong>Benvenuto Michele Sangiorgi! Ilaria, Stella e io siamo pronti alla nostra vita insieme!<\/strong>\u201d<\/em>. A fare da sottofondo allo scatto che immortalava la mano del bimbo con al polso il braccialetto di riconoscimento,\u00a0 c\u2019\u00e8\u00a0il brano <em>\u201cRicominciamo tutto\u201d<\/em>\u00a0della band.<\/p>\n\n\n\n<figure class=\"wp-block-image size-large\"><img decoding=\"async\" width=\"1024\" height=\"1024\" src=\"https:\/\/www.gossip.it\/wp-content\/uploads\/2025\/03\/sangiorgi_2-1024x1024.jpg\" alt=\"\" class=\"wp-image-190589\" srcset=\"https:\/\/www.gossip.it\/wp-content\/uploads\/2025\/03\/sangiorgi_2-1024x1024.jpg 1024w, https:\/\/www.gossip.it\/wp-content\/uploads\/2025\/03\/sangiorgi_2-300x300.jpg 300w, https:\/\/www.gossip.it\/wp-content\/uploads\/2025\/03\/sangiorgi_2-150x150.jpg 150w, https:\/\/www.gossip.it\/wp-content\/uploads\/2025\/03\/sangiorgi_2-768x768.jpg 768w, https:\/\/www.gossip.it\/wp-content\/uploads\/2025\/03\/sangiorgi_2-75x75.jpg 75w, https:\/\/www.gossip.it\/wp-content\/uploads\/2025\/03\/sangiorgi_2-750x750.jpg 750w, https:\/\/www.gossip.it\/wp-content\/uploads\/2025\/03\/sangiorgi_2.jpg 1134w\" sizes=\"(max-width: 1024px) 100vw, 1024px\" \/><figcaption class=\"wp-element-caption\">Il bimbo \u00e8 venuto alla luce nella notte tra il 22 e il 23 marzo nella Casa di Cura Santa Famiglia<\/figcaption><\/figure>\n\n\n\n<p>Sangiorgi e la Macchi avevano svelato la gravidanza a <em>Vanity Fair<\/em> il 20 dicembre scorso, Ilaria era gi\u00e0 al sesto mese di gestazione. <em>\u201c<strong>Stare zitto per tanti mesi \u00e8 stata una rottura<\/strong>, per me che sono un chiacchierone se non condivido una gioia con gli altri \u00e8 dura. Non volevamo dirlo prima perch\u00e9 c'erano i progetti dei Negramaro e quelli di Ilaria come sceneggiatrice e non ci piace mischiare i piani. E' una cosa cos\u00ec bella e personale che doveva andare su un altro binario\u201d<\/em>, aveva spiegato l\u2019artista.<\/p>\n\n\n\n<figure class=\"wp-block-image size-large\"><img decoding=\"async\" width=\"897\" height=\"1024\" src=\"https:\/\/www.gossip.it\/wp-content\/uploads\/2025\/03\/sangiorgi_3-897x1024.jpg\" alt=\"\" class=\"wp-image-190590\" srcset=\"https:\/\/www.gossip.it\/wp-content\/uploads\/2025\/03\/sangiorgi_3-897x1024.jpg 897w, https:\/\/www.gossip.it\/wp-content\/uploads\/2025\/03\/sangiorgi_3-263x300.jpg 263w, https:\/\/www.gossip.it\/wp-content\/uploads\/2025\/03\/sangiorgi_3-768x876.jpg 768w, https:\/\/www.gossip.it\/wp-content\/uploads\/2025\/03\/sangiorgi_3-750x856.jpg 750w, https:\/\/www.gossip.it\/wp-content\/uploads\/2025\/03\/sangiorgi_3.jpg 1134w\" sizes=\"(max-width: 897px) 100vw, 897px\" \/><figcaption class=\"wp-element-caption\">Il cantautore salentino 46enne e la compagna, Ilaria Macchia, 43, genitori bis. Nel 2018 \u00e8 arrivata la primogenita Stella, ora felicissima del fratellino<\/figcaption><\/figure>\n\n\n\n<p>Entrambi erano impazienti di conoscere il loro secondo pargoletto: adesso che \u00e8 arrivato, \u00e8 tutto perfetto.<\/p>\n","protected":false},"excerpt":{"rendered":"<p>Il cantautore salentino 46enne e la compagna...<\/p>\n","protected":false},"author":24,"featured_media":190591,"comment_status":"open","ping_status":"closed","sticky":false,"template":"","format":"standard","meta":{"footnotes":""},"categories":[54],"tags":[75269,82525,82524,82523,82521,82522,3704,1879,77057],"vip":[904],"class_list":["post-190587","post","type-post","status-publish","format-standard","has-post-thumbnail","hentry","category-news","tag-giulianosangiorgi","tag-giulianosangiorgicompagna","tag-giulianosangiorgifiglia","tag-giulianosangiorgifiglio","tag-giulianosangiorgipapa","tag-ilariamacchi","tag-negramaro","tag-roma","tag-santafamiglia","vip-giuliano_sangiorgi"],"yoast_head":"<title>Giuliano Sangiorgi dei Negramaro \u00e8 diventato pap\u00e0! Nato a Roma il figlio Michele: le prime immagini - Gossip.it | News sul Gossip e VIP<\/title>\n<meta name=\"description\" content=\"Giuliano Sangiorgi dei Negramaro \u00e8 diventato pap\u00e0! Nato a Roma il figlio Michele: le prime immagini del beb\u00e8\" \/>\n<meta name=\"robots\" content=\"index, follow, max-snippet:-1, max-image-preview:large, max-video-preview:-1\" \/>\n<link rel=\"canonical\" href=\"https:\/\/www.gossip.it\/news\/giuliano-sangiorgi-nato-figlio-michele\/\" \/>\n<meta property=\"og:locale\" content=\"it_IT\" \/>\n<meta property=\"og:type\" content=\"article\" \/>\n<meta property=\"og:title\" content=\"Giuliano Sangiorgi dei Negramaro \u00e8 diventato pap\u00e0! Nato a Roma il figlio Michele: le prime immagini - Gossip.it | News sul Gossip e VIP\" \/>\n<meta property=\"og:description\" content=\"Giuliano Sangiorgi dei Negramaro \u00e8 diventato pap\u00e0! Nato a Roma il figlio Michele: le prime immagini del beb\u00e8\" \/>\n<meta property=\"og:url\" content=\"https:\/\/www.gossip.it\/news\/giuliano-sangiorgi-nato-figlio-michele\/\" \/>\n<meta property=\"og:site_name\" content=\"Gossip.it | News sul Gossip e VIP\" \/>\n<meta property=\"article:publisher\" content=\"https:\/\/www.facebook.com\/GossipIT\" \/>\n<meta property=\"article:published_time\" content=\"2025-03-24T10:18:15+00:00\" \/>\n<meta property=\"article:modified_time\" content=\"2025-03-24T14:18:43+00:00\" \/>\n<meta property=\"og:image\" content=\"https:\/\/www.gossip.it\/wp-content\/uploads\/2025\/03\/lancio-SANGIORGI-FB.jpg\" \/>\n\t<meta property=\"og:image:width\" content=\"1134\" \/>\n\t<meta property=\"og:image:height\" content=\"655\" \/>\n\t<meta property=\"og:image:type\" content=\"image\/jpeg\" \/>\n<meta name=\"author\" content=\"Carla Giuni\" \/>\n<meta name=\"twitter:card\" content=\"summary_large_image\" \/>\n<meta name=\"twitter:creator\" content=\"@gossinews_it\" \/>\n<meta name=\"twitter:site\" content=\"@gossinews_it\" \/>\n<meta name=\"twitter:label1\" content=\"Scritto da\" \/>\n\t<meta name=\"twitter:data1\" content=\"Carla Giuni\" \/>\n\t<meta name=\"twitter:label2\" content=\"Tempo di lettura stimato\" \/>\n\t<meta name=\"twitter:data2\" content=\"3 minuti\" \/>","yoast_head_json":{"title":"Giuliano Sangiorgi dei Negramaro \u00e8 diventato pap\u00e0! Nato a Roma il figlio Michele: le prime immagini - Gossip.it | News sul Gossip e VIP","description":"Giuliano Sangiorgi dei Negramaro \u00e8 diventato pap\u00e0! Nato a Roma il figlio Michele: le prime immagini del beb\u00e8","robots":{"index":"index","follow":"follow","max-snippet":"max-snippet:-1","max-image-preview":"max-image-preview:large","max-video-preview":"max-video-preview:-1"},"canonical":"https:\/\/www.gossip.it\/news\/giuliano-sangiorgi-nato-figlio-michele\/","og_locale":"it_IT","og_type":"article","og_title":"Giuliano Sangiorgi dei Negramaro \u00e8 diventato pap\u00e0! Nato a Roma il figlio Michele: le prime immagini - Gossip.it | News sul Gossip e VIP","og_description":"Giuliano Sangiorgi dei Negramaro \u00e8 diventato pap\u00e0! Nato a Roma il figlio Michele: le prime immagini del beb\u00e8","og_url":"https:\/\/www.gossip.it\/news\/giuliano-sangiorgi-nato-figlio-michele\/","og_site_name":"Gossip.it | News sul Gossip e VIP","article_publisher":"https:\/\/www.facebook.com\/GossipIT","article_published_time":"2025-03-24T10:18:15+00:00","article_modified_time":"2025-03-24T14:18:43+00:00","og_image":[{"width":1134,"height":655,"url":"https:\/\/www.gossip.it\/wp-content\/uploads\/2025\/03\/lancio-SANGIORGI-FB.jpg","type":"image\/jpeg"}],"author":"Carla Giuni","twitter_card":"summary_large_image","twitter_creator":"@gossinews_it","twitter_site":"@gossinews_it","twitter_misc":{"Scritto da":"Carla Giuni","Tempo di lettura stimato":"3 minuti"},"schema":{"@context":"https:\/\/schema.org","@graph":[{"@type":"Article","@id":"https:\/\/www.gossip.it\/news\/giuliano-sangiorgi-nato-figlio-michele\/#article","isPartOf":{"@id":"https:\/\/www.gossip.it\/news\/giuliano-sangiorgi-nato-figlio-michele\/"},"author":{"name":"Carla Giuni","@id":"https:\/\/www.gossip.it\/#\/schema\/person\/df4a88c190f338e21427b6f342595faa"},"headline":"Giuliano Sangiorgi dei Negramaro \u00e8 diventato pap\u00e0! Nato a Roma il figlio Michele: le prime immagini","datePublished":"2025-03-24T10:18:15+00:00","dateModified":"2025-03-24T14:18:43+00:00","mainEntityOfPage":{"@id":"https:\/\/www.gossip.it\/news\/giuliano-sangiorgi-nato-figlio-michele\/"},"wordCount":318,"commentCount":0,"publisher":{"@id":"https:\/\/www.gossip.it\/#organization"},"image":{"@id":"https:\/\/www.gossip.it\/news\/giuliano-sangiorgi-nato-figlio-michele\/#primaryimage"},"thumbnailUrl":"https:\/\/www.gossip.it\/wp-content\/uploads\/2025\/03\/lancio-SANGIORGI.jpg","keywords":["giulianosangiorgi","giulianosangiorgicompagna","giulianosangiorgifiglia","giulianosangiorgifiglio","giulianosangiorgipapa","ilariamacchi","negramaro","roma","santafamiglia"],"articleSection":["News"],"inLanguage":"it-IT","potentialAction":[{"@type":"CommentAction","name":"Comment","target":["https:\/\/www.gossip.it\/news\/giuliano-sangiorgi-nato-figlio-michele\/#respond"]}]},{"@type":"WebPage","@id":"https:\/\/www.gossip.it\/news\/giuliano-sangiorgi-nato-figlio-michele\/","url":"https:\/\/www.gossip.it\/news\/giuliano-sangiorgi-nato-figlio-michele\/","name":"Giuliano Sangiorgi dei Negramaro \u00e8 diventato pap\u00e0! Nato a Roma il figlio Michele: le prime immagini - Gossip.it | News sul Gossip e VIP","isPartOf":{"@id":"https:\/\/www.gossip.it\/#website"},"primaryImageOfPage":{"@id":"https:\/\/www.gossip.it\/news\/giuliano-sangiorgi-nato-figlio-michele\/#primaryimage"},"image":{"@id":"https:\/\/www.gossip.it\/news\/giuliano-sangiorgi-nato-figlio-michele\/#primaryimage"},"thumbnailUrl":"https:\/\/www.gossip.it\/wp-content\/uploads\/2025\/03\/lancio-SANGIORGI.jpg","datePublished":"2025-03-24T10:18:15+00:00","dateModified":"2025-03-24T14:18:43+00:00","description":"Giuliano Sangiorgi dei Negramaro \u00e8 diventato pap\u00e0! Nato a Roma il figlio Michele: le prime immagini del beb\u00e8","breadcrumb":{"@id":"https:\/\/www.gossip.it\/news\/giuliano-sangiorgi-nato-figlio-michele\/#breadcrumb"},"inLanguage":"it-IT","potentialAction":[{"@type":"ReadAction","target":["https:\/\/www.gossip.it\/news\/giuliano-sangiorgi-nato-figlio-michele\/"]}]},{"@type":"ImageObject","inLanguage":"it-IT","@id":"https:\/\/www.gossip.it\/news\/giuliano-sangiorgi-nato-figlio-michele\/#primaryimage","url":"https:\/\/www.gossip.it\/wp-content\/uploads\/2025\/03\/lancio-SANGIORGI.jpg","contentUrl":"https:\/\/www.gossip.it\/wp-content\/uploads\/2025\/03\/lancio-SANGIORGI.jpg","width":1134,"height":808},{"@type":"BreadcrumbList","@id":"https:\/\/www.gossip.it\/news\/giuliano-sangiorgi-nato-figlio-michele\/#breadcrumb","itemListElement":[{"@type":"ListItem","position":1,"name":"Home","item":"https:\/\/www.gossip.it\/"},{"@type":"ListItem","position":2,"name":"Giuliano Sangiorgi dei Negramaro \u00e8 diventato pap\u00e0! Nato a Roma il figlio Michele: le prime immagini"}]},{"@type":"WebSite","@id":"https:\/\/www.gossip.it\/#website","url":"https:\/\/www.gossip.it\/","name":"Gossip and VIP News","description":"Quotidiano di cronaca rosa, costume e societ\u00e0","publisher":{"@id":"https:\/\/www.gossip.it\/#organization"},"alternateName":"Gossip and VIP News","potentialAction":[{"@type":"SearchAction","target":{"@type":"EntryPoint","urlTemplate":"https:\/\/www.gossip.it\/?s={search_term_string}"},"query-input":{"@type":"PropertyValueSpecification","valueRequired":true,"valueName":"search_term_string"}}],"inLanguage":"it-IT"},{"@type":"Organization","@id":"https:\/\/www.gossip.it\/#organization","name":"Gossip and VIP News","alternateName":"Gossip News","url":"https:\/\/www.gossip.it\/","logo":{"@type":"ImageObject","inLanguage":"it-IT","@id":"https:\/\/www.gossip.it\/#\/schema\/logo\/image\/","url":"https:\/\/www.gossip.it\/wp-content\/uploads\/2022\/04\/cropped-corna-alta-tiny.png","contentUrl":"https:\/\/www.gossip.it\/wp-content\/uploads\/2022\/04\/cropped-corna-alta-tiny.png","width":512,"height":512,"caption":"Gossip and VIP News"},"image":{"@id":"https:\/\/www.gossip.it\/#\/schema\/logo\/image\/"},"sameAs":["https:\/\/www.facebook.com\/GossipIT","https:\/\/x.com\/gossinews_it","https:\/\/instagram.com\/gossip_it"]},{"@type":"Person","@id":"https:\/\/www.gossip.it\/#\/schema\/person\/df4a88c190f338e21427b6f342595faa","name":"Carla Giuni","image":{"@type":"ImageObject","inLanguage":"it-IT","@id":"https:\/\/www.gossip.it\/#\/schema\/person\/image\/","url":"https:\/\/secure.gravatar.com\/avatar\/9caf92f895c8e9a7cca263cd6e3860da8edad54c0a92046a7e363cbd3fa35c36?s=96&d=mm&r=g","contentUrl":"https:\/\/secure.gravatar.com\/avatar\/9caf92f895c8e9a7cca263cd6e3860da8edad54c0a92046a7e363cbd3fa35c36?s=96&d=mm&r=g","caption":"Carla Giuni"}}]}},"amp_enabled":true,"_links":{"self":[{"href":"https:\/\/www.gossip.it\/api\/wp\/v2\/posts\/190587","targetHints":{"allow":["GET"]}}],"collection":[{"href":"https:\/\/www.gossip.it\/api\/wp\/v2\/posts"}],"about":[{"href":"https:\/\/www.gossip.it\/api\/wp\/v2\/types\/post"}],"author":[{"embeddable":true,"href":"https:\/\/www.gossip.it\/api\/wp\/v2\/users\/24"}],"replies":[{"embeddable":true,"href":"https:\/\/www.gossip.it\/api\/wp\/v2\/comments?post=190587"}],"version-history":[{"count":1,"href":"https:\/\/www.gossip.it\/api\/wp\/v2\/posts\/190587\/revisions"}],"predecessor-version":[{"id":190593,"href":"https:\/\/www.gossip.it\/api\/wp\/v2\/posts\/190587\/revisions\/190593"}],"wp:featuredmedia":[{"embeddable":true,"href":"https:\/\/www.gossip.it\/api\/wp\/v2\/media\/190591"}],"wp:attachment":[{"href":"https:\/\/www.gossip.it\/api\/wp\/v2\/media?parent=190587"}],"wp:term":[{"taxonomy":"category","embeddable":true,"href":"https:\/\/www.gossip.it\/api\/wp\/v2\/categories?post=190587"},{"taxonomy":"post_tag","embeddable":true,"href":"https:\/\/www.gossip.it\/api\/wp\/v2\/tags?post=190587"},{"taxonomy":"vip","embeddable":true,"href":"https:\/\/www.gossip.it\/api\/wp\/v2\/vip?post=190587"}],"curies":[{"name":"wp","href":"https:\/\/api.w.org\/{rel}","templated":true}]}}