{"id":190633,"date":"2025-03-24T13:25:52","date_gmt":"2025-03-24T12:25:52","guid":{"rendered":"https:\/\/www.gossip.it\/?p=190633"},"modified":"2025-03-25T11:16:41","modified_gmt":"2025-03-25T10:16:41","slug":"vittorio-sgarbi-ricoverato-depressione","status":"publish","type":"post","link":"https:\/\/www.gossip.it\/news\/vittorio-sgarbi-ricoverato-depressione\/","title":{"rendered":"''Vittorio Sgarbi \u00e8 ricoverato al Policlinico Gemelli da 10 giorni per grave depressione'': cosa sappiamo sulle condizioni del volto tv"},"content":{"rendered":"\n<ul class=\"wp-block-list\">\n<li>Il critico d\u2019arte 72enne rifiuterebbe il cibo, la compagna Sabrina e la sorella Elisabetta molto preoccupate<\/li>\n\n\n\n<li>Il giornalista e scrittore Marcello Veneziani dalle pagine de <em>La Verit\u00e0<\/em> fa un appello, poi parla col <em>Corriere della Sera<\/em><\/li>\n<\/ul>\n\n\n\n<p>Aveva confessato lui stesso di essere affetto dal mal di vivere ed aver perso tanti chili. Ora emerge una realt\u00e0 che preoccupa. <em>\u201c<strong>Vittorio Sgarbi \u00e8 ricoverato al Policlinico Gemelli da 10 giorni per grave depressione<\/strong>\u201d<\/em>, si legge sul <em>Corriere della Sera<\/em>. <em>Fanpage<\/em> fa sapere che <strong>avrebbe smesso di alimentarsi e ora \u00e8 aiutato dai medici<\/strong>. Sta un pochino meglio, ma dovrebbe rimanere in ospedale almeno fino alla fine di marzo, per valutare attentamente le sue condizioni. La sorella Elisabetta e la compagna Sabrina sarebbero <strong>molto preoccupate<\/strong>. L\u2019amico Marcello Veneziani, giornalista e scrittore, gli fa un appello sulle pagine de <em>La Verit\u00e0<\/em>, poi parla col quotidiano di via Solferino.<\/p>\n\n\n\n<figure class=\"wp-block-image size-large\"><img decoding=\"async\" width=\"1024\" height=\"679\" src=\"https:\/\/www.gossip.it\/wp-content\/uploads\/2025\/03\/sgarbi_1-1-1024x679.jpg\" alt=\"\" class=\"wp-image-190635\" srcset=\"https:\/\/www.gossip.it\/wp-content\/uploads\/2025\/03\/sgarbi_1-1-1024x679.jpg 1024w, https:\/\/www.gossip.it\/wp-content\/uploads\/2025\/03\/sgarbi_1-1-300x199.jpg 300w, https:\/\/www.gossip.it\/wp-content\/uploads\/2025\/03\/sgarbi_1-1-768x509.jpg 768w, https:\/\/www.gossip.it\/wp-content\/uploads\/2025\/03\/sgarbi_1-1-750x497.jpg 750w, https:\/\/www.gossip.it\/wp-content\/uploads\/2025\/03\/sgarbi_1-1.jpg 1134w\" sizes=\"(max-width: 1024px) 100vw, 1024px\" \/><figcaption class=\"wp-element-caption\"><em>''Vittorio Sgarbi \u00e8 ricoverato al Policlinico Gemelli da 10 giorni per grave depressione''<\/em>: cosa sappiamo sulle condizioni del volto tv<\/figcaption><\/figure>\n\n\n\n<p><em>\u201cForza Sgarbi, torna a ruggire\u201c<\/em>, si intitola il testo.<em>\u201cNon puoi cedere alla notte perch\u00e9 insegni la bellezza, che non sfiorisce nel tempo, e racconti i capolavori e i loro autori che vivono oltre il tempo\u201d<\/em>, scrive Veneziani. <em>\u201cTu\u00a0non puoi abbandonare\u00a0perch\u00e9 la tua mente \u00e8 ancora lucida e fertile, e pu\u00f2 dare agli altri pi\u00f9 di quanto tu possa immaginare\u201d<\/em>, sottolinea ancora. <em>\u201c<strong>Per farti reagire e tirar fuori lo Sgarbi incazzoso che conosciamo da sempre\u00a0sono pronto a insultarti<\/strong>: stron*o che non sei altro, egoista e narciso, capra\u201c.\u00a0<\/em><\/p>\n\n\n\n<p>L\u2019uomo poi al <em>Corriere<\/em> dice sulla depressione che ha colpito Sgarbi: <em>\u201c<strong>Figlia del suo narcisismo ferito<\/strong>. Ha la percezione che molte delle sue libert\u00e0 impulsive non potranno pi\u00f9 essere praticate. Il suo universo si sta restringendo: drammatico per chi \u00e8 stato convinto di poter cavalcare il mondo. Una dimensione dell\u2019io sproporzionata rispetto al passato e <strong>che lo porta ad atteggiamenti distruttivi<\/strong>\u201d.<\/em><\/p>\n\n\n\n<figure class=\"wp-block-image size-large\"><img decoding=\"async\" width=\"1024\" height=\"837\" src=\"https:\/\/www.gossip.it\/wp-content\/uploads\/2025\/03\/sgarbi_2-1-1024x837.jpg\" alt=\"\" class=\"wp-image-190636\" srcset=\"https:\/\/www.gossip.it\/wp-content\/uploads\/2025\/03\/sgarbi_2-1-1024x837.jpg 1024w, https:\/\/www.gossip.it\/wp-content\/uploads\/2025\/03\/sgarbi_2-1-300x245.jpg 300w, https:\/\/www.gossip.it\/wp-content\/uploads\/2025\/03\/sgarbi_2-1-768x628.jpg 768w, https:\/\/www.gossip.it\/wp-content\/uploads\/2025\/03\/sgarbi_2-1-750x613.jpg 750w, https:\/\/www.gossip.it\/wp-content\/uploads\/2025\/03\/sgarbi_2-1.jpg 1134w\" sizes=\"(max-width: 1024px) 100vw, 1024px\" \/><figcaption class=\"wp-element-caption\">Il critico d\u2019arte 72enne rifiuterebbe il cibo, la compagna Sabrina e la sorella Elisabetta molto preoccupate<\/figcaption><\/figure>\n\n\n\n<p>Quando gli si domanda se Vittorio ce la far\u00e0, replica:<em> \u201cLa depressione \u00e8 purtroppo un\u2019ottima alleata della malattia. Ma <strong>conoscendo Vittorio non escludo affatto un risorgimento personale<\/strong>. Penso che potrebbe riuscire a ritrovare il giusto impeto per riprendere la sua strada. Credo per\u00f2 debba affrontare un passaggio molto importante. Deve passare attraverso una sorta di \u201cpiccola morte\u201d lasciandosi alle spalle il \u2018Vittorio Uno\u2019, dicendogli addio, per aprire il capitolo del \u2018Vittorio Due\u2019.\u00a0Dovr\u00e0 insomma immaginarsi in un\u2019altra prospettiva\u00a0certamente meno egocentrica e pi\u00f9 legata al mondo reale\u201d.\u00a0<\/em><\/p>\n","protected":false},"excerpt":{"rendered":"<p>Il critico d\u2019arte 72enne rifiuterebbe il cibo, la compagna...<\/p>\n","protected":false},"author":24,"featured_media":190637,"comment_status":"open","ping_status":"closed","sticky":false,"template":"","format":"standard","meta":{"footnotes":""},"categories":[54],"tags":[5343,64213,82287,82537,82538,82539],"vip":[1849],"class_list":["post-190633","post","type-post","status-publish","format-standard","has-post-thumbnail","hentry","category-news","tag-sgarbi","tag-vittoriosgarbi","tag-vittoriosgarbidepressione","tag-vittoriosgarbigemelli","tag-vittoriosgarbimalato","tag-vittoriosgarbiricoverato","vip-vittorio_sgarbi"],"yoast_head":"<title>&#039;&#039;Vittorio Sgarbi \u00e8 ricoverato al Policlinico Gemelli da 10 giorni per grave depressione&#039;&#039;: cosa sappiamo sulle condizioni del volto tv - Gossip.it | News sul Gossip e VIP<\/title>\n<meta name=\"description\" content=\"&#039;&#039;Vittorio Sgarbi \u00e8 ricoverato al Policlinico Gemelli da 10 giorni per grave depressione&#039;&#039;: cosa sappiamo sulle condizioni del volto tv\" \/>\n<meta name=\"robots\" content=\"index, follow, max-snippet:-1, max-image-preview:large, max-video-preview:-1\" \/>\n<link rel=\"canonical\" href=\"https:\/\/www.gossip.it\/news\/vittorio-sgarbi-ricoverato-depressione\/\" \/>\n<meta property=\"og:locale\" content=\"it_IT\" \/>\n<meta property=\"og:type\" content=\"article\" \/>\n<meta property=\"og:title\" content=\"&#039;&#039;Vittorio Sgarbi \u00e8 ricoverato al Policlinico Gemelli da 10 giorni per grave depressione&#039;&#039;: cosa sappiamo sulle condizioni del volto tv - Gossip.it | News sul Gossip e VIP\" \/>\n<meta property=\"og:description\" content=\"&#039;&#039;Vittorio Sgarbi \u00e8 ricoverato al Policlinico Gemelli da 10 giorni per grave depressione&#039;&#039;: cosa sappiamo sulle condizioni del volto tv\" \/>\n<meta property=\"og:url\" content=\"https:\/\/www.gossip.it\/news\/vittorio-sgarbi-ricoverato-depressione\/\" \/>\n<meta property=\"og:site_name\" content=\"Gossip.it | News sul Gossip e VIP\" \/>\n<meta property=\"article:publisher\" content=\"https:\/\/www.facebook.com\/GossipIT\" \/>\n<meta property=\"article:published_time\" content=\"2025-03-24T12:25:52+00:00\" \/>\n<meta property=\"article:modified_time\" content=\"2025-03-25T10:16:41+00:00\" \/>\n<meta property=\"og:image\" content=\"https:\/\/www.gossip.it\/wp-content\/uploads\/2025\/03\/lancio-SGARBI-FB-1.jpg\" \/>\n\t<meta property=\"og:image:width\" content=\"1134\" \/>\n\t<meta property=\"og:image:height\" content=\"660\" \/>\n\t<meta property=\"og:image:type\" content=\"image\/jpeg\" \/>\n<meta name=\"author\" content=\"Carla Giuni\" \/>\n<meta name=\"twitter:card\" content=\"summary_large_image\" \/>\n<meta name=\"twitter:creator\" content=\"@gossinews_it\" \/>\n<meta name=\"twitter:site\" content=\"@gossinews_it\" \/>\n<meta name=\"twitter:label1\" content=\"Scritto da\" \/>\n\t<meta name=\"twitter:data1\" content=\"Carla Giuni\" \/>\n\t<meta name=\"twitter:label2\" content=\"Tempo di lettura stimato\" \/>\n\t<meta name=\"twitter:data2\" content=\"3 minuti\" \/>","yoast_head_json":{"title":"''Vittorio Sgarbi \u00e8 ricoverato al Policlinico Gemelli da 10 giorni per grave depressione'': cosa sappiamo sulle condizioni del volto tv - Gossip.it | News sul Gossip e VIP","description":"''Vittorio Sgarbi \u00e8 ricoverato al Policlinico Gemelli da 10 giorni per grave depressione'': cosa sappiamo sulle condizioni del volto tv","robots":{"index":"index","follow":"follow","max-snippet":"max-snippet:-1","max-image-preview":"max-image-preview:large","max-video-preview":"max-video-preview:-1"},"canonical":"https:\/\/www.gossip.it\/news\/vittorio-sgarbi-ricoverato-depressione\/","og_locale":"it_IT","og_type":"article","og_title":"''Vittorio Sgarbi \u00e8 ricoverato al Policlinico Gemelli da 10 giorni per grave depressione'': cosa sappiamo sulle condizioni del volto tv - Gossip.it | News sul Gossip e VIP","og_description":"''Vittorio Sgarbi \u00e8 ricoverato al Policlinico Gemelli da 10 giorni per grave depressione'': cosa sappiamo sulle condizioni del volto tv","og_url":"https:\/\/www.gossip.it\/news\/vittorio-sgarbi-ricoverato-depressione\/","og_site_name":"Gossip.it | News sul Gossip e VIP","article_publisher":"https:\/\/www.facebook.com\/GossipIT","article_published_time":"2025-03-24T12:25:52+00:00","article_modified_time":"2025-03-25T10:16:41+00:00","og_image":[{"width":1134,"height":660,"url":"https:\/\/www.gossip.it\/wp-content\/uploads\/2025\/03\/lancio-SGARBI-FB-1.jpg","type":"image\/jpeg"}],"author":"Carla Giuni","twitter_card":"summary_large_image","twitter_creator":"@gossinews_it","twitter_site":"@gossinews_it","twitter_misc":{"Scritto da":"Carla Giuni","Tempo di lettura stimato":"3 minuti"},"schema":{"@context":"https:\/\/schema.org","@graph":[{"@type":"Article","@id":"https:\/\/www.gossip.it\/news\/vittorio-sgarbi-ricoverato-depressione\/#article","isPartOf":{"@id":"https:\/\/www.gossip.it\/news\/vittorio-sgarbi-ricoverato-depressione\/"},"author":{"name":"Carla Giuni","@id":"https:\/\/www.gossip.it\/#\/schema\/person\/df4a88c190f338e21427b6f342595faa"},"headline":"''Vittorio Sgarbi \u00e8 ricoverato al Policlinico Gemelli da 10 giorni per grave depressione'': cosa sappiamo sulle condizioni del volto tv","datePublished":"2025-03-24T12:25:52+00:00","dateModified":"2025-03-25T10:16:41+00:00","mainEntityOfPage":{"@id":"https:\/\/www.gossip.it\/news\/vittorio-sgarbi-ricoverato-depressione\/"},"wordCount":436,"commentCount":0,"publisher":{"@id":"https:\/\/www.gossip.it\/#organization"},"image":{"@id":"https:\/\/www.gossip.it\/news\/vittorio-sgarbi-ricoverato-depressione\/#primaryimage"},"thumbnailUrl":"https:\/\/www.gossip.it\/wp-content\/uploads\/2025\/03\/lancio-SGARBI-1.jpg","keywords":["sgarbi","vittoriosgarbi","vittoriosgarbidepressione","vittoriosgarbigemelli","vittoriosgarbimalato","vittoriosgarbiricoverato"],"articleSection":["News"],"inLanguage":"it-IT","potentialAction":[{"@type":"CommentAction","name":"Comment","target":["https:\/\/www.gossip.it\/news\/vittorio-sgarbi-ricoverato-depressione\/#respond"]}]},{"@type":"WebPage","@id":"https:\/\/www.gossip.it\/news\/vittorio-sgarbi-ricoverato-depressione\/","url":"https:\/\/www.gossip.it\/news\/vittorio-sgarbi-ricoverato-depressione\/","name":"''Vittorio Sgarbi \u00e8 ricoverato al Policlinico Gemelli da 10 giorni per grave depressione'': cosa sappiamo sulle condizioni del volto tv - Gossip.it | News sul Gossip e VIP","isPartOf":{"@id":"https:\/\/www.gossip.it\/#website"},"primaryImageOfPage":{"@id":"https:\/\/www.gossip.it\/news\/vittorio-sgarbi-ricoverato-depressione\/#primaryimage"},"image":{"@id":"https:\/\/www.gossip.it\/news\/vittorio-sgarbi-ricoverato-depressione\/#primaryimage"},"thumbnailUrl":"https:\/\/www.gossip.it\/wp-content\/uploads\/2025\/03\/lancio-SGARBI-1.jpg","datePublished":"2025-03-24T12:25:52+00:00","dateModified":"2025-03-25T10:16:41+00:00","description":"''Vittorio Sgarbi \u00e8 ricoverato al Policlinico Gemelli da 10 giorni per grave depressione'': cosa sappiamo sulle condizioni del volto tv","breadcrumb":{"@id":"https:\/\/www.gossip.it\/news\/vittorio-sgarbi-ricoverato-depressione\/#breadcrumb"},"inLanguage":"it-IT","potentialAction":[{"@type":"ReadAction","target":["https:\/\/www.gossip.it\/news\/vittorio-sgarbi-ricoverato-depressione\/"]}]},{"@type":"ImageObject","inLanguage":"it-IT","@id":"https:\/\/www.gossip.it\/news\/vittorio-sgarbi-ricoverato-depressione\/#primaryimage","url":"https:\/\/www.gossip.it\/wp-content\/uploads\/2025\/03\/lancio-SGARBI-1.jpg","contentUrl":"https:\/\/www.gossip.it\/wp-content\/uploads\/2025\/03\/lancio-SGARBI-1.jpg","width":1134,"height":808},{"@type":"BreadcrumbList","@id":"https:\/\/www.gossip.it\/news\/vittorio-sgarbi-ricoverato-depressione\/#breadcrumb","itemListElement":[{"@type":"ListItem","position":1,"name":"Home","item":"https:\/\/www.gossip.it\/"},{"@type":"ListItem","position":2,"name":"''Vittorio Sgarbi \u00e8 ricoverato al Policlinico Gemelli da 10 giorni per grave depressione'': cosa sappiamo sulle condizioni del volto tv"}]},{"@type":"WebSite","@id":"https:\/\/www.gossip.it\/#website","url":"https:\/\/www.gossip.it\/","name":"Gossip and VIP News","description":"Quotidiano di cronaca rosa, costume e societ\u00e0","publisher":{"@id":"https:\/\/www.gossip.it\/#organization"},"alternateName":"Gossip and VIP News","potentialAction":[{"@type":"SearchAction","target":{"@type":"EntryPoint","urlTemplate":"https:\/\/www.gossip.it\/?s={search_term_string}"},"query-input":{"@type":"PropertyValueSpecification","valueRequired":true,"valueName":"search_term_string"}}],"inLanguage":"it-IT"},{"@type":"Organization","@id":"https:\/\/www.gossip.it\/#organization","name":"Gossip and VIP News","alternateName":"Gossip News","url":"https:\/\/www.gossip.it\/","logo":{"@type":"ImageObject","inLanguage":"it-IT","@id":"https:\/\/www.gossip.it\/#\/schema\/logo\/image\/","url":"https:\/\/www.gossip.it\/wp-content\/uploads\/2022\/04\/cropped-corna-alta-tiny.png","contentUrl":"https:\/\/www.gossip.it\/wp-content\/uploads\/2022\/04\/cropped-corna-alta-tiny.png","width":512,"height":512,"caption":"Gossip and VIP News"},"image":{"@id":"https:\/\/www.gossip.it\/#\/schema\/logo\/image\/"},"sameAs":["https:\/\/www.facebook.com\/GossipIT","https:\/\/x.com\/gossinews_it","https:\/\/instagram.com\/gossip_it"]},{"@type":"Person","@id":"https:\/\/www.gossip.it\/#\/schema\/person\/df4a88c190f338e21427b6f342595faa","name":"Carla Giuni","image":{"@type":"ImageObject","inLanguage":"it-IT","@id":"https:\/\/www.gossip.it\/#\/schema\/person\/image\/","url":"https:\/\/secure.gravatar.com\/avatar\/9caf92f895c8e9a7cca263cd6e3860da8edad54c0a92046a7e363cbd3fa35c36?s=96&d=mm&r=g","contentUrl":"https:\/\/secure.gravatar.com\/avatar\/9caf92f895c8e9a7cca263cd6e3860da8edad54c0a92046a7e363cbd3fa35c36?s=96&d=mm&r=g","caption":"Carla Giuni"}}]}},"amp_enabled":true,"_links":{"self":[{"href":"https:\/\/www.gossip.it\/api\/wp\/v2\/posts\/190633","targetHints":{"allow":["GET"]}}],"collection":[{"href":"https:\/\/www.gossip.it\/api\/wp\/v2\/posts"}],"about":[{"href":"https:\/\/www.gossip.it\/api\/wp\/v2\/types\/post"}],"author":[{"embeddable":true,"href":"https:\/\/www.gossip.it\/api\/wp\/v2\/users\/24"}],"replies":[{"embeddable":true,"href":"https:\/\/www.gossip.it\/api\/wp\/v2\/comments?post=190633"}],"version-history":[{"count":1,"href":"https:\/\/www.gossip.it\/api\/wp\/v2\/posts\/190633\/revisions"}],"predecessor-version":[{"id":190639,"href":"https:\/\/www.gossip.it\/api\/wp\/v2\/posts\/190633\/revisions\/190639"}],"wp:featuredmedia":[{"embeddable":true,"href":"https:\/\/www.gossip.it\/api\/wp\/v2\/media\/190637"}],"wp:attachment":[{"href":"https:\/\/www.gossip.it\/api\/wp\/v2\/media?parent=190633"}],"wp:term":[{"taxonomy":"category","embeddable":true,"href":"https:\/\/www.gossip.it\/api\/wp\/v2\/categories?post=190633"},{"taxonomy":"post_tag","embeddable":true,"href":"https:\/\/www.gossip.it\/api\/wp\/v2\/tags?post=190633"},{"taxonomy":"vip","embeddable":true,"href":"https:\/\/www.gossip.it\/api\/wp\/v2\/vip?post=190633"}],"curies":[{"name":"wp","href":"https:\/\/api.w.org\/{rel}","templated":true}]}}